{"id":172937,"date":"2022-08-09T20:45:31","date_gmt":"2022-08-09T23:45:31","guid":{"rendered":"https:\/\/experienciadevida.com.ar\/portalurbano\/?p=172937"},"modified":"2022-08-09T20:52:43","modified_gmt":"2022-08-09T23:52:43","slug":"ultiman-detalles-para-el-encuentro-regional-de-mujeres-y-disidencias","status":"publish","type":"post","link":"https:\/\/experienciadevida.com.ar\/portalurbano\/ultiman-detalles-para-el-encuentro-regional-de-mujeres-y-disidencias\/","title":{"rendered":"Ultiman detalles para el encuentro regional de mujeres y disidencias"},"content":{"rendered":"<p>Ultiman detalles para el encuentro regional de mujeres y disidencias, el encuentro se desarrollar\u00e1 el d\u00eda s\u00e1bado 13 de agosto y para reforzar el cronograma este martes realizaron una conferencia de prensa para los medios de comunicaci\u00f3n.<\/p>\n<p>La primera en tomar la palabra fue una militante de la C\u00e1mpora quien dijo &#8220;<em>quer\u00edamos hacer un cierre de todo el trabajo que venimos realizando para poder lleva adelante este encuentro plurinacional regional de mujeres y disidencias, que se hace por primera vez en Olavarr\u00eda y hace tres meses que venimos trabajando con las organizaciones feministas, sociales y pol\u00edticas en todo este trabajo que requiere, donde nos hemos dividido por comisiones y el s\u00e1bado va\u00a0 a ser la fecha para poder recibir a un mont\u00f3n de compa\u00f1eras, hasta el momento llevamos 325 inscriptos estamos muy contentas por recibirlos despu\u00e9s de dos a\u00f1os que no nos hemos podido encontrar por la pandemia&#8221;.<\/em><\/p>\n<p><a href=\"https:\/\/experienciadevida.com.ar\/portalurbano\/ultiman-detalles-para-el-encuentro-regional-de-mujeres-y-disidencias\/ultiman\/\" rel=\"attachment wp-att-172942\"><img decoding=\"async\" class=\"alignnone size-full wp-image-172942\" src=\"https:\/\/experienciadevida.com.ar\/portalurbano\/wp-content\/uploads\/2022\/08\/Ultiman.jpg\" alt=\"Ultiman \" width=\"765\" height=\"510\" srcset=\"https:\/\/experienciadevida.com.ar\/portalurbano\/wp-content\/uploads\/2022\/08\/Ultiman.jpg 765w, https:\/\/experienciadevida.com.ar\/portalurbano\/wp-content\/uploads\/2022\/08\/Ultiman-300x200.jpg 300w, https:\/\/experienciadevida.com.ar\/portalurbano\/wp-content\/uploads\/2022\/08\/Ultiman-150x100.jpg 150w\" sizes=\"(max-width: 765px) 100vw, 765px\" \/><\/a><\/p>\n<p>Luego Casandra referente de socorristas Olavarria dijo &#8220;<em>estamos muy emocionadas por lo que nos espera este s\u00e1bado entendemos que es un encuentro donde nos podamos volver a acercar, muy enriquecedor y tambi\u00e9n aunar fuerzas y compartir los diferentes talleres que son 18 talleres que vamos a estar dando, va a ser una instancia muy nutritiva de cuestiones que hemos ido reforzando en estos dos a\u00f1os de pandemia, donde hemos buscado nuevas articulaciones para poder solventar y llevar adelante las problem\u00e1ticas que nos atraviesan a las identidades feminizadas como a las diversidades. Estos tres meses de trabajo nos han encontrado tambi\u00e9n diferentes organizaciones colectivas feministas para poder dar en conjunto lo que queremos llevar adelante, lo que nos est\u00e1 atravesando como problem\u00e1tica una que es fundamental es la violencia machista por eso mismo hacer un eje en com\u00fan que queremos una reforma judicial que tenga perspectiva de g\u00e9nero, nos parece fundamental en nuestro hacer y para que puedan responder las demandas que a veces son instancias que quedan truncas con una mirada machista, una de las principales banderas en este encuentro regional es la\u00a0 reforma judicial con perspectiva de g\u00e9nero&#8221;.<\/em><\/p>\n<p><a href=\"https:\/\/experienciadevida.com.ar\/portalurbano\/ultiman-detalles-para-el-encuentro-regional-de-mujeres-y-disidencias\/detalles\/\" rel=\"attachment wp-att-172943\"><img decoding=\"async\" class=\"alignnone size-full wp-image-172943\" src=\"https:\/\/experienciadevida.com.ar\/portalurbano\/wp-content\/uploads\/2022\/08\/detalles.jpg\" alt=\"detalles \" width=\"765\" height=\"510\" srcset=\"https:\/\/experienciadevida.com.ar\/portalurbano\/wp-content\/uploads\/2022\/08\/detalles.jpg 765w, https:\/\/experienciadevida.com.ar\/portalurbano\/wp-content\/uploads\/2022\/08\/detalles-300x200.jpg 300w, https:\/\/experienciadevida.com.ar\/portalurbano\/wp-content\/uploads\/2022\/08\/detalles-150x100.jpg 150w\" sizes=\"(max-width: 765px) 100vw, 765px\" \/><\/a><\/p>\n<p>Tambi\u00e9n Mirta que pertenece a la comunidad mapuche urbana y dijo &#8220;<em>queremos seguir convocando para este encuentro, los resultados se van manifestando cuando vemos la cantidad de inscriptos lo cual nos alegra y son 18 talleres que van a estar vigentes ese d\u00eda para que se puedan acercar, elegir, compartir, va a ver una plenaria pero tambi\u00e9n va a estar atravesado por todas las situaciones que nos competen y nos atraviesan las mujeres y disidencias. Convocamos a las compa\u00f1eras para que sigan sum\u00e1ndose a este encuentro hist\u00f3rico que nos abre una puerta muy importante, la labor de trabajo en red y el trabajo de cada una para que el encuentro pueda llevarse a cabo esto queda plasmado en el encuentro&#8221;.<\/em><\/p>\n<p><a href=\"https:\/\/experienciadevida.com.ar\/portalurbano\/ultiman-detalles-para-el-encuentro-regional-de-mujeres-y-disidencias\/para-7\/\" rel=\"attachment wp-att-172944\"><img decoding=\"async\" class=\"alignnone size-full wp-image-172944\" src=\"https:\/\/experienciadevida.com.ar\/portalurbano\/wp-content\/uploads\/2022\/08\/para.jpg\" alt=\"para \" width=\"765\" height=\"510\" srcset=\"https:\/\/experienciadevida.com.ar\/portalurbano\/wp-content\/uploads\/2022\/08\/para.jpg 765w, https:\/\/experienciadevida.com.ar\/portalurbano\/wp-content\/uploads\/2022\/08\/para-300x200.jpg 300w, https:\/\/experienciadevida.com.ar\/portalurbano\/wp-content\/uploads\/2022\/08\/para-150x100.jpg 150w\" sizes=\"(max-width: 765px) 100vw, 765px\" \/><\/a><\/p>\n<p>Por otro lado, Cecilia del frente ni una menos coment\u00f3 <em>&#8220;va a ver una feria dentro del encuentro,\u00a0 y nuestro eje va a ser la reforma judicial feminista porque si bien sabemos que lo que hay que destruir un paradigma que est\u00e1 instalado culturalmente que es el machismo que es parte de lo cotidiano y ah\u00ed est\u00e1 el problema mayor, las personas que llegamos a la instancia judicial chocamos en una parte que no podemos avanzar como en un mont\u00f3n de casos. El encuentro es para reforzar las redes feministas&#8221;.<\/em><\/p>\n<p><a href=\"https:\/\/experienciadevida.com.ar\/portalurbano\/ultiman-detalles-para-el-encuentro-regional-de-mujeres-y-disidencias\/el-34\/\" rel=\"attachment wp-att-172945\"><img decoding=\"async\" class=\"alignnone size-full wp-image-172945\" src=\"https:\/\/experienciadevida.com.ar\/portalurbano\/wp-content\/uploads\/2022\/08\/el.jpg\" alt=\"el \" width=\"765\" height=\"510\" srcset=\"https:\/\/experienciadevida.com.ar\/portalurbano\/wp-content\/uploads\/2022\/08\/el.jpg 765w, https:\/\/experienciadevida.com.ar\/portalurbano\/wp-content\/uploads\/2022\/08\/el-300x200.jpg 300w, https:\/\/experienciadevida.com.ar\/portalurbano\/wp-content\/uploads\/2022\/08\/el-150x100.jpg 150w\" sizes=\"(max-width: 765px) 100vw, 765px\" \/><\/a><\/p>\n<p>Para finalizar habl\u00f3 una integrante del MTE quien expres\u00f3 <em>&#8220;todas somos parte de este feminismo popular, por primera vez el MTE nos unimos a la lucha, hemos decidido participar, no es un encuentro para desperdiciar y m\u00e1s que ser\u00e1 en nuestra ciudad. Vamos por la reforma es absolutamente necesaria, tenemos que dejar de pensar en la justicia solo como una condena y pensar que precisamos personas que resuelvan y comprendan la realidad de las compa\u00f1eras, porque la mitad del pa\u00eds est\u00e1 en situaci\u00f3n de pobreza&#8221;.<\/em><\/p>\n<p><a href=\"https:\/\/experienciadevida.com.ar\/portalurbano\/ultiman-detalles-para-el-encuentro-regional-de-mujeres-y-disidencias\/dsc_0048-2\/\" rel=\"attachment wp-att-172946\"><img decoding=\"async\" class=\"alignnone size-large wp-image-172946\" src=\"https:\/\/experienciadevida.com.ar\/portalurbano\/wp-content\/uploads\/2022\/08\/DSC_0048-1024x683.jpg\" alt=\"\" width=\"900\" height=\"600\" \/><\/a><\/p>\n<p>Marianela dijo &#8220;<em>es importante visibilizar toda esta red de mujeres y disidencias que hemos venido trabajando pensando en esto, pensando en que nos vamos a encontrar despu\u00e9s de la pandemia, es muy importante que sepamos que esto nos encuentra desde otro lugar, m\u00e1s fuertes, unidos y que es importante la reforma judicial con perspectiva de g\u00e9nero, vamos a decirlo una y mil veces, nos tenemos que sentir protegidas y respaldadas en lugares donde no nos sentimos as\u00ed, que se haga justicia en lugar del bien&#8221;.<\/em><\/p>\n<p><a href=\"https:\/\/experienciadevida.com.ar\/portalurbano\/ultiman-detalles-para-el-encuentro-regional-de-mujeres-y-disidencias\/dsc_0049-2\/\" rel=\"attachment wp-att-172947\"><img decoding=\"async\" class=\"alignnone size-full wp-image-172947\" src=\"https:\/\/experienciadevida.com.ar\/portalurbano\/wp-content\/uploads\/2022\/08\/DSC_0049.jpg\" alt=\"\" width=\"765\" height=\"510\" srcset=\"https:\/\/experienciadevida.com.ar\/portalurbano\/wp-content\/uploads\/2022\/08\/DSC_0049.jpg 765w, https:\/\/experienciadevida.com.ar\/portalurbano\/wp-content\/uploads\/2022\/08\/DSC_0049-300x200.jpg 300w, https:\/\/experienciadevida.com.ar\/portalurbano\/wp-content\/uploads\/2022\/08\/DSC_0049-150x100.jpg 150w\" sizes=\"(max-width: 765px) 100vw, 765px\" \/><\/a><\/p>\n<p>Al finalizar la jornada concluir\u00e1 con una movilizaci\u00f3n.<\/p>\n","protected":false},"excerpt":{"rendered":"<p>Ultiman detalles para el encuentro regional de mujeres y disidencias, el encuentro se desarrollar\u00e1 el&#8230;<\/p>\n","protected":false},"author":1,"featured_media":172938,"comment_status":"closed","ping_status":"closed","sticky":false,"template":"","format":"standard","meta":{"content-type":""},"categories":[27,64],"tags":[],"nelio_content":{"isAutoShareEnabled":false,"autoShareEndMode":"default","automationSources":{"useContentSentences":true,"useSocialTemplates":true,"useCustomSentences":false,"customSentences":[]},"followers":[1],"suggestedReferences":[],"includedReferences":[],"efiUrl":"","efiAlt":"","highlights":[]},"yoast_head":"<!-- This site is optimized with the Yoast SEO plugin v20.7 - https:\/\/yoast.com\/wordpress\/plugins\/seo\/ -->\n<title>Ultiman detalles para el encuentro regional de mujeres<\/title>\n<meta name=\"description\" content=\"Ultiman detalles para el encuentro regional de mujeres y disidencias, el encuentro se desarrollar\u00e1 el d\u00eda s\u00e1bado 13 de agosto\" \/>\n<meta name=\"robots\" content=\"index, follow, max-snippet:-1, max-image-preview:large, max-video-preview:-1\" \/>\n<link rel=\"canonical\" href=\"https:\/\/experienciadevida.com.ar\/portalurbano\/ultiman-detalles-para-el-encuentro-regional-de-mujeres-y-disidencias\/\" \/>\n<meta property=\"og:locale\" content=\"es_ES\" \/>\n<meta property=\"og:type\" content=\"article\" \/>\n<meta property=\"og:title\" content=\"Ultiman detalles para el encuentro regional de mujeres\" \/>\n<meta property=\"og:description\" content=\"Ultiman detalles para el encuentro regional de mujeres y disidencias, el encuentro se desarrollar\u00e1 el d\u00eda s\u00e1bado 13 de agosto\" \/>\n<meta property=\"og:url\" content=\"https:\/\/experienciadevida.com.ar\/portalurbano\/ultiman-detalles-para-el-encuentro-regional-de-mujeres-y-disidencias\/\" \/>\n<meta property=\"article:publisher\" content=\"https:\/\/www.facebook.com\/Portal-Urbano-171542830093757\/\" \/>\n<meta property=\"article:published_time\" content=\"2022-08-09T23:45:31+00:00\" \/>\n<meta property=\"article:modified_time\" content=\"2022-08-09T23:52:43+00:00\" \/>\n<meta property=\"og:image\" content=\"https:\/\/experienciadevida.com.ar\/portalurbano\/wp-content\/uploads\/2022\/08\/Ultiman-detalles-para-el.jpg\" \/>\n\t<meta property=\"og:image:width\" content=\"765\" \/>\n\t<meta property=\"og:image:height\" content=\"510\" \/>\n\t<meta property=\"og:image:type\" content=\"image\/jpeg\" \/>\n<meta name=\"author\" content=\"admpu17wp\" \/>\n<meta name=\"twitter:card\" content=\"summary_large_image\" \/>\n<meta name=\"twitter:creator\" content=\"@portalurbanook\" \/>\n<meta name=\"twitter:site\" content=\"@portalurbanook\" \/>\n<meta name=\"twitter:label1\" content=\"Escrito por\" \/>\n\t<meta name=\"twitter:data1\" content=\"admpu17wp\" \/>\n\t<meta name=\"twitter:label2\" content=\"Tiempo de lectura\" \/>\n\t<meta name=\"twitter:data2\" content=\"5 minutos\" \/>\n<script type=\"application\/ld+json\" class=\"yoast-schema-graph\">{\"@context\":\"https:\/\/schema.org\",\"@graph\":[{\"@type\":\"Article\",\"@id\":\"https:\/\/experienciadevida.com.ar\/portalurbano\/ultiman-detalles-para-el-encuentro-regional-de-mujeres-y-disidencias\/#article\",\"isPartOf\":{\"@id\":\"https:\/\/experienciadevida.com.ar\/portalurbano\/ultiman-detalles-para-el-encuentro-regional-de-mujeres-y-disidencias\/\"},\"author\":{\"name\":\"admpu17wp\",\"@id\":\"https:\/\/experienciadevida.com.ar\/portalurbano\/#\/schema\/person\/02dd326b1c4b056e9cc972486934a3a7\"},\"headline\":\"Ultiman detalles para el encuentro regional de mujeres y disidencias\",\"datePublished\":\"2022-08-09T23:45:31+00:00\",\"dateModified\":\"2022-08-09T23:52:43+00:00\",\"mainEntityOfPage\":{\"@id\":\"https:\/\/experienciadevida.com.ar\/portalurbano\/ultiman-detalles-para-el-encuentro-regional-de-mujeres-y-disidencias\/\"},\"wordCount\":767,\"publisher\":{\"@id\":\"https:\/\/experienciadevida.com.ar\/portalurbano\/#organization\"},\"articleSection\":[\"Ciudad\",\"Destacadas 2\"],\"inLanguage\":\"es\"},{\"@type\":\"WebPage\",\"@id\":\"https:\/\/experienciadevida.com.ar\/portalurbano\/ultiman-detalles-para-el-encuentro-regional-de-mujeres-y-disidencias\/\",\"url\":\"https:\/\/experienciadevida.com.ar\/portalurbano\/ultiman-detalles-para-el-encuentro-regional-de-mujeres-y-disidencias\/\",\"name\":\"Ultiman detalles para el encuentro regional de mujeres\",\"isPartOf\":{\"@id\":\"https:\/\/experienciadevida.com.ar\/portalurbano\/#website\"},\"datePublished\":\"2022-08-09T23:45:31+00:00\",\"dateModified\":\"2022-08-09T23:52:43+00:00\",\"description\":\"Ultiman detalles para el encuentro regional de mujeres y disidencias, el encuentro se desarrollar\u00e1 el d\u00eda s\u00e1bado 13 de agosto\",\"breadcrumb\":{\"@id\":\"https:\/\/experienciadevida.com.ar\/portalurbano\/ultiman-detalles-para-el-encuentro-regional-de-mujeres-y-disidencias\/#breadcrumb\"},\"inLanguage\":\"es\",\"potentialAction\":[{\"@type\":\"ReadAction\",\"target\":[\"https:\/\/experienciadevida.com.ar\/portalurbano\/ultiman-detalles-para-el-encuentro-regional-de-mujeres-y-disidencias\/\"]}]},{\"@type\":\"BreadcrumbList\",\"@id\":\"https:\/\/experienciadevida.com.ar\/portalurbano\/ultiman-detalles-para-el-encuentro-regional-de-mujeres-y-disidencias\/#breadcrumb\",\"itemListElement\":[{\"@type\":\"ListItem\",\"position\":1,\"name\":\"Portada\",\"item\":\"https:\/\/experienciadevida.com.ar\/portalurbano\/\"},{\"@type\":\"ListItem\",\"position\":2,\"name\":\"Ultiman detalles para el encuentro regional de mujeres y disidencias\"}]},{\"@type\":\"WebSite\",\"@id\":\"https:\/\/experienciadevida.com.ar\/portalurbano\/#website\",\"url\":\"https:\/\/experienciadevida.com.ar\/portalurbano\/\",\"name\":\"\",\"description\":\"\",\"publisher\":{\"@id\":\"https:\/\/experienciadevida.com.ar\/portalurbano\/#organization\"},\"potentialAction\":[{\"@type\":\"SearchAction\",\"target\":{\"@type\":\"EntryPoint\",\"urlTemplate\":\"https:\/\/experienciadevida.com.ar\/portalurbano\/?s={search_term_string}\"},\"query-input\":\"required name=search_term_string\"}],\"inLanguage\":\"es\"},{\"@type\":\"Organization\",\"@id\":\"https:\/\/experienciadevida.com.ar\/portalurbano\/#organization\",\"name\":\"Portal Urbano\",\"url\":\"https:\/\/experienciadevida.com.ar\/portalurbano\/\",\"logo\":{\"@type\":\"ImageObject\",\"inLanguage\":\"es\",\"@id\":\"https:\/\/experienciadevida.com.ar\/portalurbano\/#\/schema\/logo\/image\/\",\"url\":\"https:\/\/experienciadevida.com.ar\/portalurbano\/wp-content\/uploads\/2019\/09\/Logo-Original.png\",\"contentUrl\":\"https:\/\/experienciadevida.com.ar\/portalurbano\/wp-content\/uploads\/2019\/09\/Logo-Original.png\",\"width\":2236,\"height\":1216,\"caption\":\"Portal Urbano\"},\"image\":{\"@id\":\"https:\/\/experienciadevida.com.ar\/portalurbano\/#\/schema\/logo\/image\/\"},\"sameAs\":[\"https:\/\/www.facebook.com\/Portal-Urbano-171542830093757\/\",\"https:\/\/twitter.com\/portalurbanook\",\"https:\/\/www.instagram.com\/_portalurbano\/\",\"https:\/\/www.youtube.com\/channel\/UCXhagIfszH8KxFiOok79zbA?view_as=subscriber\"]},{\"@type\":\"Person\",\"@id\":\"https:\/\/experienciadevida.com.ar\/portalurbano\/#\/schema\/person\/02dd326b1c4b056e9cc972486934a3a7\",\"name\":\"admpu17wp\",\"image\":{\"@type\":\"ImageObject\",\"inLanguage\":\"es\",\"@id\":\"https:\/\/experienciadevida.com.ar\/portalurbano\/#\/schema\/person\/image\/\",\"url\":\"https:\/\/secure.gravatar.com\/avatar\/830d4c57adaae6630765e449a6908047?s=96&d=mm&r=g\",\"contentUrl\":\"https:\/\/secure.gravatar.com\/avatar\/830d4c57adaae6630765e449a6908047?s=96&d=mm&r=g\",\"caption\":\"admpu17wp\"}}]}<\/script>\n<!-- \/ Yoast SEO plugin. -->","yoast_head_json":{"title":"Ultiman detalles para el encuentro regional de mujeres","description":"Ultiman detalles para el encuentro regional de mujeres y disidencias, el encuentro se desarrollar\u00e1 el d\u00eda s\u00e1bado 13 de agosto","robots":{"index":"index","follow":"follow","max-snippet":"max-snippet:-1","max-image-preview":"max-image-preview:large","max-video-preview":"max-video-preview:-1"},"canonical":"https:\/\/experienciadevida.com.ar\/portalurbano\/ultiman-detalles-para-el-encuentro-regional-de-mujeres-y-disidencias\/","og_locale":"es_ES","og_type":"article","og_title":"Ultiman detalles para el encuentro regional de mujeres","og_description":"Ultiman detalles para el encuentro regional de mujeres y disidencias, el encuentro se desarrollar\u00e1 el d\u00eda s\u00e1bado 13 de agosto","og_url":"https:\/\/experienciadevida.com.ar\/portalurbano\/ultiman-detalles-para-el-encuentro-regional-de-mujeres-y-disidencias\/","article_publisher":"https:\/\/www.facebook.com\/Portal-Urbano-171542830093757\/","article_published_time":"2022-08-09T23:45:31+00:00","article_modified_time":"2022-08-09T23:52:43+00:00","og_image":[{"width":765,"height":510,"url":"https:\/\/experienciadevida.com.ar\/portalurbano\/wp-content\/uploads\/2022\/08\/Ultiman-detalles-para-el.jpg","type":"image\/jpeg"}],"author":"admpu17wp","twitter_card":"summary_large_image","twitter_creator":"@portalurbanook","twitter_site":"@portalurbanook","twitter_misc":{"Escrito por":"admpu17wp","Tiempo de lectura":"5 minutos"},"schema":{"@context":"https:\/\/schema.org","@graph":[{"@type":"Article","@id":"https:\/\/experienciadevida.com.ar\/portalurbano\/ultiman-detalles-para-el-encuentro-regional-de-mujeres-y-disidencias\/#article","isPartOf":{"@id":"https:\/\/experienciadevida.com.ar\/portalurbano\/ultiman-detalles-para-el-encuentro-regional-de-mujeres-y-disidencias\/"},"author":{"name":"admpu17wp","@id":"https:\/\/experienciadevida.com.ar\/portalurbano\/#\/schema\/person\/02dd326b1c4b056e9cc972486934a3a7"},"headline":"Ultiman detalles para el encuentro regional de mujeres y disidencias","datePublished":"2022-08-09T23:45:31+00:00","dateModified":"2022-08-09T23:52:43+00:00","mainEntityOfPage":{"@id":"https:\/\/experienciadevida.com.ar\/portalurbano\/ultiman-detalles-para-el-encuentro-regional-de-mujeres-y-disidencias\/"},"wordCount":767,"publisher":{"@id":"https:\/\/experienciadevida.com.ar\/portalurbano\/#organization"},"articleSection":["Ciudad","Destacadas 2"],"inLanguage":"es"},{"@type":"WebPage","@id":"https:\/\/experienciadevida.com.ar\/portalurbano\/ultiman-detalles-para-el-encuentro-regional-de-mujeres-y-disidencias\/","url":"https:\/\/experienciadevida.com.ar\/portalurbano\/ultiman-detalles-para-el-encuentro-regional-de-mujeres-y-disidencias\/","name":"Ultiman detalles para el encuentro regional de mujeres","isPartOf":{"@id":"https:\/\/experienciadevida.com.ar\/portalurbano\/#website"},"datePublished":"2022-08-09T23:45:31+00:00","dateModified":"2022-08-09T23:52:43+00:00","description":"Ultiman detalles para el encuentro regional de mujeres y disidencias, el encuentro se desarrollar\u00e1 el d\u00eda s\u00e1bado 13 de agosto","breadcrumb":{"@id":"https:\/\/experienciadevida.com.ar\/portalurbano\/ultiman-detalles-para-el-encuentro-regional-de-mujeres-y-disidencias\/#breadcrumb"},"inLanguage":"es","potentialAction":[{"@type":"ReadAction","target":["https:\/\/experienciadevida.com.ar\/portalurbano\/ultiman-detalles-para-el-encuentro-regional-de-mujeres-y-disidencias\/"]}]},{"@type":"BreadcrumbList","@id":"https:\/\/experienciadevida.com.ar\/portalurbano\/ultiman-detalles-para-el-encuentro-regional-de-mujeres-y-disidencias\/#breadcrumb","itemListElement":[{"@type":"ListItem","position":1,"name":"Portada","item":"https:\/\/experienciadevida.com.ar\/portalurbano\/"},{"@type":"ListItem","position":2,"name":"Ultiman detalles para el encuentro regional de mujeres y disidencias"}]},{"@type":"WebSite","@id":"https:\/\/experienciadevida.com.ar\/portalurbano\/#website","url":"https:\/\/experienciadevida.com.ar\/portalurbano\/","name":"","description":"","publisher":{"@id":"https:\/\/experienciadevida.com.ar\/portalurbano\/#organization"},"potentialAction":[{"@type":"SearchAction","target":{"@type":"EntryPoint","urlTemplate":"https:\/\/experienciadevida.com.ar\/portalurbano\/?s={search_term_string}"},"query-input":"required name=search_term_string"}],"inLanguage":"es"},{"@type":"Organization","@id":"https:\/\/experienciadevida.com.ar\/portalurbano\/#organization","name":"Portal Urbano","url":"https:\/\/experienciadevida.com.ar\/portalurbano\/","logo":{"@type":"ImageObject","inLanguage":"es","@id":"https:\/\/experienciadevida.com.ar\/portalurbano\/#\/schema\/logo\/image\/","url":"https:\/\/experienciadevida.com.ar\/portalurbano\/wp-content\/uploads\/2019\/09\/Logo-Original.png","contentUrl":"https:\/\/experienciadevida.com.ar\/portalurbano\/wp-content\/uploads\/2019\/09\/Logo-Original.png","width":2236,"height":1216,"caption":"Portal Urbano"},"image":{"@id":"https:\/\/experienciadevida.com.ar\/portalurbano\/#\/schema\/logo\/image\/"},"sameAs":["https:\/\/www.facebook.com\/Portal-Urbano-171542830093757\/","https:\/\/twitter.com\/portalurbanook","https:\/\/www.instagram.com\/_portalurbano\/","https:\/\/www.youtube.com\/channel\/UCXhagIfszH8KxFiOok79zbA?view_as=subscriber"]},{"@type":"Person","@id":"https:\/\/experienciadevida.com.ar\/portalurbano\/#\/schema\/person\/02dd326b1c4b056e9cc972486934a3a7","name":"admpu17wp","image":{"@type":"ImageObject","inLanguage":"es","@id":"https:\/\/experienciadevida.com.ar\/portalurbano\/#\/schema\/person\/image\/","url":"https:\/\/secure.gravatar.com\/avatar\/830d4c57adaae6630765e449a6908047?s=96&d=mm&r=g","contentUrl":"https:\/\/secure.gravatar.com\/avatar\/830d4c57adaae6630765e449a6908047?s=96&d=mm&r=g","caption":"admpu17wp"}}]}},"featured_image_urls":{"full":["https:\/\/experienciadevida.com.ar\/portalurbano\/wp-content\/uploads\/2022\/08\/Ultiman-detalles-para-el.jpg",765,510,false],"thumbnail":["https:\/\/experienciadevida.com.ar\/portalurbano\/wp-content\/uploads\/2022\/08\/Ultiman-detalles-para-el-150x150.jpg",150,150,true],"medium":["https:\/\/experienciadevida.com.ar\/portalurbano\/wp-content\/uploads\/2022\/08\/Ultiman-detalles-para-el-300x200.jpg",300,200,true],"medium_large":["https:\/\/experienciadevida.com.ar\/portalurbano\/wp-content\/uploads\/2022\/08\/Ultiman-detalles-para-el.jpg",640,427,false],"large":["https:\/\/experienciadevida.com.ar\/portalurbano\/wp-content\/uploads\/2022\/08\/Ultiman-detalles-para-el.jpg",640,427,false],"ug_big":["https:\/\/experienciadevida.com.ar\/portalurbano\/wp-content\/uploads\/2022\/08\/Ultiman-detalles-para-el.jpg",765,510,false],"1536x1536":["https:\/\/experienciadevida.com.ar\/portalurbano\/wp-content\/uploads\/2022\/08\/Ultiman-detalles-para-el.jpg",765,510,false],"2048x2048":["https:\/\/experienciadevida.com.ar\/portalurbano\/wp-content\/uploads\/2022\/08\/Ultiman-detalles-para-el.jpg",765,510,false],"newsever-slider-full":["https:\/\/experienciadevida.com.ar\/portalurbano\/wp-content\/uploads\/2022\/08\/Ultiman-detalles-para-el.jpg",765,510,false],"newsever-featured":["https:\/\/experienciadevida.com.ar\/portalurbano\/wp-content\/uploads\/2022\/08\/Ultiman-detalles-para-el.jpg",765,510,false],"newsever-medium":["https:\/\/experienciadevida.com.ar\/portalurbano\/wp-content\/uploads\/2022\/08\/Ultiman-detalles-para-el.jpg",713,475,false],"web-stories-poster-portrait":["https:\/\/experienciadevida.com.ar\/portalurbano\/wp-content\/uploads\/2022\/08\/Ultiman-detalles-para-el-640x510.jpg",640,510,true],"web-stories-publisher-logo":["https:\/\/experienciadevida.com.ar\/portalurbano\/wp-content\/uploads\/2022\/08\/Ultiman-detalles-para-el-96x96.jpg",96,96,true],"web-stories-thumbnail":["https:\/\/experienciadevida.com.ar\/portalurbano\/wp-content\/uploads\/2022\/08\/Ultiman-detalles-para-el-150x100.jpg",150,100,true]},"author_info":{"display_name":"admpu17wp","author_link":"https:\/\/experienciadevida.com.ar\/portalurbano\/author\/admpu17wp\/"},"category_info":"<a href=\"https:\/\/experienciadevida.com.ar\/portalurbano\/category\/ciudad\/\" rel=\"category tag\">Ciudad<\/a> <a href=\"https:\/\/experienciadevida.com.ar\/portalurbano\/category\/destacadas-2\/\" rel=\"category tag\">Destacadas 2<\/a>","tag_info":"Destacadas 2","comment_count":"0","amp_enabled":true,"_links":{"self":[{"href":"https:\/\/experienciadevida.com.ar\/portalurbano\/wp-json\/wp\/v2\/posts\/172937"}],"collection":[{"href":"https:\/\/experienciadevida.com.ar\/portalurbano\/wp-json\/wp\/v2\/posts"}],"about":[{"href":"https:\/\/experienciadevida.com.ar\/portalurbano\/wp-json\/wp\/v2\/types\/post"}],"author":[{"embeddable":true,"href":"https:\/\/experienciadevida.com.ar\/portalurbano\/wp-json\/wp\/v2\/users\/1"}],"replies":[{"embeddable":true,"href":"https:\/\/experienciadevida.com.ar\/portalurbano\/wp-json\/wp\/v2\/comments?post=172937"}],"version-history":[{"count":4,"href":"https:\/\/experienciadevida.com.ar\/portalurbano\/wp-json\/wp\/v2\/posts\/172937\/revisions"}],"predecessor-version":[{"id":172948,"href":"https:\/\/experienciadevida.com.ar\/portalurbano\/wp-json\/wp\/v2\/posts\/172937\/revisions\/172948"}],"wp:featuredmedia":[{"embeddable":true,"href":"https:\/\/experienciadevida.com.ar\/portalurbano\/wp-json\/wp\/v2\/media\/172938"}],"wp:attachment":[{"href":"https:\/\/experienciadevida.com.ar\/portalurbano\/wp-json\/wp\/v2\/media?parent=172937"}],"wp:term":[{"taxonomy":"category","embeddable":true,"href":"https:\/\/experienciadevida.com.ar\/portalurbano\/wp-json\/wp\/v2\/categories?post=172937"},{"taxonomy":"post_tag","embeddable":true,"href":"https:\/\/experienciadevida.com.ar\/portalurbano\/wp-json\/wp\/v2\/tags?post=172937"}],"curies":[{"name":"wp","href":"https:\/\/api.w.org\/{rel}","templated":true}]}}