{"id":172926,"date":"2022-08-09T14:12:04","date_gmt":"2022-08-09T17:12:04","guid":{"rendered":"https:\/\/experienciadevida.com.ar\/portalurbano\/?p=172926"},"modified":"2022-08-09T14:14:17","modified_gmt":"2022-08-09T17:14:17","slug":"reunion-de-trabajo-con-el-grupo-cambio-rural-olavarria-agroecologico","status":"publish","type":"post","link":"https:\/\/experienciadevida.com.ar\/portalurbano\/reunion-de-trabajo-con-el-grupo-cambio-rural-olavarria-agroecologico\/","title":{"rendered":"Reuni\u00f3n de trabajo con el Grupo Cambio Rural Olavarr\u00eda Agroecol\u00f3gico"},"content":{"rendered":"<p>Reuni\u00f3n de trabajo con el Grupo Cambio Rural Olavarr\u00eda Agroecol\u00f3gico, d\u00edas atr\u00e1s se concret\u00f3 una reuni\u00f3n de trabajo en sede de la Secretar\u00eda de <a href=\"https:\/\/www.facebook.com\/municipiodeolavarria\">Desarrollo<\/a> Econ\u00f3mico, en la que participaron representantes del Grupo Cambio Rural Olavarr\u00eda Agroecol\u00f3gico \u2013CROA- e integrantes de la Direcci\u00f3n Agropecuaria y de \u00c1rea de Asistencia a Empresas.<\/p>\n<p>El Ing. Hugo Santonja (Director de Desarrollo Agropecuario) junto a miembros de su equipo y el Ing. Horacio O. Balbiani (responsable del \u00c1rea Asistencia a Empresas), recibieron al Ing. Horacio Gallardo (Asesor del Grupo Cambio Rural Agroecol\u00f3gico Olavarr\u00eda).<\/p>\n<p>En la oportunidad el Ing. Gallardo estuvo acompa\u00f1ado por Mariana Pen\u00e9, Eduardo Dumois, Ignacio Pen\u00e9 y Sergio Espil, en representaci\u00f3n del Grupo Cambio Rural Olavarr\u00eda Agroecol\u00f3gico.<\/p>\n<p>Dicha agrupaci\u00f3n est\u00e1 integrada por doce productores agropecuarios olavarrienses, de distintas zonas de nuestro partido, quienes desarrollan su actividad bajo el concepto \u201cagroecol\u00f3gico\u201d con interesantes resultados como: mejoras en el rendimiento de las pasturas, alta biodiversidad, fauna ben\u00e9fica, pasturas vigorosas, que redundan en un mejoramiento de las producciones ganaderas.<\/p>\n<p>La reuni\u00f3n de trabajo estuvo centrada en recibir asesoramiento por parte del equipo de la Secretar\u00eda de Desarrollo Econ\u00f3mico, sobre nuevas modalidades de comercializaci\u00f3n de la \u201ccarne de bovino a pasto\u201d, la importancia de la certificaci\u00f3n de procesos y productos, los entes certificadores calificados, las exigencias del mercado interno y de exportaci\u00f3n.<\/p>\n<p>Es importante resaltar que desde el punto de vista econ\u00f3mico sobre los animales criados, recriados y engordados a pasto durante el ciclo productivo, generan: un valor agregado, propio de la calidad y una certificaci\u00f3n garantizada.<\/p>\n<p>Se logra adem\u00e1s un volumen importante de animales consecuencia de la agrupaci\u00f3n de productores, disponer de un producto diferencial, que garantiza bienestar animal y ambiental, posiciona al producto obtenido y a sus productores en un ranking diferente en los mercados actuales.<\/p>\n<p>Tambi\u00e9n por aplicarse tecnolog\u00edas de procesos y no de insumos, el productor se independiza del uso y de la compra permanente de insumos externos, lo cual redunda en una reducci\u00f3n significativa de costos.<\/p>\n<p>&nbsp;<\/p>\n","protected":false},"excerpt":{"rendered":"<p>Reuni\u00f3n de trabajo con el Grupo Cambio Rural Olavarr\u00eda Agroecol\u00f3gico, d\u00edas atr\u00e1s se concret\u00f3 una&#8230;<\/p>\n","protected":false},"author":1,"featured_media":172927,"comment_status":"closed","ping_status":"closed","sticky":false,"template":"","format":"standard","meta":{"content-type":""},"categories":[27,51],"tags":[],"nelio_content":{"isAutoShareEnabled":false,"autoShareEndMode":"default","automationSources":{"useContentSentences":true,"useSocialTemplates":true,"useCustomSentences":false,"customSentences":[]},"followers":[1],"suggestedReferences":[],"includedReferences":[],"efiUrl":"","efiAlt":"","highlights":[]},"yoast_head":"<!-- This site is optimized with the Yoast SEO plugin v20.7 - https:\/\/yoast.com\/wordpress\/plugins\/seo\/ -->\n<title>Reuni\u00f3n de trabajo con el grupo cambio rural Olavar\u00eda<\/title>\n<meta name=\"description\" content=\"Reuni\u00f3n de trabajo con el Grupo Cambio Rural Olavarr\u00eda Agroecol\u00f3gico, d\u00edas atr\u00e1s se concret\u00f3 una reuni\u00f3n de trabajo\" \/>\n<meta name=\"robots\" content=\"index, follow, max-snippet:-1, max-image-preview:large, max-video-preview:-1\" \/>\n<link rel=\"canonical\" href=\"https:\/\/experienciadevida.com.ar\/portalurbano\/reunion-de-trabajo-con-el-grupo-cambio-rural-olavarria-agroecologico\/\" \/>\n<meta property=\"og:locale\" content=\"es_ES\" \/>\n<meta property=\"og:type\" content=\"article\" \/>\n<meta property=\"og:title\" content=\"Reuni\u00f3n de trabajo con el grupo cambio rural Olavar\u00eda\" \/>\n<meta property=\"og:description\" content=\"Reuni\u00f3n de trabajo con el Grupo Cambio Rural Olavarr\u00eda Agroecol\u00f3gico, d\u00edas atr\u00e1s se concret\u00f3 una reuni\u00f3n de trabajo\" \/>\n<meta property=\"og:url\" content=\"https:\/\/experienciadevida.com.ar\/portalurbano\/reunion-de-trabajo-con-el-grupo-cambio-rural-olavarria-agroecologico\/\" \/>\n<meta property=\"article:publisher\" content=\"https:\/\/www.facebook.com\/Portal-Urbano-171542830093757\/\" \/>\n<meta property=\"article:published_time\" content=\"2022-08-09T17:12:04+00:00\" \/>\n<meta property=\"article:modified_time\" content=\"2022-08-09T17:14:17+00:00\" \/>\n<meta property=\"og:image\" content=\"https:\/\/experienciadevida.com.ar\/portalurbano\/wp-content\/uploads\/2022\/08\/Reunion-de-trabajo-con.jpg\" \/>\n\t<meta property=\"og:image:width\" content=\"1024\" \/>\n\t<meta property=\"og:image:height\" content=\"768\" \/>\n\t<meta property=\"og:image:type\" content=\"image\/jpeg\" \/>\n<meta name=\"author\" content=\"admpu17wp\" \/>\n<meta name=\"twitter:card\" content=\"summary_large_image\" \/>\n<meta name=\"twitter:creator\" content=\"@portalurbanook\" \/>\n<meta name=\"twitter:site\" content=\"@portalurbanook\" \/>\n<meta name=\"twitter:label1\" content=\"Escrito por\" \/>\n\t<meta name=\"twitter:data1\" content=\"admpu17wp\" \/>\n\t<meta name=\"twitter:label2\" content=\"Tiempo de lectura\" \/>\n\t<meta name=\"twitter:data2\" content=\"2 minutos\" \/>\n<script type=\"application\/ld+json\" class=\"yoast-schema-graph\">{\"@context\":\"https:\/\/schema.org\",\"@graph\":[{\"@type\":\"Article\",\"@id\":\"https:\/\/experienciadevida.com.ar\/portalurbano\/reunion-de-trabajo-con-el-grupo-cambio-rural-olavarria-agroecologico\/#article\",\"isPartOf\":{\"@id\":\"https:\/\/experienciadevida.com.ar\/portalurbano\/reunion-de-trabajo-con-el-grupo-cambio-rural-olavarria-agroecologico\/\"},\"author\":{\"name\":\"admpu17wp\",\"@id\":\"https:\/\/experienciadevida.com.ar\/portalurbano\/#\/schema\/person\/02dd326b1c4b056e9cc972486934a3a7\"},\"headline\":\"Reuni\u00f3n de trabajo con el Grupo Cambio Rural Olavarr\u00eda Agroecol\u00f3gico\",\"datePublished\":\"2022-08-09T17:12:04+00:00\",\"dateModified\":\"2022-08-09T17:14:17+00:00\",\"mainEntityOfPage\":{\"@id\":\"https:\/\/experienciadevida.com.ar\/portalurbano\/reunion-de-trabajo-con-el-grupo-cambio-rural-olavarria-agroecologico\/\"},\"wordCount\":372,\"publisher\":{\"@id\":\"https:\/\/experienciadevida.com.ar\/portalurbano\/#organization\"},\"articleSection\":[\"Ciudad\",\"Destacadas\"],\"inLanguage\":\"es\"},{\"@type\":\"WebPage\",\"@id\":\"https:\/\/experienciadevida.com.ar\/portalurbano\/reunion-de-trabajo-con-el-grupo-cambio-rural-olavarria-agroecologico\/\",\"url\":\"https:\/\/experienciadevida.com.ar\/portalurbano\/reunion-de-trabajo-con-el-grupo-cambio-rural-olavarria-agroecologico\/\",\"name\":\"Reuni\u00f3n de trabajo con el grupo cambio rural Olavar\u00eda\",\"isPartOf\":{\"@id\":\"https:\/\/experienciadevida.com.ar\/portalurbano\/#website\"},\"datePublished\":\"2022-08-09T17:12:04+00:00\",\"dateModified\":\"2022-08-09T17:14:17+00:00\",\"description\":\"Reuni\u00f3n de trabajo con el Grupo Cambio Rural Olavarr\u00eda Agroecol\u00f3gico, d\u00edas atr\u00e1s se concret\u00f3 una reuni\u00f3n de trabajo\",\"breadcrumb\":{\"@id\":\"https:\/\/experienciadevida.com.ar\/portalurbano\/reunion-de-trabajo-con-el-grupo-cambio-rural-olavarria-agroecologico\/#breadcrumb\"},\"inLanguage\":\"es\",\"potentialAction\":[{\"@type\":\"ReadAction\",\"target\":[\"https:\/\/experienciadevida.com.ar\/portalurbano\/reunion-de-trabajo-con-el-grupo-cambio-rural-olavarria-agroecologico\/\"]}]},{\"@type\":\"BreadcrumbList\",\"@id\":\"https:\/\/experienciadevida.com.ar\/portalurbano\/reunion-de-trabajo-con-el-grupo-cambio-rural-olavarria-agroecologico\/#breadcrumb\",\"itemListElement\":[{\"@type\":\"ListItem\",\"position\":1,\"name\":\"Portada\",\"item\":\"https:\/\/experienciadevida.com.ar\/portalurbano\/\"},{\"@type\":\"ListItem\",\"position\":2,\"name\":\"Reuni\u00f3n de trabajo con el Grupo Cambio Rural Olavarr\u00eda Agroecol\u00f3gico\"}]},{\"@type\":\"WebSite\",\"@id\":\"https:\/\/experienciadevida.com.ar\/portalurbano\/#website\",\"url\":\"https:\/\/experienciadevida.com.ar\/portalurbano\/\",\"name\":\"\",\"description\":\"\",\"publisher\":{\"@id\":\"https:\/\/experienciadevida.com.ar\/portalurbano\/#organization\"},\"potentialAction\":[{\"@type\":\"SearchAction\",\"target\":{\"@type\":\"EntryPoint\",\"urlTemplate\":\"https:\/\/experienciadevida.com.ar\/portalurbano\/?s={search_term_string}\"},\"query-input\":\"required name=search_term_string\"}],\"inLanguage\":\"es\"},{\"@type\":\"Organization\",\"@id\":\"https:\/\/experienciadevida.com.ar\/portalurbano\/#organization\",\"name\":\"Portal Urbano\",\"url\":\"https:\/\/experienciadevida.com.ar\/portalurbano\/\",\"logo\":{\"@type\":\"ImageObject\",\"inLanguage\":\"es\",\"@id\":\"https:\/\/experienciadevida.com.ar\/portalurbano\/#\/schema\/logo\/image\/\",\"url\":\"https:\/\/experienciadevida.com.ar\/portalurbano\/wp-content\/uploads\/2019\/09\/Logo-Original.png\",\"contentUrl\":\"https:\/\/experienciadevida.com.ar\/portalurbano\/wp-content\/uploads\/2019\/09\/Logo-Original.png\",\"width\":2236,\"height\":1216,\"caption\":\"Portal Urbano\"},\"image\":{\"@id\":\"https:\/\/experienciadevida.com.ar\/portalurbano\/#\/schema\/logo\/image\/\"},\"sameAs\":[\"https:\/\/www.facebook.com\/Portal-Urbano-171542830093757\/\",\"https:\/\/twitter.com\/portalurbanook\",\"https:\/\/www.instagram.com\/_portalurbano\/\",\"https:\/\/www.youtube.com\/channel\/UCXhagIfszH8KxFiOok79zbA?view_as=subscriber\"]},{\"@type\":\"Person\",\"@id\":\"https:\/\/experienciadevida.com.ar\/portalurbano\/#\/schema\/person\/02dd326b1c4b056e9cc972486934a3a7\",\"name\":\"admpu17wp\",\"image\":{\"@type\":\"ImageObject\",\"inLanguage\":\"es\",\"@id\":\"https:\/\/experienciadevida.com.ar\/portalurbano\/#\/schema\/person\/image\/\",\"url\":\"https:\/\/secure.gravatar.com\/avatar\/830d4c57adaae6630765e449a6908047?s=96&d=mm&r=g\",\"contentUrl\":\"https:\/\/secure.gravatar.com\/avatar\/830d4c57adaae6630765e449a6908047?s=96&d=mm&r=g\",\"caption\":\"admpu17wp\"}}]}<\/script>\n<!-- \/ Yoast SEO plugin. -->","yoast_head_json":{"title":"Reuni\u00f3n de trabajo con el grupo cambio rural Olavar\u00eda","description":"Reuni\u00f3n de trabajo con el Grupo Cambio Rural Olavarr\u00eda Agroecol\u00f3gico, d\u00edas atr\u00e1s se concret\u00f3 una reuni\u00f3n de trabajo","robots":{"index":"index","follow":"follow","max-snippet":"max-snippet:-1","max-image-preview":"max-image-preview:large","max-video-preview":"max-video-preview:-1"},"canonical":"https:\/\/experienciadevida.com.ar\/portalurbano\/reunion-de-trabajo-con-el-grupo-cambio-rural-olavarria-agroecologico\/","og_locale":"es_ES","og_type":"article","og_title":"Reuni\u00f3n de trabajo con el grupo cambio rural Olavar\u00eda","og_description":"Reuni\u00f3n de trabajo con el Grupo Cambio Rural Olavarr\u00eda Agroecol\u00f3gico, d\u00edas atr\u00e1s se concret\u00f3 una reuni\u00f3n de trabajo","og_url":"https:\/\/experienciadevida.com.ar\/portalurbano\/reunion-de-trabajo-con-el-grupo-cambio-rural-olavarria-agroecologico\/","article_publisher":"https:\/\/www.facebook.com\/Portal-Urbano-171542830093757\/","article_published_time":"2022-08-09T17:12:04+00:00","article_modified_time":"2022-08-09T17:14:17+00:00","og_image":[{"width":1024,"height":768,"url":"https:\/\/experienciadevida.com.ar\/portalurbano\/wp-content\/uploads\/2022\/08\/Reunion-de-trabajo-con.jpg","type":"image\/jpeg"}],"author":"admpu17wp","twitter_card":"summary_large_image","twitter_creator":"@portalurbanook","twitter_site":"@portalurbanook","twitter_misc":{"Escrito por":"admpu17wp","Tiempo de lectura":"2 minutos"},"schema":{"@context":"https:\/\/schema.org","@graph":[{"@type":"Article","@id":"https:\/\/experienciadevida.com.ar\/portalurbano\/reunion-de-trabajo-con-el-grupo-cambio-rural-olavarria-agroecologico\/#article","isPartOf":{"@id":"https:\/\/experienciadevida.com.ar\/portalurbano\/reunion-de-trabajo-con-el-grupo-cambio-rural-olavarria-agroecologico\/"},"author":{"name":"admpu17wp","@id":"https:\/\/experienciadevida.com.ar\/portalurbano\/#\/schema\/person\/02dd326b1c4b056e9cc972486934a3a7"},"headline":"Reuni\u00f3n de trabajo con el Grupo Cambio Rural Olavarr\u00eda Agroecol\u00f3gico","datePublished":"2022-08-09T17:12:04+00:00","dateModified":"2022-08-09T17:14:17+00:00","mainEntityOfPage":{"@id":"https:\/\/experienciadevida.com.ar\/portalurbano\/reunion-de-trabajo-con-el-grupo-cambio-rural-olavarria-agroecologico\/"},"wordCount":372,"publisher":{"@id":"https:\/\/experienciadevida.com.ar\/portalurbano\/#organization"},"articleSection":["Ciudad","Destacadas"],"inLanguage":"es"},{"@type":"WebPage","@id":"https:\/\/experienciadevida.com.ar\/portalurbano\/reunion-de-trabajo-con-el-grupo-cambio-rural-olavarria-agroecologico\/","url":"https:\/\/experienciadevida.com.ar\/portalurbano\/reunion-de-trabajo-con-el-grupo-cambio-rural-olavarria-agroecologico\/","name":"Reuni\u00f3n de trabajo con el grupo cambio rural Olavar\u00eda","isPartOf":{"@id":"https:\/\/experienciadevida.com.ar\/portalurbano\/#website"},"datePublished":"2022-08-09T17:12:04+00:00","dateModified":"2022-08-09T17:14:17+00:00","description":"Reuni\u00f3n de trabajo con el Grupo Cambio Rural Olavarr\u00eda Agroecol\u00f3gico, d\u00edas atr\u00e1s se concret\u00f3 una reuni\u00f3n de trabajo","breadcrumb":{"@id":"https:\/\/experienciadevida.com.ar\/portalurbano\/reunion-de-trabajo-con-el-grupo-cambio-rural-olavarria-agroecologico\/#breadcrumb"},"inLanguage":"es","potentialAction":[{"@type":"ReadAction","target":["https:\/\/experienciadevida.com.ar\/portalurbano\/reunion-de-trabajo-con-el-grupo-cambio-rural-olavarria-agroecologico\/"]}]},{"@type":"BreadcrumbList","@id":"https:\/\/experienciadevida.com.ar\/portalurbano\/reunion-de-trabajo-con-el-grupo-cambio-rural-olavarria-agroecologico\/#breadcrumb","itemListElement":[{"@type":"ListItem","position":1,"name":"Portada","item":"https:\/\/experienciadevida.com.ar\/portalurbano\/"},{"@type":"ListItem","position":2,"name":"Reuni\u00f3n de trabajo con el Grupo Cambio Rural Olavarr\u00eda Agroecol\u00f3gico"}]},{"@type":"WebSite","@id":"https:\/\/experienciadevida.com.ar\/portalurbano\/#website","url":"https:\/\/experienciadevida.com.ar\/portalurbano\/","name":"","description":"","publisher":{"@id":"https:\/\/experienciadevida.com.ar\/portalurbano\/#organization"},"potentialAction":[{"@type":"SearchAction","target":{"@type":"EntryPoint","urlTemplate":"https:\/\/experienciadevida.com.ar\/portalurbano\/?s={search_term_string}"},"query-input":"required name=search_term_string"}],"inLanguage":"es"},{"@type":"Organization","@id":"https:\/\/experienciadevida.com.ar\/portalurbano\/#organization","name":"Portal Urbano","url":"https:\/\/experienciadevida.com.ar\/portalurbano\/","logo":{"@type":"ImageObject","inLanguage":"es","@id":"https:\/\/experienciadevida.com.ar\/portalurbano\/#\/schema\/logo\/image\/","url":"https:\/\/experienciadevida.com.ar\/portalurbano\/wp-content\/uploads\/2019\/09\/Logo-Original.png","contentUrl":"https:\/\/experienciadevida.com.ar\/portalurbano\/wp-content\/uploads\/2019\/09\/Logo-Original.png","width":2236,"height":1216,"caption":"Portal Urbano"},"image":{"@id":"https:\/\/experienciadevida.com.ar\/portalurbano\/#\/schema\/logo\/image\/"},"sameAs":["https:\/\/www.facebook.com\/Portal-Urbano-171542830093757\/","https:\/\/twitter.com\/portalurbanook","https:\/\/www.instagram.com\/_portalurbano\/","https:\/\/www.youtube.com\/channel\/UCXhagIfszH8KxFiOok79zbA?view_as=subscriber"]},{"@type":"Person","@id":"https:\/\/experienciadevida.com.ar\/portalurbano\/#\/schema\/person\/02dd326b1c4b056e9cc972486934a3a7","name":"admpu17wp","image":{"@type":"ImageObject","inLanguage":"es","@id":"https:\/\/experienciadevida.com.ar\/portalurbano\/#\/schema\/person\/image\/","url":"https:\/\/secure.gravatar.com\/avatar\/830d4c57adaae6630765e449a6908047?s=96&d=mm&r=g","contentUrl":"https:\/\/secure.gravatar.com\/avatar\/830d4c57adaae6630765e449a6908047?s=96&d=mm&r=g","caption":"admpu17wp"}}]}},"featured_image_urls":{"full":["https:\/\/experienciadevida.com.ar\/portalurbano\/wp-content\/uploads\/2022\/08\/Reunion-de-trabajo-con.jpg",1024,768,false],"thumbnail":["https:\/\/experienciadevida.com.ar\/portalurbano\/wp-content\/uploads\/2022\/08\/Reunion-de-trabajo-con-150x150.jpg",150,150,true],"medium":["https:\/\/experienciadevida.com.ar\/portalurbano\/wp-content\/uploads\/2022\/08\/Reunion-de-trabajo-con-300x225.jpg",300,225,true],"medium_large":["https:\/\/experienciadevida.com.ar\/portalurbano\/wp-content\/uploads\/2022\/08\/Reunion-de-trabajo-con-768x576.jpg",640,480,true],"large":["https:\/\/experienciadevida.com.ar\/portalurbano\/wp-content\/uploads\/2022\/08\/Reunion-de-trabajo-con.jpg",640,480,false],"ug_big":["https:\/\/experienciadevida.com.ar\/portalurbano\/wp-content\/uploads\/2022\/08\/Reunion-de-trabajo-con-768x576.jpg",768,576,true],"1536x1536":["https:\/\/experienciadevida.com.ar\/portalurbano\/wp-content\/uploads\/2022\/08\/Reunion-de-trabajo-con.jpg",1024,768,false],"2048x2048":["https:\/\/experienciadevida.com.ar\/portalurbano\/wp-content\/uploads\/2022\/08\/Reunion-de-trabajo-con.jpg",1024,768,false],"newsever-slider-full":["https:\/\/experienciadevida.com.ar\/portalurbano\/wp-content\/uploads\/2022\/08\/Reunion-de-trabajo-con.jpg",1024,768,false],"newsever-featured":["https:\/\/experienciadevida.com.ar\/portalurbano\/wp-content\/uploads\/2022\/08\/Reunion-de-trabajo-con.jpg",1024,768,false],"newsever-medium":["https:\/\/experienciadevida.com.ar\/portalurbano\/wp-content\/uploads\/2022\/08\/Reunion-de-trabajo-con.jpg",633,475,false],"web-stories-poster-portrait":["https:\/\/experienciadevida.com.ar\/portalurbano\/wp-content\/uploads\/2022\/08\/Reunion-de-trabajo-con-640x768.jpg",640,768,true],"web-stories-publisher-logo":["https:\/\/experienciadevida.com.ar\/portalurbano\/wp-content\/uploads\/2022\/08\/Reunion-de-trabajo-con-96x96.jpg",96,96,true],"web-stories-thumbnail":["https:\/\/experienciadevida.com.ar\/portalurbano\/wp-content\/uploads\/2022\/08\/Reunion-de-trabajo-con-150x113.jpg",150,113,true]},"author_info":{"display_name":"admpu17wp","author_link":"https:\/\/experienciadevida.com.ar\/portalurbano\/author\/admpu17wp\/"},"category_info":"<a href=\"https:\/\/experienciadevida.com.ar\/portalurbano\/category\/ciudad\/\" rel=\"category tag\">Ciudad<\/a> <a href=\"https:\/\/experienciadevida.com.ar\/portalurbano\/category\/destacadas\/\" rel=\"category tag\">Destacadas<\/a>","tag_info":"Destacadas","comment_count":"0","amp_enabled":true,"_links":{"self":[{"href":"https:\/\/experienciadevida.com.ar\/portalurbano\/wp-json\/wp\/v2\/posts\/172926"}],"collection":[{"href":"https:\/\/experienciadevida.com.ar\/portalurbano\/wp-json\/wp\/v2\/posts"}],"about":[{"href":"https:\/\/experienciadevida.com.ar\/portalurbano\/wp-json\/wp\/v2\/types\/post"}],"author":[{"embeddable":true,"href":"https:\/\/experienciadevida.com.ar\/portalurbano\/wp-json\/wp\/v2\/users\/1"}],"replies":[{"embeddable":true,"href":"https:\/\/experienciadevida.com.ar\/portalurbano\/wp-json\/wp\/v2\/comments?post=172926"}],"version-history":[{"count":2,"href":"https:\/\/experienciadevida.com.ar\/portalurbano\/wp-json\/wp\/v2\/posts\/172926\/revisions"}],"predecessor-version":[{"id":172929,"href":"https:\/\/experienciadevida.com.ar\/portalurbano\/wp-json\/wp\/v2\/posts\/172926\/revisions\/172929"}],"wp:featuredmedia":[{"embeddable":true,"href":"https:\/\/experienciadevida.com.ar\/portalurbano\/wp-json\/wp\/v2\/media\/172927"}],"wp:attachment":[{"href":"https:\/\/experienciadevida.com.ar\/portalurbano\/wp-json\/wp\/v2\/media?parent=172926"}],"wp:term":[{"taxonomy":"category","embeddable":true,"href":"https:\/\/experienciadevida.com.ar\/portalurbano\/wp-json\/wp\/v2\/categories?post=172926"},{"taxonomy":"post_tag","embeddable":true,"href":"https:\/\/experienciadevida.com.ar\/portalurbano\/wp-json\/wp\/v2\/tags?post=172926"}],"curies":[{"name":"wp","href":"https:\/\/api.w.org\/{rel}","templated":true}]}}