{"id":172920,"date":"2022-08-09T14:07:59","date_gmt":"2022-08-09T17:07:59","guid":{"rendered":"https:\/\/experienciadevida.com.ar\/portalurbano\/?p=172920"},"modified":"2022-08-09T14:08:24","modified_gmt":"2022-08-09T17:08:24","slug":"ingresantes-a-sociales-dieron-sus-primeros-pasos-por-la-facultad","status":"publish","type":"post","link":"https:\/\/experienciadevida.com.ar\/portalurbano\/ingresantes-a-sociales-dieron-sus-primeros-pasos-por-la-facultad\/","title":{"rendered":"Ingresantes a Sociales dieron sus primeros pasos por la Facultad"},"content":{"rendered":"<p>Ingresantes a Sociales dieron sus primeros pasos por la <a href=\"https:\/\/www.facebook.com\/facultadcienciassociales.unicen\">Facultad<\/a>, un nuevo grupo de estudiantes comenz\u00f3 a cursar en la Facultad de Ciencias Sociales el Curso de Introducci\u00f3n a la Vida Universitaria, tanto en sede como en las unidades penales. Fueron recibidos por autoridades de la unidad acad\u00e9mica.<\/p>\n<p><a href=\"https:\/\/experienciadevida.com.ar\/portalurbano\/ingresantes-a-sociales-dieron-sus-primeros-pasos-por-la-facultad\/ingresantes\/\" rel=\"attachment wp-att-172922\"><img decoding=\"async\" class=\"alignnone size-large wp-image-172922\" src=\"https:\/\/experienciadevida.com.ar\/portalurbano\/wp-content\/uploads\/2022\/08\/Ingresantes-1024x656.jpg\" alt=\"Ingresantes \" width=\"900\" height=\"577\" srcset=\"https:\/\/experienciadevida.com.ar\/portalurbano\/wp-content\/uploads\/2022\/08\/Ingresantes-1024x656.jpg 1024w, https:\/\/experienciadevida.com.ar\/portalurbano\/wp-content\/uploads\/2022\/08\/Ingresantes-300x192.jpg 300w, https:\/\/experienciadevida.com.ar\/portalurbano\/wp-content\/uploads\/2022\/08\/Ingresantes-768x492.jpg 768w, https:\/\/experienciadevida.com.ar\/portalurbano\/wp-content\/uploads\/2022\/08\/Ingresantes-150x96.jpg 150w, https:\/\/experienciadevida.com.ar\/portalurbano\/wp-content\/uploads\/2022\/08\/Ingresantes.jpg 1417w\" sizes=\"(max-width: 900px) 100vw, 900px\" \/><\/a><\/p>\n<p>El lunes 8 de agosto se realiz\u00f3 la jornada de bienvenida para ingresantes del segundo cuatrimestre a las distintas carreras que ofrece la Facultad de Ciencias Sociales. La misma estuvo encabezada por la Secretaria Acad\u00e9mica de la FACSO, Lic. Gabriela Loustaunau; y el Secretario de Extensi\u00f3n, Bienestar y Transferencia, Lic. Nicol\u00e1s Casado.<\/p>\n<p>El encuentro se llev\u00f3 adelante en el marco del Curso de Introducci\u00f3n a la Vida Universitaria (CIVU), que se extender\u00e1 hasta el pr\u00f3ximo viernes; por lo que participaron tambi\u00e9n la Prof. Gimena Fern\u00e1ndez y la Lic. Marianela Recofsky, coordinadoras operativas del Programa de Ingreso, Permanencia y Egreso. Asimismo, estuvieron presentes la Lic. Evelina Piovacari, del \u00c1rea de Bienestar, las estudiantes Florencia Schantl y Oriana Retamar (Tutoras Pares Plan VES II) y representantes del Centro de Estudiantes.<\/p>\n<p>Adem\u00e1s, el Lic. Exequiel Alonso, del \u00c1rea de Educaci\u00f3n a Distancia, realiz\u00f3 un recorrido por la plataforma Sociales Virtual, a la que deber\u00e1n acceder los y las estudiantes para cursar las materias de las carreras a las que se inscribieron.<\/p>\n<p><a href=\"https:\/\/experienciadevida.com.ar\/portalurbano\/ingresantes-a-sociales-dieron-sus-primeros-pasos-por-la-facultad\/a-4\/\" rel=\"attachment wp-att-172923\"><img decoding=\"async\" class=\"alignnone size-large wp-image-172923\" src=\"https:\/\/experienciadevida.com.ar\/portalurbano\/wp-content\/uploads\/2022\/08\/a-1024x655.jpg\" alt=\"a \" width=\"900\" height=\"576\" srcset=\"https:\/\/experienciadevida.com.ar\/portalurbano\/wp-content\/uploads\/2022\/08\/a-1024x655.jpg 1024w, https:\/\/experienciadevida.com.ar\/portalurbano\/wp-content\/uploads\/2022\/08\/a-300x192.jpg 300w, https:\/\/experienciadevida.com.ar\/portalurbano\/wp-content\/uploads\/2022\/08\/a-768x491.jpg 768w, https:\/\/experienciadevida.com.ar\/portalurbano\/wp-content\/uploads\/2022\/08\/a-150x96.jpg 150w, https:\/\/experienciadevida.com.ar\/portalurbano\/wp-content\/uploads\/2022\/08\/a.jpg 1480w\" sizes=\"(max-width: 900px) 100vw, 900px\" \/><\/a><\/p>\n<p>El CIVU se desarrolla de manera simult\u00e1nea en Unidades Penales, por lo que se conectaron bajo modalidad h\u00edbrida los ingresantes en contextos de encierro. El CIVU en las Unidades Penales es llevado adelante por el equipo PECE, coordinado por el Prof. Luis Scipioni, y las tutoras Lic. Romina Salvad\u00e9, Lic. Magal\u00ed Coronel y Prof. Raquel Lacaria.<\/p>\n<p>CIVU<\/p>\n<p>El CIVU es un espacio a trav\u00e9s del cual el\/la ingresante trabaja sobre un eje fundamental: cu\u00e1l es el oficio de los\/as estudiantes universitarios y su vinculaci\u00f3n con las Ciencias Sociales. A trav\u00e9s de las actividades propuestas se abordan aspectos vinculados al funcionamiento de la Facultad, la oferta acad\u00e9mica, el funcionamiento del Reglamento de Ense\u00f1anza y Promoci\u00f3n (REP), lectura acad\u00e9mica, entre otras tem\u00e1ticas.<\/p>\n<p>En cuanto a la metodolog\u00eda de trabajo, el CIVU propone a los\/as futuros ingresantes una cursada intensiva de una semana, que se llevar\u00e1 adelante de lunes a viernes de 14 a 16; complementado con actividades que se extienden a lo largo del cuatrimestre y que forman parte de este acompa\u00f1amiento sostenido. Del mismo modo que en ediciones anteriores, se trabaja con el complemento asincr\u00f3nico de propuestas disponibles en la plataforma Sociales Virtual.<\/p>\n","protected":false},"excerpt":{"rendered":"<p>Ingresantes a Sociales dieron sus primeros pasos por la Facultad, un nuevo grupo de estudiantes&#8230;<\/p>\n","protected":false},"author":1,"featured_media":172921,"comment_status":"closed","ping_status":"closed","sticky":false,"template":"","format":"standard","meta":{"content-type":""},"categories":[31],"tags":[],"nelio_content":{"isAutoShareEnabled":false,"autoShareEndMode":"default","automationSources":{"useContentSentences":true,"useSocialTemplates":true,"useCustomSentences":false,"customSentences":[]},"followers":[1],"suggestedReferences":[],"includedReferences":[],"efiUrl":"","efiAlt":"","highlights":[]},"yoast_head":"<!-- This site is optimized with the Yoast SEO plugin v20.7 - https:\/\/yoast.com\/wordpress\/plugins\/seo\/ -->\n<title>Ingresantes a sociales dieron sus primeros pasos por la facultad<\/title>\n<meta name=\"description\" content=\"Ingresantes a Sociales dieron sus primeros pasos por la Facultad, un nuevo grupo de estudiantes comenz\u00f3 a cursar en la Facultad\" \/>\n<meta name=\"robots\" content=\"index, follow, max-snippet:-1, max-image-preview:large, max-video-preview:-1\" \/>\n<link rel=\"canonical\" href=\"https:\/\/experienciadevida.com.ar\/portalurbano\/ingresantes-a-sociales-dieron-sus-primeros-pasos-por-la-facultad\/\" \/>\n<meta property=\"og:locale\" content=\"es_ES\" \/>\n<meta property=\"og:type\" content=\"article\" \/>\n<meta property=\"og:title\" content=\"Ingresantes a sociales dieron sus primeros pasos por la facultad\" \/>\n<meta property=\"og:description\" content=\"Ingresantes a Sociales dieron sus primeros pasos por la Facultad, un nuevo grupo de estudiantes comenz\u00f3 a cursar en la Facultad\" \/>\n<meta property=\"og:url\" content=\"https:\/\/experienciadevida.com.ar\/portalurbano\/ingresantes-a-sociales-dieron-sus-primeros-pasos-por-la-facultad\/\" \/>\n<meta property=\"article:publisher\" content=\"https:\/\/www.facebook.com\/Portal-Urbano-171542830093757\/\" \/>\n<meta property=\"article:published_time\" content=\"2022-08-09T17:07:59+00:00\" \/>\n<meta property=\"article:modified_time\" content=\"2022-08-09T17:08:24+00:00\" \/>\n<meta property=\"og:image\" content=\"https:\/\/experienciadevida.com.ar\/portalurbano\/wp-content\/uploads\/2022\/08\/Ingresantes-a-Sociales-dieron.jpg\" \/>\n\t<meta property=\"og:image:width\" content=\"1433\" \/>\n\t<meta property=\"og:image:height\" content=\"885\" \/>\n\t<meta property=\"og:image:type\" content=\"image\/jpeg\" \/>\n<meta name=\"author\" content=\"admpu17wp\" \/>\n<meta name=\"twitter:card\" content=\"summary_large_image\" \/>\n<meta name=\"twitter:creator\" content=\"@portalurbanook\" \/>\n<meta name=\"twitter:site\" content=\"@portalurbanook\" \/>\n<meta name=\"twitter:label1\" content=\"Escrito por\" \/>\n\t<meta name=\"twitter:data1\" content=\"admpu17wp\" \/>\n\t<meta name=\"twitter:label2\" content=\"Tiempo de lectura\" \/>\n\t<meta name=\"twitter:data2\" content=\"3 minutos\" \/>\n<script type=\"application\/ld+json\" class=\"yoast-schema-graph\">{\"@context\":\"https:\/\/schema.org\",\"@graph\":[{\"@type\":\"Article\",\"@id\":\"https:\/\/experienciadevida.com.ar\/portalurbano\/ingresantes-a-sociales-dieron-sus-primeros-pasos-por-la-facultad\/#article\",\"isPartOf\":{\"@id\":\"https:\/\/experienciadevida.com.ar\/portalurbano\/ingresantes-a-sociales-dieron-sus-primeros-pasos-por-la-facultad\/\"},\"author\":{\"name\":\"admpu17wp\",\"@id\":\"https:\/\/experienciadevida.com.ar\/portalurbano\/#\/schema\/person\/02dd326b1c4b056e9cc972486934a3a7\"},\"headline\":\"Ingresantes a Sociales dieron sus primeros pasos por la Facultad\",\"datePublished\":\"2022-08-09T17:07:59+00:00\",\"dateModified\":\"2022-08-09T17:08:24+00:00\",\"mainEntityOfPage\":{\"@id\":\"https:\/\/experienciadevida.com.ar\/portalurbano\/ingresantes-a-sociales-dieron-sus-primeros-pasos-por-la-facultad\/\"},\"wordCount\":444,\"publisher\":{\"@id\":\"https:\/\/experienciadevida.com.ar\/portalurbano\/#organization\"},\"articleSection\":[\"Educaci\u00f3n\"],\"inLanguage\":\"es\"},{\"@type\":\"WebPage\",\"@id\":\"https:\/\/experienciadevida.com.ar\/portalurbano\/ingresantes-a-sociales-dieron-sus-primeros-pasos-por-la-facultad\/\",\"url\":\"https:\/\/experienciadevida.com.ar\/portalurbano\/ingresantes-a-sociales-dieron-sus-primeros-pasos-por-la-facultad\/\",\"name\":\"Ingresantes a sociales dieron sus primeros pasos por la facultad\",\"isPartOf\":{\"@id\":\"https:\/\/experienciadevida.com.ar\/portalurbano\/#website\"},\"datePublished\":\"2022-08-09T17:07:59+00:00\",\"dateModified\":\"2022-08-09T17:08:24+00:00\",\"description\":\"Ingresantes a Sociales dieron sus primeros pasos por la Facultad, un nuevo grupo de estudiantes comenz\u00f3 a cursar en la Facultad\",\"breadcrumb\":{\"@id\":\"https:\/\/experienciadevida.com.ar\/portalurbano\/ingresantes-a-sociales-dieron-sus-primeros-pasos-por-la-facultad\/#breadcrumb\"},\"inLanguage\":\"es\",\"potentialAction\":[{\"@type\":\"ReadAction\",\"target\":[\"https:\/\/experienciadevida.com.ar\/portalurbano\/ingresantes-a-sociales-dieron-sus-primeros-pasos-por-la-facultad\/\"]}]},{\"@type\":\"BreadcrumbList\",\"@id\":\"https:\/\/experienciadevida.com.ar\/portalurbano\/ingresantes-a-sociales-dieron-sus-primeros-pasos-por-la-facultad\/#breadcrumb\",\"itemListElement\":[{\"@type\":\"ListItem\",\"position\":1,\"name\":\"Portada\",\"item\":\"https:\/\/experienciadevida.com.ar\/portalurbano\/\"},{\"@type\":\"ListItem\",\"position\":2,\"name\":\"Ingresantes a Sociales dieron sus primeros pasos por la Facultad\"}]},{\"@type\":\"WebSite\",\"@id\":\"https:\/\/experienciadevida.com.ar\/portalurbano\/#website\",\"url\":\"https:\/\/experienciadevida.com.ar\/portalurbano\/\",\"name\":\"\",\"description\":\"\",\"publisher\":{\"@id\":\"https:\/\/experienciadevida.com.ar\/portalurbano\/#organization\"},\"potentialAction\":[{\"@type\":\"SearchAction\",\"target\":{\"@type\":\"EntryPoint\",\"urlTemplate\":\"https:\/\/experienciadevida.com.ar\/portalurbano\/?s={search_term_string}\"},\"query-input\":\"required name=search_term_string\"}],\"inLanguage\":\"es\"},{\"@type\":\"Organization\",\"@id\":\"https:\/\/experienciadevida.com.ar\/portalurbano\/#organization\",\"name\":\"Portal Urbano\",\"url\":\"https:\/\/experienciadevida.com.ar\/portalurbano\/\",\"logo\":{\"@type\":\"ImageObject\",\"inLanguage\":\"es\",\"@id\":\"https:\/\/experienciadevida.com.ar\/portalurbano\/#\/schema\/logo\/image\/\",\"url\":\"https:\/\/experienciadevida.com.ar\/portalurbano\/wp-content\/uploads\/2019\/09\/Logo-Original.png\",\"contentUrl\":\"https:\/\/experienciadevida.com.ar\/portalurbano\/wp-content\/uploads\/2019\/09\/Logo-Original.png\",\"width\":2236,\"height\":1216,\"caption\":\"Portal Urbano\"},\"image\":{\"@id\":\"https:\/\/experienciadevida.com.ar\/portalurbano\/#\/schema\/logo\/image\/\"},\"sameAs\":[\"https:\/\/www.facebook.com\/Portal-Urbano-171542830093757\/\",\"https:\/\/twitter.com\/portalurbanook\",\"https:\/\/www.instagram.com\/_portalurbano\/\",\"https:\/\/www.youtube.com\/channel\/UCXhagIfszH8KxFiOok79zbA?view_as=subscriber\"]},{\"@type\":\"Person\",\"@id\":\"https:\/\/experienciadevida.com.ar\/portalurbano\/#\/schema\/person\/02dd326b1c4b056e9cc972486934a3a7\",\"name\":\"admpu17wp\",\"image\":{\"@type\":\"ImageObject\",\"inLanguage\":\"es\",\"@id\":\"https:\/\/experienciadevida.com.ar\/portalurbano\/#\/schema\/person\/image\/\",\"url\":\"https:\/\/secure.gravatar.com\/avatar\/830d4c57adaae6630765e449a6908047?s=96&d=mm&r=g\",\"contentUrl\":\"https:\/\/secure.gravatar.com\/avatar\/830d4c57adaae6630765e449a6908047?s=96&d=mm&r=g\",\"caption\":\"admpu17wp\"}}]}<\/script>\n<!-- \/ Yoast SEO plugin. -->","yoast_head_json":{"title":"Ingresantes a sociales dieron sus primeros pasos por la facultad","description":"Ingresantes a Sociales dieron sus primeros pasos por la Facultad, un nuevo grupo de estudiantes comenz\u00f3 a cursar en la Facultad","robots":{"index":"index","follow":"follow","max-snippet":"max-snippet:-1","max-image-preview":"max-image-preview:large","max-video-preview":"max-video-preview:-1"},"canonical":"https:\/\/experienciadevida.com.ar\/portalurbano\/ingresantes-a-sociales-dieron-sus-primeros-pasos-por-la-facultad\/","og_locale":"es_ES","og_type":"article","og_title":"Ingresantes a sociales dieron sus primeros pasos por la facultad","og_description":"Ingresantes a Sociales dieron sus primeros pasos por la Facultad, un nuevo grupo de estudiantes comenz\u00f3 a cursar en la Facultad","og_url":"https:\/\/experienciadevida.com.ar\/portalurbano\/ingresantes-a-sociales-dieron-sus-primeros-pasos-por-la-facultad\/","article_publisher":"https:\/\/www.facebook.com\/Portal-Urbano-171542830093757\/","article_published_time":"2022-08-09T17:07:59+00:00","article_modified_time":"2022-08-09T17:08:24+00:00","og_image":[{"width":1433,"height":885,"url":"https:\/\/experienciadevida.com.ar\/portalurbano\/wp-content\/uploads\/2022\/08\/Ingresantes-a-Sociales-dieron.jpg","type":"image\/jpeg"}],"author":"admpu17wp","twitter_card":"summary_large_image","twitter_creator":"@portalurbanook","twitter_site":"@portalurbanook","twitter_misc":{"Escrito por":"admpu17wp","Tiempo de lectura":"3 minutos"},"schema":{"@context":"https:\/\/schema.org","@graph":[{"@type":"Article","@id":"https:\/\/experienciadevida.com.ar\/portalurbano\/ingresantes-a-sociales-dieron-sus-primeros-pasos-por-la-facultad\/#article","isPartOf":{"@id":"https:\/\/experienciadevida.com.ar\/portalurbano\/ingresantes-a-sociales-dieron-sus-primeros-pasos-por-la-facultad\/"},"author":{"name":"admpu17wp","@id":"https:\/\/experienciadevida.com.ar\/portalurbano\/#\/schema\/person\/02dd326b1c4b056e9cc972486934a3a7"},"headline":"Ingresantes a Sociales dieron sus primeros pasos por la Facultad","datePublished":"2022-08-09T17:07:59+00:00","dateModified":"2022-08-09T17:08:24+00:00","mainEntityOfPage":{"@id":"https:\/\/experienciadevida.com.ar\/portalurbano\/ingresantes-a-sociales-dieron-sus-primeros-pasos-por-la-facultad\/"},"wordCount":444,"publisher":{"@id":"https:\/\/experienciadevida.com.ar\/portalurbano\/#organization"},"articleSection":["Educaci\u00f3n"],"inLanguage":"es"},{"@type":"WebPage","@id":"https:\/\/experienciadevida.com.ar\/portalurbano\/ingresantes-a-sociales-dieron-sus-primeros-pasos-por-la-facultad\/","url":"https:\/\/experienciadevida.com.ar\/portalurbano\/ingresantes-a-sociales-dieron-sus-primeros-pasos-por-la-facultad\/","name":"Ingresantes a sociales dieron sus primeros pasos por la facultad","isPartOf":{"@id":"https:\/\/experienciadevida.com.ar\/portalurbano\/#website"},"datePublished":"2022-08-09T17:07:59+00:00","dateModified":"2022-08-09T17:08:24+00:00","description":"Ingresantes a Sociales dieron sus primeros pasos por la Facultad, un nuevo grupo de estudiantes comenz\u00f3 a cursar en la Facultad","breadcrumb":{"@id":"https:\/\/experienciadevida.com.ar\/portalurbano\/ingresantes-a-sociales-dieron-sus-primeros-pasos-por-la-facultad\/#breadcrumb"},"inLanguage":"es","potentialAction":[{"@type":"ReadAction","target":["https:\/\/experienciadevida.com.ar\/portalurbano\/ingresantes-a-sociales-dieron-sus-primeros-pasos-por-la-facultad\/"]}]},{"@type":"BreadcrumbList","@id":"https:\/\/experienciadevida.com.ar\/portalurbano\/ingresantes-a-sociales-dieron-sus-primeros-pasos-por-la-facultad\/#breadcrumb","itemListElement":[{"@type":"ListItem","position":1,"name":"Portada","item":"https:\/\/experienciadevida.com.ar\/portalurbano\/"},{"@type":"ListItem","position":2,"name":"Ingresantes a Sociales dieron sus primeros pasos por la Facultad"}]},{"@type":"WebSite","@id":"https:\/\/experienciadevida.com.ar\/portalurbano\/#website","url":"https:\/\/experienciadevida.com.ar\/portalurbano\/","name":"","description":"","publisher":{"@id":"https:\/\/experienciadevida.com.ar\/portalurbano\/#organization"},"potentialAction":[{"@type":"SearchAction","target":{"@type":"EntryPoint","urlTemplate":"https:\/\/experienciadevida.com.ar\/portalurbano\/?s={search_term_string}"},"query-input":"required name=search_term_string"}],"inLanguage":"es"},{"@type":"Organization","@id":"https:\/\/experienciadevida.com.ar\/portalurbano\/#organization","name":"Portal Urbano","url":"https:\/\/experienciadevida.com.ar\/portalurbano\/","logo":{"@type":"ImageObject","inLanguage":"es","@id":"https:\/\/experienciadevida.com.ar\/portalurbano\/#\/schema\/logo\/image\/","url":"https:\/\/experienciadevida.com.ar\/portalurbano\/wp-content\/uploads\/2019\/09\/Logo-Original.png","contentUrl":"https:\/\/experienciadevida.com.ar\/portalurbano\/wp-content\/uploads\/2019\/09\/Logo-Original.png","width":2236,"height":1216,"caption":"Portal Urbano"},"image":{"@id":"https:\/\/experienciadevida.com.ar\/portalurbano\/#\/schema\/logo\/image\/"},"sameAs":["https:\/\/www.facebook.com\/Portal-Urbano-171542830093757\/","https:\/\/twitter.com\/portalurbanook","https:\/\/www.instagram.com\/_portalurbano\/","https:\/\/www.youtube.com\/channel\/UCXhagIfszH8KxFiOok79zbA?view_as=subscriber"]},{"@type":"Person","@id":"https:\/\/experienciadevida.com.ar\/portalurbano\/#\/schema\/person\/02dd326b1c4b056e9cc972486934a3a7","name":"admpu17wp","image":{"@type":"ImageObject","inLanguage":"es","@id":"https:\/\/experienciadevida.com.ar\/portalurbano\/#\/schema\/person\/image\/","url":"https:\/\/secure.gravatar.com\/avatar\/830d4c57adaae6630765e449a6908047?s=96&d=mm&r=g","contentUrl":"https:\/\/secure.gravatar.com\/avatar\/830d4c57adaae6630765e449a6908047?s=96&d=mm&r=g","caption":"admpu17wp"}}]}},"featured_image_urls":{"full":["https:\/\/experienciadevida.com.ar\/portalurbano\/wp-content\/uploads\/2022\/08\/Ingresantes-a-Sociales-dieron.jpg",1433,885,false],"thumbnail":["https:\/\/experienciadevida.com.ar\/portalurbano\/wp-content\/uploads\/2022\/08\/Ingresantes-a-Sociales-dieron-150x150.jpg",150,150,true],"medium":["https:\/\/experienciadevida.com.ar\/portalurbano\/wp-content\/uploads\/2022\/08\/Ingresantes-a-Sociales-dieron-300x185.jpg",300,185,true],"medium_large":["https:\/\/experienciadevida.com.ar\/portalurbano\/wp-content\/uploads\/2022\/08\/Ingresantes-a-Sociales-dieron-768x474.jpg",640,395,true],"large":["https:\/\/experienciadevida.com.ar\/portalurbano\/wp-content\/uploads\/2022\/08\/Ingresantes-a-Sociales-dieron-1024x632.jpg",640,395,true],"ug_big":["https:\/\/experienciadevida.com.ar\/portalurbano\/wp-content\/uploads\/2022\/08\/Ingresantes-a-Sociales-dieron-768x474.jpg",768,474,true],"1536x1536":["https:\/\/experienciadevida.com.ar\/portalurbano\/wp-content\/uploads\/2022\/08\/Ingresantes-a-Sociales-dieron.jpg",1433,885,false],"2048x2048":["https:\/\/experienciadevida.com.ar\/portalurbano\/wp-content\/uploads\/2022\/08\/Ingresantes-a-Sociales-dieron.jpg",1433,885,false],"newsever-slider-full":["https:\/\/experienciadevida.com.ar\/portalurbano\/wp-content\/uploads\/2022\/08\/Ingresantes-a-Sociales-dieron.jpg",1280,791,false],"newsever-featured":["https:\/\/experienciadevida.com.ar\/portalurbano\/wp-content\/uploads\/2022\/08\/Ingresantes-a-Sociales-dieron.jpg",1024,632,false],"newsever-medium":["https:\/\/experienciadevida.com.ar\/portalurbano\/wp-content\/uploads\/2022\/08\/Ingresantes-a-Sociales-dieron.jpg",720,445,false],"web-stories-poster-portrait":["https:\/\/experienciadevida.com.ar\/portalurbano\/wp-content\/uploads\/2022\/08\/Ingresantes-a-Sociales-dieron-640x853.jpg",640,853,true],"web-stories-publisher-logo":["https:\/\/experienciadevida.com.ar\/portalurbano\/wp-content\/uploads\/2022\/08\/Ingresantes-a-Sociales-dieron-96x96.jpg",96,96,true],"web-stories-thumbnail":["https:\/\/experienciadevida.com.ar\/portalurbano\/wp-content\/uploads\/2022\/08\/Ingresantes-a-Sociales-dieron-150x93.jpg",150,93,true]},"author_info":{"display_name":"admpu17wp","author_link":"https:\/\/experienciadevida.com.ar\/portalurbano\/author\/admpu17wp\/"},"category_info":"<a href=\"https:\/\/experienciadevida.com.ar\/portalurbano\/category\/ciudad\/educacion\/\" rel=\"category tag\">Educaci\u00f3n<\/a>","tag_info":"Educaci\u00f3n","comment_count":"0","amp_enabled":true,"_links":{"self":[{"href":"https:\/\/experienciadevida.com.ar\/portalurbano\/wp-json\/wp\/v2\/posts\/172920"}],"collection":[{"href":"https:\/\/experienciadevida.com.ar\/portalurbano\/wp-json\/wp\/v2\/posts"}],"about":[{"href":"https:\/\/experienciadevida.com.ar\/portalurbano\/wp-json\/wp\/v2\/types\/post"}],"author":[{"embeddable":true,"href":"https:\/\/experienciadevida.com.ar\/portalurbano\/wp-json\/wp\/v2\/users\/1"}],"replies":[{"embeddable":true,"href":"https:\/\/experienciadevida.com.ar\/portalurbano\/wp-json\/wp\/v2\/comments?post=172920"}],"version-history":[{"count":2,"href":"https:\/\/experienciadevida.com.ar\/portalurbano\/wp-json\/wp\/v2\/posts\/172920\/revisions"}],"predecessor-version":[{"id":172925,"href":"https:\/\/experienciadevida.com.ar\/portalurbano\/wp-json\/wp\/v2\/posts\/172920\/revisions\/172925"}],"wp:featuredmedia":[{"embeddable":true,"href":"https:\/\/experienciadevida.com.ar\/portalurbano\/wp-json\/wp\/v2\/media\/172921"}],"wp:attachment":[{"href":"https:\/\/experienciadevida.com.ar\/portalurbano\/wp-json\/wp\/v2\/media?parent=172920"}],"wp:term":[{"taxonomy":"category","embeddable":true,"href":"https:\/\/experienciadevida.com.ar\/portalurbano\/wp-json\/wp\/v2\/categories?post=172920"},{"taxonomy":"post_tag","embeddable":true,"href":"https:\/\/experienciadevida.com.ar\/portalurbano\/wp-json\/wp\/v2\/tags?post=172920"}],"curies":[{"name":"wp","href":"https:\/\/api.w.org\/{rel}","templated":true}]}}