{"id":172914,"date":"2022-08-09T12:02:14","date_gmt":"2022-08-09T15:02:14","guid":{"rendered":"https:\/\/experienciadevida.com.ar\/portalurbano\/?p=172914"},"modified":"2022-08-09T12:04:08","modified_gmt":"2022-08-09T15:04:08","slug":"se-realizara-la-jornada-poder-estado-y-sociedad-argentina-siglos-xx-y-xxi","status":"publish","type":"post","link":"https:\/\/experienciadevida.com.ar\/portalurbano\/se-realizara-la-jornada-poder-estado-y-sociedad-argentina-siglos-xx-y-xxi\/","title":{"rendered":"Se realizar\u00e1 la jornada &#8220;poder, estado y sociedad&#8221; Argentina Siglos XX y XXI"},"content":{"rendered":"<p>Se realizar\u00e1 la jornada &#8220;poder, estado y sociedad&#8221; Argentina Siglos XX y XXI, la facultad de derecho UNICEN invita a participar de la Jornada: Poder, Estado y Sociedad \u2013 Argentina siglos XX y XXI el pr\u00f3ximo Mi\u00e9rcoles 10 de<br \/>\nagosto a las 15 hs. en el Centro de Investigaci\u00f3n y Posgrado con transmisi\u00f3n por Zoom.<\/p>\n<p>ID de reuni\u00f3n: 813 9680 1858<\/p>\n<p>C\u00f3digo de acceso: 2022<\/p>\n<p><strong>15hs apertura<\/strong><\/p>\n<p>Presentaci\u00f3n de la obra colectiva \u201cPoder, Estado y Sociedad. Argentina siglos XX y XXI\u201d, editado por la Facultad de Derecho.<\/p>\n<p><strong>15:15 primer panel:<\/strong><\/p>\n<p>Notas sobre la igualdad. Un derecho en necesaria evoluci\u00f3n \u2013 Pedro Luis Arrouy<\/p>\n<p>Mujeres en las Intendencias de la Provincia de Buenos Aires: trayectorias y perfiles de las intendentas (1983-2019) \u2013 Erica Lanzini<\/p>\n<p>Un breve recorrido sobre la elecci\u00f3n de la forma presidencialista de gobierno y el ejercicio de facultades legislativas del Ejecutivo \u2013 Mar\u00eda del Carmen Lloret<\/p>\n<p>La \u201cVerdad Material\u201d versus \u201cLa Tutela Administrativa Efectiva\u201d y la ponderaci\u00f3n de principios como soluci\u00f3n de esta tensi\u00f3n \u2013 Francisco Mariano Sabalua.<\/p>\n<p><strong>16:45 \u2013 Corte<\/strong><\/p>\n<p><strong>17:00hs segundo panel:<\/strong><\/p>\n<p>La relaci\u00f3n entre Universidad, Estado y Sociedad en perspectiva hist\u00f3rica. Una relaci\u00f3n en permanente construcci\u00f3n \u2013 Fernanda Di Meglio.<\/p>\n<p>El conflicto entre el Obispo Basseotto y el Gobierno Argentino: el funcionamiento paralelo de diversas racionalidades pol\u00edticas \u2013 Fernando Urquiza.<\/p>\n<p>Algunas aproximaciones para una historia de las \u00e9lites en Azul, 1895-1930. Distinci\u00f3n, habitus, espacios de socializaci\u00f3n, reproducci\u00f3n social y estructuraci\u00f3n de clas \u2013 Maya Vena.<\/p>\n<p>La inserci\u00f3n argentina en el mercado mundial desde una perspectiva tecnol\u00f3gica. Un estudio desde el balance de pagos internacionales 2003- 2015 \u2013 Ignacio De Angelis.<\/p>\n<p>Variables internas en la formulaci\u00f3n de la pol\u00edtica exterior argentina. Propuesta de un modelo de an\u00e1lisis y aproximaci\u00f3n a partir del estudio de la posici\u00f3n del pa\u00eds ante el conflicto por el Chaco Boreal (1932-1939)<br \/>\n\u2013 Maximiliano Zuccarino.<\/p>\n<p>La obra se encuentra disponible para su descarga gratuita en el Repositorio de Publicaciones de la Facultad.<\/p>\n","protected":false},"excerpt":{"rendered":"<p>Se realizar\u00e1 la jornada &#8220;poder, estado y sociedad&#8221; Argentina Siglos XX y XXI, la facultad&#8230;<\/p>\n","protected":false},"author":1,"featured_media":172915,"comment_status":"closed","ping_status":"closed","sticky":false,"template":"","format":"standard","meta":{"content-type":""},"categories":[31],"tags":[],"nelio_content":{"isAutoShareEnabled":false,"autoShareEndMode":"default","automationSources":{"useContentSentences":true,"useSocialTemplates":true,"useCustomSentences":false,"customSentences":[]},"followers":[1],"suggestedReferences":[],"includedReferences":[],"efiUrl":"","efiAlt":"","highlights":[]},"yoast_head":"<!-- This site is optimized with the Yoast SEO plugin v20.7 - https:\/\/yoast.com\/wordpress\/plugins\/seo\/ -->\n<title>Se realizar\u00e1 la jornada &quot;poder, estado y sociedad&quot; Argentina XX<\/title>\n<meta name=\"description\" content=\"Se realizar\u00e1 la jornada &quot;poder, estado y sociedad&quot; Argentina Siglos XX y XXI, la facultad de derecho UNICEN invita a la misma\" \/>\n<meta name=\"robots\" content=\"index, follow, max-snippet:-1, max-image-preview:large, max-video-preview:-1\" \/>\n<link rel=\"canonical\" href=\"https:\/\/experienciadevida.com.ar\/portalurbano\/se-realizara-la-jornada-poder-estado-y-sociedad-argentina-siglos-xx-y-xxi\/\" \/>\n<meta property=\"og:locale\" content=\"es_ES\" \/>\n<meta property=\"og:type\" content=\"article\" \/>\n<meta property=\"og:title\" content=\"Se realizar\u00e1 la jornada &quot;poder, estado y sociedad&quot; Argentina XX\" \/>\n<meta property=\"og:description\" content=\"Se realizar\u00e1 la jornada &quot;poder, estado y sociedad&quot; Argentina Siglos XX y XXI, la facultad de derecho UNICEN invita a la misma\" \/>\n<meta property=\"og:url\" content=\"https:\/\/experienciadevida.com.ar\/portalurbano\/se-realizara-la-jornada-poder-estado-y-sociedad-argentina-siglos-xx-y-xxi\/\" \/>\n<meta property=\"article:publisher\" content=\"https:\/\/www.facebook.com\/Portal-Urbano-171542830093757\/\" \/>\n<meta property=\"article:published_time\" content=\"2022-08-09T15:02:14+00:00\" \/>\n<meta property=\"article:modified_time\" content=\"2022-08-09T15:04:08+00:00\" \/>\n<meta property=\"og:image\" content=\"https:\/\/experienciadevida.com.ar\/portalurbano\/wp-content\/uploads\/2022\/08\/Se-realizara-la-jornada.jpeg\" \/>\n\t<meta property=\"og:image:width\" content=\"1080\" \/>\n\t<meta property=\"og:image:height\" content=\"1080\" \/>\n\t<meta property=\"og:image:type\" content=\"image\/jpeg\" \/>\n<meta name=\"author\" content=\"admpu17wp\" \/>\n<meta name=\"twitter:card\" content=\"summary_large_image\" \/>\n<meta name=\"twitter:creator\" content=\"@portalurbanook\" \/>\n<meta name=\"twitter:site\" content=\"@portalurbanook\" \/>\n<meta name=\"twitter:label1\" content=\"Escrito por\" \/>\n\t<meta name=\"twitter:data1\" content=\"admpu17wp\" \/>\n\t<meta name=\"twitter:label2\" content=\"Tiempo de lectura\" \/>\n\t<meta name=\"twitter:data2\" content=\"2 minutos\" \/>\n<script type=\"application\/ld+json\" class=\"yoast-schema-graph\">{\"@context\":\"https:\/\/schema.org\",\"@graph\":[{\"@type\":\"Article\",\"@id\":\"https:\/\/experienciadevida.com.ar\/portalurbano\/se-realizara-la-jornada-poder-estado-y-sociedad-argentina-siglos-xx-y-xxi\/#article\",\"isPartOf\":{\"@id\":\"https:\/\/experienciadevida.com.ar\/portalurbano\/se-realizara-la-jornada-poder-estado-y-sociedad-argentina-siglos-xx-y-xxi\/\"},\"author\":{\"name\":\"admpu17wp\",\"@id\":\"https:\/\/experienciadevida.com.ar\/portalurbano\/#\/schema\/person\/02dd326b1c4b056e9cc972486934a3a7\"},\"headline\":\"Se realizar\u00e1 la jornada &#8220;poder, estado y sociedad&#8221; Argentina Siglos XX y XXI\",\"datePublished\":\"2022-08-09T15:02:14+00:00\",\"dateModified\":\"2022-08-09T15:04:08+00:00\",\"mainEntityOfPage\":{\"@id\":\"https:\/\/experienciadevida.com.ar\/portalurbano\/se-realizara-la-jornada-poder-estado-y-sociedad-argentina-siglos-xx-y-xxi\/\"},\"wordCount\":343,\"publisher\":{\"@id\":\"https:\/\/experienciadevida.com.ar\/portalurbano\/#organization\"},\"articleSection\":[\"Educaci\u00f3n\"],\"inLanguage\":\"es\"},{\"@type\":\"WebPage\",\"@id\":\"https:\/\/experienciadevida.com.ar\/portalurbano\/se-realizara-la-jornada-poder-estado-y-sociedad-argentina-siglos-xx-y-xxi\/\",\"url\":\"https:\/\/experienciadevida.com.ar\/portalurbano\/se-realizara-la-jornada-poder-estado-y-sociedad-argentina-siglos-xx-y-xxi\/\",\"name\":\"Se realizar\u00e1 la jornada \\\"poder, estado y sociedad\\\" Argentina XX\",\"isPartOf\":{\"@id\":\"https:\/\/experienciadevida.com.ar\/portalurbano\/#website\"},\"datePublished\":\"2022-08-09T15:02:14+00:00\",\"dateModified\":\"2022-08-09T15:04:08+00:00\",\"description\":\"Se realizar\u00e1 la jornada \\\"poder, estado y sociedad\\\" Argentina Siglos XX y XXI, la facultad de derecho UNICEN invita a la misma\",\"breadcrumb\":{\"@id\":\"https:\/\/experienciadevida.com.ar\/portalurbano\/se-realizara-la-jornada-poder-estado-y-sociedad-argentina-siglos-xx-y-xxi\/#breadcrumb\"},\"inLanguage\":\"es\",\"potentialAction\":[{\"@type\":\"ReadAction\",\"target\":[\"https:\/\/experienciadevida.com.ar\/portalurbano\/se-realizara-la-jornada-poder-estado-y-sociedad-argentina-siglos-xx-y-xxi\/\"]}]},{\"@type\":\"BreadcrumbList\",\"@id\":\"https:\/\/experienciadevida.com.ar\/portalurbano\/se-realizara-la-jornada-poder-estado-y-sociedad-argentina-siglos-xx-y-xxi\/#breadcrumb\",\"itemListElement\":[{\"@type\":\"ListItem\",\"position\":1,\"name\":\"Portada\",\"item\":\"https:\/\/experienciadevida.com.ar\/portalurbano\/\"},{\"@type\":\"ListItem\",\"position\":2,\"name\":\"Se realizar\u00e1 la jornada \u00abpoder, estado y sociedad\u00bb Argentina Siglos XX y XXI\"}]},{\"@type\":\"WebSite\",\"@id\":\"https:\/\/experienciadevida.com.ar\/portalurbano\/#website\",\"url\":\"https:\/\/experienciadevida.com.ar\/portalurbano\/\",\"name\":\"\",\"description\":\"\",\"publisher\":{\"@id\":\"https:\/\/experienciadevida.com.ar\/portalurbano\/#organization\"},\"potentialAction\":[{\"@type\":\"SearchAction\",\"target\":{\"@type\":\"EntryPoint\",\"urlTemplate\":\"https:\/\/experienciadevida.com.ar\/portalurbano\/?s={search_term_string}\"},\"query-input\":\"required name=search_term_string\"}],\"inLanguage\":\"es\"},{\"@type\":\"Organization\",\"@id\":\"https:\/\/experienciadevida.com.ar\/portalurbano\/#organization\",\"name\":\"Portal Urbano\",\"url\":\"https:\/\/experienciadevida.com.ar\/portalurbano\/\",\"logo\":{\"@type\":\"ImageObject\",\"inLanguage\":\"es\",\"@id\":\"https:\/\/experienciadevida.com.ar\/portalurbano\/#\/schema\/logo\/image\/\",\"url\":\"https:\/\/experienciadevida.com.ar\/portalurbano\/wp-content\/uploads\/2019\/09\/Logo-Original.png\",\"contentUrl\":\"https:\/\/experienciadevida.com.ar\/portalurbano\/wp-content\/uploads\/2019\/09\/Logo-Original.png\",\"width\":2236,\"height\":1216,\"caption\":\"Portal Urbano\"},\"image\":{\"@id\":\"https:\/\/experienciadevida.com.ar\/portalurbano\/#\/schema\/logo\/image\/\"},\"sameAs\":[\"https:\/\/www.facebook.com\/Portal-Urbano-171542830093757\/\",\"https:\/\/twitter.com\/portalurbanook\",\"https:\/\/www.instagram.com\/_portalurbano\/\",\"https:\/\/www.youtube.com\/channel\/UCXhagIfszH8KxFiOok79zbA?view_as=subscriber\"]},{\"@type\":\"Person\",\"@id\":\"https:\/\/experienciadevida.com.ar\/portalurbano\/#\/schema\/person\/02dd326b1c4b056e9cc972486934a3a7\",\"name\":\"admpu17wp\",\"image\":{\"@type\":\"ImageObject\",\"inLanguage\":\"es\",\"@id\":\"https:\/\/experienciadevida.com.ar\/portalurbano\/#\/schema\/person\/image\/\",\"url\":\"https:\/\/secure.gravatar.com\/avatar\/830d4c57adaae6630765e449a6908047?s=96&d=mm&r=g\",\"contentUrl\":\"https:\/\/secure.gravatar.com\/avatar\/830d4c57adaae6630765e449a6908047?s=96&d=mm&r=g\",\"caption\":\"admpu17wp\"}}]}<\/script>\n<!-- \/ Yoast SEO plugin. -->","yoast_head_json":{"title":"Se realizar\u00e1 la jornada \"poder, estado y sociedad\" Argentina XX","description":"Se realizar\u00e1 la jornada \"poder, estado y sociedad\" Argentina Siglos XX y XXI, la facultad de derecho UNICEN invita a la misma","robots":{"index":"index","follow":"follow","max-snippet":"max-snippet:-1","max-image-preview":"max-image-preview:large","max-video-preview":"max-video-preview:-1"},"canonical":"https:\/\/experienciadevida.com.ar\/portalurbano\/se-realizara-la-jornada-poder-estado-y-sociedad-argentina-siglos-xx-y-xxi\/","og_locale":"es_ES","og_type":"article","og_title":"Se realizar\u00e1 la jornada \"poder, estado y sociedad\" Argentina XX","og_description":"Se realizar\u00e1 la jornada \"poder, estado y sociedad\" Argentina Siglos XX y XXI, la facultad de derecho UNICEN invita a la misma","og_url":"https:\/\/experienciadevida.com.ar\/portalurbano\/se-realizara-la-jornada-poder-estado-y-sociedad-argentina-siglos-xx-y-xxi\/","article_publisher":"https:\/\/www.facebook.com\/Portal-Urbano-171542830093757\/","article_published_time":"2022-08-09T15:02:14+00:00","article_modified_time":"2022-08-09T15:04:08+00:00","og_image":[{"width":1080,"height":1080,"url":"https:\/\/experienciadevida.com.ar\/portalurbano\/wp-content\/uploads\/2022\/08\/Se-realizara-la-jornada.jpeg","type":"image\/jpeg"}],"author":"admpu17wp","twitter_card":"summary_large_image","twitter_creator":"@portalurbanook","twitter_site":"@portalurbanook","twitter_misc":{"Escrito por":"admpu17wp","Tiempo de lectura":"2 minutos"},"schema":{"@context":"https:\/\/schema.org","@graph":[{"@type":"Article","@id":"https:\/\/experienciadevida.com.ar\/portalurbano\/se-realizara-la-jornada-poder-estado-y-sociedad-argentina-siglos-xx-y-xxi\/#article","isPartOf":{"@id":"https:\/\/experienciadevida.com.ar\/portalurbano\/se-realizara-la-jornada-poder-estado-y-sociedad-argentina-siglos-xx-y-xxi\/"},"author":{"name":"admpu17wp","@id":"https:\/\/experienciadevida.com.ar\/portalurbano\/#\/schema\/person\/02dd326b1c4b056e9cc972486934a3a7"},"headline":"Se realizar\u00e1 la jornada &#8220;poder, estado y sociedad&#8221; Argentina Siglos XX y XXI","datePublished":"2022-08-09T15:02:14+00:00","dateModified":"2022-08-09T15:04:08+00:00","mainEntityOfPage":{"@id":"https:\/\/experienciadevida.com.ar\/portalurbano\/se-realizara-la-jornada-poder-estado-y-sociedad-argentina-siglos-xx-y-xxi\/"},"wordCount":343,"publisher":{"@id":"https:\/\/experienciadevida.com.ar\/portalurbano\/#organization"},"articleSection":["Educaci\u00f3n"],"inLanguage":"es"},{"@type":"WebPage","@id":"https:\/\/experienciadevida.com.ar\/portalurbano\/se-realizara-la-jornada-poder-estado-y-sociedad-argentina-siglos-xx-y-xxi\/","url":"https:\/\/experienciadevida.com.ar\/portalurbano\/se-realizara-la-jornada-poder-estado-y-sociedad-argentina-siglos-xx-y-xxi\/","name":"Se realizar\u00e1 la jornada \"poder, estado y sociedad\" Argentina XX","isPartOf":{"@id":"https:\/\/experienciadevida.com.ar\/portalurbano\/#website"},"datePublished":"2022-08-09T15:02:14+00:00","dateModified":"2022-08-09T15:04:08+00:00","description":"Se realizar\u00e1 la jornada \"poder, estado y sociedad\" Argentina Siglos XX y XXI, la facultad de derecho UNICEN invita a la misma","breadcrumb":{"@id":"https:\/\/experienciadevida.com.ar\/portalurbano\/se-realizara-la-jornada-poder-estado-y-sociedad-argentina-siglos-xx-y-xxi\/#breadcrumb"},"inLanguage":"es","potentialAction":[{"@type":"ReadAction","target":["https:\/\/experienciadevida.com.ar\/portalurbano\/se-realizara-la-jornada-poder-estado-y-sociedad-argentina-siglos-xx-y-xxi\/"]}]},{"@type":"BreadcrumbList","@id":"https:\/\/experienciadevida.com.ar\/portalurbano\/se-realizara-la-jornada-poder-estado-y-sociedad-argentina-siglos-xx-y-xxi\/#breadcrumb","itemListElement":[{"@type":"ListItem","position":1,"name":"Portada","item":"https:\/\/experienciadevida.com.ar\/portalurbano\/"},{"@type":"ListItem","position":2,"name":"Se realizar\u00e1 la jornada \u00abpoder, estado y sociedad\u00bb Argentina Siglos XX y XXI"}]},{"@type":"WebSite","@id":"https:\/\/experienciadevida.com.ar\/portalurbano\/#website","url":"https:\/\/experienciadevida.com.ar\/portalurbano\/","name":"","description":"","publisher":{"@id":"https:\/\/experienciadevida.com.ar\/portalurbano\/#organization"},"potentialAction":[{"@type":"SearchAction","target":{"@type":"EntryPoint","urlTemplate":"https:\/\/experienciadevida.com.ar\/portalurbano\/?s={search_term_string}"},"query-input":"required name=search_term_string"}],"inLanguage":"es"},{"@type":"Organization","@id":"https:\/\/experienciadevida.com.ar\/portalurbano\/#organization","name":"Portal Urbano","url":"https:\/\/experienciadevida.com.ar\/portalurbano\/","logo":{"@type":"ImageObject","inLanguage":"es","@id":"https:\/\/experienciadevida.com.ar\/portalurbano\/#\/schema\/logo\/image\/","url":"https:\/\/experienciadevida.com.ar\/portalurbano\/wp-content\/uploads\/2019\/09\/Logo-Original.png","contentUrl":"https:\/\/experienciadevida.com.ar\/portalurbano\/wp-content\/uploads\/2019\/09\/Logo-Original.png","width":2236,"height":1216,"caption":"Portal Urbano"},"image":{"@id":"https:\/\/experienciadevida.com.ar\/portalurbano\/#\/schema\/logo\/image\/"},"sameAs":["https:\/\/www.facebook.com\/Portal-Urbano-171542830093757\/","https:\/\/twitter.com\/portalurbanook","https:\/\/www.instagram.com\/_portalurbano\/","https:\/\/www.youtube.com\/channel\/UCXhagIfszH8KxFiOok79zbA?view_as=subscriber"]},{"@type":"Person","@id":"https:\/\/experienciadevida.com.ar\/portalurbano\/#\/schema\/person\/02dd326b1c4b056e9cc972486934a3a7","name":"admpu17wp","image":{"@type":"ImageObject","inLanguage":"es","@id":"https:\/\/experienciadevida.com.ar\/portalurbano\/#\/schema\/person\/image\/","url":"https:\/\/secure.gravatar.com\/avatar\/830d4c57adaae6630765e449a6908047?s=96&d=mm&r=g","contentUrl":"https:\/\/secure.gravatar.com\/avatar\/830d4c57adaae6630765e449a6908047?s=96&d=mm&r=g","caption":"admpu17wp"}}]}},"featured_image_urls":{"full":["https:\/\/experienciadevida.com.ar\/portalurbano\/wp-content\/uploads\/2022\/08\/Se-realizara-la-jornada.jpeg",1080,1080,false],"thumbnail":["https:\/\/experienciadevida.com.ar\/portalurbano\/wp-content\/uploads\/2022\/08\/Se-realizara-la-jornada-150x150.jpeg",150,150,true],"medium":["https:\/\/experienciadevida.com.ar\/portalurbano\/wp-content\/uploads\/2022\/08\/Se-realizara-la-jornada-300x300.jpeg",300,300,true],"medium_large":["https:\/\/experienciadevida.com.ar\/portalurbano\/wp-content\/uploads\/2022\/08\/Se-realizara-la-jornada-768x768.jpeg",640,640,true],"large":["https:\/\/experienciadevida.com.ar\/portalurbano\/wp-content\/uploads\/2022\/08\/Se-realizara-la-jornada-1024x1024.jpeg",640,640,true],"ug_big":["https:\/\/experienciadevida.com.ar\/portalurbano\/wp-content\/uploads\/2022\/08\/Se-realizara-la-jornada-768x768.jpeg",768,768,true],"1536x1536":["https:\/\/experienciadevida.com.ar\/portalurbano\/wp-content\/uploads\/2022\/08\/Se-realizara-la-jornada.jpeg",1080,1080,false],"2048x2048":["https:\/\/experienciadevida.com.ar\/portalurbano\/wp-content\/uploads\/2022\/08\/Se-realizara-la-jornada.jpeg",1080,1080,false],"newsever-slider-full":["https:\/\/experienciadevida.com.ar\/portalurbano\/wp-content\/uploads\/2022\/08\/Se-realizara-la-jornada.jpeg",845,845,false],"newsever-featured":["https:\/\/experienciadevida.com.ar\/portalurbano\/wp-content\/uploads\/2022\/08\/Se-realizara-la-jornada.jpeg",1024,1024,false],"newsever-medium":["https:\/\/experienciadevida.com.ar\/portalurbano\/wp-content\/uploads\/2022\/08\/Se-realizara-la-jornada.jpeg",475,475,false],"web-stories-poster-portrait":["https:\/\/experienciadevida.com.ar\/portalurbano\/wp-content\/uploads\/2022\/08\/Se-realizara-la-jornada-640x853.jpeg",640,853,true],"web-stories-publisher-logo":["https:\/\/experienciadevida.com.ar\/portalurbano\/wp-content\/uploads\/2022\/08\/Se-realizara-la-jornada-96x96.jpeg",96,96,true],"web-stories-thumbnail":["https:\/\/experienciadevida.com.ar\/portalurbano\/wp-content\/uploads\/2022\/08\/Se-realizara-la-jornada-150x150.jpeg",150,150,true]},"author_info":{"display_name":"admpu17wp","author_link":"https:\/\/experienciadevida.com.ar\/portalurbano\/author\/admpu17wp\/"},"category_info":"<a href=\"https:\/\/experienciadevida.com.ar\/portalurbano\/category\/ciudad\/educacion\/\" rel=\"category tag\">Educaci\u00f3n<\/a>","tag_info":"Educaci\u00f3n","comment_count":"0","amp_enabled":true,"_links":{"self":[{"href":"https:\/\/experienciadevida.com.ar\/portalurbano\/wp-json\/wp\/v2\/posts\/172914"}],"collection":[{"href":"https:\/\/experienciadevida.com.ar\/portalurbano\/wp-json\/wp\/v2\/posts"}],"about":[{"href":"https:\/\/experienciadevida.com.ar\/portalurbano\/wp-json\/wp\/v2\/types\/post"}],"author":[{"embeddable":true,"href":"https:\/\/experienciadevida.com.ar\/portalurbano\/wp-json\/wp\/v2\/users\/1"}],"replies":[{"embeddable":true,"href":"https:\/\/experienciadevida.com.ar\/portalurbano\/wp-json\/wp\/v2\/comments?post=172914"}],"version-history":[{"count":1,"href":"https:\/\/experienciadevida.com.ar\/portalurbano\/wp-json\/wp\/v2\/posts\/172914\/revisions"}],"predecessor-version":[{"id":172916,"href":"https:\/\/experienciadevida.com.ar\/portalurbano\/wp-json\/wp\/v2\/posts\/172914\/revisions\/172916"}],"wp:featuredmedia":[{"embeddable":true,"href":"https:\/\/experienciadevida.com.ar\/portalurbano\/wp-json\/wp\/v2\/media\/172915"}],"wp:attachment":[{"href":"https:\/\/experienciadevida.com.ar\/portalurbano\/wp-json\/wp\/v2\/media?parent=172914"}],"wp:term":[{"taxonomy":"category","embeddable":true,"href":"https:\/\/experienciadevida.com.ar\/portalurbano\/wp-json\/wp\/v2\/categories?post=172914"},{"taxonomy":"post_tag","embeddable":true,"href":"https:\/\/experienciadevida.com.ar\/portalurbano\/wp-json\/wp\/v2\/tags?post=172914"}],"curies":[{"name":"wp","href":"https:\/\/api.w.org\/{rel}","templated":true}]}}