{"id":172911,"date":"2022-08-09T11:55:59","date_gmt":"2022-08-09T14:55:59","guid":{"rendered":"https:\/\/experienciadevida.com.ar\/portalurbano\/?p=172911"},"modified":"2022-08-09T11:56:20","modified_gmt":"2022-08-09T14:56:20","slug":"sociales-dictara-el-curso-lengua-de-senas-en-nivel-principiante","status":"publish","type":"post","link":"https:\/\/experienciadevida.com.ar\/portalurbano\/sociales-dictara-el-curso-lengua-de-senas-en-nivel-principiante\/","title":{"rendered":"Sociales dictar\u00e1 el curso Lengua de Se\u00f1as en nivel principiante"},"content":{"rendered":"<p>Sociales dictar\u00e1 el curso Lengua de Se\u00f1as en nivel principiante, el laboratorio de idiomas de la Facultad de Ciencias <a href=\"https:\/\/www.facebook.com\/facultadcienciassociales.unicen\">Sociales <\/a>ofrecer\u00e1 el curso de Lengua de Se\u00f1as, Nivel principiante. El mismo fue aprobado por lla y Educaci\u00f3n de la provincia de Buenos Aires (Dictamen N\u00ba 10645) y otorgar\u00e1 puntaje docente.<\/p>\n<p>La propuesta formativa est\u00e1 destinada al fortalecimiento de nuevas formas y abordajes para ense\u00f1ar y comunicar, con el fin de facilitar el desarrollo de una Competencia Comunicativa en Lengua de Se\u00f1as Argentina (LSA) y promover la apropiaci\u00f3n cr\u00edtica de los elementos te\u00f3ricos-metodol\u00f3gicos de la misma. El curso busca dar una respuesta eficaz a esta necesidad comunicativa, para lo cual brinda las herramientas de comunicaci\u00f3n b\u00e1sicas, demostrando el m\u00e1ximo respeto hacia la Cultura e Identidad sorda.<\/p>\n<p>El curso est\u00e1 destinado a docentes de Educaci\u00f3n Inicial, Primaria, Secundaria, Superior, Especial, Media, Adultos, Art\u00edstica, F\u00edsica y a la comunidad en general. Otorgar\u00e1 puntaje docente (0.24 puntos). La carga horaria ser\u00e1 de 42 horas reloj.<\/p>\n<p>La propuesta cuenta con cupos limitados y estar\u00e1 a cargo de la docente Noelia D\u00edaz y el instructor sordo Agust\u00edn Vitale. El curso se dictar\u00e1 a partir del s\u00e1bado 20 de agosto de 10 a 12:30 con encuentros presenciales cada 15 d\u00edas. La sede ser\u00e1 el Laboratorio de Idiomas de la Facultad de Ciencias Sociales (Edificio de Aulas Comunes, Complejo Universitario Olavarr\u00eda, avenida Del Valle 5737).<\/p>\n<p>Para inscribirse es necesario completar el formulario.<\/p>\n<p>Para m\u00e1s informaci\u00f3n sobre la propuesta (programa y cronograma) y aranceles, deber\u00e1n contactarse al correo idiomas@soc.unicen.edu.ar<\/p>\n","protected":false},"excerpt":{"rendered":"<p>Sociales dictar\u00e1 el curso Lengua de Se\u00f1as en nivel principiante, el laboratorio de idiomas de&#8230;<\/p>\n","protected":false},"author":1,"featured_media":172912,"comment_status":"closed","ping_status":"closed","sticky":false,"template":"","format":"standard","meta":{"content-type":""},"categories":[31],"tags":[],"nelio_content":{"isAutoShareEnabled":false,"autoShareEndMode":"default","automationSources":{"useContentSentences":true,"useSocialTemplates":true,"useCustomSentences":false,"customSentences":[]},"followers":[1],"suggestedReferences":[],"includedReferences":[],"efiUrl":"","efiAlt":"","highlights":[]},"yoast_head":"<!-- This site is optimized with the Yoast SEO plugin v20.7 - https:\/\/yoast.com\/wordpress\/plugins\/seo\/ -->\n<title>Sociales dictar\u00e1 el curso Lengua de se\u00f1as en nivel principiante<\/title>\n<meta name=\"description\" content=\"Sociales dictar\u00e1 el curso Lengua de Se\u00f1as en nivel principiante, el laboratorio de idiomas el mismo fue aprobado por la direcci\u00f3n de cultura\" \/>\n<meta name=\"robots\" content=\"index, follow, max-snippet:-1, max-image-preview:large, max-video-preview:-1\" \/>\n<link rel=\"canonical\" href=\"https:\/\/experienciadevida.com.ar\/portalurbano\/sociales-dictara-el-curso-lengua-de-senas-en-nivel-principiante\/\" \/>\n<meta property=\"og:locale\" content=\"es_ES\" \/>\n<meta property=\"og:type\" content=\"article\" \/>\n<meta property=\"og:title\" content=\"Sociales dictar\u00e1 el curso Lengua de se\u00f1as en nivel principiante\" \/>\n<meta property=\"og:description\" content=\"Sociales dictar\u00e1 el curso Lengua de Se\u00f1as en nivel principiante, el laboratorio de idiomas el mismo fue aprobado por la direcci\u00f3n de cultura\" \/>\n<meta property=\"og:url\" content=\"https:\/\/experienciadevida.com.ar\/portalurbano\/sociales-dictara-el-curso-lengua-de-senas-en-nivel-principiante\/\" \/>\n<meta property=\"article:publisher\" content=\"https:\/\/www.facebook.com\/Portal-Urbano-171542830093757\/\" \/>\n<meta property=\"article:published_time\" content=\"2022-08-09T14:55:59+00:00\" \/>\n<meta property=\"article:modified_time\" content=\"2022-08-09T14:56:20+00:00\" \/>\n<meta property=\"og:image\" content=\"https:\/\/experienciadevida.com.ar\/portalurbano\/wp-content\/uploads\/2022\/08\/Sociales-dictara-el-curso.png\" \/>\n\t<meta property=\"og:image:width\" content=\"1028\" \/>\n\t<meta property=\"og:image:height\" content=\"1028\" \/>\n\t<meta property=\"og:image:type\" content=\"image\/png\" \/>\n<meta name=\"author\" content=\"admpu17wp\" \/>\n<meta name=\"twitter:card\" content=\"summary_large_image\" \/>\n<meta name=\"twitter:creator\" content=\"@portalurbanook\" \/>\n<meta name=\"twitter:site\" content=\"@portalurbanook\" \/>\n<meta name=\"twitter:label1\" content=\"Escrito por\" \/>\n\t<meta name=\"twitter:data1\" content=\"admpu17wp\" \/>\n\t<meta name=\"twitter:label2\" content=\"Tiempo de lectura\" \/>\n\t<meta name=\"twitter:data2\" content=\"2 minutos\" \/>\n<script type=\"application\/ld+json\" class=\"yoast-schema-graph\">{\"@context\":\"https:\/\/schema.org\",\"@graph\":[{\"@type\":\"Article\",\"@id\":\"https:\/\/experienciadevida.com.ar\/portalurbano\/sociales-dictara-el-curso-lengua-de-senas-en-nivel-principiante\/#article\",\"isPartOf\":{\"@id\":\"https:\/\/experienciadevida.com.ar\/portalurbano\/sociales-dictara-el-curso-lengua-de-senas-en-nivel-principiante\/\"},\"author\":{\"name\":\"admpu17wp\",\"@id\":\"https:\/\/experienciadevida.com.ar\/portalurbano\/#\/schema\/person\/02dd326b1c4b056e9cc972486934a3a7\"},\"headline\":\"Sociales dictar\u00e1 el curso Lengua de Se\u00f1as en nivel principiante\",\"datePublished\":\"2022-08-09T14:55:59+00:00\",\"dateModified\":\"2022-08-09T14:56:20+00:00\",\"mainEntityOfPage\":{\"@id\":\"https:\/\/experienciadevida.com.ar\/portalurbano\/sociales-dictara-el-curso-lengua-de-senas-en-nivel-principiante\/\"},\"wordCount\":280,\"publisher\":{\"@id\":\"https:\/\/experienciadevida.com.ar\/portalurbano\/#organization\"},\"articleSection\":[\"Educaci\u00f3n\"],\"inLanguage\":\"es\"},{\"@type\":\"WebPage\",\"@id\":\"https:\/\/experienciadevida.com.ar\/portalurbano\/sociales-dictara-el-curso-lengua-de-senas-en-nivel-principiante\/\",\"url\":\"https:\/\/experienciadevida.com.ar\/portalurbano\/sociales-dictara-el-curso-lengua-de-senas-en-nivel-principiante\/\",\"name\":\"Sociales dictar\u00e1 el curso Lengua de se\u00f1as en nivel principiante\",\"isPartOf\":{\"@id\":\"https:\/\/experienciadevida.com.ar\/portalurbano\/#website\"},\"datePublished\":\"2022-08-09T14:55:59+00:00\",\"dateModified\":\"2022-08-09T14:56:20+00:00\",\"description\":\"Sociales dictar\u00e1 el curso Lengua de Se\u00f1as en nivel principiante, el laboratorio de idiomas el mismo fue aprobado por la direcci\u00f3n de cultura\",\"breadcrumb\":{\"@id\":\"https:\/\/experienciadevida.com.ar\/portalurbano\/sociales-dictara-el-curso-lengua-de-senas-en-nivel-principiante\/#breadcrumb\"},\"inLanguage\":\"es\",\"potentialAction\":[{\"@type\":\"ReadAction\",\"target\":[\"https:\/\/experienciadevida.com.ar\/portalurbano\/sociales-dictara-el-curso-lengua-de-senas-en-nivel-principiante\/\"]}]},{\"@type\":\"BreadcrumbList\",\"@id\":\"https:\/\/experienciadevida.com.ar\/portalurbano\/sociales-dictara-el-curso-lengua-de-senas-en-nivel-principiante\/#breadcrumb\",\"itemListElement\":[{\"@type\":\"ListItem\",\"position\":1,\"name\":\"Portada\",\"item\":\"https:\/\/experienciadevida.com.ar\/portalurbano\/\"},{\"@type\":\"ListItem\",\"position\":2,\"name\":\"Sociales dictar\u00e1 el curso Lengua de Se\u00f1as en nivel principiante\"}]},{\"@type\":\"WebSite\",\"@id\":\"https:\/\/experienciadevida.com.ar\/portalurbano\/#website\",\"url\":\"https:\/\/experienciadevida.com.ar\/portalurbano\/\",\"name\":\"\",\"description\":\"\",\"publisher\":{\"@id\":\"https:\/\/experienciadevida.com.ar\/portalurbano\/#organization\"},\"potentialAction\":[{\"@type\":\"SearchAction\",\"target\":{\"@type\":\"EntryPoint\",\"urlTemplate\":\"https:\/\/experienciadevida.com.ar\/portalurbano\/?s={search_term_string}\"},\"query-input\":\"required name=search_term_string\"}],\"inLanguage\":\"es\"},{\"@type\":\"Organization\",\"@id\":\"https:\/\/experienciadevida.com.ar\/portalurbano\/#organization\",\"name\":\"Portal Urbano\",\"url\":\"https:\/\/experienciadevida.com.ar\/portalurbano\/\",\"logo\":{\"@type\":\"ImageObject\",\"inLanguage\":\"es\",\"@id\":\"https:\/\/experienciadevida.com.ar\/portalurbano\/#\/schema\/logo\/image\/\",\"url\":\"https:\/\/experienciadevida.com.ar\/portalurbano\/wp-content\/uploads\/2019\/09\/Logo-Original.png\",\"contentUrl\":\"https:\/\/experienciadevida.com.ar\/portalurbano\/wp-content\/uploads\/2019\/09\/Logo-Original.png\",\"width\":2236,\"height\":1216,\"caption\":\"Portal Urbano\"},\"image\":{\"@id\":\"https:\/\/experienciadevida.com.ar\/portalurbano\/#\/schema\/logo\/image\/\"},\"sameAs\":[\"https:\/\/www.facebook.com\/Portal-Urbano-171542830093757\/\",\"https:\/\/twitter.com\/portalurbanook\",\"https:\/\/www.instagram.com\/_portalurbano\/\",\"https:\/\/www.youtube.com\/channel\/UCXhagIfszH8KxFiOok79zbA?view_as=subscriber\"]},{\"@type\":\"Person\",\"@id\":\"https:\/\/experienciadevida.com.ar\/portalurbano\/#\/schema\/person\/02dd326b1c4b056e9cc972486934a3a7\",\"name\":\"admpu17wp\",\"image\":{\"@type\":\"ImageObject\",\"inLanguage\":\"es\",\"@id\":\"https:\/\/experienciadevida.com.ar\/portalurbano\/#\/schema\/person\/image\/\",\"url\":\"https:\/\/secure.gravatar.com\/avatar\/830d4c57adaae6630765e449a6908047?s=96&d=mm&r=g\",\"contentUrl\":\"https:\/\/secure.gravatar.com\/avatar\/830d4c57adaae6630765e449a6908047?s=96&d=mm&r=g\",\"caption\":\"admpu17wp\"}}]}<\/script>\n<!-- \/ Yoast SEO plugin. -->","yoast_head_json":{"title":"Sociales dictar\u00e1 el curso Lengua de se\u00f1as en nivel principiante","description":"Sociales dictar\u00e1 el curso Lengua de Se\u00f1as en nivel principiante, el laboratorio de idiomas el mismo fue aprobado por la direcci\u00f3n de cultura","robots":{"index":"index","follow":"follow","max-snippet":"max-snippet:-1","max-image-preview":"max-image-preview:large","max-video-preview":"max-video-preview:-1"},"canonical":"https:\/\/experienciadevida.com.ar\/portalurbano\/sociales-dictara-el-curso-lengua-de-senas-en-nivel-principiante\/","og_locale":"es_ES","og_type":"article","og_title":"Sociales dictar\u00e1 el curso Lengua de se\u00f1as en nivel principiante","og_description":"Sociales dictar\u00e1 el curso Lengua de Se\u00f1as en nivel principiante, el laboratorio de idiomas el mismo fue aprobado por la direcci\u00f3n de cultura","og_url":"https:\/\/experienciadevida.com.ar\/portalurbano\/sociales-dictara-el-curso-lengua-de-senas-en-nivel-principiante\/","article_publisher":"https:\/\/www.facebook.com\/Portal-Urbano-171542830093757\/","article_published_time":"2022-08-09T14:55:59+00:00","article_modified_time":"2022-08-09T14:56:20+00:00","og_image":[{"width":1028,"height":1028,"url":"https:\/\/experienciadevida.com.ar\/portalurbano\/wp-content\/uploads\/2022\/08\/Sociales-dictara-el-curso.png","type":"image\/png"}],"author":"admpu17wp","twitter_card":"summary_large_image","twitter_creator":"@portalurbanook","twitter_site":"@portalurbanook","twitter_misc":{"Escrito por":"admpu17wp","Tiempo de lectura":"2 minutos"},"schema":{"@context":"https:\/\/schema.org","@graph":[{"@type":"Article","@id":"https:\/\/experienciadevida.com.ar\/portalurbano\/sociales-dictara-el-curso-lengua-de-senas-en-nivel-principiante\/#article","isPartOf":{"@id":"https:\/\/experienciadevida.com.ar\/portalurbano\/sociales-dictara-el-curso-lengua-de-senas-en-nivel-principiante\/"},"author":{"name":"admpu17wp","@id":"https:\/\/experienciadevida.com.ar\/portalurbano\/#\/schema\/person\/02dd326b1c4b056e9cc972486934a3a7"},"headline":"Sociales dictar\u00e1 el curso Lengua de Se\u00f1as en nivel principiante","datePublished":"2022-08-09T14:55:59+00:00","dateModified":"2022-08-09T14:56:20+00:00","mainEntityOfPage":{"@id":"https:\/\/experienciadevida.com.ar\/portalurbano\/sociales-dictara-el-curso-lengua-de-senas-en-nivel-principiante\/"},"wordCount":280,"publisher":{"@id":"https:\/\/experienciadevida.com.ar\/portalurbano\/#organization"},"articleSection":["Educaci\u00f3n"],"inLanguage":"es"},{"@type":"WebPage","@id":"https:\/\/experienciadevida.com.ar\/portalurbano\/sociales-dictara-el-curso-lengua-de-senas-en-nivel-principiante\/","url":"https:\/\/experienciadevida.com.ar\/portalurbano\/sociales-dictara-el-curso-lengua-de-senas-en-nivel-principiante\/","name":"Sociales dictar\u00e1 el curso Lengua de se\u00f1as en nivel principiante","isPartOf":{"@id":"https:\/\/experienciadevida.com.ar\/portalurbano\/#website"},"datePublished":"2022-08-09T14:55:59+00:00","dateModified":"2022-08-09T14:56:20+00:00","description":"Sociales dictar\u00e1 el curso Lengua de Se\u00f1as en nivel principiante, el laboratorio de idiomas el mismo fue aprobado por la direcci\u00f3n de cultura","breadcrumb":{"@id":"https:\/\/experienciadevida.com.ar\/portalurbano\/sociales-dictara-el-curso-lengua-de-senas-en-nivel-principiante\/#breadcrumb"},"inLanguage":"es","potentialAction":[{"@type":"ReadAction","target":["https:\/\/experienciadevida.com.ar\/portalurbano\/sociales-dictara-el-curso-lengua-de-senas-en-nivel-principiante\/"]}]},{"@type":"BreadcrumbList","@id":"https:\/\/experienciadevida.com.ar\/portalurbano\/sociales-dictara-el-curso-lengua-de-senas-en-nivel-principiante\/#breadcrumb","itemListElement":[{"@type":"ListItem","position":1,"name":"Portada","item":"https:\/\/experienciadevida.com.ar\/portalurbano\/"},{"@type":"ListItem","position":2,"name":"Sociales dictar\u00e1 el curso Lengua de Se\u00f1as en nivel principiante"}]},{"@type":"WebSite","@id":"https:\/\/experienciadevida.com.ar\/portalurbano\/#website","url":"https:\/\/experienciadevida.com.ar\/portalurbano\/","name":"","description":"","publisher":{"@id":"https:\/\/experienciadevida.com.ar\/portalurbano\/#organization"},"potentialAction":[{"@type":"SearchAction","target":{"@type":"EntryPoint","urlTemplate":"https:\/\/experienciadevida.com.ar\/portalurbano\/?s={search_term_string}"},"query-input":"required name=search_term_string"}],"inLanguage":"es"},{"@type":"Organization","@id":"https:\/\/experienciadevida.com.ar\/portalurbano\/#organization","name":"Portal Urbano","url":"https:\/\/experienciadevida.com.ar\/portalurbano\/","logo":{"@type":"ImageObject","inLanguage":"es","@id":"https:\/\/experienciadevida.com.ar\/portalurbano\/#\/schema\/logo\/image\/","url":"https:\/\/experienciadevida.com.ar\/portalurbano\/wp-content\/uploads\/2019\/09\/Logo-Original.png","contentUrl":"https:\/\/experienciadevida.com.ar\/portalurbano\/wp-content\/uploads\/2019\/09\/Logo-Original.png","width":2236,"height":1216,"caption":"Portal Urbano"},"image":{"@id":"https:\/\/experienciadevida.com.ar\/portalurbano\/#\/schema\/logo\/image\/"},"sameAs":["https:\/\/www.facebook.com\/Portal-Urbano-171542830093757\/","https:\/\/twitter.com\/portalurbanook","https:\/\/www.instagram.com\/_portalurbano\/","https:\/\/www.youtube.com\/channel\/UCXhagIfszH8KxFiOok79zbA?view_as=subscriber"]},{"@type":"Person","@id":"https:\/\/experienciadevida.com.ar\/portalurbano\/#\/schema\/person\/02dd326b1c4b056e9cc972486934a3a7","name":"admpu17wp","image":{"@type":"ImageObject","inLanguage":"es","@id":"https:\/\/experienciadevida.com.ar\/portalurbano\/#\/schema\/person\/image\/","url":"https:\/\/secure.gravatar.com\/avatar\/830d4c57adaae6630765e449a6908047?s=96&d=mm&r=g","contentUrl":"https:\/\/secure.gravatar.com\/avatar\/830d4c57adaae6630765e449a6908047?s=96&d=mm&r=g","caption":"admpu17wp"}}]}},"featured_image_urls":{"full":["https:\/\/experienciadevida.com.ar\/portalurbano\/wp-content\/uploads\/2022\/08\/Sociales-dictara-el-curso.png",1028,1028,false],"thumbnail":["https:\/\/experienciadevida.com.ar\/portalurbano\/wp-content\/uploads\/2022\/08\/Sociales-dictara-el-curso-150x150.png",150,150,true],"medium":["https:\/\/experienciadevida.com.ar\/portalurbano\/wp-content\/uploads\/2022\/08\/Sociales-dictara-el-curso-300x300.png",300,300,true],"medium_large":["https:\/\/experienciadevida.com.ar\/portalurbano\/wp-content\/uploads\/2022\/08\/Sociales-dictara-el-curso-768x768.png",640,640,true],"large":["https:\/\/experienciadevida.com.ar\/portalurbano\/wp-content\/uploads\/2022\/08\/Sociales-dictara-el-curso-1024x1024.png",640,640,true],"ug_big":["https:\/\/experienciadevida.com.ar\/portalurbano\/wp-content\/uploads\/2022\/08\/Sociales-dictara-el-curso-768x768.png",768,768,true],"1536x1536":["https:\/\/experienciadevida.com.ar\/portalurbano\/wp-content\/uploads\/2022\/08\/Sociales-dictara-el-curso.png",1028,1028,false],"2048x2048":["https:\/\/experienciadevida.com.ar\/portalurbano\/wp-content\/uploads\/2022\/08\/Sociales-dictara-el-curso.png",1028,1028,false],"newsever-slider-full":["https:\/\/experienciadevida.com.ar\/portalurbano\/wp-content\/uploads\/2022\/08\/Sociales-dictara-el-curso.png",845,845,false],"newsever-featured":["https:\/\/experienciadevida.com.ar\/portalurbano\/wp-content\/uploads\/2022\/08\/Sociales-dictara-el-curso.png",1024,1024,false],"newsever-medium":["https:\/\/experienciadevida.com.ar\/portalurbano\/wp-content\/uploads\/2022\/08\/Sociales-dictara-el-curso.png",475,475,false],"web-stories-poster-portrait":["https:\/\/experienciadevida.com.ar\/portalurbano\/wp-content\/uploads\/2022\/08\/Sociales-dictara-el-curso-640x853.png",640,853,true],"web-stories-publisher-logo":["https:\/\/experienciadevida.com.ar\/portalurbano\/wp-content\/uploads\/2022\/08\/Sociales-dictara-el-curso-96x96.png",96,96,true],"web-stories-thumbnail":["https:\/\/experienciadevida.com.ar\/portalurbano\/wp-content\/uploads\/2022\/08\/Sociales-dictara-el-curso-150x150.png",150,150,true]},"author_info":{"display_name":"admpu17wp","author_link":"https:\/\/experienciadevida.com.ar\/portalurbano\/author\/admpu17wp\/"},"category_info":"<a href=\"https:\/\/experienciadevida.com.ar\/portalurbano\/category\/ciudad\/educacion\/\" rel=\"category tag\">Educaci\u00f3n<\/a>","tag_info":"Educaci\u00f3n","comment_count":"0","amp_enabled":true,"_links":{"self":[{"href":"https:\/\/experienciadevida.com.ar\/portalurbano\/wp-json\/wp\/v2\/posts\/172911"}],"collection":[{"href":"https:\/\/experienciadevida.com.ar\/portalurbano\/wp-json\/wp\/v2\/posts"}],"about":[{"href":"https:\/\/experienciadevida.com.ar\/portalurbano\/wp-json\/wp\/v2\/types\/post"}],"author":[{"embeddable":true,"href":"https:\/\/experienciadevida.com.ar\/portalurbano\/wp-json\/wp\/v2\/users\/1"}],"replies":[{"embeddable":true,"href":"https:\/\/experienciadevida.com.ar\/portalurbano\/wp-json\/wp\/v2\/comments?post=172911"}],"version-history":[{"count":1,"href":"https:\/\/experienciadevida.com.ar\/portalurbano\/wp-json\/wp\/v2\/posts\/172911\/revisions"}],"predecessor-version":[{"id":172913,"href":"https:\/\/experienciadevida.com.ar\/portalurbano\/wp-json\/wp\/v2\/posts\/172911\/revisions\/172913"}],"wp:featuredmedia":[{"embeddable":true,"href":"https:\/\/experienciadevida.com.ar\/portalurbano\/wp-json\/wp\/v2\/media\/172912"}],"wp:attachment":[{"href":"https:\/\/experienciadevida.com.ar\/portalurbano\/wp-json\/wp\/v2\/media?parent=172911"}],"wp:term":[{"taxonomy":"category","embeddable":true,"href":"https:\/\/experienciadevida.com.ar\/portalurbano\/wp-json\/wp\/v2\/categories?post=172911"},{"taxonomy":"post_tag","embeddable":true,"href":"https:\/\/experienciadevida.com.ar\/portalurbano\/wp-json\/wp\/v2\/tags?post=172911"}],"curies":[{"name":"wp","href":"https:\/\/api.w.org\/{rel}","templated":true}]}}