{"id":172895,"date":"2022-08-09T10:56:59","date_gmt":"2022-08-09T13:56:59","guid":{"rendered":"https:\/\/experienciadevida.com.ar\/portalurbano\/?p=172895"},"modified":"2022-08-11T11:09:16","modified_gmt":"2022-08-11T14:09:16","slug":"asumieron-nuevas-autoridades-en-el-complejo-penitenciario-centro-zona-sur-3","status":"publish","type":"post","link":"https:\/\/experienciadevida.com.ar\/portalurbano\/asumieron-nuevas-autoridades-en-el-complejo-penitenciario-centro-zona-sur-3\/","title":{"rendered":"Asumieron nuevas autoridades en el Complejo Penitenciario Centro Zona Sur"},"content":{"rendered":"<p>Asumieron nuevas autoridades en el Complejo Penitenciario Centro Zona Sur, se llev\u00f3\u00a0 a cabo este lunes el acto de puesta en funciones del nuevo Jefe del Complejo Centro Zona Sur, el Secretario de Coordinaci\u00f3n y los directores de las Unidades 2 y 27 de Sierra Chica, todas dependencias del Servicio Penitenciario Bonaerense (SPB).<\/p>\n<p><a href=\"https:\/\/experienciadevida.com.ar\/portalurbano\/asumieron-nuevas-autoridades-en-el-complejo-penitenciario-centro-zona-sur-3\/asumieron-2\/\" rel=\"attachment wp-att-172899\"><img decoding=\"async\" class=\"alignnone size-large wp-image-172899\" src=\"https:\/\/experienciadevida.com.ar\/portalurbano\/wp-content\/uploads\/2022\/08\/Asumieron-1024x768.jpeg\" alt=\"Asumieron \" width=\"900\" height=\"675\" srcset=\"https:\/\/experienciadevida.com.ar\/portalurbano\/wp-content\/uploads\/2022\/08\/Asumieron-1024x768.jpeg 1024w, https:\/\/experienciadevida.com.ar\/portalurbano\/wp-content\/uploads\/2022\/08\/Asumieron-300x225.jpeg 300w, https:\/\/experienciadevida.com.ar\/portalurbano\/wp-content\/uploads\/2022\/08\/Asumieron-768x576.jpeg 768w, https:\/\/experienciadevida.com.ar\/portalurbano\/wp-content\/uploads\/2022\/08\/Asumieron-150x113.jpeg 150w, https:\/\/experienciadevida.com.ar\/portalurbano\/wp-content\/uploads\/2022\/08\/Asumieron.jpeg 1040w\" sizes=\"(max-width: 900px) 100vw, 900px\" \/><\/a><\/p>\n<p>Presidi\u00f3 la ceremonia el Subsecretario de Pol\u00edtica Penitenciaria del Ministerio de Justicia y Derechos Humanos de la provincia de Buenos Aires, Jos\u00e9 Gonz\u00e1lez Hueso, quien estuvo acompa\u00f1ado por el Subsecretario de Pol\u00edticas Penitenciarias de Inclusi\u00f3n, Diego Rao y el Subjefe del SPB, Javier C\u00e1ceres.<\/p>\n<p>En este acto fueron puestos en funciones el Inspector Mayor Abel Ram\u00edrez como Jefe del Complejo Penitenciario Centro Zona Sur y su secretario de Coordinaci\u00f3n el Inspector Mayor Gabriel Cejas. El nuevo director de la<br \/>\nUnidad N\u00ba 2 es el Prefecto Mayor Carlos Alberto Silva cuyo cargo anterior fue como director de la Unidad 7 de Azul, y en la Unidad 27 asumi\u00f3 la Prefecto Mayor Evangelina Salazar.<\/p>\n<p>Salazar inici\u00f3 su carrera en la Unidad 8 de Los Hornos, luego en la Unidad 38 Sierra Chica fue jefa en distintas \u00e1reas hasta asumir la subdirecci\u00f3n administrativa.<\/p>\n<p>Al finalizar el acto los presentes compartieron un \u00e1gape para celebrar los logros de los nuevos directivos.<\/p>\n<p>Acompa\u00f1aron integrantes de la Plana Mayor del SPB: los Directores Generales de Seguridad, Inspector General Ricardo M\u00e9ndez, de Coordinaci\u00f3n, Inspectora General Cristina C\u00f3rdoba, junto a los Subdirectores Generales de Complejos Penitenciario Inspector General Ariel G\u00f3mez y de Trabajo Penitenciario, Inspector Mayor Eduardo Maigua.<\/p>\n<p>Tambi\u00e9n estuvieron Adriana Raquel Bianco, a cargo del Juzgado de Ejecuci\u00f3n Penal N\u00b0 2 del Departamento Judicial de Azul sede General Alvear, el Jefe de Regimiento Teniente Coronel Cristian Castellanos, personal de la Subcomisaria de Sierra Chica y de Bomberos Voluntarios, la directora de la Escuela Primaria N\u00b0 701 Mariel Laso y la directora del Programa Universidad en la C\u00e1rcel de la UNICEN, Anal\u00eda Umpi\u00e9rrez.<\/p>\n<p>Asumieron nuevas autoridades en el Complejo Penitenciario Centro Zona Sur, asimismo\u00a0 acompa\u00f1aron a los directivos y agentes de las Unidades N\u00ba 2, 27 y 38 Sierra Chica y 17 Urdampilleta, que integran el Complejo Penitenciario mencionado.<\/p>\n<p>Fuente: Servicio penitenciario bonaerense<\/p>\n<p><a href=\"https:\/\/experienciadevida.com.ar\/portalurbano\/asumieron-nuevas-autoridades-en-el-complejo-penitenciario-centro-zona-sur-3\/nueva-4\/\" rel=\"attachment wp-att-172900\"><img decoding=\"async\" class=\"alignnone size-large wp-image-172900\" src=\"https:\/\/experienciadevida.com.ar\/portalurbano\/wp-content\/uploads\/2022\/08\/nueva-1024x768.jpeg\" alt=\"nueva \" width=\"900\" height=\"675\" srcset=\"https:\/\/experienciadevida.com.ar\/portalurbano\/wp-content\/uploads\/2022\/08\/nueva-1024x768.jpeg 1024w, https:\/\/experienciadevida.com.ar\/portalurbano\/wp-content\/uploads\/2022\/08\/nueva-300x225.jpeg 300w, https:\/\/experienciadevida.com.ar\/portalurbano\/wp-content\/uploads\/2022\/08\/nueva-768x576.jpeg 768w, https:\/\/experienciadevida.com.ar\/portalurbano\/wp-content\/uploads\/2022\/08\/nueva-150x113.jpeg 150w, https:\/\/experienciadevida.com.ar\/portalurbano\/wp-content\/uploads\/2022\/08\/nueva.jpeg 1040w\" sizes=\"(max-width: 900px) 100vw, 900px\" \/><\/a><\/p>\n<p><a href=\"https:\/\/experienciadevida.com.ar\/portalurbano\/asumieron-nuevas-autoridades-en-el-complejo-penitenciario-centro-zona-sur-3\/autoridades-6\/\" rel=\"attachment wp-att-172901\"><img decoding=\"async\" class=\"alignnone size-large wp-image-172901\" src=\"https:\/\/experienciadevida.com.ar\/portalurbano\/wp-content\/uploads\/2022\/08\/autoridades-1024x768.jpeg\" alt=\"autoridades \" width=\"900\" height=\"675\" srcset=\"https:\/\/experienciadevida.com.ar\/portalurbano\/wp-content\/uploads\/2022\/08\/autoridades-1024x768.jpeg 1024w, https:\/\/experienciadevida.com.ar\/portalurbano\/wp-content\/uploads\/2022\/08\/autoridades-300x225.jpeg 300w, https:\/\/experienciadevida.com.ar\/portalurbano\/wp-content\/uploads\/2022\/08\/autoridades-768x576.jpeg 768w, https:\/\/experienciadevida.com.ar\/portalurbano\/wp-content\/uploads\/2022\/08\/autoridades-150x113.jpeg 150w, https:\/\/experienciadevida.com.ar\/portalurbano\/wp-content\/uploads\/2022\/08\/autoridades.jpeg 1040w\" sizes=\"(max-width: 900px) 100vw, 900px\" \/><\/a><\/p>\n<p><a href=\"https:\/\/experienciadevida.com.ar\/portalurbano\/asumieron-nuevas-autoridades-en-el-complejo-penitenciario-centro-zona-sur-3\/en-20\/\" rel=\"attachment wp-att-172902\"><img decoding=\"async\" class=\"alignnone size-large wp-image-172902\" src=\"https:\/\/experienciadevida.com.ar\/portalurbano\/wp-content\/uploads\/2022\/08\/en-1024x768.jpeg\" alt=\"en \" width=\"900\" height=\"675\" srcset=\"https:\/\/experienciadevida.com.ar\/portalurbano\/wp-content\/uploads\/2022\/08\/en-1024x768.jpeg 1024w, https:\/\/experienciadevida.com.ar\/portalurbano\/wp-content\/uploads\/2022\/08\/en-300x225.jpeg 300w, https:\/\/experienciadevida.com.ar\/portalurbano\/wp-content\/uploads\/2022\/08\/en-768x576.jpeg 768w, https:\/\/experienciadevida.com.ar\/portalurbano\/wp-content\/uploads\/2022\/08\/en-150x113.jpeg 150w, https:\/\/experienciadevida.com.ar\/portalurbano\/wp-content\/uploads\/2022\/08\/en.jpeg 1040w\" sizes=\"(max-width: 900px) 100vw, 900px\" \/><\/a><\/p>\n<p><a href=\"https:\/\/experienciadevida.com.ar\/portalurbano\/asumieron-nuevas-autoridades-en-el-complejo-penitenciario-centro-zona-sur-3\/a9a96192-7a9c-4b58-a5e3-987250756d61\/\" rel=\"attachment wp-att-173030\"><img decoding=\"async\" class=\"alignnone size-large wp-image-173030\" src=\"https:\/\/experienciadevida.com.ar\/portalurbano\/wp-content\/uploads\/2022\/08\/a9a96192-7a9c-4b58-a5e3-987250756d61-1024x768.jpg\" alt=\"\" width=\"900\" height=\"675\" srcset=\"https:\/\/experienciadevida.com.ar\/portalurbano\/wp-content\/uploads\/2022\/08\/a9a96192-7a9c-4b58-a5e3-987250756d61-1024x768.jpg 1024w, https:\/\/experienciadevida.com.ar\/portalurbano\/wp-content\/uploads\/2022\/08\/a9a96192-7a9c-4b58-a5e3-987250756d61-300x225.jpg 300w, https:\/\/experienciadevida.com.ar\/portalurbano\/wp-content\/uploads\/2022\/08\/a9a96192-7a9c-4b58-a5e3-987250756d61-768x576.jpg 768w, https:\/\/experienciadevida.com.ar\/portalurbano\/wp-content\/uploads\/2022\/08\/a9a96192-7a9c-4b58-a5e3-987250756d61-150x113.jpg 150w, https:\/\/experienciadevida.com.ar\/portalurbano\/wp-content\/uploads\/2022\/08\/a9a96192-7a9c-4b58-a5e3-987250756d61.jpg 1280w\" sizes=\"(max-width: 900px) 100vw, 900px\" \/><\/a><\/p>\n","protected":false},"excerpt":{"rendered":"<p>Asumieron nuevas autoridades en el Complejo Penitenciario Centro Zona Sur, se llev\u00f3\u00a0 a cabo este&#8230;<\/p>\n","protected":false},"author":1,"featured_media":172896,"comment_status":"closed","ping_status":"closed","sticky":false,"template":"","format":"standard","meta":{"content-type":""},"categories":[27],"tags":[],"nelio_content":{"isAutoShareEnabled":false,"autoShareEndMode":"default","automationSources":{"useContentSentences":true,"useSocialTemplates":true,"useCustomSentences":false,"customSentences":[]},"followers":[1],"suggestedReferences":[],"includedReferences":[],"efiUrl":"","efiAlt":"","highlights":[]},"yoast_head":"<!-- This site is optimized with the Yoast SEO plugin v20.7 - https:\/\/yoast.com\/wordpress\/plugins\/seo\/ -->\n<title>Asumieron nuevas autoridades en el complejo penitenciario centro<\/title>\n<meta name=\"description\" content=\"Asumieron nuevas autoridades en el Complejo Penitenciario Centro Zona Sur, se llev\u00f3\u00a0 a cabo este lunes el acto de puesta en funciones\" \/>\n<meta name=\"robots\" content=\"index, follow, max-snippet:-1, max-image-preview:large, max-video-preview:-1\" \/>\n<link rel=\"canonical\" href=\"https:\/\/experienciadevida.com.ar\/portalurbano\/asumieron-nuevas-autoridades-en-el-complejo-penitenciario-centro-zona-sur-3\/\" \/>\n<meta property=\"og:locale\" content=\"es_ES\" \/>\n<meta property=\"og:type\" content=\"article\" \/>\n<meta property=\"og:title\" content=\"Asumieron nuevas autoridades en el complejo penitenciario centro\" \/>\n<meta property=\"og:description\" content=\"Asumieron nuevas autoridades en el Complejo Penitenciario Centro Zona Sur, se llev\u00f3\u00a0 a cabo este lunes el acto de puesta en funciones\" \/>\n<meta property=\"og:url\" content=\"https:\/\/experienciadevida.com.ar\/portalurbano\/asumieron-nuevas-autoridades-en-el-complejo-penitenciario-centro-zona-sur-3\/\" \/>\n<meta property=\"article:publisher\" content=\"https:\/\/www.facebook.com\/Portal-Urbano-171542830093757\/\" \/>\n<meta property=\"article:published_time\" content=\"2022-08-09T13:56:59+00:00\" \/>\n<meta property=\"article:modified_time\" content=\"2022-08-11T14:09:16+00:00\" \/>\n<meta property=\"og:image\" content=\"https:\/\/experienciadevida.com.ar\/portalurbano\/wp-content\/uploads\/2022\/08\/Asumieron-nuevas-autoridades-en.jpeg\" \/>\n\t<meta property=\"og:image:width\" content=\"1040\" \/>\n\t<meta property=\"og:image:height\" content=\"780\" \/>\n\t<meta property=\"og:image:type\" content=\"image\/jpeg\" \/>\n<meta name=\"author\" content=\"admpu17wp\" \/>\n<meta name=\"twitter:card\" content=\"summary_large_image\" \/>\n<meta name=\"twitter:creator\" content=\"@portalurbanook\" \/>\n<meta name=\"twitter:site\" content=\"@portalurbanook\" \/>\n<meta name=\"twitter:label1\" content=\"Escrito por\" \/>\n\t<meta name=\"twitter:data1\" content=\"admpu17wp\" \/>\n\t<meta name=\"twitter:label2\" content=\"Tiempo de lectura\" \/>\n\t<meta name=\"twitter:data2\" content=\"3 minutos\" \/>\n<script type=\"application\/ld+json\" class=\"yoast-schema-graph\">{\"@context\":\"https:\/\/schema.org\",\"@graph\":[{\"@type\":\"Article\",\"@id\":\"https:\/\/experienciadevida.com.ar\/portalurbano\/asumieron-nuevas-autoridades-en-el-complejo-penitenciario-centro-zona-sur-3\/#article\",\"isPartOf\":{\"@id\":\"https:\/\/experienciadevida.com.ar\/portalurbano\/asumieron-nuevas-autoridades-en-el-complejo-penitenciario-centro-zona-sur-3\/\"},\"author\":{\"name\":\"admpu17wp\",\"@id\":\"https:\/\/experienciadevida.com.ar\/portalurbano\/#\/schema\/person\/02dd326b1c4b056e9cc972486934a3a7\"},\"headline\":\"Asumieron nuevas autoridades en el Complejo Penitenciario Centro Zona Sur\",\"datePublished\":\"2022-08-09T13:56:59+00:00\",\"dateModified\":\"2022-08-11T14:09:16+00:00\",\"mainEntityOfPage\":{\"@id\":\"https:\/\/experienciadevida.com.ar\/portalurbano\/asumieron-nuevas-autoridades-en-el-complejo-penitenciario-centro-zona-sur-3\/\"},\"wordCount\":376,\"publisher\":{\"@id\":\"https:\/\/experienciadevida.com.ar\/portalurbano\/#organization\"},\"articleSection\":[\"Ciudad\"],\"inLanguage\":\"es\"},{\"@type\":\"WebPage\",\"@id\":\"https:\/\/experienciadevida.com.ar\/portalurbano\/asumieron-nuevas-autoridades-en-el-complejo-penitenciario-centro-zona-sur-3\/\",\"url\":\"https:\/\/experienciadevida.com.ar\/portalurbano\/asumieron-nuevas-autoridades-en-el-complejo-penitenciario-centro-zona-sur-3\/\",\"name\":\"Asumieron nuevas autoridades en el complejo penitenciario centro\",\"isPartOf\":{\"@id\":\"https:\/\/experienciadevida.com.ar\/portalurbano\/#website\"},\"datePublished\":\"2022-08-09T13:56:59+00:00\",\"dateModified\":\"2022-08-11T14:09:16+00:00\",\"description\":\"Asumieron nuevas autoridades en el Complejo Penitenciario Centro Zona Sur, se llev\u00f3\u00a0 a cabo este lunes el acto de puesta en funciones\",\"breadcrumb\":{\"@id\":\"https:\/\/experienciadevida.com.ar\/portalurbano\/asumieron-nuevas-autoridades-en-el-complejo-penitenciario-centro-zona-sur-3\/#breadcrumb\"},\"inLanguage\":\"es\",\"potentialAction\":[{\"@type\":\"ReadAction\",\"target\":[\"https:\/\/experienciadevida.com.ar\/portalurbano\/asumieron-nuevas-autoridades-en-el-complejo-penitenciario-centro-zona-sur-3\/\"]}]},{\"@type\":\"BreadcrumbList\",\"@id\":\"https:\/\/experienciadevida.com.ar\/portalurbano\/asumieron-nuevas-autoridades-en-el-complejo-penitenciario-centro-zona-sur-3\/#breadcrumb\",\"itemListElement\":[{\"@type\":\"ListItem\",\"position\":1,\"name\":\"Portada\",\"item\":\"https:\/\/experienciadevida.com.ar\/portalurbano\/\"},{\"@type\":\"ListItem\",\"position\":2,\"name\":\"Asumieron nuevas autoridades en el Complejo Penitenciario Centro Zona Sur\"}]},{\"@type\":\"WebSite\",\"@id\":\"https:\/\/experienciadevida.com.ar\/portalurbano\/#website\",\"url\":\"https:\/\/experienciadevida.com.ar\/portalurbano\/\",\"name\":\"\",\"description\":\"\",\"publisher\":{\"@id\":\"https:\/\/experienciadevida.com.ar\/portalurbano\/#organization\"},\"potentialAction\":[{\"@type\":\"SearchAction\",\"target\":{\"@type\":\"EntryPoint\",\"urlTemplate\":\"https:\/\/experienciadevida.com.ar\/portalurbano\/?s={search_term_string}\"},\"query-input\":\"required name=search_term_string\"}],\"inLanguage\":\"es\"},{\"@type\":\"Organization\",\"@id\":\"https:\/\/experienciadevida.com.ar\/portalurbano\/#organization\",\"name\":\"Portal Urbano\",\"url\":\"https:\/\/experienciadevida.com.ar\/portalurbano\/\",\"logo\":{\"@type\":\"ImageObject\",\"inLanguage\":\"es\",\"@id\":\"https:\/\/experienciadevida.com.ar\/portalurbano\/#\/schema\/logo\/image\/\",\"url\":\"https:\/\/experienciadevida.com.ar\/portalurbano\/wp-content\/uploads\/2019\/09\/Logo-Original.png\",\"contentUrl\":\"https:\/\/experienciadevida.com.ar\/portalurbano\/wp-content\/uploads\/2019\/09\/Logo-Original.png\",\"width\":2236,\"height\":1216,\"caption\":\"Portal Urbano\"},\"image\":{\"@id\":\"https:\/\/experienciadevida.com.ar\/portalurbano\/#\/schema\/logo\/image\/\"},\"sameAs\":[\"https:\/\/www.facebook.com\/Portal-Urbano-171542830093757\/\",\"https:\/\/twitter.com\/portalurbanook\",\"https:\/\/www.instagram.com\/_portalurbano\/\",\"https:\/\/www.youtube.com\/channel\/UCXhagIfszH8KxFiOok79zbA?view_as=subscriber\"]},{\"@type\":\"Person\",\"@id\":\"https:\/\/experienciadevida.com.ar\/portalurbano\/#\/schema\/person\/02dd326b1c4b056e9cc972486934a3a7\",\"name\":\"admpu17wp\",\"image\":{\"@type\":\"ImageObject\",\"inLanguage\":\"es\",\"@id\":\"https:\/\/experienciadevida.com.ar\/portalurbano\/#\/schema\/person\/image\/\",\"url\":\"https:\/\/secure.gravatar.com\/avatar\/830d4c57adaae6630765e449a6908047?s=96&d=mm&r=g\",\"contentUrl\":\"https:\/\/secure.gravatar.com\/avatar\/830d4c57adaae6630765e449a6908047?s=96&d=mm&r=g\",\"caption\":\"admpu17wp\"}}]}<\/script>\n<!-- \/ Yoast SEO plugin. -->","yoast_head_json":{"title":"Asumieron nuevas autoridades en el complejo penitenciario centro","description":"Asumieron nuevas autoridades en el Complejo Penitenciario Centro Zona Sur, se llev\u00f3\u00a0 a cabo este lunes el acto de puesta en funciones","robots":{"index":"index","follow":"follow","max-snippet":"max-snippet:-1","max-image-preview":"max-image-preview:large","max-video-preview":"max-video-preview:-1"},"canonical":"https:\/\/experienciadevida.com.ar\/portalurbano\/asumieron-nuevas-autoridades-en-el-complejo-penitenciario-centro-zona-sur-3\/","og_locale":"es_ES","og_type":"article","og_title":"Asumieron nuevas autoridades en el complejo penitenciario centro","og_description":"Asumieron nuevas autoridades en el Complejo Penitenciario Centro Zona Sur, se llev\u00f3\u00a0 a cabo este lunes el acto de puesta en funciones","og_url":"https:\/\/experienciadevida.com.ar\/portalurbano\/asumieron-nuevas-autoridades-en-el-complejo-penitenciario-centro-zona-sur-3\/","article_publisher":"https:\/\/www.facebook.com\/Portal-Urbano-171542830093757\/","article_published_time":"2022-08-09T13:56:59+00:00","article_modified_time":"2022-08-11T14:09:16+00:00","og_image":[{"width":1040,"height":780,"url":"https:\/\/experienciadevida.com.ar\/portalurbano\/wp-content\/uploads\/2022\/08\/Asumieron-nuevas-autoridades-en.jpeg","type":"image\/jpeg"}],"author":"admpu17wp","twitter_card":"summary_large_image","twitter_creator":"@portalurbanook","twitter_site":"@portalurbanook","twitter_misc":{"Escrito por":"admpu17wp","Tiempo de lectura":"3 minutos"},"schema":{"@context":"https:\/\/schema.org","@graph":[{"@type":"Article","@id":"https:\/\/experienciadevida.com.ar\/portalurbano\/asumieron-nuevas-autoridades-en-el-complejo-penitenciario-centro-zona-sur-3\/#article","isPartOf":{"@id":"https:\/\/experienciadevida.com.ar\/portalurbano\/asumieron-nuevas-autoridades-en-el-complejo-penitenciario-centro-zona-sur-3\/"},"author":{"name":"admpu17wp","@id":"https:\/\/experienciadevida.com.ar\/portalurbano\/#\/schema\/person\/02dd326b1c4b056e9cc972486934a3a7"},"headline":"Asumieron nuevas autoridades en el Complejo Penitenciario Centro Zona Sur","datePublished":"2022-08-09T13:56:59+00:00","dateModified":"2022-08-11T14:09:16+00:00","mainEntityOfPage":{"@id":"https:\/\/experienciadevida.com.ar\/portalurbano\/asumieron-nuevas-autoridades-en-el-complejo-penitenciario-centro-zona-sur-3\/"},"wordCount":376,"publisher":{"@id":"https:\/\/experienciadevida.com.ar\/portalurbano\/#organization"},"articleSection":["Ciudad"],"inLanguage":"es"},{"@type":"WebPage","@id":"https:\/\/experienciadevida.com.ar\/portalurbano\/asumieron-nuevas-autoridades-en-el-complejo-penitenciario-centro-zona-sur-3\/","url":"https:\/\/experienciadevida.com.ar\/portalurbano\/asumieron-nuevas-autoridades-en-el-complejo-penitenciario-centro-zona-sur-3\/","name":"Asumieron nuevas autoridades en el complejo penitenciario centro","isPartOf":{"@id":"https:\/\/experienciadevida.com.ar\/portalurbano\/#website"},"datePublished":"2022-08-09T13:56:59+00:00","dateModified":"2022-08-11T14:09:16+00:00","description":"Asumieron nuevas autoridades en el Complejo Penitenciario Centro Zona Sur, se llev\u00f3\u00a0 a cabo este lunes el acto de puesta en funciones","breadcrumb":{"@id":"https:\/\/experienciadevida.com.ar\/portalurbano\/asumieron-nuevas-autoridades-en-el-complejo-penitenciario-centro-zona-sur-3\/#breadcrumb"},"inLanguage":"es","potentialAction":[{"@type":"ReadAction","target":["https:\/\/experienciadevida.com.ar\/portalurbano\/asumieron-nuevas-autoridades-en-el-complejo-penitenciario-centro-zona-sur-3\/"]}]},{"@type":"BreadcrumbList","@id":"https:\/\/experienciadevida.com.ar\/portalurbano\/asumieron-nuevas-autoridades-en-el-complejo-penitenciario-centro-zona-sur-3\/#breadcrumb","itemListElement":[{"@type":"ListItem","position":1,"name":"Portada","item":"https:\/\/experienciadevida.com.ar\/portalurbano\/"},{"@type":"ListItem","position":2,"name":"Asumieron nuevas autoridades en el Complejo Penitenciario Centro Zona Sur"}]},{"@type":"WebSite","@id":"https:\/\/experienciadevida.com.ar\/portalurbano\/#website","url":"https:\/\/experienciadevida.com.ar\/portalurbano\/","name":"","description":"","publisher":{"@id":"https:\/\/experienciadevida.com.ar\/portalurbano\/#organization"},"potentialAction":[{"@type":"SearchAction","target":{"@type":"EntryPoint","urlTemplate":"https:\/\/experienciadevida.com.ar\/portalurbano\/?s={search_term_string}"},"query-input":"required name=search_term_string"}],"inLanguage":"es"},{"@type":"Organization","@id":"https:\/\/experienciadevida.com.ar\/portalurbano\/#organization","name":"Portal Urbano","url":"https:\/\/experienciadevida.com.ar\/portalurbano\/","logo":{"@type":"ImageObject","inLanguage":"es","@id":"https:\/\/experienciadevida.com.ar\/portalurbano\/#\/schema\/logo\/image\/","url":"https:\/\/experienciadevida.com.ar\/portalurbano\/wp-content\/uploads\/2019\/09\/Logo-Original.png","contentUrl":"https:\/\/experienciadevida.com.ar\/portalurbano\/wp-content\/uploads\/2019\/09\/Logo-Original.png","width":2236,"height":1216,"caption":"Portal Urbano"},"image":{"@id":"https:\/\/experienciadevida.com.ar\/portalurbano\/#\/schema\/logo\/image\/"},"sameAs":["https:\/\/www.facebook.com\/Portal-Urbano-171542830093757\/","https:\/\/twitter.com\/portalurbanook","https:\/\/www.instagram.com\/_portalurbano\/","https:\/\/www.youtube.com\/channel\/UCXhagIfszH8KxFiOok79zbA?view_as=subscriber"]},{"@type":"Person","@id":"https:\/\/experienciadevida.com.ar\/portalurbano\/#\/schema\/person\/02dd326b1c4b056e9cc972486934a3a7","name":"admpu17wp","image":{"@type":"ImageObject","inLanguage":"es","@id":"https:\/\/experienciadevida.com.ar\/portalurbano\/#\/schema\/person\/image\/","url":"https:\/\/secure.gravatar.com\/avatar\/830d4c57adaae6630765e449a6908047?s=96&d=mm&r=g","contentUrl":"https:\/\/secure.gravatar.com\/avatar\/830d4c57adaae6630765e449a6908047?s=96&d=mm&r=g","caption":"admpu17wp"}}]}},"featured_image_urls":{"full":["https:\/\/experienciadevida.com.ar\/portalurbano\/wp-content\/uploads\/2022\/08\/Asumieron-nuevas-autoridades-en.jpeg",1040,780,false],"thumbnail":["https:\/\/experienciadevida.com.ar\/portalurbano\/wp-content\/uploads\/2022\/08\/Asumieron-nuevas-autoridades-en-150x150.jpeg",150,150,true],"medium":["https:\/\/experienciadevida.com.ar\/portalurbano\/wp-content\/uploads\/2022\/08\/Asumieron-nuevas-autoridades-en-300x225.jpeg",300,225,true],"medium_large":["https:\/\/experienciadevida.com.ar\/portalurbano\/wp-content\/uploads\/2022\/08\/Asumieron-nuevas-autoridades-en-768x576.jpeg",640,480,true],"large":["https:\/\/experienciadevida.com.ar\/portalurbano\/wp-content\/uploads\/2022\/08\/Asumieron-nuevas-autoridades-en-1024x768.jpeg",640,480,true],"ug_big":["https:\/\/experienciadevida.com.ar\/portalurbano\/wp-content\/uploads\/2022\/08\/Asumieron-nuevas-autoridades-en-768x576.jpeg",768,576,true],"1536x1536":["https:\/\/experienciadevida.com.ar\/portalurbano\/wp-content\/uploads\/2022\/08\/Asumieron-nuevas-autoridades-en.jpeg",1040,780,false],"2048x2048":["https:\/\/experienciadevida.com.ar\/portalurbano\/wp-content\/uploads\/2022\/08\/Asumieron-nuevas-autoridades-en.jpeg",1040,780,false],"newsever-slider-full":["https:\/\/experienciadevida.com.ar\/portalurbano\/wp-content\/uploads\/2022\/08\/Asumieron-nuevas-autoridades-en.jpeg",1040,780,false],"newsever-featured":["https:\/\/experienciadevida.com.ar\/portalurbano\/wp-content\/uploads\/2022\/08\/Asumieron-nuevas-autoridades-en.jpeg",1024,768,false],"newsever-medium":["https:\/\/experienciadevida.com.ar\/portalurbano\/wp-content\/uploads\/2022\/08\/Asumieron-nuevas-autoridades-en.jpeg",633,475,false],"web-stories-poster-portrait":["https:\/\/experienciadevida.com.ar\/portalurbano\/wp-content\/uploads\/2022\/08\/Asumieron-nuevas-autoridades-en-640x780.jpeg",640,780,true],"web-stories-publisher-logo":["https:\/\/experienciadevida.com.ar\/portalurbano\/wp-content\/uploads\/2022\/08\/Asumieron-nuevas-autoridades-en-96x96.jpeg",96,96,true],"web-stories-thumbnail":["https:\/\/experienciadevida.com.ar\/portalurbano\/wp-content\/uploads\/2022\/08\/Asumieron-nuevas-autoridades-en-150x113.jpeg",150,113,true]},"author_info":{"display_name":"admpu17wp","author_link":"https:\/\/experienciadevida.com.ar\/portalurbano\/author\/admpu17wp\/"},"category_info":"<a href=\"https:\/\/experienciadevida.com.ar\/portalurbano\/category\/ciudad\/\" rel=\"category tag\">Ciudad<\/a>","tag_info":"Ciudad","comment_count":"0","amp_enabled":true,"_links":{"self":[{"href":"https:\/\/experienciadevida.com.ar\/portalurbano\/wp-json\/wp\/v2\/posts\/172895"}],"collection":[{"href":"https:\/\/experienciadevida.com.ar\/portalurbano\/wp-json\/wp\/v2\/posts"}],"about":[{"href":"https:\/\/experienciadevida.com.ar\/portalurbano\/wp-json\/wp\/v2\/types\/post"}],"author":[{"embeddable":true,"href":"https:\/\/experienciadevida.com.ar\/portalurbano\/wp-json\/wp\/v2\/users\/1"}],"replies":[{"embeddable":true,"href":"https:\/\/experienciadevida.com.ar\/portalurbano\/wp-json\/wp\/v2\/comments?post=172895"}],"version-history":[{"count":4,"href":"https:\/\/experienciadevida.com.ar\/portalurbano\/wp-json\/wp\/v2\/posts\/172895\/revisions"}],"predecessor-version":[{"id":173031,"href":"https:\/\/experienciadevida.com.ar\/portalurbano\/wp-json\/wp\/v2\/posts\/172895\/revisions\/173031"}],"wp:featuredmedia":[{"embeddable":true,"href":"https:\/\/experienciadevida.com.ar\/portalurbano\/wp-json\/wp\/v2\/media\/172896"}],"wp:attachment":[{"href":"https:\/\/experienciadevida.com.ar\/portalurbano\/wp-json\/wp\/v2\/media?parent=172895"}],"wp:term":[{"taxonomy":"category","embeddable":true,"href":"https:\/\/experienciadevida.com.ar\/portalurbano\/wp-json\/wp\/v2\/categories?post=172895"},{"taxonomy":"post_tag","embeddable":true,"href":"https:\/\/experienciadevida.com.ar\/portalurbano\/wp-json\/wp\/v2\/tags?post=172895"}],"curies":[{"name":"wp","href":"https:\/\/api.w.org\/{rel}","templated":true}]}}