{"id":172864,"date":"2022-08-08T15:12:02","date_gmt":"2022-08-08T18:12:02","guid":{"rendered":"https:\/\/experienciadevida.com.ar\/portalurbano\/?p=172864"},"modified":"2022-08-08T16:04:37","modified_gmt":"2022-08-08T19:04:37","slug":"es-una-obra-muy-esperada-por-los-vecinos","status":"publish","type":"post","link":"https:\/\/experienciadevida.com.ar\/portalurbano\/es-una-obra-muy-esperada-por-los-vecinos\/","title":{"rendered":"\u201cEs una obra muy esperada por los vecinos\u201d"},"content":{"rendered":"<p>\u201cEs una obra muy esperada por los vecinos\u201d, el Intendente Ezequiel <a href=\"https:\/\/www.facebook.com\/galliezequiel\">Galli<\/a> recorri\u00f3 en la ma\u00f1ana de este lunes el barrio La Ara\u00f1a donde se inici\u00f3 la pavimentaci\u00f3n de prolongaci\u00f3n sur de calle Rivadavia, con una inversi\u00f3n que supera los 20 millones de pesos.<\/p>\n<p>La obra de pavimentaci\u00f3n impactar\u00e1 notablemente en la calidad de vida de la comunidad y beneficiar\u00e1 directamente a las familias de los barrios La Ara\u00f1a, Los Robles, Municipales, Plan Novios, Plan Abuelos y zonas aleda\u00f1as.<\/p>\n<p>En la oportunidad, Galli estuvo acompa\u00f1ado por el subsecretario de Mantenimiento y Obras P\u00fablicas de la Municipalidad Gonzalo Ortiz, con quien recorri\u00f3 el sector, donde se encuentran en marcha los trabajos.<\/p>\n<p>En dicha zona, en los \u00faltimos a\u00f1os se ha registrado un importante crecimiento demogr\u00e1fico, por lo cual la pavimentaci\u00f3n permitir\u00e1 mejorar las condiciones de transitabilidad y de accesibilidad tanto del transporte p\u00fablico, como de las unidades asistenciales de emergencias.<\/p>\n<p>Al respecto, el intendente Galli destac\u00f3 se \u201ces una obra que fue muy esperada, desde hace mucho tiempo, que pusimos en marcha como parte de nuestro compromiso con los vecinos del sector\u201d.<\/p>\n<p>Desde Obras P\u00fablicas se indic\u00f3 que se realizar\u00e1 un pavimento con hormig\u00f3n simple, tipo H30 de 0,18 metros de espesor, que estar\u00e1 asentado sobre una base de tosca compactada de 0,20 metros de espesor. Se construir\u00e1n banquinas de tosca compactada de 3,00 metros de ancho en un espesor de 0,20 metros.<\/p>\n<p>El ancho del pavimento en la calle Rivadavia ser\u00e1 de 7,30 metros de ancho.<\/p>\n<p>En esta primera etapa, la pavimentaci\u00f3n del acceso por calle Rivadavia, se desarrollar\u00e1 entre Del Maestro y Calle N\u00ba 4, comprendiendo un total de 4 cuadras.<\/p>\n<p>La obra comenz\u00f3 el d\u00eda 25 de julio, y se encuentra a cargo de la empresa Galizio Construcciones S.R.L., quien result\u00f3 adjudicataria de la licitaci\u00f3n p\u00fablica (realizada en el mes de junio) por un monto de $21.660.564.<\/p>\n<p>Cabe recordar que esta obra fue incluida en el Presupuesto 2022 y es ejecutada con recursos provenientes del Fondo de Infraestructura Municipal.<\/p>\n","protected":false},"excerpt":{"rendered":"<p>\u201cEs una obra muy esperada por los vecinos\u201d, el Intendente Ezequiel Galli recorri\u00f3 en la&#8230;<\/p>\n","protected":false},"author":1,"featured_media":172865,"comment_status":"closed","ping_status":"closed","sticky":false,"template":"","format":"standard","meta":{"content-type":""},"categories":[27,51],"tags":[],"nelio_content":{"isAutoShareEnabled":false,"autoShareEndMode":"default","automationSources":{"useContentSentences":true,"useSocialTemplates":true,"useCustomSentences":false,"customSentences":[]},"followers":[1],"suggestedReferences":[],"includedReferences":[],"efiUrl":"","efiAlt":"","highlights":[]},"yoast_head":"<!-- This site is optimized with the Yoast SEO plugin v20.7 - https:\/\/yoast.com\/wordpress\/plugins\/seo\/ -->\n<title>&quot;Es una obra muy esperada por los vecinos&quot;<\/title>\n<meta name=\"description\" content=\"\u201cEs una obra muy esperada por los vecinos\u201d, el Intendente Ezequiel Galli recorri\u00f3 en la ma\u00f1ana de este lunes el barrio La Ara\u00f1a\" \/>\n<meta name=\"robots\" content=\"index, follow, max-snippet:-1, max-image-preview:large, max-video-preview:-1\" \/>\n<link rel=\"canonical\" href=\"https:\/\/experienciadevida.com.ar\/portalurbano\/es-una-obra-muy-esperada-por-los-vecinos\/\" \/>\n<meta property=\"og:locale\" content=\"es_ES\" \/>\n<meta property=\"og:type\" content=\"article\" \/>\n<meta property=\"og:title\" content=\"&quot;Es una obra muy esperada por los vecinos&quot;\" \/>\n<meta property=\"og:description\" content=\"\u201cEs una obra muy esperada por los vecinos\u201d, el Intendente Ezequiel Galli recorri\u00f3 en la ma\u00f1ana de este lunes el barrio La Ara\u00f1a\" \/>\n<meta property=\"og:url\" content=\"https:\/\/experienciadevida.com.ar\/portalurbano\/es-una-obra-muy-esperada-por-los-vecinos\/\" \/>\n<meta property=\"article:publisher\" content=\"https:\/\/www.facebook.com\/Portal-Urbano-171542830093757\/\" \/>\n<meta property=\"article:published_time\" content=\"2022-08-08T18:12:02+00:00\" \/>\n<meta property=\"article:modified_time\" content=\"2022-08-08T19:04:37+00:00\" \/>\n<meta property=\"og:image\" content=\"https:\/\/experienciadevida.com.ar\/portalurbano\/wp-content\/uploads\/2022\/08\/Es-una-obra-muy.jpg\" \/>\n\t<meta property=\"og:image:width\" content=\"2560\" \/>\n\t<meta property=\"og:image:height\" content=\"1711\" \/>\n\t<meta property=\"og:image:type\" content=\"image\/jpeg\" \/>\n<meta name=\"author\" content=\"admpu17wp\" \/>\n<meta name=\"twitter:card\" content=\"summary_large_image\" \/>\n<meta name=\"twitter:creator\" content=\"@portalurbanook\" \/>\n<meta name=\"twitter:site\" content=\"@portalurbanook\" \/>\n<meta name=\"twitter:label1\" content=\"Escrito por\" \/>\n\t<meta name=\"twitter:data1\" content=\"admpu17wp\" \/>\n\t<meta name=\"twitter:label2\" content=\"Tiempo de lectura\" \/>\n\t<meta name=\"twitter:data2\" content=\"2 minutos\" \/>\n<script type=\"application\/ld+json\" class=\"yoast-schema-graph\">{\"@context\":\"https:\/\/schema.org\",\"@graph\":[{\"@type\":\"Article\",\"@id\":\"https:\/\/experienciadevida.com.ar\/portalurbano\/es-una-obra-muy-esperada-por-los-vecinos\/#article\",\"isPartOf\":{\"@id\":\"https:\/\/experienciadevida.com.ar\/portalurbano\/es-una-obra-muy-esperada-por-los-vecinos\/\"},\"author\":{\"name\":\"admpu17wp\",\"@id\":\"https:\/\/experienciadevida.com.ar\/portalurbano\/#\/schema\/person\/02dd326b1c4b056e9cc972486934a3a7\"},\"headline\":\"\u201cEs una obra muy esperada por los vecinos\u201d\",\"datePublished\":\"2022-08-08T18:12:02+00:00\",\"dateModified\":\"2022-08-08T19:04:37+00:00\",\"mainEntityOfPage\":{\"@id\":\"https:\/\/experienciadevida.com.ar\/portalurbano\/es-una-obra-muy-esperada-por-los-vecinos\/\"},\"wordCount\":351,\"publisher\":{\"@id\":\"https:\/\/experienciadevida.com.ar\/portalurbano\/#organization\"},\"articleSection\":[\"Ciudad\",\"Destacadas\"],\"inLanguage\":\"es\"},{\"@type\":\"WebPage\",\"@id\":\"https:\/\/experienciadevida.com.ar\/portalurbano\/es-una-obra-muy-esperada-por-los-vecinos\/\",\"url\":\"https:\/\/experienciadevida.com.ar\/portalurbano\/es-una-obra-muy-esperada-por-los-vecinos\/\",\"name\":\"\\\"Es una obra muy esperada por los vecinos\\\"\",\"isPartOf\":{\"@id\":\"https:\/\/experienciadevida.com.ar\/portalurbano\/#website\"},\"datePublished\":\"2022-08-08T18:12:02+00:00\",\"dateModified\":\"2022-08-08T19:04:37+00:00\",\"description\":\"\u201cEs una obra muy esperada por los vecinos\u201d, el Intendente Ezequiel Galli recorri\u00f3 en la ma\u00f1ana de este lunes el barrio La Ara\u00f1a\",\"breadcrumb\":{\"@id\":\"https:\/\/experienciadevida.com.ar\/portalurbano\/es-una-obra-muy-esperada-por-los-vecinos\/#breadcrumb\"},\"inLanguage\":\"es\",\"potentialAction\":[{\"@type\":\"ReadAction\",\"target\":[\"https:\/\/experienciadevida.com.ar\/portalurbano\/es-una-obra-muy-esperada-por-los-vecinos\/\"]}]},{\"@type\":\"BreadcrumbList\",\"@id\":\"https:\/\/experienciadevida.com.ar\/portalurbano\/es-una-obra-muy-esperada-por-los-vecinos\/#breadcrumb\",\"itemListElement\":[{\"@type\":\"ListItem\",\"position\":1,\"name\":\"Portada\",\"item\":\"https:\/\/experienciadevida.com.ar\/portalurbano\/\"},{\"@type\":\"ListItem\",\"position\":2,\"name\":\"\u201cEs una obra muy esperada por los vecinos\u201d\"}]},{\"@type\":\"WebSite\",\"@id\":\"https:\/\/experienciadevida.com.ar\/portalurbano\/#website\",\"url\":\"https:\/\/experienciadevida.com.ar\/portalurbano\/\",\"name\":\"\",\"description\":\"\",\"publisher\":{\"@id\":\"https:\/\/experienciadevida.com.ar\/portalurbano\/#organization\"},\"potentialAction\":[{\"@type\":\"SearchAction\",\"target\":{\"@type\":\"EntryPoint\",\"urlTemplate\":\"https:\/\/experienciadevida.com.ar\/portalurbano\/?s={search_term_string}\"},\"query-input\":\"required name=search_term_string\"}],\"inLanguage\":\"es\"},{\"@type\":\"Organization\",\"@id\":\"https:\/\/experienciadevida.com.ar\/portalurbano\/#organization\",\"name\":\"Portal Urbano\",\"url\":\"https:\/\/experienciadevida.com.ar\/portalurbano\/\",\"logo\":{\"@type\":\"ImageObject\",\"inLanguage\":\"es\",\"@id\":\"https:\/\/experienciadevida.com.ar\/portalurbano\/#\/schema\/logo\/image\/\",\"url\":\"https:\/\/experienciadevida.com.ar\/portalurbano\/wp-content\/uploads\/2019\/09\/Logo-Original.png\",\"contentUrl\":\"https:\/\/experienciadevida.com.ar\/portalurbano\/wp-content\/uploads\/2019\/09\/Logo-Original.png\",\"width\":2236,\"height\":1216,\"caption\":\"Portal Urbano\"},\"image\":{\"@id\":\"https:\/\/experienciadevida.com.ar\/portalurbano\/#\/schema\/logo\/image\/\"},\"sameAs\":[\"https:\/\/www.facebook.com\/Portal-Urbano-171542830093757\/\",\"https:\/\/twitter.com\/portalurbanook\",\"https:\/\/www.instagram.com\/_portalurbano\/\",\"https:\/\/www.youtube.com\/channel\/UCXhagIfszH8KxFiOok79zbA?view_as=subscriber\"]},{\"@type\":\"Person\",\"@id\":\"https:\/\/experienciadevida.com.ar\/portalurbano\/#\/schema\/person\/02dd326b1c4b056e9cc972486934a3a7\",\"name\":\"admpu17wp\",\"image\":{\"@type\":\"ImageObject\",\"inLanguage\":\"es\",\"@id\":\"https:\/\/experienciadevida.com.ar\/portalurbano\/#\/schema\/person\/image\/\",\"url\":\"https:\/\/secure.gravatar.com\/avatar\/830d4c57adaae6630765e449a6908047?s=96&d=mm&r=g\",\"contentUrl\":\"https:\/\/secure.gravatar.com\/avatar\/830d4c57adaae6630765e449a6908047?s=96&d=mm&r=g\",\"caption\":\"admpu17wp\"}}]}<\/script>\n<!-- \/ Yoast SEO plugin. -->","yoast_head_json":{"title":"\"Es una obra muy esperada por los vecinos\"","description":"\u201cEs una obra muy esperada por los vecinos\u201d, el Intendente Ezequiel Galli recorri\u00f3 en la ma\u00f1ana de este lunes el barrio La Ara\u00f1a","robots":{"index":"index","follow":"follow","max-snippet":"max-snippet:-1","max-image-preview":"max-image-preview:large","max-video-preview":"max-video-preview:-1"},"canonical":"https:\/\/experienciadevida.com.ar\/portalurbano\/es-una-obra-muy-esperada-por-los-vecinos\/","og_locale":"es_ES","og_type":"article","og_title":"\"Es una obra muy esperada por los vecinos\"","og_description":"\u201cEs una obra muy esperada por los vecinos\u201d, el Intendente Ezequiel Galli recorri\u00f3 en la ma\u00f1ana de este lunes el barrio La Ara\u00f1a","og_url":"https:\/\/experienciadevida.com.ar\/portalurbano\/es-una-obra-muy-esperada-por-los-vecinos\/","article_publisher":"https:\/\/www.facebook.com\/Portal-Urbano-171542830093757\/","article_published_time":"2022-08-08T18:12:02+00:00","article_modified_time":"2022-08-08T19:04:37+00:00","og_image":[{"width":2560,"height":1711,"url":"https:\/\/experienciadevida.com.ar\/portalurbano\/wp-content\/uploads\/2022\/08\/Es-una-obra-muy.jpg","type":"image\/jpeg"}],"author":"admpu17wp","twitter_card":"summary_large_image","twitter_creator":"@portalurbanook","twitter_site":"@portalurbanook","twitter_misc":{"Escrito por":"admpu17wp","Tiempo de lectura":"2 minutos"},"schema":{"@context":"https:\/\/schema.org","@graph":[{"@type":"Article","@id":"https:\/\/experienciadevida.com.ar\/portalurbano\/es-una-obra-muy-esperada-por-los-vecinos\/#article","isPartOf":{"@id":"https:\/\/experienciadevida.com.ar\/portalurbano\/es-una-obra-muy-esperada-por-los-vecinos\/"},"author":{"name":"admpu17wp","@id":"https:\/\/experienciadevida.com.ar\/portalurbano\/#\/schema\/person\/02dd326b1c4b056e9cc972486934a3a7"},"headline":"\u201cEs una obra muy esperada por los vecinos\u201d","datePublished":"2022-08-08T18:12:02+00:00","dateModified":"2022-08-08T19:04:37+00:00","mainEntityOfPage":{"@id":"https:\/\/experienciadevida.com.ar\/portalurbano\/es-una-obra-muy-esperada-por-los-vecinos\/"},"wordCount":351,"publisher":{"@id":"https:\/\/experienciadevida.com.ar\/portalurbano\/#organization"},"articleSection":["Ciudad","Destacadas"],"inLanguage":"es"},{"@type":"WebPage","@id":"https:\/\/experienciadevida.com.ar\/portalurbano\/es-una-obra-muy-esperada-por-los-vecinos\/","url":"https:\/\/experienciadevida.com.ar\/portalurbano\/es-una-obra-muy-esperada-por-los-vecinos\/","name":"\"Es una obra muy esperada por los vecinos\"","isPartOf":{"@id":"https:\/\/experienciadevida.com.ar\/portalurbano\/#website"},"datePublished":"2022-08-08T18:12:02+00:00","dateModified":"2022-08-08T19:04:37+00:00","description":"\u201cEs una obra muy esperada por los vecinos\u201d, el Intendente Ezequiel Galli recorri\u00f3 en la ma\u00f1ana de este lunes el barrio La Ara\u00f1a","breadcrumb":{"@id":"https:\/\/experienciadevida.com.ar\/portalurbano\/es-una-obra-muy-esperada-por-los-vecinos\/#breadcrumb"},"inLanguage":"es","potentialAction":[{"@type":"ReadAction","target":["https:\/\/experienciadevida.com.ar\/portalurbano\/es-una-obra-muy-esperada-por-los-vecinos\/"]}]},{"@type":"BreadcrumbList","@id":"https:\/\/experienciadevida.com.ar\/portalurbano\/es-una-obra-muy-esperada-por-los-vecinos\/#breadcrumb","itemListElement":[{"@type":"ListItem","position":1,"name":"Portada","item":"https:\/\/experienciadevida.com.ar\/portalurbano\/"},{"@type":"ListItem","position":2,"name":"\u201cEs una obra muy esperada por los vecinos\u201d"}]},{"@type":"WebSite","@id":"https:\/\/experienciadevida.com.ar\/portalurbano\/#website","url":"https:\/\/experienciadevida.com.ar\/portalurbano\/","name":"","description":"","publisher":{"@id":"https:\/\/experienciadevida.com.ar\/portalurbano\/#organization"},"potentialAction":[{"@type":"SearchAction","target":{"@type":"EntryPoint","urlTemplate":"https:\/\/experienciadevida.com.ar\/portalurbano\/?s={search_term_string}"},"query-input":"required name=search_term_string"}],"inLanguage":"es"},{"@type":"Organization","@id":"https:\/\/experienciadevida.com.ar\/portalurbano\/#organization","name":"Portal Urbano","url":"https:\/\/experienciadevida.com.ar\/portalurbano\/","logo":{"@type":"ImageObject","inLanguage":"es","@id":"https:\/\/experienciadevida.com.ar\/portalurbano\/#\/schema\/logo\/image\/","url":"https:\/\/experienciadevida.com.ar\/portalurbano\/wp-content\/uploads\/2019\/09\/Logo-Original.png","contentUrl":"https:\/\/experienciadevida.com.ar\/portalurbano\/wp-content\/uploads\/2019\/09\/Logo-Original.png","width":2236,"height":1216,"caption":"Portal Urbano"},"image":{"@id":"https:\/\/experienciadevida.com.ar\/portalurbano\/#\/schema\/logo\/image\/"},"sameAs":["https:\/\/www.facebook.com\/Portal-Urbano-171542830093757\/","https:\/\/twitter.com\/portalurbanook","https:\/\/www.instagram.com\/_portalurbano\/","https:\/\/www.youtube.com\/channel\/UCXhagIfszH8KxFiOok79zbA?view_as=subscriber"]},{"@type":"Person","@id":"https:\/\/experienciadevida.com.ar\/portalurbano\/#\/schema\/person\/02dd326b1c4b056e9cc972486934a3a7","name":"admpu17wp","image":{"@type":"ImageObject","inLanguage":"es","@id":"https:\/\/experienciadevida.com.ar\/portalurbano\/#\/schema\/person\/image\/","url":"https:\/\/secure.gravatar.com\/avatar\/830d4c57adaae6630765e449a6908047?s=96&d=mm&r=g","contentUrl":"https:\/\/secure.gravatar.com\/avatar\/830d4c57adaae6630765e449a6908047?s=96&d=mm&r=g","caption":"admpu17wp"}}]}},"featured_image_urls":{"full":["https:\/\/experienciadevida.com.ar\/portalurbano\/wp-content\/uploads\/2022\/08\/Es-una-obra-muy.jpg",2560,1711,false],"thumbnail":["https:\/\/experienciadevida.com.ar\/portalurbano\/wp-content\/uploads\/2022\/08\/Es-una-obra-muy-150x150.jpg",150,150,true],"medium":["https:\/\/experienciadevida.com.ar\/portalurbano\/wp-content\/uploads\/2022\/08\/Es-una-obra-muy-300x201.jpg",300,201,true],"medium_large":["https:\/\/experienciadevida.com.ar\/portalurbano\/wp-content\/uploads\/2022\/08\/Es-una-obra-muy-768x513.jpg",640,428,true],"large":["https:\/\/experienciadevida.com.ar\/portalurbano\/wp-content\/uploads\/2022\/08\/Es-una-obra-muy-1024x684.jpg",640,428,true],"ug_big":["https:\/\/experienciadevida.com.ar\/portalurbano\/wp-content\/uploads\/2022\/08\/Es-una-obra-muy-768x513.jpg",768,513,true],"1536x1536":["https:\/\/experienciadevida.com.ar\/portalurbano\/wp-content\/uploads\/2022\/08\/Es-una-obra-muy-1536x1027.jpg",1536,1027,true],"2048x2048":["https:\/\/experienciadevida.com.ar\/portalurbano\/wp-content\/uploads\/2022\/08\/Es-una-obra-muy-2048x1369.jpg",2048,1369,true],"newsever-slider-full":["https:\/\/experienciadevida.com.ar\/portalurbano\/wp-content\/uploads\/2022\/08\/Es-una-obra-muy.jpg",1264,845,false],"newsever-featured":["https:\/\/experienciadevida.com.ar\/portalurbano\/wp-content\/uploads\/2022\/08\/Es-una-obra-muy.jpg",1024,684,false],"newsever-medium":["https:\/\/experienciadevida.com.ar\/portalurbano\/wp-content\/uploads\/2022\/08\/Es-una-obra-muy.jpg",711,475,false],"web-stories-poster-portrait":["https:\/\/experienciadevida.com.ar\/portalurbano\/wp-content\/uploads\/2022\/08\/Es-una-obra-muy-640x853.jpg",640,853,true],"web-stories-publisher-logo":["https:\/\/experienciadevida.com.ar\/portalurbano\/wp-content\/uploads\/2022\/08\/Es-una-obra-muy-96x96.jpg",96,96,true],"web-stories-thumbnail":["https:\/\/experienciadevida.com.ar\/portalurbano\/wp-content\/uploads\/2022\/08\/Es-una-obra-muy-150x100.jpg",150,100,true]},"author_info":{"display_name":"admpu17wp","author_link":"https:\/\/experienciadevida.com.ar\/portalurbano\/author\/admpu17wp\/"},"category_info":"<a href=\"https:\/\/experienciadevida.com.ar\/portalurbano\/category\/ciudad\/\" rel=\"category tag\">Ciudad<\/a> <a href=\"https:\/\/experienciadevida.com.ar\/portalurbano\/category\/destacadas\/\" rel=\"category tag\">Destacadas<\/a>","tag_info":"Destacadas","comment_count":"0","amp_enabled":true,"_links":{"self":[{"href":"https:\/\/experienciadevida.com.ar\/portalurbano\/wp-json\/wp\/v2\/posts\/172864"}],"collection":[{"href":"https:\/\/experienciadevida.com.ar\/portalurbano\/wp-json\/wp\/v2\/posts"}],"about":[{"href":"https:\/\/experienciadevida.com.ar\/portalurbano\/wp-json\/wp\/v2\/types\/post"}],"author":[{"embeddable":true,"href":"https:\/\/experienciadevida.com.ar\/portalurbano\/wp-json\/wp\/v2\/users\/1"}],"replies":[{"embeddable":true,"href":"https:\/\/experienciadevida.com.ar\/portalurbano\/wp-json\/wp\/v2\/comments?post=172864"}],"version-history":[{"count":2,"href":"https:\/\/experienciadevida.com.ar\/portalurbano\/wp-json\/wp\/v2\/posts\/172864\/revisions"}],"predecessor-version":[{"id":172867,"href":"https:\/\/experienciadevida.com.ar\/portalurbano\/wp-json\/wp\/v2\/posts\/172864\/revisions\/172867"}],"wp:featuredmedia":[{"embeddable":true,"href":"https:\/\/experienciadevida.com.ar\/portalurbano\/wp-json\/wp\/v2\/media\/172865"}],"wp:attachment":[{"href":"https:\/\/experienciadevida.com.ar\/portalurbano\/wp-json\/wp\/v2\/media?parent=172864"}],"wp:term":[{"taxonomy":"category","embeddable":true,"href":"https:\/\/experienciadevida.com.ar\/portalurbano\/wp-json\/wp\/v2\/categories?post=172864"},{"taxonomy":"post_tag","embeddable":true,"href":"https:\/\/experienciadevida.com.ar\/portalurbano\/wp-json\/wp\/v2\/tags?post=172864"}],"curies":[{"name":"wp","href":"https:\/\/api.w.org\/{rel}","templated":true}]}}