{"id":172770,"date":"2022-08-06T12:29:17","date_gmt":"2022-08-06T15:29:17","guid":{"rendered":"https:\/\/experienciadevida.com.ar\/portalurbano\/?p=172770"},"modified":"2022-08-06T12:29:49","modified_gmt":"2022-08-06T15:29:49","slug":"politicas-de-genero-realizo-una-jornada-de-difusion-territorial-de-recursos-en-sierra-chica","status":"publish","type":"post","link":"https:\/\/experienciadevida.com.ar\/portalurbano\/politicas-de-genero-realizo-una-jornada-de-difusion-territorial-de-recursos-en-sierra-chica\/","title":{"rendered":"Pol\u00edticas de G\u00e9nero realiz\u00f3 una jornada de difusi\u00f3n territorial de recursos en Sierra Chica"},"content":{"rendered":"<p>Pol\u00edticas de G\u00e9nero realiz\u00f3 una jornada de difusi\u00f3n territorial de recursos en Sierra Chica, este viernes por la ma\u00f1ana, la Direcci\u00f3n de Pol\u00edticas de G\u00e9nero del <a href=\"https:\/\/www.facebook.com\/municipiodeolavarria\">Municipio<\/a> de Olavarr\u00eda, se traslad\u00f3 a la localidad de Sierra Chica junto a sus equipos profesionales, para difundir sus recursos institucionales, asesorar a la comunidad sobre el abordaje de violencias por motivos de g\u00e9nero, y atender situaciones vinculadas en territorio.<\/p>\n<p>Las actividades se desarrollaron de manera simult\u00e1nea en el Club Atl\u00e9tico Sierra Chica, el Centro de Salud de la localidad, y la Delegaci\u00f3n municipal, e incluyeron capacitaciones y talleres participativos de los equipos de Ley Micaela y Micaela en Territorio destinadas a personal estatal, charla del equipo Masculinidades con personal del Servicio Penitenciario Bonaerense, y atenci\u00f3n espont\u00e1nea de situaciones por parte de profesionales de abordaje en el Centro de Salud local. Adem\u00e1s, acompa\u00f1\u00f3 el equipo de Tejiendo Redes, que viene trabajando sostenidamente en la localidad con las promotoras territoriales.<\/p>\n<p>Es el primer operativo de estas caracter\u00edsticas que realizan con este nuevo dispositivo integral, y estiman replicarlo escalonadamente en otras localidades y barrios de la ciudad.<\/p>\n<p>La directora de Pol\u00edticas de G\u00e9nero Florencia Caro realiz\u00f3 un balance de la jornada y brind\u00f3 detalles de este nuevo dispositivo de abordaje y promoci\u00f3n territorial: \u00abEstas acciones forman parte de una nueva mirada a nivel gesti\u00f3n, que tiene que ver con imprimirle una impronta m\u00e1s territorial a la Direcci\u00f3n\u00bb , indic\u00f3.<\/p>\n<p>Adem\u00e1s destac\u00f3 el compromiso de \u00abReforzar que estas acciones sean replicadoras, al tiempo que promocionamos nuestros recursos y visibilizamos la presencia de la DPG en territorio\u00bb.<\/p>\n<p>Por \u00faltimo, agradeci\u00f3 el compromiso de su equipo a nivel profesional y humano, y la participaci\u00f3n de la comunidad a trav\u00e9s de las instituciones que asistieron al programa de actividades.<\/p>\n<p><a href=\"https:\/\/experienciadevida.com.ar\/portalurbano\/politicas-de-genero-realizo-una-jornada-de-difusion-territorial-de-recursos-en-sierra-chica\/politicas-3\/\" rel=\"attachment wp-att-172772\"><img decoding=\"async\" class=\"alignnone size-large wp-image-172772\" src=\"https:\/\/experienciadevida.com.ar\/portalurbano\/wp-content\/uploads\/2022\/08\/Politicas-1024x459.jpeg\" alt=\"Pol\u00edticas \" width=\"900\" height=\"403\" srcset=\"https:\/\/experienciadevida.com.ar\/portalurbano\/wp-content\/uploads\/2022\/08\/Politicas-1024x459.jpeg 1024w, https:\/\/experienciadevida.com.ar\/portalurbano\/wp-content\/uploads\/2022\/08\/Politicas-300x134.jpeg 300w, https:\/\/experienciadevida.com.ar\/portalurbano\/wp-content\/uploads\/2022\/08\/Politicas-768x344.jpeg 768w, https:\/\/experienciadevida.com.ar\/portalurbano\/wp-content\/uploads\/2022\/08\/Politicas-1536x688.jpeg 1536w, https:\/\/experienciadevida.com.ar\/portalurbano\/wp-content\/uploads\/2022\/08\/Politicas-150x67.jpeg 150w, https:\/\/experienciadevida.com.ar\/portalurbano\/wp-content\/uploads\/2022\/08\/Politicas.jpeg 1600w\" sizes=\"(max-width: 900px) 100vw, 900px\" \/><\/a><\/p>\n<p>&nbsp;<\/p>\n","protected":false},"excerpt":{"rendered":"<p>Pol\u00edticas de G\u00e9nero realiz\u00f3 una jornada de difusi\u00f3n territorial de recursos en Sierra Chica, este&#8230;<\/p>\n","protected":false},"author":1,"featured_media":172771,"comment_status":"closed","ping_status":"closed","sticky":false,"template":"","format":"standard","meta":{"content-type":""},"categories":[27],"tags":[],"nelio_content":{"isAutoShareEnabled":false,"autoShareEndMode":"default","automationSources":{"useContentSentences":true,"useSocialTemplates":true,"useCustomSentences":false,"customSentences":[]},"followers":[1],"suggestedReferences":[],"includedReferences":[],"efiUrl":"","efiAlt":"","highlights":[]},"yoast_head":"<!-- This site is optimized with the Yoast SEO plugin v20.7 - https:\/\/yoast.com\/wordpress\/plugins\/seo\/ -->\n<title>Pol\u00edticas de g\u00e9nero realiz\u00f3 una jornada de difusi\u00f3n territorial<\/title>\n<meta name=\"description\" content=\"Pol\u00edticas de G\u00e9nero realiz\u00f3 una jornada de difusi\u00f3n territorial de recursos en Sierra Chica, este viernes por la ma\u00f1ana,\" \/>\n<meta name=\"robots\" content=\"index, follow, max-snippet:-1, max-image-preview:large, max-video-preview:-1\" \/>\n<link rel=\"canonical\" href=\"https:\/\/experienciadevida.com.ar\/portalurbano\/politicas-de-genero-realizo-una-jornada-de-difusion-territorial-de-recursos-en-sierra-chica\/\" \/>\n<meta property=\"og:locale\" content=\"es_ES\" \/>\n<meta property=\"og:type\" content=\"article\" \/>\n<meta property=\"og:title\" content=\"Pol\u00edticas de g\u00e9nero realiz\u00f3 una jornada de difusi\u00f3n territorial\" \/>\n<meta property=\"og:description\" content=\"Pol\u00edticas de G\u00e9nero realiz\u00f3 una jornada de difusi\u00f3n territorial de recursos en Sierra Chica, este viernes por la ma\u00f1ana,\" \/>\n<meta property=\"og:url\" content=\"https:\/\/experienciadevida.com.ar\/portalurbano\/politicas-de-genero-realizo-una-jornada-de-difusion-territorial-de-recursos-en-sierra-chica\/\" \/>\n<meta property=\"article:publisher\" content=\"https:\/\/www.facebook.com\/Portal-Urbano-171542830093757\/\" \/>\n<meta property=\"article:published_time\" content=\"2022-08-06T15:29:17+00:00\" \/>\n<meta property=\"article:modified_time\" content=\"2022-08-06T15:29:49+00:00\" \/>\n<meta property=\"og:image\" content=\"https:\/\/experienciadevida.com.ar\/portalurbano\/wp-content\/uploads\/2022\/08\/Politicas-de-Genero-realizo.jpg\" \/>\n\t<meta property=\"og:image:width\" content=\"1277\" \/>\n\t<meta property=\"og:image:height\" content=\"1027\" \/>\n\t<meta property=\"og:image:type\" content=\"image\/jpeg\" \/>\n<meta name=\"author\" content=\"admpu17wp\" \/>\n<meta name=\"twitter:card\" content=\"summary_large_image\" \/>\n<meta name=\"twitter:creator\" content=\"@portalurbanook\" \/>\n<meta name=\"twitter:site\" content=\"@portalurbanook\" \/>\n<meta name=\"twitter:label1\" content=\"Escrito por\" \/>\n\t<meta name=\"twitter:data1\" content=\"admpu17wp\" \/>\n\t<meta name=\"twitter:label2\" content=\"Tiempo de lectura\" \/>\n\t<meta name=\"twitter:data2\" content=\"2 minutos\" \/>\n<script type=\"application\/ld+json\" class=\"yoast-schema-graph\">{\"@context\":\"https:\/\/schema.org\",\"@graph\":[{\"@type\":\"Article\",\"@id\":\"https:\/\/experienciadevida.com.ar\/portalurbano\/politicas-de-genero-realizo-una-jornada-de-difusion-territorial-de-recursos-en-sierra-chica\/#article\",\"isPartOf\":{\"@id\":\"https:\/\/experienciadevida.com.ar\/portalurbano\/politicas-de-genero-realizo-una-jornada-de-difusion-territorial-de-recursos-en-sierra-chica\/\"},\"author\":{\"name\":\"admpu17wp\",\"@id\":\"https:\/\/experienciadevida.com.ar\/portalurbano\/#\/schema\/person\/02dd326b1c4b056e9cc972486934a3a7\"},\"headline\":\"Pol\u00edticas de G\u00e9nero realiz\u00f3 una jornada de difusi\u00f3n territorial de recursos en Sierra Chica\",\"datePublished\":\"2022-08-06T15:29:17+00:00\",\"dateModified\":\"2022-08-06T15:29:49+00:00\",\"mainEntityOfPage\":{\"@id\":\"https:\/\/experienciadevida.com.ar\/portalurbano\/politicas-de-genero-realizo-una-jornada-de-difusion-territorial-de-recursos-en-sierra-chica\/\"},\"wordCount\":331,\"publisher\":{\"@id\":\"https:\/\/experienciadevida.com.ar\/portalurbano\/#organization\"},\"articleSection\":[\"Ciudad\"],\"inLanguage\":\"es\"},{\"@type\":\"WebPage\",\"@id\":\"https:\/\/experienciadevida.com.ar\/portalurbano\/politicas-de-genero-realizo-una-jornada-de-difusion-territorial-de-recursos-en-sierra-chica\/\",\"url\":\"https:\/\/experienciadevida.com.ar\/portalurbano\/politicas-de-genero-realizo-una-jornada-de-difusion-territorial-de-recursos-en-sierra-chica\/\",\"name\":\"Pol\u00edticas de g\u00e9nero realiz\u00f3 una jornada de difusi\u00f3n territorial\",\"isPartOf\":{\"@id\":\"https:\/\/experienciadevida.com.ar\/portalurbano\/#website\"},\"datePublished\":\"2022-08-06T15:29:17+00:00\",\"dateModified\":\"2022-08-06T15:29:49+00:00\",\"description\":\"Pol\u00edticas de G\u00e9nero realiz\u00f3 una jornada de difusi\u00f3n territorial de recursos en Sierra Chica, este viernes por la ma\u00f1ana,\",\"breadcrumb\":{\"@id\":\"https:\/\/experienciadevida.com.ar\/portalurbano\/politicas-de-genero-realizo-una-jornada-de-difusion-territorial-de-recursos-en-sierra-chica\/#breadcrumb\"},\"inLanguage\":\"es\",\"potentialAction\":[{\"@type\":\"ReadAction\",\"target\":[\"https:\/\/experienciadevida.com.ar\/portalurbano\/politicas-de-genero-realizo-una-jornada-de-difusion-territorial-de-recursos-en-sierra-chica\/\"]}]},{\"@type\":\"BreadcrumbList\",\"@id\":\"https:\/\/experienciadevida.com.ar\/portalurbano\/politicas-de-genero-realizo-una-jornada-de-difusion-territorial-de-recursos-en-sierra-chica\/#breadcrumb\",\"itemListElement\":[{\"@type\":\"ListItem\",\"position\":1,\"name\":\"Portada\",\"item\":\"https:\/\/experienciadevida.com.ar\/portalurbano\/\"},{\"@type\":\"ListItem\",\"position\":2,\"name\":\"Pol\u00edticas de G\u00e9nero realiz\u00f3 una jornada de difusi\u00f3n territorial de recursos en Sierra Chica\"}]},{\"@type\":\"WebSite\",\"@id\":\"https:\/\/experienciadevida.com.ar\/portalurbano\/#website\",\"url\":\"https:\/\/experienciadevida.com.ar\/portalurbano\/\",\"name\":\"\",\"description\":\"\",\"publisher\":{\"@id\":\"https:\/\/experienciadevida.com.ar\/portalurbano\/#organization\"},\"potentialAction\":[{\"@type\":\"SearchAction\",\"target\":{\"@type\":\"EntryPoint\",\"urlTemplate\":\"https:\/\/experienciadevida.com.ar\/portalurbano\/?s={search_term_string}\"},\"query-input\":\"required name=search_term_string\"}],\"inLanguage\":\"es\"},{\"@type\":\"Organization\",\"@id\":\"https:\/\/experienciadevida.com.ar\/portalurbano\/#organization\",\"name\":\"Portal Urbano\",\"url\":\"https:\/\/experienciadevida.com.ar\/portalurbano\/\",\"logo\":{\"@type\":\"ImageObject\",\"inLanguage\":\"es\",\"@id\":\"https:\/\/experienciadevida.com.ar\/portalurbano\/#\/schema\/logo\/image\/\",\"url\":\"https:\/\/experienciadevida.com.ar\/portalurbano\/wp-content\/uploads\/2019\/09\/Logo-Original.png\",\"contentUrl\":\"https:\/\/experienciadevida.com.ar\/portalurbano\/wp-content\/uploads\/2019\/09\/Logo-Original.png\",\"width\":2236,\"height\":1216,\"caption\":\"Portal Urbano\"},\"image\":{\"@id\":\"https:\/\/experienciadevida.com.ar\/portalurbano\/#\/schema\/logo\/image\/\"},\"sameAs\":[\"https:\/\/www.facebook.com\/Portal-Urbano-171542830093757\/\",\"https:\/\/twitter.com\/portalurbanook\",\"https:\/\/www.instagram.com\/_portalurbano\/\",\"https:\/\/www.youtube.com\/channel\/UCXhagIfszH8KxFiOok79zbA?view_as=subscriber\"]},{\"@type\":\"Person\",\"@id\":\"https:\/\/experienciadevida.com.ar\/portalurbano\/#\/schema\/person\/02dd326b1c4b056e9cc972486934a3a7\",\"name\":\"admpu17wp\",\"image\":{\"@type\":\"ImageObject\",\"inLanguage\":\"es\",\"@id\":\"https:\/\/experienciadevida.com.ar\/portalurbano\/#\/schema\/person\/image\/\",\"url\":\"https:\/\/secure.gravatar.com\/avatar\/830d4c57adaae6630765e449a6908047?s=96&d=mm&r=g\",\"contentUrl\":\"https:\/\/secure.gravatar.com\/avatar\/830d4c57adaae6630765e449a6908047?s=96&d=mm&r=g\",\"caption\":\"admpu17wp\"}}]}<\/script>\n<!-- \/ Yoast SEO plugin. -->","yoast_head_json":{"title":"Pol\u00edticas de g\u00e9nero realiz\u00f3 una jornada de difusi\u00f3n territorial","description":"Pol\u00edticas de G\u00e9nero realiz\u00f3 una jornada de difusi\u00f3n territorial de recursos en Sierra Chica, este viernes por la ma\u00f1ana,","robots":{"index":"index","follow":"follow","max-snippet":"max-snippet:-1","max-image-preview":"max-image-preview:large","max-video-preview":"max-video-preview:-1"},"canonical":"https:\/\/experienciadevida.com.ar\/portalurbano\/politicas-de-genero-realizo-una-jornada-de-difusion-territorial-de-recursos-en-sierra-chica\/","og_locale":"es_ES","og_type":"article","og_title":"Pol\u00edticas de g\u00e9nero realiz\u00f3 una jornada de difusi\u00f3n territorial","og_description":"Pol\u00edticas de G\u00e9nero realiz\u00f3 una jornada de difusi\u00f3n territorial de recursos en Sierra Chica, este viernes por la ma\u00f1ana,","og_url":"https:\/\/experienciadevida.com.ar\/portalurbano\/politicas-de-genero-realizo-una-jornada-de-difusion-territorial-de-recursos-en-sierra-chica\/","article_publisher":"https:\/\/www.facebook.com\/Portal-Urbano-171542830093757\/","article_published_time":"2022-08-06T15:29:17+00:00","article_modified_time":"2022-08-06T15:29:49+00:00","og_image":[{"width":1277,"height":1027,"url":"https:\/\/experienciadevida.com.ar\/portalurbano\/wp-content\/uploads\/2022\/08\/Politicas-de-Genero-realizo.jpg","type":"image\/jpeg"}],"author":"admpu17wp","twitter_card":"summary_large_image","twitter_creator":"@portalurbanook","twitter_site":"@portalurbanook","twitter_misc":{"Escrito por":"admpu17wp","Tiempo de lectura":"2 minutos"},"schema":{"@context":"https:\/\/schema.org","@graph":[{"@type":"Article","@id":"https:\/\/experienciadevida.com.ar\/portalurbano\/politicas-de-genero-realizo-una-jornada-de-difusion-territorial-de-recursos-en-sierra-chica\/#article","isPartOf":{"@id":"https:\/\/experienciadevida.com.ar\/portalurbano\/politicas-de-genero-realizo-una-jornada-de-difusion-territorial-de-recursos-en-sierra-chica\/"},"author":{"name":"admpu17wp","@id":"https:\/\/experienciadevida.com.ar\/portalurbano\/#\/schema\/person\/02dd326b1c4b056e9cc972486934a3a7"},"headline":"Pol\u00edticas de G\u00e9nero realiz\u00f3 una jornada de difusi\u00f3n territorial de recursos en Sierra Chica","datePublished":"2022-08-06T15:29:17+00:00","dateModified":"2022-08-06T15:29:49+00:00","mainEntityOfPage":{"@id":"https:\/\/experienciadevida.com.ar\/portalurbano\/politicas-de-genero-realizo-una-jornada-de-difusion-territorial-de-recursos-en-sierra-chica\/"},"wordCount":331,"publisher":{"@id":"https:\/\/experienciadevida.com.ar\/portalurbano\/#organization"},"articleSection":["Ciudad"],"inLanguage":"es"},{"@type":"WebPage","@id":"https:\/\/experienciadevida.com.ar\/portalurbano\/politicas-de-genero-realizo-una-jornada-de-difusion-territorial-de-recursos-en-sierra-chica\/","url":"https:\/\/experienciadevida.com.ar\/portalurbano\/politicas-de-genero-realizo-una-jornada-de-difusion-territorial-de-recursos-en-sierra-chica\/","name":"Pol\u00edticas de g\u00e9nero realiz\u00f3 una jornada de difusi\u00f3n territorial","isPartOf":{"@id":"https:\/\/experienciadevida.com.ar\/portalurbano\/#website"},"datePublished":"2022-08-06T15:29:17+00:00","dateModified":"2022-08-06T15:29:49+00:00","description":"Pol\u00edticas de G\u00e9nero realiz\u00f3 una jornada de difusi\u00f3n territorial de recursos en Sierra Chica, este viernes por la ma\u00f1ana,","breadcrumb":{"@id":"https:\/\/experienciadevida.com.ar\/portalurbano\/politicas-de-genero-realizo-una-jornada-de-difusion-territorial-de-recursos-en-sierra-chica\/#breadcrumb"},"inLanguage":"es","potentialAction":[{"@type":"ReadAction","target":["https:\/\/experienciadevida.com.ar\/portalurbano\/politicas-de-genero-realizo-una-jornada-de-difusion-territorial-de-recursos-en-sierra-chica\/"]}]},{"@type":"BreadcrumbList","@id":"https:\/\/experienciadevida.com.ar\/portalurbano\/politicas-de-genero-realizo-una-jornada-de-difusion-territorial-de-recursos-en-sierra-chica\/#breadcrumb","itemListElement":[{"@type":"ListItem","position":1,"name":"Portada","item":"https:\/\/experienciadevida.com.ar\/portalurbano\/"},{"@type":"ListItem","position":2,"name":"Pol\u00edticas de G\u00e9nero realiz\u00f3 una jornada de difusi\u00f3n territorial de recursos en Sierra Chica"}]},{"@type":"WebSite","@id":"https:\/\/experienciadevida.com.ar\/portalurbano\/#website","url":"https:\/\/experienciadevida.com.ar\/portalurbano\/","name":"","description":"","publisher":{"@id":"https:\/\/experienciadevida.com.ar\/portalurbano\/#organization"},"potentialAction":[{"@type":"SearchAction","target":{"@type":"EntryPoint","urlTemplate":"https:\/\/experienciadevida.com.ar\/portalurbano\/?s={search_term_string}"},"query-input":"required name=search_term_string"}],"inLanguage":"es"},{"@type":"Organization","@id":"https:\/\/experienciadevida.com.ar\/portalurbano\/#organization","name":"Portal Urbano","url":"https:\/\/experienciadevida.com.ar\/portalurbano\/","logo":{"@type":"ImageObject","inLanguage":"es","@id":"https:\/\/experienciadevida.com.ar\/portalurbano\/#\/schema\/logo\/image\/","url":"https:\/\/experienciadevida.com.ar\/portalurbano\/wp-content\/uploads\/2019\/09\/Logo-Original.png","contentUrl":"https:\/\/experienciadevida.com.ar\/portalurbano\/wp-content\/uploads\/2019\/09\/Logo-Original.png","width":2236,"height":1216,"caption":"Portal Urbano"},"image":{"@id":"https:\/\/experienciadevida.com.ar\/portalurbano\/#\/schema\/logo\/image\/"},"sameAs":["https:\/\/www.facebook.com\/Portal-Urbano-171542830093757\/","https:\/\/twitter.com\/portalurbanook","https:\/\/www.instagram.com\/_portalurbano\/","https:\/\/www.youtube.com\/channel\/UCXhagIfszH8KxFiOok79zbA?view_as=subscriber"]},{"@type":"Person","@id":"https:\/\/experienciadevida.com.ar\/portalurbano\/#\/schema\/person\/02dd326b1c4b056e9cc972486934a3a7","name":"admpu17wp","image":{"@type":"ImageObject","inLanguage":"es","@id":"https:\/\/experienciadevida.com.ar\/portalurbano\/#\/schema\/person\/image\/","url":"https:\/\/secure.gravatar.com\/avatar\/830d4c57adaae6630765e449a6908047?s=96&d=mm&r=g","contentUrl":"https:\/\/secure.gravatar.com\/avatar\/830d4c57adaae6630765e449a6908047?s=96&d=mm&r=g","caption":"admpu17wp"}}]}},"featured_image_urls":{"full":["https:\/\/experienciadevida.com.ar\/portalurbano\/wp-content\/uploads\/2022\/08\/Politicas-de-Genero-realizo.jpg",1277,1027,false],"thumbnail":["https:\/\/experienciadevida.com.ar\/portalurbano\/wp-content\/uploads\/2022\/08\/Politicas-de-Genero-realizo-150x150.jpg",150,150,true],"medium":["https:\/\/experienciadevida.com.ar\/portalurbano\/wp-content\/uploads\/2022\/08\/Politicas-de-Genero-realizo-300x241.jpg",300,241,true],"medium_large":["https:\/\/experienciadevida.com.ar\/portalurbano\/wp-content\/uploads\/2022\/08\/Politicas-de-Genero-realizo-768x618.jpg",640,515,true],"large":["https:\/\/experienciadevida.com.ar\/portalurbano\/wp-content\/uploads\/2022\/08\/Politicas-de-Genero-realizo-1024x824.jpg",640,515,true],"ug_big":["https:\/\/experienciadevida.com.ar\/portalurbano\/wp-content\/uploads\/2022\/08\/Politicas-de-Genero-realizo-768x618.jpg",768,618,true],"1536x1536":["https:\/\/experienciadevida.com.ar\/portalurbano\/wp-content\/uploads\/2022\/08\/Politicas-de-Genero-realizo.jpg",1277,1027,false],"2048x2048":["https:\/\/experienciadevida.com.ar\/portalurbano\/wp-content\/uploads\/2022\/08\/Politicas-de-Genero-realizo.jpg",1277,1027,false],"newsever-slider-full":["https:\/\/experienciadevida.com.ar\/portalurbano\/wp-content\/uploads\/2022\/08\/Politicas-de-Genero-realizo.jpg",1051,845,false],"newsever-featured":["https:\/\/experienciadevida.com.ar\/portalurbano\/wp-content\/uploads\/2022\/08\/Politicas-de-Genero-realizo.jpg",1024,824,false],"newsever-medium":["https:\/\/experienciadevida.com.ar\/portalurbano\/wp-content\/uploads\/2022\/08\/Politicas-de-Genero-realizo.jpg",591,475,false],"web-stories-poster-portrait":["https:\/\/experienciadevida.com.ar\/portalurbano\/wp-content\/uploads\/2022\/08\/Politicas-de-Genero-realizo-640x853.jpg",640,853,true],"web-stories-publisher-logo":["https:\/\/experienciadevida.com.ar\/portalurbano\/wp-content\/uploads\/2022\/08\/Politicas-de-Genero-realizo-96x96.jpg",96,96,true],"web-stories-thumbnail":["https:\/\/experienciadevida.com.ar\/portalurbano\/wp-content\/uploads\/2022\/08\/Politicas-de-Genero-realizo-150x121.jpg",150,121,true]},"author_info":{"display_name":"admpu17wp","author_link":"https:\/\/experienciadevida.com.ar\/portalurbano\/author\/admpu17wp\/"},"category_info":"<a href=\"https:\/\/experienciadevida.com.ar\/portalurbano\/category\/ciudad\/\" rel=\"category tag\">Ciudad<\/a>","tag_info":"Ciudad","comment_count":"0","amp_enabled":true,"_links":{"self":[{"href":"https:\/\/experienciadevida.com.ar\/portalurbano\/wp-json\/wp\/v2\/posts\/172770"}],"collection":[{"href":"https:\/\/experienciadevida.com.ar\/portalurbano\/wp-json\/wp\/v2\/posts"}],"about":[{"href":"https:\/\/experienciadevida.com.ar\/portalurbano\/wp-json\/wp\/v2\/types\/post"}],"author":[{"embeddable":true,"href":"https:\/\/experienciadevida.com.ar\/portalurbano\/wp-json\/wp\/v2\/users\/1"}],"replies":[{"embeddable":true,"href":"https:\/\/experienciadevida.com.ar\/portalurbano\/wp-json\/wp\/v2\/comments?post=172770"}],"version-history":[{"count":2,"href":"https:\/\/experienciadevida.com.ar\/portalurbano\/wp-json\/wp\/v2\/posts\/172770\/revisions"}],"predecessor-version":[{"id":172774,"href":"https:\/\/experienciadevida.com.ar\/portalurbano\/wp-json\/wp\/v2\/posts\/172770\/revisions\/172774"}],"wp:featuredmedia":[{"embeddable":true,"href":"https:\/\/experienciadevida.com.ar\/portalurbano\/wp-json\/wp\/v2\/media\/172771"}],"wp:attachment":[{"href":"https:\/\/experienciadevida.com.ar\/portalurbano\/wp-json\/wp\/v2\/media?parent=172770"}],"wp:term":[{"taxonomy":"category","embeddable":true,"href":"https:\/\/experienciadevida.com.ar\/portalurbano\/wp-json\/wp\/v2\/categories?post=172770"},{"taxonomy":"post_tag","embeddable":true,"href":"https:\/\/experienciadevida.com.ar\/portalurbano\/wp-json\/wp\/v2\/tags?post=172770"}],"curies":[{"name":"wp","href":"https:\/\/api.w.org\/{rel}","templated":true}]}}