{"id":172757,"date":"2022-08-06T11:49:08","date_gmt":"2022-08-06T14:49:08","guid":{"rendered":"https:\/\/experienciadevida.com.ar\/portalurbano\/?p=172757"},"modified":"2022-08-06T11:50:25","modified_gmt":"2022-08-06T14:50:25","slug":"coopelectric-se-reunio-con-la-sociedad-de-fomento-creador-de-la-bandera","status":"publish","type":"post","link":"https:\/\/experienciadevida.com.ar\/portalurbano\/coopelectric-se-reunio-con-la-sociedad-de-fomento-creador-de-la-bandera\/","title":{"rendered":"Coopelectric se reuni\u00f3 con la Sociedad de Fomento creador de la bandera"},"content":{"rendered":"<p>Coopelectric se reuni\u00f3 con la Sociedad de Fomento creador de la bandera, en el marco del programa Di\u00e1logos Comunitarios, las autoridades de la Sociedad de Fomento Creador de la Bandera visitaron la sede administrativa<br \/>\nde Coopelectric y mantuvieron un encuentro con los integrantes del Consejo de Administraci\u00f3n.<\/p>\n<p>Estuvieron presentes el titular del Consejo de Administraci\u00f3n Cruz Arouxet, el secretario Alberto Miotti, el tesorero Carlos D\u00edaz, el prosecretario Oscar Angeletti, el protesorero Jorge Rodr\u00edguez Setzes, el vocal Jos\u00e9 Mor\u00e1n, el presidente y el vicepresidente del cuerpo de Delegados Ignacio Pagano y Jos\u00e9 Luis Veyrand, el gerente de Coordinaci\u00f3n Ejecutiva Oscar L\u00f3pez, el gerente de Distribuci\u00f3n del Servicio El\u00e9ctrico Claudio N\u00e1poli, el presidente<br \/>\nde la Sociedad de Fomento \u201cCreador de la Bandera\u201d Ra\u00fal F\u00e9lix y su tesorero Eduardo D\u00edaz.<\/p>\n<p>Entre los temas abordado, se destac\u00f3 el servicio de Alumbrado P\u00fablico cuya operaci\u00f3n y mantenimiento se encuentra a cargo de Coopelectric. En tal sentido, se respondieron inquietudes vinculadas a la tecnolog\u00eda LED, se<br \/>\nbrind\u00f3 asesoramiento respecto de la expansi\u00f3n del sistema de alumbrado y se puso de manifiesto la importancia de radicar los reclamos a trav\u00e9s de las v\u00edas de comunicaci\u00f3n habilitadas (WhatsApp 2284-230707, Tel. 412305, SMS<br \/>\n15-680000).<\/p>\n<p>Los fomentistas consultaron sobre la posibilidad de acceder a financiaci\u00f3n ante situaciones de deuda, por lo que se brindaron detalles respecto de los planes de pago vigentes y al mismo tiempo se inform\u00f3 que los vecinos que<br \/>\npresenten deudas en los servicios el\u00e9ctrico o sanitario pueden acercarse a la sede administrativa para ser atendidos personalmente. \u201cAcompa\u00f1amos a las familias que se encuentran atravesando realidades socioecon\u00f3micas complejas,<br \/>\nlas puertas de la Cooperativa est\u00e1n abiertas para poder regularizar las deudas contemplando la situaci\u00f3n de cada asociado\u201d se\u00f1alaron desde el Consejo de Administraci\u00f3n.<\/p>\n<p>Por otro lado, se dialog\u00f3 sobre aspectos administrativos y operativos del Servicio de Obras Sanitarias, y de los requisitos para que los grupos familiares puedan adherirse a los Servicios Sociales.<\/p>\n<p>\u201cFue un encuentro c\u00e1lido en el que pudimos escuchar a los dirigentes fomentistas, conocer sus inquietudes, brindarles informaci\u00f3n y generar nuevas acciones de trabajo\u201d sostuvo Cruz Arouxet y acerca del Programa<br \/>\nDi\u00e1logos Comunitarios agreg\u00f3 \u201crealmente estamos felices de la repercusi\u00f3n que ha tenido en todas las entidades intermedias y en nuestra relaci\u00f3n para con la comunidad\u201d.<\/p>\n<p><strong>Programa &#8220;di\u00e1logos comunitarios&#8221;:\u00a0<\/strong><\/p>\n<p>Coopelectric se reuni\u00f3 con la Sociedad de Fomento creador de la bandera, el programa impulsado por Coopelectric promueve espacios de encuentro con referentes de juntas vecinales, sociedades de fomento, entidades barriales,<br \/>\ninstituciones deportivas, educativas, asociaciones civiles sin fines de lucro, ONG\u00b4s, entre otras. Su finalidad consiste en abordar tem\u00e1ticas vinculadas a las prestaciones que brinda Coopelectric, profundizar el v\u00ednculo institucional y acordar acciones de trabajo.<\/p>\n<p><strong>\u00bfC\u00f3mo participar?<\/strong><\/p>\n<p>Las entidades interesadas en participar pueden solicitar un encuentro acerc\u00e1ndose de lunes a viernes de 7:30 a 14:30 hs. al \u00e1rea de Secretar\u00eda en la sede de Belgrano N\u00b0 2850 o contact\u00e1ndose a trav\u00e9s de la casilla de correo<br \/>\n&lt;mailto:secretariaadministracion@coopelectric.com.ar&gt; secretariaadministracion@coopelectric.com.ar<\/p>\n","protected":false},"excerpt":{"rendered":"<p>Coopelectric se reuni\u00f3 con la Sociedad de Fomento creador de la bandera, en el marco&#8230;<\/p>\n","protected":false},"author":1,"featured_media":172759,"comment_status":"closed","ping_status":"closed","sticky":false,"template":"","format":"standard","meta":{"content-type":""},"categories":[27],"tags":[],"nelio_content":{"isAutoShareEnabled":false,"autoShareEndMode":"default","automationSources":{"useContentSentences":true,"useSocialTemplates":true,"useCustomSentences":false,"customSentences":[]},"followers":[1],"suggestedReferences":[],"includedReferences":[],"efiUrl":"","efiAlt":"","highlights":[]},"yoast_head":"<!-- This site is optimized with the Yoast SEO plugin v20.7 - https:\/\/yoast.com\/wordpress\/plugins\/seo\/ -->\n<title>Coopelectric se reuni\u00f3 con la sociedad de fomento creador<\/title>\n<meta name=\"description\" content=\"Coopelectric se reuni\u00f3 con la Sociedad de Fomento creador de la bandera, en el marco del programa Di\u00e1logos Comunitarios,\" \/>\n<meta name=\"robots\" content=\"index, follow, max-snippet:-1, max-image-preview:large, max-video-preview:-1\" \/>\n<link rel=\"canonical\" href=\"https:\/\/experienciadevida.com.ar\/portalurbano\/coopelectric-se-reunio-con-la-sociedad-de-fomento-creador-de-la-bandera\/\" \/>\n<meta property=\"og:locale\" content=\"es_ES\" \/>\n<meta property=\"og:type\" content=\"article\" \/>\n<meta property=\"og:title\" content=\"Coopelectric se reuni\u00f3 con la sociedad de fomento creador\" \/>\n<meta property=\"og:description\" content=\"Coopelectric se reuni\u00f3 con la Sociedad de Fomento creador de la bandera, en el marco del programa Di\u00e1logos Comunitarios,\" \/>\n<meta property=\"og:url\" content=\"https:\/\/experienciadevida.com.ar\/portalurbano\/coopelectric-se-reunio-con-la-sociedad-de-fomento-creador-de-la-bandera\/\" \/>\n<meta property=\"article:publisher\" content=\"https:\/\/www.facebook.com\/Portal-Urbano-171542830093757\/\" \/>\n<meta property=\"article:published_time\" content=\"2022-08-06T14:49:08+00:00\" \/>\n<meta property=\"article:modified_time\" content=\"2022-08-06T14:50:25+00:00\" \/>\n<meta property=\"og:image\" content=\"https:\/\/experienciadevida.com.ar\/portalurbano\/wp-content\/uploads\/2022\/08\/Coopelectric-se-reunio-con.jpeg\" \/>\n\t<meta property=\"og:image:width\" content=\"1280\" \/>\n\t<meta property=\"og:image:height\" content=\"960\" \/>\n\t<meta property=\"og:image:type\" content=\"image\/jpeg\" \/>\n<meta name=\"author\" content=\"admpu17wp\" \/>\n<meta name=\"twitter:card\" content=\"summary_large_image\" \/>\n<meta name=\"twitter:creator\" content=\"@portalurbanook\" \/>\n<meta name=\"twitter:site\" content=\"@portalurbanook\" \/>\n<meta name=\"twitter:label1\" content=\"Escrito por\" \/>\n\t<meta name=\"twitter:data1\" content=\"admpu17wp\" \/>\n\t<meta name=\"twitter:label2\" content=\"Tiempo de lectura\" \/>\n\t<meta name=\"twitter:data2\" content=\"3 minutos\" \/>\n<script type=\"application\/ld+json\" class=\"yoast-schema-graph\">{\"@context\":\"https:\/\/schema.org\",\"@graph\":[{\"@type\":\"Article\",\"@id\":\"https:\/\/experienciadevida.com.ar\/portalurbano\/coopelectric-se-reunio-con-la-sociedad-de-fomento-creador-de-la-bandera\/#article\",\"isPartOf\":{\"@id\":\"https:\/\/experienciadevida.com.ar\/portalurbano\/coopelectric-se-reunio-con-la-sociedad-de-fomento-creador-de-la-bandera\/\"},\"author\":{\"name\":\"admpu17wp\",\"@id\":\"https:\/\/experienciadevida.com.ar\/portalurbano\/#\/schema\/person\/02dd326b1c4b056e9cc972486934a3a7\"},\"headline\":\"Coopelectric se reuni\u00f3 con la Sociedad de Fomento creador de la bandera\",\"datePublished\":\"2022-08-06T14:49:08+00:00\",\"dateModified\":\"2022-08-06T14:50:25+00:00\",\"mainEntityOfPage\":{\"@id\":\"https:\/\/experienciadevida.com.ar\/portalurbano\/coopelectric-se-reunio-con-la-sociedad-de-fomento-creador-de-la-bandera\/\"},\"wordCount\":542,\"publisher\":{\"@id\":\"https:\/\/experienciadevida.com.ar\/portalurbano\/#organization\"},\"articleSection\":[\"Ciudad\"],\"inLanguage\":\"es\"},{\"@type\":\"WebPage\",\"@id\":\"https:\/\/experienciadevida.com.ar\/portalurbano\/coopelectric-se-reunio-con-la-sociedad-de-fomento-creador-de-la-bandera\/\",\"url\":\"https:\/\/experienciadevida.com.ar\/portalurbano\/coopelectric-se-reunio-con-la-sociedad-de-fomento-creador-de-la-bandera\/\",\"name\":\"Coopelectric se reuni\u00f3 con la sociedad de fomento creador\",\"isPartOf\":{\"@id\":\"https:\/\/experienciadevida.com.ar\/portalurbano\/#website\"},\"datePublished\":\"2022-08-06T14:49:08+00:00\",\"dateModified\":\"2022-08-06T14:50:25+00:00\",\"description\":\"Coopelectric se reuni\u00f3 con la Sociedad de Fomento creador de la bandera, en el marco del programa Di\u00e1logos Comunitarios,\",\"breadcrumb\":{\"@id\":\"https:\/\/experienciadevida.com.ar\/portalurbano\/coopelectric-se-reunio-con-la-sociedad-de-fomento-creador-de-la-bandera\/#breadcrumb\"},\"inLanguage\":\"es\",\"potentialAction\":[{\"@type\":\"ReadAction\",\"target\":[\"https:\/\/experienciadevida.com.ar\/portalurbano\/coopelectric-se-reunio-con-la-sociedad-de-fomento-creador-de-la-bandera\/\"]}]},{\"@type\":\"BreadcrumbList\",\"@id\":\"https:\/\/experienciadevida.com.ar\/portalurbano\/coopelectric-se-reunio-con-la-sociedad-de-fomento-creador-de-la-bandera\/#breadcrumb\",\"itemListElement\":[{\"@type\":\"ListItem\",\"position\":1,\"name\":\"Portada\",\"item\":\"https:\/\/experienciadevida.com.ar\/portalurbano\/\"},{\"@type\":\"ListItem\",\"position\":2,\"name\":\"Coopelectric se reuni\u00f3 con la Sociedad de Fomento creador de la bandera\"}]},{\"@type\":\"WebSite\",\"@id\":\"https:\/\/experienciadevida.com.ar\/portalurbano\/#website\",\"url\":\"https:\/\/experienciadevida.com.ar\/portalurbano\/\",\"name\":\"\",\"description\":\"\",\"publisher\":{\"@id\":\"https:\/\/experienciadevida.com.ar\/portalurbano\/#organization\"},\"potentialAction\":[{\"@type\":\"SearchAction\",\"target\":{\"@type\":\"EntryPoint\",\"urlTemplate\":\"https:\/\/experienciadevida.com.ar\/portalurbano\/?s={search_term_string}\"},\"query-input\":\"required name=search_term_string\"}],\"inLanguage\":\"es\"},{\"@type\":\"Organization\",\"@id\":\"https:\/\/experienciadevida.com.ar\/portalurbano\/#organization\",\"name\":\"Portal Urbano\",\"url\":\"https:\/\/experienciadevida.com.ar\/portalurbano\/\",\"logo\":{\"@type\":\"ImageObject\",\"inLanguage\":\"es\",\"@id\":\"https:\/\/experienciadevida.com.ar\/portalurbano\/#\/schema\/logo\/image\/\",\"url\":\"https:\/\/experienciadevida.com.ar\/portalurbano\/wp-content\/uploads\/2019\/09\/Logo-Original.png\",\"contentUrl\":\"https:\/\/experienciadevida.com.ar\/portalurbano\/wp-content\/uploads\/2019\/09\/Logo-Original.png\",\"width\":2236,\"height\":1216,\"caption\":\"Portal Urbano\"},\"image\":{\"@id\":\"https:\/\/experienciadevida.com.ar\/portalurbano\/#\/schema\/logo\/image\/\"},\"sameAs\":[\"https:\/\/www.facebook.com\/Portal-Urbano-171542830093757\/\",\"https:\/\/twitter.com\/portalurbanook\",\"https:\/\/www.instagram.com\/_portalurbano\/\",\"https:\/\/www.youtube.com\/channel\/UCXhagIfszH8KxFiOok79zbA?view_as=subscriber\"]},{\"@type\":\"Person\",\"@id\":\"https:\/\/experienciadevida.com.ar\/portalurbano\/#\/schema\/person\/02dd326b1c4b056e9cc972486934a3a7\",\"name\":\"admpu17wp\",\"image\":{\"@type\":\"ImageObject\",\"inLanguage\":\"es\",\"@id\":\"https:\/\/experienciadevida.com.ar\/portalurbano\/#\/schema\/person\/image\/\",\"url\":\"https:\/\/secure.gravatar.com\/avatar\/830d4c57adaae6630765e449a6908047?s=96&d=mm&r=g\",\"contentUrl\":\"https:\/\/secure.gravatar.com\/avatar\/830d4c57adaae6630765e449a6908047?s=96&d=mm&r=g\",\"caption\":\"admpu17wp\"}}]}<\/script>\n<!-- \/ Yoast SEO plugin. -->","yoast_head_json":{"title":"Coopelectric se reuni\u00f3 con la sociedad de fomento creador","description":"Coopelectric se reuni\u00f3 con la Sociedad de Fomento creador de la bandera, en el marco del programa Di\u00e1logos Comunitarios,","robots":{"index":"index","follow":"follow","max-snippet":"max-snippet:-1","max-image-preview":"max-image-preview:large","max-video-preview":"max-video-preview:-1"},"canonical":"https:\/\/experienciadevida.com.ar\/portalurbano\/coopelectric-se-reunio-con-la-sociedad-de-fomento-creador-de-la-bandera\/","og_locale":"es_ES","og_type":"article","og_title":"Coopelectric se reuni\u00f3 con la sociedad de fomento creador","og_description":"Coopelectric se reuni\u00f3 con la Sociedad de Fomento creador de la bandera, en el marco del programa Di\u00e1logos Comunitarios,","og_url":"https:\/\/experienciadevida.com.ar\/portalurbano\/coopelectric-se-reunio-con-la-sociedad-de-fomento-creador-de-la-bandera\/","article_publisher":"https:\/\/www.facebook.com\/Portal-Urbano-171542830093757\/","article_published_time":"2022-08-06T14:49:08+00:00","article_modified_time":"2022-08-06T14:50:25+00:00","og_image":[{"width":1280,"height":960,"url":"https:\/\/experienciadevida.com.ar\/portalurbano\/wp-content\/uploads\/2022\/08\/Coopelectric-se-reunio-con.jpeg","type":"image\/jpeg"}],"author":"admpu17wp","twitter_card":"summary_large_image","twitter_creator":"@portalurbanook","twitter_site":"@portalurbanook","twitter_misc":{"Escrito por":"admpu17wp","Tiempo de lectura":"3 minutos"},"schema":{"@context":"https:\/\/schema.org","@graph":[{"@type":"Article","@id":"https:\/\/experienciadevida.com.ar\/portalurbano\/coopelectric-se-reunio-con-la-sociedad-de-fomento-creador-de-la-bandera\/#article","isPartOf":{"@id":"https:\/\/experienciadevida.com.ar\/portalurbano\/coopelectric-se-reunio-con-la-sociedad-de-fomento-creador-de-la-bandera\/"},"author":{"name":"admpu17wp","@id":"https:\/\/experienciadevida.com.ar\/portalurbano\/#\/schema\/person\/02dd326b1c4b056e9cc972486934a3a7"},"headline":"Coopelectric se reuni\u00f3 con la Sociedad de Fomento creador de la bandera","datePublished":"2022-08-06T14:49:08+00:00","dateModified":"2022-08-06T14:50:25+00:00","mainEntityOfPage":{"@id":"https:\/\/experienciadevida.com.ar\/portalurbano\/coopelectric-se-reunio-con-la-sociedad-de-fomento-creador-de-la-bandera\/"},"wordCount":542,"publisher":{"@id":"https:\/\/experienciadevida.com.ar\/portalurbano\/#organization"},"articleSection":["Ciudad"],"inLanguage":"es"},{"@type":"WebPage","@id":"https:\/\/experienciadevida.com.ar\/portalurbano\/coopelectric-se-reunio-con-la-sociedad-de-fomento-creador-de-la-bandera\/","url":"https:\/\/experienciadevida.com.ar\/portalurbano\/coopelectric-se-reunio-con-la-sociedad-de-fomento-creador-de-la-bandera\/","name":"Coopelectric se reuni\u00f3 con la sociedad de fomento creador","isPartOf":{"@id":"https:\/\/experienciadevida.com.ar\/portalurbano\/#website"},"datePublished":"2022-08-06T14:49:08+00:00","dateModified":"2022-08-06T14:50:25+00:00","description":"Coopelectric se reuni\u00f3 con la Sociedad de Fomento creador de la bandera, en el marco del programa Di\u00e1logos Comunitarios,","breadcrumb":{"@id":"https:\/\/experienciadevida.com.ar\/portalurbano\/coopelectric-se-reunio-con-la-sociedad-de-fomento-creador-de-la-bandera\/#breadcrumb"},"inLanguage":"es","potentialAction":[{"@type":"ReadAction","target":["https:\/\/experienciadevida.com.ar\/portalurbano\/coopelectric-se-reunio-con-la-sociedad-de-fomento-creador-de-la-bandera\/"]}]},{"@type":"BreadcrumbList","@id":"https:\/\/experienciadevida.com.ar\/portalurbano\/coopelectric-se-reunio-con-la-sociedad-de-fomento-creador-de-la-bandera\/#breadcrumb","itemListElement":[{"@type":"ListItem","position":1,"name":"Portada","item":"https:\/\/experienciadevida.com.ar\/portalurbano\/"},{"@type":"ListItem","position":2,"name":"Coopelectric se reuni\u00f3 con la Sociedad de Fomento creador de la bandera"}]},{"@type":"WebSite","@id":"https:\/\/experienciadevida.com.ar\/portalurbano\/#website","url":"https:\/\/experienciadevida.com.ar\/portalurbano\/","name":"","description":"","publisher":{"@id":"https:\/\/experienciadevida.com.ar\/portalurbano\/#organization"},"potentialAction":[{"@type":"SearchAction","target":{"@type":"EntryPoint","urlTemplate":"https:\/\/experienciadevida.com.ar\/portalurbano\/?s={search_term_string}"},"query-input":"required name=search_term_string"}],"inLanguage":"es"},{"@type":"Organization","@id":"https:\/\/experienciadevida.com.ar\/portalurbano\/#organization","name":"Portal Urbano","url":"https:\/\/experienciadevida.com.ar\/portalurbano\/","logo":{"@type":"ImageObject","inLanguage":"es","@id":"https:\/\/experienciadevida.com.ar\/portalurbano\/#\/schema\/logo\/image\/","url":"https:\/\/experienciadevida.com.ar\/portalurbano\/wp-content\/uploads\/2019\/09\/Logo-Original.png","contentUrl":"https:\/\/experienciadevida.com.ar\/portalurbano\/wp-content\/uploads\/2019\/09\/Logo-Original.png","width":2236,"height":1216,"caption":"Portal Urbano"},"image":{"@id":"https:\/\/experienciadevida.com.ar\/portalurbano\/#\/schema\/logo\/image\/"},"sameAs":["https:\/\/www.facebook.com\/Portal-Urbano-171542830093757\/","https:\/\/twitter.com\/portalurbanook","https:\/\/www.instagram.com\/_portalurbano\/","https:\/\/www.youtube.com\/channel\/UCXhagIfszH8KxFiOok79zbA?view_as=subscriber"]},{"@type":"Person","@id":"https:\/\/experienciadevida.com.ar\/portalurbano\/#\/schema\/person\/02dd326b1c4b056e9cc972486934a3a7","name":"admpu17wp","image":{"@type":"ImageObject","inLanguage":"es","@id":"https:\/\/experienciadevida.com.ar\/portalurbano\/#\/schema\/person\/image\/","url":"https:\/\/secure.gravatar.com\/avatar\/830d4c57adaae6630765e449a6908047?s=96&d=mm&r=g","contentUrl":"https:\/\/secure.gravatar.com\/avatar\/830d4c57adaae6630765e449a6908047?s=96&d=mm&r=g","caption":"admpu17wp"}}]}},"featured_image_urls":{"full":["https:\/\/experienciadevida.com.ar\/portalurbano\/wp-content\/uploads\/2022\/08\/Coopelectric-se-reunio-con.jpeg",1280,960,false],"thumbnail":["https:\/\/experienciadevida.com.ar\/portalurbano\/wp-content\/uploads\/2022\/08\/Coopelectric-se-reunio-con-150x150.jpeg",150,150,true],"medium":["https:\/\/experienciadevida.com.ar\/portalurbano\/wp-content\/uploads\/2022\/08\/Coopelectric-se-reunio-con-300x225.jpeg",300,225,true],"medium_large":["https:\/\/experienciadevida.com.ar\/portalurbano\/wp-content\/uploads\/2022\/08\/Coopelectric-se-reunio-con-768x576.jpeg",640,480,true],"large":["https:\/\/experienciadevida.com.ar\/portalurbano\/wp-content\/uploads\/2022\/08\/Coopelectric-se-reunio-con-1024x768.jpeg",640,480,true],"ug_big":["https:\/\/experienciadevida.com.ar\/portalurbano\/wp-content\/uploads\/2022\/08\/Coopelectric-se-reunio-con-768x576.jpeg",768,576,true],"1536x1536":["https:\/\/experienciadevida.com.ar\/portalurbano\/wp-content\/uploads\/2022\/08\/Coopelectric-se-reunio-con.jpeg",1280,960,false],"2048x2048":["https:\/\/experienciadevida.com.ar\/portalurbano\/wp-content\/uploads\/2022\/08\/Coopelectric-se-reunio-con.jpeg",1280,960,false],"newsever-slider-full":["https:\/\/experienciadevida.com.ar\/portalurbano\/wp-content\/uploads\/2022\/08\/Coopelectric-se-reunio-con.jpeg",1127,845,false],"newsever-featured":["https:\/\/experienciadevida.com.ar\/portalurbano\/wp-content\/uploads\/2022\/08\/Coopelectric-se-reunio-con.jpeg",1024,768,false],"newsever-medium":["https:\/\/experienciadevida.com.ar\/portalurbano\/wp-content\/uploads\/2022\/08\/Coopelectric-se-reunio-con.jpeg",633,475,false],"web-stories-poster-portrait":["https:\/\/experienciadevida.com.ar\/portalurbano\/wp-content\/uploads\/2022\/08\/Coopelectric-se-reunio-con-640x853.jpeg",640,853,true],"web-stories-publisher-logo":["https:\/\/experienciadevida.com.ar\/portalurbano\/wp-content\/uploads\/2022\/08\/Coopelectric-se-reunio-con-96x96.jpeg",96,96,true],"web-stories-thumbnail":["https:\/\/experienciadevida.com.ar\/portalurbano\/wp-content\/uploads\/2022\/08\/Coopelectric-se-reunio-con-150x113.jpeg",150,113,true]},"author_info":{"display_name":"admpu17wp","author_link":"https:\/\/experienciadevida.com.ar\/portalurbano\/author\/admpu17wp\/"},"category_info":"<a href=\"https:\/\/experienciadevida.com.ar\/portalurbano\/category\/ciudad\/\" rel=\"category tag\">Ciudad<\/a>","tag_info":"Ciudad","comment_count":"0","amp_enabled":true,"_links":{"self":[{"href":"https:\/\/experienciadevida.com.ar\/portalurbano\/wp-json\/wp\/v2\/posts\/172757"}],"collection":[{"href":"https:\/\/experienciadevida.com.ar\/portalurbano\/wp-json\/wp\/v2\/posts"}],"about":[{"href":"https:\/\/experienciadevida.com.ar\/portalurbano\/wp-json\/wp\/v2\/types\/post"}],"author":[{"embeddable":true,"href":"https:\/\/experienciadevida.com.ar\/portalurbano\/wp-json\/wp\/v2\/users\/1"}],"replies":[{"embeddable":true,"href":"https:\/\/experienciadevida.com.ar\/portalurbano\/wp-json\/wp\/v2\/comments?post=172757"}],"version-history":[{"count":1,"href":"https:\/\/experienciadevida.com.ar\/portalurbano\/wp-json\/wp\/v2\/posts\/172757\/revisions"}],"predecessor-version":[{"id":172760,"href":"https:\/\/experienciadevida.com.ar\/portalurbano\/wp-json\/wp\/v2\/posts\/172757\/revisions\/172760"}],"wp:featuredmedia":[{"embeddable":true,"href":"https:\/\/experienciadevida.com.ar\/portalurbano\/wp-json\/wp\/v2\/media\/172759"}],"wp:attachment":[{"href":"https:\/\/experienciadevida.com.ar\/portalurbano\/wp-json\/wp\/v2\/media?parent=172757"}],"wp:term":[{"taxonomy":"category","embeddable":true,"href":"https:\/\/experienciadevida.com.ar\/portalurbano\/wp-json\/wp\/v2\/categories?post=172757"},{"taxonomy":"post_tag","embeddable":true,"href":"https:\/\/experienciadevida.com.ar\/portalurbano\/wp-json\/wp\/v2\/tags?post=172757"}],"curies":[{"name":"wp","href":"https:\/\/api.w.org\/{rel}","templated":true}]}}