{"id":172724,"date":"2022-08-05T15:48:49","date_gmt":"2022-08-05T18:48:49","guid":{"rendered":"https:\/\/experienciadevida.com.ar\/portalurbano\/?p=172724"},"modified":"2022-08-05T15:50:21","modified_gmt":"2022-08-05T18:50:21","slug":"di-carlo-y-el-jardin-929-el-municipio-esta-llevando-adelante-una-obra-que-deberia-hacer-la-provincia","status":"publish","type":"post","link":"https:\/\/experienciadevida.com.ar\/portalurbano\/di-carlo-y-el-jardin-929-el-municipio-esta-llevando-adelante-una-obra-que-deberia-hacer-la-provincia\/","title":{"rendered":"Di Carlo y el Jard\u00edn 929: \u201cEl Municipio est\u00e1 llevando adelante una obra que deber\u00eda hacer la Provincia\u201d"},"content":{"rendered":"<p>Di Carlo y el Jard\u00edn 929: \u201cEl Municipio est\u00e1 llevando adelante una obra que deber\u00eda hacer la Provincia\u201d, el Presidente del Consejo Escolar de Olavarr\u00eda se refiri\u00f3 al estado de situaci\u00f3n del inmueble donde el Gobierno Municipal est\u00e1 construyendo el nuevo edificio del Jard\u00edn N\u00ba 929.<\/p>\n<p>En este sentido, Di Carlo explic\u00f3 que el inmueble se encuentra en posesi\u00f3n del Municipio desde hace m\u00e1s de 20 a\u00f1os, ya se inici\u00f3 el tr\u00e1mite de prescripci\u00f3n administrativa y, una vez cumplido, se le donar\u00e1 a la provincia de Buenos Aires con la obra ya finalizada.<\/p>\n<p>Asimismo, Bruno Di Carlo asegur\u00f3 que \u201ccon el inicio del tr\u00e1mite de prescripci\u00f3n administrativa el Municipio ya puede comenzar con la construcci\u00f3n y eso es lo que se hizo\u201d.<\/p>\n<p>\u201cPara que quede claro: el Municipio toma a su cargo la regularizaci\u00f3n dominial, el terreno donde se construye, la construcci\u00f3n del nuevo edificio y, finalmente, la donaci\u00f3n a favor de la Provincia de un nuevo Jard\u00edn en el<br \/>\nPartido de Olavarr\u00eda\u201d, indic\u00f3 Di Carlo.<\/p>\n<p>Por otra parte, el titular del Consejo escolar dijo: \u201ccon la decisi\u00f3n del intendente Ezequiel Galli de construir un nuevo edificio, el gobierno provincial dejar\u00e1 de pagar 680 mil pesos mensuales en concepto del alquiler; alquiler que hasta el momento no fue abonado por la Direcci\u00f3n General de Cultura y Educaci\u00f3n\u201d.<\/p>\n<p>\u201cCon esta construcci\u00f3n del edificio se le brinda a la comunidad educativa una tranquilidad que nunca tuvieron, pensando continuamente en mudanzas y otros problemas legales como sucedieron el a\u00f1o pasado con dos juicios: uno por desalojo y otro por falta de pago\u201d, agreg\u00f3.<\/p>\n<p>Bruno Di Carlo a\u00f1adi\u00f3: \u201clos consejeros escolares del Frente de Todos carecen de seriedad al abordar esta problem\u00e1tica porque dicen levantar la bandera de la educaci\u00f3n p\u00fablica cuando en realidad ponen trabas a una<br \/>\nsoluci\u00f3n hist\u00f3rica para el Partido de Olavarr\u00eda\u201d.<\/p>\n<p>\u201cEl Municipio est\u00e1 llevando adelante una obra que deber\u00eda hacer la Provincia. Parece que lo que m\u00e1s les molesta es que un Gobierno supuestamente de \u201cderecha\u201d siga invirtiendo y destinando recursos a la educaci\u00f3n p\u00fablica\u201d, finaliz\u00f3.<\/p>\n","protected":false},"excerpt":{"rendered":"<p>Di Carlo y el Jard\u00edn 929: \u201cEl Municipio est\u00e1 llevando adelante una obra que deber\u00eda&#8230;<\/p>\n","protected":false},"author":1,"featured_media":172726,"comment_status":"closed","ping_status":"closed","sticky":false,"template":"","format":"standard","meta":{"content-type":""},"categories":[27,64],"tags":[],"nelio_content":{"isAutoShareEnabled":false,"autoShareEndMode":"default","automationSources":{"useContentSentences":true,"useSocialTemplates":true,"useCustomSentences":false,"customSentences":[]},"followers":[1],"suggestedReferences":[],"includedReferences":[],"efiUrl":"","efiAlt":"","highlights":[]},"yoast_head":"<!-- This site is optimized with the Yoast SEO plugin v20.7 - https:\/\/yoast.com\/wordpress\/plugins\/seo\/ -->\n<title>Di Carlo y el Jard\u00edn 929: &quot;El Municipio est\u00e1 llevando una obra&quot;<\/title>\n<meta name=\"description\" content=\"Di Carlo y el Jard\u00edn 929: \u201cEl Municipio est\u00e1 llevando adelante una obra que deber\u00eda hacer la Provincia\u201d, el Presidente del Consejo\" \/>\n<meta name=\"robots\" content=\"index, follow, max-snippet:-1, max-image-preview:large, max-video-preview:-1\" \/>\n<link rel=\"canonical\" href=\"https:\/\/experienciadevida.com.ar\/portalurbano\/di-carlo-y-el-jardin-929-el-municipio-esta-llevando-adelante-una-obra-que-deberia-hacer-la-provincia\/\" \/>\n<meta property=\"og:locale\" content=\"es_ES\" \/>\n<meta property=\"og:type\" content=\"article\" \/>\n<meta property=\"og:title\" content=\"Di Carlo y el Jard\u00edn 929: &quot;El Municipio est\u00e1 llevando una obra&quot;\" \/>\n<meta property=\"og:description\" content=\"Di Carlo y el Jard\u00edn 929: \u201cEl Municipio est\u00e1 llevando adelante una obra que deber\u00eda hacer la Provincia\u201d, el Presidente del Consejo\" \/>\n<meta property=\"og:url\" content=\"https:\/\/experienciadevida.com.ar\/portalurbano\/di-carlo-y-el-jardin-929-el-municipio-esta-llevando-adelante-una-obra-que-deberia-hacer-la-provincia\/\" \/>\n<meta property=\"article:publisher\" content=\"https:\/\/www.facebook.com\/Portal-Urbano-171542830093757\/\" \/>\n<meta property=\"article:published_time\" content=\"2022-08-05T18:48:49+00:00\" \/>\n<meta property=\"article:modified_time\" content=\"2022-08-05T18:50:21+00:00\" \/>\n<meta property=\"og:image\" content=\"https:\/\/experienciadevida.com.ar\/portalurbano\/wp-content\/uploads\/2022\/08\/Di-Carlo-y-el.jpg\" \/>\n\t<meta property=\"og:image:width\" content=\"1024\" \/>\n\t<meta property=\"og:image:height\" content=\"685\" \/>\n\t<meta property=\"og:image:type\" content=\"image\/jpeg\" \/>\n<meta name=\"author\" content=\"admpu17wp\" \/>\n<meta name=\"twitter:card\" content=\"summary_large_image\" \/>\n<meta name=\"twitter:creator\" content=\"@portalurbanook\" \/>\n<meta name=\"twitter:site\" content=\"@portalurbanook\" \/>\n<meta name=\"twitter:label1\" content=\"Escrito por\" \/>\n\t<meta name=\"twitter:data1\" content=\"admpu17wp\" \/>\n\t<meta name=\"twitter:label2\" content=\"Tiempo de lectura\" \/>\n\t<meta name=\"twitter:data2\" content=\"2 minutos\" \/>\n<script type=\"application\/ld+json\" class=\"yoast-schema-graph\">{\"@context\":\"https:\/\/schema.org\",\"@graph\":[{\"@type\":\"Article\",\"@id\":\"https:\/\/experienciadevida.com.ar\/portalurbano\/di-carlo-y-el-jardin-929-el-municipio-esta-llevando-adelante-una-obra-que-deberia-hacer-la-provincia\/#article\",\"isPartOf\":{\"@id\":\"https:\/\/experienciadevida.com.ar\/portalurbano\/di-carlo-y-el-jardin-929-el-municipio-esta-llevando-adelante-una-obra-que-deberia-hacer-la-provincia\/\"},\"author\":{\"name\":\"admpu17wp\",\"@id\":\"https:\/\/experienciadevida.com.ar\/portalurbano\/#\/schema\/person\/02dd326b1c4b056e9cc972486934a3a7\"},\"headline\":\"Di Carlo y el Jard\u00edn 929: \u201cEl Municipio est\u00e1 llevando adelante una obra que deber\u00eda hacer la Provincia\u201d\",\"datePublished\":\"2022-08-05T18:48:49+00:00\",\"dateModified\":\"2022-08-05T18:50:21+00:00\",\"mainEntityOfPage\":{\"@id\":\"https:\/\/experienciadevida.com.ar\/portalurbano\/di-carlo-y-el-jardin-929-el-municipio-esta-llevando-adelante-una-obra-que-deberia-hacer-la-provincia\/\"},\"wordCount\":386,\"publisher\":{\"@id\":\"https:\/\/experienciadevida.com.ar\/portalurbano\/#organization\"},\"articleSection\":[\"Ciudad\",\"Destacadas 2\"],\"inLanguage\":\"es\"},{\"@type\":\"WebPage\",\"@id\":\"https:\/\/experienciadevida.com.ar\/portalurbano\/di-carlo-y-el-jardin-929-el-municipio-esta-llevando-adelante-una-obra-que-deberia-hacer-la-provincia\/\",\"url\":\"https:\/\/experienciadevida.com.ar\/portalurbano\/di-carlo-y-el-jardin-929-el-municipio-esta-llevando-adelante-una-obra-que-deberia-hacer-la-provincia\/\",\"name\":\"Di Carlo y el Jard\u00edn 929: \\\"El Municipio est\u00e1 llevando una obra\\\"\",\"isPartOf\":{\"@id\":\"https:\/\/experienciadevida.com.ar\/portalurbano\/#website\"},\"datePublished\":\"2022-08-05T18:48:49+00:00\",\"dateModified\":\"2022-08-05T18:50:21+00:00\",\"description\":\"Di Carlo y el Jard\u00edn 929: \u201cEl Municipio est\u00e1 llevando adelante una obra que deber\u00eda hacer la Provincia\u201d, el Presidente del Consejo\",\"breadcrumb\":{\"@id\":\"https:\/\/experienciadevida.com.ar\/portalurbano\/di-carlo-y-el-jardin-929-el-municipio-esta-llevando-adelante-una-obra-que-deberia-hacer-la-provincia\/#breadcrumb\"},\"inLanguage\":\"es\",\"potentialAction\":[{\"@type\":\"ReadAction\",\"target\":[\"https:\/\/experienciadevida.com.ar\/portalurbano\/di-carlo-y-el-jardin-929-el-municipio-esta-llevando-adelante-una-obra-que-deberia-hacer-la-provincia\/\"]}]},{\"@type\":\"BreadcrumbList\",\"@id\":\"https:\/\/experienciadevida.com.ar\/portalurbano\/di-carlo-y-el-jardin-929-el-municipio-esta-llevando-adelante-una-obra-que-deberia-hacer-la-provincia\/#breadcrumb\",\"itemListElement\":[{\"@type\":\"ListItem\",\"position\":1,\"name\":\"Portada\",\"item\":\"https:\/\/experienciadevida.com.ar\/portalurbano\/\"},{\"@type\":\"ListItem\",\"position\":2,\"name\":\"Di Carlo y el Jard\u00edn 929: \u201cEl Municipio est\u00e1 llevando adelante una obra que deber\u00eda hacer la Provincia\u201d\"}]},{\"@type\":\"WebSite\",\"@id\":\"https:\/\/experienciadevida.com.ar\/portalurbano\/#website\",\"url\":\"https:\/\/experienciadevida.com.ar\/portalurbano\/\",\"name\":\"\",\"description\":\"\",\"publisher\":{\"@id\":\"https:\/\/experienciadevida.com.ar\/portalurbano\/#organization\"},\"potentialAction\":[{\"@type\":\"SearchAction\",\"target\":{\"@type\":\"EntryPoint\",\"urlTemplate\":\"https:\/\/experienciadevida.com.ar\/portalurbano\/?s={search_term_string}\"},\"query-input\":\"required name=search_term_string\"}],\"inLanguage\":\"es\"},{\"@type\":\"Organization\",\"@id\":\"https:\/\/experienciadevida.com.ar\/portalurbano\/#organization\",\"name\":\"Portal Urbano\",\"url\":\"https:\/\/experienciadevida.com.ar\/portalurbano\/\",\"logo\":{\"@type\":\"ImageObject\",\"inLanguage\":\"es\",\"@id\":\"https:\/\/experienciadevida.com.ar\/portalurbano\/#\/schema\/logo\/image\/\",\"url\":\"https:\/\/experienciadevida.com.ar\/portalurbano\/wp-content\/uploads\/2019\/09\/Logo-Original.png\",\"contentUrl\":\"https:\/\/experienciadevida.com.ar\/portalurbano\/wp-content\/uploads\/2019\/09\/Logo-Original.png\",\"width\":2236,\"height\":1216,\"caption\":\"Portal Urbano\"},\"image\":{\"@id\":\"https:\/\/experienciadevida.com.ar\/portalurbano\/#\/schema\/logo\/image\/\"},\"sameAs\":[\"https:\/\/www.facebook.com\/Portal-Urbano-171542830093757\/\",\"https:\/\/twitter.com\/portalurbanook\",\"https:\/\/www.instagram.com\/_portalurbano\/\",\"https:\/\/www.youtube.com\/channel\/UCXhagIfszH8KxFiOok79zbA?view_as=subscriber\"]},{\"@type\":\"Person\",\"@id\":\"https:\/\/experienciadevida.com.ar\/portalurbano\/#\/schema\/person\/02dd326b1c4b056e9cc972486934a3a7\",\"name\":\"admpu17wp\",\"image\":{\"@type\":\"ImageObject\",\"inLanguage\":\"es\",\"@id\":\"https:\/\/experienciadevida.com.ar\/portalurbano\/#\/schema\/person\/image\/\",\"url\":\"https:\/\/secure.gravatar.com\/avatar\/830d4c57adaae6630765e449a6908047?s=96&d=mm&r=g\",\"contentUrl\":\"https:\/\/secure.gravatar.com\/avatar\/830d4c57adaae6630765e449a6908047?s=96&d=mm&r=g\",\"caption\":\"admpu17wp\"}}]}<\/script>\n<!-- \/ Yoast SEO plugin. -->","yoast_head_json":{"title":"Di Carlo y el Jard\u00edn 929: \"El Municipio est\u00e1 llevando una obra\"","description":"Di Carlo y el Jard\u00edn 929: \u201cEl Municipio est\u00e1 llevando adelante una obra que deber\u00eda hacer la Provincia\u201d, el Presidente del Consejo","robots":{"index":"index","follow":"follow","max-snippet":"max-snippet:-1","max-image-preview":"max-image-preview:large","max-video-preview":"max-video-preview:-1"},"canonical":"https:\/\/experienciadevida.com.ar\/portalurbano\/di-carlo-y-el-jardin-929-el-municipio-esta-llevando-adelante-una-obra-que-deberia-hacer-la-provincia\/","og_locale":"es_ES","og_type":"article","og_title":"Di Carlo y el Jard\u00edn 929: \"El Municipio est\u00e1 llevando una obra\"","og_description":"Di Carlo y el Jard\u00edn 929: \u201cEl Municipio est\u00e1 llevando adelante una obra que deber\u00eda hacer la Provincia\u201d, el Presidente del Consejo","og_url":"https:\/\/experienciadevida.com.ar\/portalurbano\/di-carlo-y-el-jardin-929-el-municipio-esta-llevando-adelante-una-obra-que-deberia-hacer-la-provincia\/","article_publisher":"https:\/\/www.facebook.com\/Portal-Urbano-171542830093757\/","article_published_time":"2022-08-05T18:48:49+00:00","article_modified_time":"2022-08-05T18:50:21+00:00","og_image":[{"width":1024,"height":685,"url":"https:\/\/experienciadevida.com.ar\/portalurbano\/wp-content\/uploads\/2022\/08\/Di-Carlo-y-el.jpg","type":"image\/jpeg"}],"author":"admpu17wp","twitter_card":"summary_large_image","twitter_creator":"@portalurbanook","twitter_site":"@portalurbanook","twitter_misc":{"Escrito por":"admpu17wp","Tiempo de lectura":"2 minutos"},"schema":{"@context":"https:\/\/schema.org","@graph":[{"@type":"Article","@id":"https:\/\/experienciadevida.com.ar\/portalurbano\/di-carlo-y-el-jardin-929-el-municipio-esta-llevando-adelante-una-obra-que-deberia-hacer-la-provincia\/#article","isPartOf":{"@id":"https:\/\/experienciadevida.com.ar\/portalurbano\/di-carlo-y-el-jardin-929-el-municipio-esta-llevando-adelante-una-obra-que-deberia-hacer-la-provincia\/"},"author":{"name":"admpu17wp","@id":"https:\/\/experienciadevida.com.ar\/portalurbano\/#\/schema\/person\/02dd326b1c4b056e9cc972486934a3a7"},"headline":"Di Carlo y el Jard\u00edn 929: \u201cEl Municipio est\u00e1 llevando adelante una obra que deber\u00eda hacer la Provincia\u201d","datePublished":"2022-08-05T18:48:49+00:00","dateModified":"2022-08-05T18:50:21+00:00","mainEntityOfPage":{"@id":"https:\/\/experienciadevida.com.ar\/portalurbano\/di-carlo-y-el-jardin-929-el-municipio-esta-llevando-adelante-una-obra-que-deberia-hacer-la-provincia\/"},"wordCount":386,"publisher":{"@id":"https:\/\/experienciadevida.com.ar\/portalurbano\/#organization"},"articleSection":["Ciudad","Destacadas 2"],"inLanguage":"es"},{"@type":"WebPage","@id":"https:\/\/experienciadevida.com.ar\/portalurbano\/di-carlo-y-el-jardin-929-el-municipio-esta-llevando-adelante-una-obra-que-deberia-hacer-la-provincia\/","url":"https:\/\/experienciadevida.com.ar\/portalurbano\/di-carlo-y-el-jardin-929-el-municipio-esta-llevando-adelante-una-obra-que-deberia-hacer-la-provincia\/","name":"Di Carlo y el Jard\u00edn 929: \"El Municipio est\u00e1 llevando una obra\"","isPartOf":{"@id":"https:\/\/experienciadevida.com.ar\/portalurbano\/#website"},"datePublished":"2022-08-05T18:48:49+00:00","dateModified":"2022-08-05T18:50:21+00:00","description":"Di Carlo y el Jard\u00edn 929: \u201cEl Municipio est\u00e1 llevando adelante una obra que deber\u00eda hacer la Provincia\u201d, el Presidente del Consejo","breadcrumb":{"@id":"https:\/\/experienciadevida.com.ar\/portalurbano\/di-carlo-y-el-jardin-929-el-municipio-esta-llevando-adelante-una-obra-que-deberia-hacer-la-provincia\/#breadcrumb"},"inLanguage":"es","potentialAction":[{"@type":"ReadAction","target":["https:\/\/experienciadevida.com.ar\/portalurbano\/di-carlo-y-el-jardin-929-el-municipio-esta-llevando-adelante-una-obra-que-deberia-hacer-la-provincia\/"]}]},{"@type":"BreadcrumbList","@id":"https:\/\/experienciadevida.com.ar\/portalurbano\/di-carlo-y-el-jardin-929-el-municipio-esta-llevando-adelante-una-obra-que-deberia-hacer-la-provincia\/#breadcrumb","itemListElement":[{"@type":"ListItem","position":1,"name":"Portada","item":"https:\/\/experienciadevida.com.ar\/portalurbano\/"},{"@type":"ListItem","position":2,"name":"Di Carlo y el Jard\u00edn 929: \u201cEl Municipio est\u00e1 llevando adelante una obra que deber\u00eda hacer la Provincia\u201d"}]},{"@type":"WebSite","@id":"https:\/\/experienciadevida.com.ar\/portalurbano\/#website","url":"https:\/\/experienciadevida.com.ar\/portalurbano\/","name":"","description":"","publisher":{"@id":"https:\/\/experienciadevida.com.ar\/portalurbano\/#organization"},"potentialAction":[{"@type":"SearchAction","target":{"@type":"EntryPoint","urlTemplate":"https:\/\/experienciadevida.com.ar\/portalurbano\/?s={search_term_string}"},"query-input":"required name=search_term_string"}],"inLanguage":"es"},{"@type":"Organization","@id":"https:\/\/experienciadevida.com.ar\/portalurbano\/#organization","name":"Portal Urbano","url":"https:\/\/experienciadevida.com.ar\/portalurbano\/","logo":{"@type":"ImageObject","inLanguage":"es","@id":"https:\/\/experienciadevida.com.ar\/portalurbano\/#\/schema\/logo\/image\/","url":"https:\/\/experienciadevida.com.ar\/portalurbano\/wp-content\/uploads\/2019\/09\/Logo-Original.png","contentUrl":"https:\/\/experienciadevida.com.ar\/portalurbano\/wp-content\/uploads\/2019\/09\/Logo-Original.png","width":2236,"height":1216,"caption":"Portal Urbano"},"image":{"@id":"https:\/\/experienciadevida.com.ar\/portalurbano\/#\/schema\/logo\/image\/"},"sameAs":["https:\/\/www.facebook.com\/Portal-Urbano-171542830093757\/","https:\/\/twitter.com\/portalurbanook","https:\/\/www.instagram.com\/_portalurbano\/","https:\/\/www.youtube.com\/channel\/UCXhagIfszH8KxFiOok79zbA?view_as=subscriber"]},{"@type":"Person","@id":"https:\/\/experienciadevida.com.ar\/portalurbano\/#\/schema\/person\/02dd326b1c4b056e9cc972486934a3a7","name":"admpu17wp","image":{"@type":"ImageObject","inLanguage":"es","@id":"https:\/\/experienciadevida.com.ar\/portalurbano\/#\/schema\/person\/image\/","url":"https:\/\/secure.gravatar.com\/avatar\/830d4c57adaae6630765e449a6908047?s=96&d=mm&r=g","contentUrl":"https:\/\/secure.gravatar.com\/avatar\/830d4c57adaae6630765e449a6908047?s=96&d=mm&r=g","caption":"admpu17wp"}}]}},"featured_image_urls":{"full":["https:\/\/experienciadevida.com.ar\/portalurbano\/wp-content\/uploads\/2022\/08\/Di-Carlo-y-el.jpg",1024,685,false],"thumbnail":["https:\/\/experienciadevida.com.ar\/portalurbano\/wp-content\/uploads\/2022\/08\/Di-Carlo-y-el-150x150.jpg",150,150,true],"medium":["https:\/\/experienciadevida.com.ar\/portalurbano\/wp-content\/uploads\/2022\/08\/Di-Carlo-y-el-300x201.jpg",300,201,true],"medium_large":["https:\/\/experienciadevida.com.ar\/portalurbano\/wp-content\/uploads\/2022\/08\/Di-Carlo-y-el-768x514.jpg",640,428,true],"large":["https:\/\/experienciadevida.com.ar\/portalurbano\/wp-content\/uploads\/2022\/08\/Di-Carlo-y-el.jpg",640,428,false],"ug_big":["https:\/\/experienciadevida.com.ar\/portalurbano\/wp-content\/uploads\/2022\/08\/Di-Carlo-y-el-768x514.jpg",768,514,true],"1536x1536":["https:\/\/experienciadevida.com.ar\/portalurbano\/wp-content\/uploads\/2022\/08\/Di-Carlo-y-el.jpg",1024,685,false],"2048x2048":["https:\/\/experienciadevida.com.ar\/portalurbano\/wp-content\/uploads\/2022\/08\/Di-Carlo-y-el.jpg",1024,685,false],"newsever-slider-full":["https:\/\/experienciadevida.com.ar\/portalurbano\/wp-content\/uploads\/2022\/08\/Di-Carlo-y-el.jpg",1024,685,false],"newsever-featured":["https:\/\/experienciadevida.com.ar\/portalurbano\/wp-content\/uploads\/2022\/08\/Di-Carlo-y-el.jpg",1024,685,false],"newsever-medium":["https:\/\/experienciadevida.com.ar\/portalurbano\/wp-content\/uploads\/2022\/08\/Di-Carlo-y-el.jpg",710,475,false],"web-stories-poster-portrait":["https:\/\/experienciadevida.com.ar\/portalurbano\/wp-content\/uploads\/2022\/08\/Di-Carlo-y-el-640x685.jpg",640,685,true],"web-stories-publisher-logo":["https:\/\/experienciadevida.com.ar\/portalurbano\/wp-content\/uploads\/2022\/08\/Di-Carlo-y-el-96x96.jpg",96,96,true],"web-stories-thumbnail":["https:\/\/experienciadevida.com.ar\/portalurbano\/wp-content\/uploads\/2022\/08\/Di-Carlo-y-el-150x100.jpg",150,100,true]},"author_info":{"display_name":"admpu17wp","author_link":"https:\/\/experienciadevida.com.ar\/portalurbano\/author\/admpu17wp\/"},"category_info":"<a href=\"https:\/\/experienciadevida.com.ar\/portalurbano\/category\/ciudad\/\" rel=\"category tag\">Ciudad<\/a> <a href=\"https:\/\/experienciadevida.com.ar\/portalurbano\/category\/destacadas-2\/\" rel=\"category tag\">Destacadas 2<\/a>","tag_info":"Destacadas 2","comment_count":"0","amp_enabled":true,"_links":{"self":[{"href":"https:\/\/experienciadevida.com.ar\/portalurbano\/wp-json\/wp\/v2\/posts\/172724"}],"collection":[{"href":"https:\/\/experienciadevida.com.ar\/portalurbano\/wp-json\/wp\/v2\/posts"}],"about":[{"href":"https:\/\/experienciadevida.com.ar\/portalurbano\/wp-json\/wp\/v2\/types\/post"}],"author":[{"embeddable":true,"href":"https:\/\/experienciadevida.com.ar\/portalurbano\/wp-json\/wp\/v2\/users\/1"}],"replies":[{"embeddable":true,"href":"https:\/\/experienciadevida.com.ar\/portalurbano\/wp-json\/wp\/v2\/comments?post=172724"}],"version-history":[{"count":2,"href":"https:\/\/experienciadevida.com.ar\/portalurbano\/wp-json\/wp\/v2\/posts\/172724\/revisions"}],"predecessor-version":[{"id":172727,"href":"https:\/\/experienciadevida.com.ar\/portalurbano\/wp-json\/wp\/v2\/posts\/172724\/revisions\/172727"}],"wp:featuredmedia":[{"embeddable":true,"href":"https:\/\/experienciadevida.com.ar\/portalurbano\/wp-json\/wp\/v2\/media\/172726"}],"wp:attachment":[{"href":"https:\/\/experienciadevida.com.ar\/portalurbano\/wp-json\/wp\/v2\/media?parent=172724"}],"wp:term":[{"taxonomy":"category","embeddable":true,"href":"https:\/\/experienciadevida.com.ar\/portalurbano\/wp-json\/wp\/v2\/categories?post=172724"},{"taxonomy":"post_tag","embeddable":true,"href":"https:\/\/experienciadevida.com.ar\/portalurbano\/wp-json\/wp\/v2\/tags?post=172724"}],"curies":[{"name":"wp","href":"https:\/\/api.w.org\/{rel}","templated":true}]}}