{"id":172700,"date":"2022-08-04T21:37:00","date_gmt":"2022-08-05T00:37:00","guid":{"rendered":"https:\/\/experienciadevida.com.ar\/portalurbano\/?p=172700"},"modified":"2022-08-04T21:37:36","modified_gmt":"2022-08-05T00:37:36","slug":"anuncian-un-corte-de-energia-electrica-para-este-viernes-en-un-sector-de-la-ciudad","status":"publish","type":"post","link":"https:\/\/experienciadevida.com.ar\/portalurbano\/anuncian-un-corte-de-energia-electrica-para-este-viernes-en-un-sector-de-la-ciudad\/","title":{"rendered":"Anuncian un corte de energ\u00eda el\u00e9ctrica para este viernes en un sector de la ciudad"},"content":{"rendered":"<p>Anuncian un corte de energ\u00eda el\u00e9ctrica para este viernes en un sector de la ciudad, es por mantenimiento. Es importante mencionar que en caso de que las condiciones clim\u00e1ticas sean adversas deber\u00e1 ser reprogramado.<\/p>\n<p>El mismo ser\u00e1 en el horario de las 7:00 a 8:30 hs comprendido por Alsina &#8211; Sgto. Cabral &#8211; Moreno &#8211; Necochea.<\/p>\n<p>De 10 a 11 en el sector comprendido por: A. Brown &#8211; Sgto. Cabral &#8211; Alsina &#8211; Necochea<\/p>\n","protected":false},"excerpt":{"rendered":"<p>Anuncian un corte de energ\u00eda el\u00e9ctrica para este viernes en un sector de la ciudad,&#8230;<\/p>\n","protected":false},"author":1,"featured_media":152288,"comment_status":"closed","ping_status":"closed","sticky":false,"template":"","format":"standard","meta":{"content-type":""},"categories":[27],"tags":[],"nelio_content":{"isAutoShareEnabled":false,"autoShareEndMode":"default","automationSources":{"useContentSentences":true,"useSocialTemplates":true,"useCustomSentences":false,"customSentences":[]},"followers":[1],"suggestedReferences":[],"includedReferences":[],"efiUrl":"","efiAlt":"","highlights":[]},"yoast_head":"<!-- This site is optimized with the Yoast SEO plugin v20.7 - https:\/\/yoast.com\/wordpress\/plugins\/seo\/ -->\n<title>Anuncian un corte de energ\u00eda el\u00e9ctrica para este viernes en un sector de la ciudad -<\/title>\n<meta name=\"robots\" content=\"index, follow, max-snippet:-1, max-image-preview:large, max-video-preview:-1\" \/>\n<link rel=\"canonical\" href=\"https:\/\/experienciadevida.com.ar\/portalurbano\/anuncian-un-corte-de-energia-electrica-para-este-viernes-en-un-sector-de-la-ciudad\/\" \/>\n<meta property=\"og:locale\" content=\"es_ES\" \/>\n<meta property=\"og:type\" content=\"article\" \/>\n<meta property=\"og:title\" content=\"Anuncian un corte de energ\u00eda el\u00e9ctrica para este viernes en un sector de la ciudad -\" \/>\n<meta property=\"og:description\" content=\"Anuncian un corte de energ\u00eda el\u00e9ctrica para este viernes en un sector de la ciudad,...\" \/>\n<meta property=\"og:url\" content=\"https:\/\/experienciadevida.com.ar\/portalurbano\/anuncian-un-corte-de-energia-electrica-para-este-viernes-en-un-sector-de-la-ciudad\/\" \/>\n<meta property=\"article:publisher\" content=\"https:\/\/www.facebook.com\/Portal-Urbano-171542830093757\/\" \/>\n<meta property=\"article:published_time\" content=\"2022-08-05T00:37:00+00:00\" \/>\n<meta property=\"article:modified_time\" content=\"2022-08-05T00:37:36+00:00\" \/>\n<meta property=\"og:image\" content=\"https:\/\/experienciadevida.com.ar\/portalurbano\/wp-content\/uploads\/2021\/09\/Coopelectric-continua-trabajando-para-restablecer.jpg\" \/>\n\t<meta property=\"og:image:width\" content=\"765\" \/>\n\t<meta property=\"og:image:height\" content=\"510\" \/>\n\t<meta property=\"og:image:type\" content=\"image\/jpeg\" \/>\n<meta name=\"author\" content=\"admpu17wp\" \/>\n<meta name=\"twitter:card\" content=\"summary_large_image\" \/>\n<meta name=\"twitter:creator\" content=\"@portalurbanook\" \/>\n<meta name=\"twitter:site\" content=\"@portalurbanook\" \/>\n<meta name=\"twitter:label1\" content=\"Escrito por\" \/>\n\t<meta name=\"twitter:data1\" content=\"admpu17wp\" \/>\n\t<meta name=\"twitter:label2\" content=\"Tiempo de lectura\" \/>\n\t<meta name=\"twitter:data2\" content=\"1 minuto\" \/>\n<script type=\"application\/ld+json\" class=\"yoast-schema-graph\">{\"@context\":\"https:\/\/schema.org\",\"@graph\":[{\"@type\":\"Article\",\"@id\":\"https:\/\/experienciadevida.com.ar\/portalurbano\/anuncian-un-corte-de-energia-electrica-para-este-viernes-en-un-sector-de-la-ciudad\/#article\",\"isPartOf\":{\"@id\":\"https:\/\/experienciadevida.com.ar\/portalurbano\/anuncian-un-corte-de-energia-electrica-para-este-viernes-en-un-sector-de-la-ciudad\/\"},\"author\":{\"name\":\"admpu17wp\",\"@id\":\"https:\/\/experienciadevida.com.ar\/portalurbano\/#\/schema\/person\/02dd326b1c4b056e9cc972486934a3a7\"},\"headline\":\"Anuncian un corte de energ\u00eda el\u00e9ctrica para este viernes en un sector de la ciudad\",\"datePublished\":\"2022-08-05T00:37:00+00:00\",\"dateModified\":\"2022-08-05T00:37:36+00:00\",\"mainEntityOfPage\":{\"@id\":\"https:\/\/experienciadevida.com.ar\/portalurbano\/anuncian-un-corte-de-energia-electrica-para-este-viernes-en-un-sector-de-la-ciudad\/\"},\"wordCount\":90,\"publisher\":{\"@id\":\"https:\/\/experienciadevida.com.ar\/portalurbano\/#organization\"},\"articleSection\":[\"Ciudad\"],\"inLanguage\":\"es\"},{\"@type\":\"WebPage\",\"@id\":\"https:\/\/experienciadevida.com.ar\/portalurbano\/anuncian-un-corte-de-energia-electrica-para-este-viernes-en-un-sector-de-la-ciudad\/\",\"url\":\"https:\/\/experienciadevida.com.ar\/portalurbano\/anuncian-un-corte-de-energia-electrica-para-este-viernes-en-un-sector-de-la-ciudad\/\",\"name\":\"Anuncian un corte de energ\u00eda el\u00e9ctrica para este viernes en un sector de la ciudad -\",\"isPartOf\":{\"@id\":\"https:\/\/experienciadevida.com.ar\/portalurbano\/#website\"},\"datePublished\":\"2022-08-05T00:37:00+00:00\",\"dateModified\":\"2022-08-05T00:37:36+00:00\",\"breadcrumb\":{\"@id\":\"https:\/\/experienciadevida.com.ar\/portalurbano\/anuncian-un-corte-de-energia-electrica-para-este-viernes-en-un-sector-de-la-ciudad\/#breadcrumb\"},\"inLanguage\":\"es\",\"potentialAction\":[{\"@type\":\"ReadAction\",\"target\":[\"https:\/\/experienciadevida.com.ar\/portalurbano\/anuncian-un-corte-de-energia-electrica-para-este-viernes-en-un-sector-de-la-ciudad\/\"]}]},{\"@type\":\"BreadcrumbList\",\"@id\":\"https:\/\/experienciadevida.com.ar\/portalurbano\/anuncian-un-corte-de-energia-electrica-para-este-viernes-en-un-sector-de-la-ciudad\/#breadcrumb\",\"itemListElement\":[{\"@type\":\"ListItem\",\"position\":1,\"name\":\"Portada\",\"item\":\"https:\/\/experienciadevida.com.ar\/portalurbano\/\"},{\"@type\":\"ListItem\",\"position\":2,\"name\":\"Anuncian un corte de energ\u00eda el\u00e9ctrica para este viernes en un sector de la ciudad\"}]},{\"@type\":\"WebSite\",\"@id\":\"https:\/\/experienciadevida.com.ar\/portalurbano\/#website\",\"url\":\"https:\/\/experienciadevida.com.ar\/portalurbano\/\",\"name\":\"\",\"description\":\"\",\"publisher\":{\"@id\":\"https:\/\/experienciadevida.com.ar\/portalurbano\/#organization\"},\"potentialAction\":[{\"@type\":\"SearchAction\",\"target\":{\"@type\":\"EntryPoint\",\"urlTemplate\":\"https:\/\/experienciadevida.com.ar\/portalurbano\/?s={search_term_string}\"},\"query-input\":\"required name=search_term_string\"}],\"inLanguage\":\"es\"},{\"@type\":\"Organization\",\"@id\":\"https:\/\/experienciadevida.com.ar\/portalurbano\/#organization\",\"name\":\"Portal Urbano\",\"url\":\"https:\/\/experienciadevida.com.ar\/portalurbano\/\",\"logo\":{\"@type\":\"ImageObject\",\"inLanguage\":\"es\",\"@id\":\"https:\/\/experienciadevida.com.ar\/portalurbano\/#\/schema\/logo\/image\/\",\"url\":\"https:\/\/experienciadevida.com.ar\/portalurbano\/wp-content\/uploads\/2019\/09\/Logo-Original.png\",\"contentUrl\":\"https:\/\/experienciadevida.com.ar\/portalurbano\/wp-content\/uploads\/2019\/09\/Logo-Original.png\",\"width\":2236,\"height\":1216,\"caption\":\"Portal Urbano\"},\"image\":{\"@id\":\"https:\/\/experienciadevida.com.ar\/portalurbano\/#\/schema\/logo\/image\/\"},\"sameAs\":[\"https:\/\/www.facebook.com\/Portal-Urbano-171542830093757\/\",\"https:\/\/twitter.com\/portalurbanook\",\"https:\/\/www.instagram.com\/_portalurbano\/\",\"https:\/\/www.youtube.com\/channel\/UCXhagIfszH8KxFiOok79zbA?view_as=subscriber\"]},{\"@type\":\"Person\",\"@id\":\"https:\/\/experienciadevida.com.ar\/portalurbano\/#\/schema\/person\/02dd326b1c4b056e9cc972486934a3a7\",\"name\":\"admpu17wp\",\"image\":{\"@type\":\"ImageObject\",\"inLanguage\":\"es\",\"@id\":\"https:\/\/experienciadevida.com.ar\/portalurbano\/#\/schema\/person\/image\/\",\"url\":\"https:\/\/secure.gravatar.com\/avatar\/830d4c57adaae6630765e449a6908047?s=96&d=mm&r=g\",\"contentUrl\":\"https:\/\/secure.gravatar.com\/avatar\/830d4c57adaae6630765e449a6908047?s=96&d=mm&r=g\",\"caption\":\"admpu17wp\"}}]}<\/script>\n<!-- \/ Yoast SEO plugin. -->","yoast_head_json":{"title":"Anuncian un corte de energ\u00eda el\u00e9ctrica para este viernes en un sector de la ciudad -","robots":{"index":"index","follow":"follow","max-snippet":"max-snippet:-1","max-image-preview":"max-image-preview:large","max-video-preview":"max-video-preview:-1"},"canonical":"https:\/\/experienciadevida.com.ar\/portalurbano\/anuncian-un-corte-de-energia-electrica-para-este-viernes-en-un-sector-de-la-ciudad\/","og_locale":"es_ES","og_type":"article","og_title":"Anuncian un corte de energ\u00eda el\u00e9ctrica para este viernes en un sector de la ciudad -","og_description":"Anuncian un corte de energ\u00eda el\u00e9ctrica para este viernes en un sector de la ciudad,...","og_url":"https:\/\/experienciadevida.com.ar\/portalurbano\/anuncian-un-corte-de-energia-electrica-para-este-viernes-en-un-sector-de-la-ciudad\/","article_publisher":"https:\/\/www.facebook.com\/Portal-Urbano-171542830093757\/","article_published_time":"2022-08-05T00:37:00+00:00","article_modified_time":"2022-08-05T00:37:36+00:00","og_image":[{"width":765,"height":510,"url":"https:\/\/experienciadevida.com.ar\/portalurbano\/wp-content\/uploads\/2021\/09\/Coopelectric-continua-trabajando-para-restablecer.jpg","type":"image\/jpeg"}],"author":"admpu17wp","twitter_card":"summary_large_image","twitter_creator":"@portalurbanook","twitter_site":"@portalurbanook","twitter_misc":{"Escrito por":"admpu17wp","Tiempo de lectura":"1 minuto"},"schema":{"@context":"https:\/\/schema.org","@graph":[{"@type":"Article","@id":"https:\/\/experienciadevida.com.ar\/portalurbano\/anuncian-un-corte-de-energia-electrica-para-este-viernes-en-un-sector-de-la-ciudad\/#article","isPartOf":{"@id":"https:\/\/experienciadevida.com.ar\/portalurbano\/anuncian-un-corte-de-energia-electrica-para-este-viernes-en-un-sector-de-la-ciudad\/"},"author":{"name":"admpu17wp","@id":"https:\/\/experienciadevida.com.ar\/portalurbano\/#\/schema\/person\/02dd326b1c4b056e9cc972486934a3a7"},"headline":"Anuncian un corte de energ\u00eda el\u00e9ctrica para este viernes en un sector de la ciudad","datePublished":"2022-08-05T00:37:00+00:00","dateModified":"2022-08-05T00:37:36+00:00","mainEntityOfPage":{"@id":"https:\/\/experienciadevida.com.ar\/portalurbano\/anuncian-un-corte-de-energia-electrica-para-este-viernes-en-un-sector-de-la-ciudad\/"},"wordCount":90,"publisher":{"@id":"https:\/\/experienciadevida.com.ar\/portalurbano\/#organization"},"articleSection":["Ciudad"],"inLanguage":"es"},{"@type":"WebPage","@id":"https:\/\/experienciadevida.com.ar\/portalurbano\/anuncian-un-corte-de-energia-electrica-para-este-viernes-en-un-sector-de-la-ciudad\/","url":"https:\/\/experienciadevida.com.ar\/portalurbano\/anuncian-un-corte-de-energia-electrica-para-este-viernes-en-un-sector-de-la-ciudad\/","name":"Anuncian un corte de energ\u00eda el\u00e9ctrica para este viernes en un sector de la ciudad -","isPartOf":{"@id":"https:\/\/experienciadevida.com.ar\/portalurbano\/#website"},"datePublished":"2022-08-05T00:37:00+00:00","dateModified":"2022-08-05T00:37:36+00:00","breadcrumb":{"@id":"https:\/\/experienciadevida.com.ar\/portalurbano\/anuncian-un-corte-de-energia-electrica-para-este-viernes-en-un-sector-de-la-ciudad\/#breadcrumb"},"inLanguage":"es","potentialAction":[{"@type":"ReadAction","target":["https:\/\/experienciadevida.com.ar\/portalurbano\/anuncian-un-corte-de-energia-electrica-para-este-viernes-en-un-sector-de-la-ciudad\/"]}]},{"@type":"BreadcrumbList","@id":"https:\/\/experienciadevida.com.ar\/portalurbano\/anuncian-un-corte-de-energia-electrica-para-este-viernes-en-un-sector-de-la-ciudad\/#breadcrumb","itemListElement":[{"@type":"ListItem","position":1,"name":"Portada","item":"https:\/\/experienciadevida.com.ar\/portalurbano\/"},{"@type":"ListItem","position":2,"name":"Anuncian un corte de energ\u00eda el\u00e9ctrica para este viernes en un sector de la ciudad"}]},{"@type":"WebSite","@id":"https:\/\/experienciadevida.com.ar\/portalurbano\/#website","url":"https:\/\/experienciadevida.com.ar\/portalurbano\/","name":"","description":"","publisher":{"@id":"https:\/\/experienciadevida.com.ar\/portalurbano\/#organization"},"potentialAction":[{"@type":"SearchAction","target":{"@type":"EntryPoint","urlTemplate":"https:\/\/experienciadevida.com.ar\/portalurbano\/?s={search_term_string}"},"query-input":"required name=search_term_string"}],"inLanguage":"es"},{"@type":"Organization","@id":"https:\/\/experienciadevida.com.ar\/portalurbano\/#organization","name":"Portal Urbano","url":"https:\/\/experienciadevida.com.ar\/portalurbano\/","logo":{"@type":"ImageObject","inLanguage":"es","@id":"https:\/\/experienciadevida.com.ar\/portalurbano\/#\/schema\/logo\/image\/","url":"https:\/\/experienciadevida.com.ar\/portalurbano\/wp-content\/uploads\/2019\/09\/Logo-Original.png","contentUrl":"https:\/\/experienciadevida.com.ar\/portalurbano\/wp-content\/uploads\/2019\/09\/Logo-Original.png","width":2236,"height":1216,"caption":"Portal Urbano"},"image":{"@id":"https:\/\/experienciadevida.com.ar\/portalurbano\/#\/schema\/logo\/image\/"},"sameAs":["https:\/\/www.facebook.com\/Portal-Urbano-171542830093757\/","https:\/\/twitter.com\/portalurbanook","https:\/\/www.instagram.com\/_portalurbano\/","https:\/\/www.youtube.com\/channel\/UCXhagIfszH8KxFiOok79zbA?view_as=subscriber"]},{"@type":"Person","@id":"https:\/\/experienciadevida.com.ar\/portalurbano\/#\/schema\/person\/02dd326b1c4b056e9cc972486934a3a7","name":"admpu17wp","image":{"@type":"ImageObject","inLanguage":"es","@id":"https:\/\/experienciadevida.com.ar\/portalurbano\/#\/schema\/person\/image\/","url":"https:\/\/secure.gravatar.com\/avatar\/830d4c57adaae6630765e449a6908047?s=96&d=mm&r=g","contentUrl":"https:\/\/secure.gravatar.com\/avatar\/830d4c57adaae6630765e449a6908047?s=96&d=mm&r=g","caption":"admpu17wp"}}]}},"featured_image_urls":{"full":["https:\/\/experienciadevida.com.ar\/portalurbano\/wp-content\/uploads\/2021\/09\/Coopelectric-continua-trabajando-para-restablecer.jpg",765,510,false],"thumbnail":["https:\/\/experienciadevida.com.ar\/portalurbano\/wp-content\/uploads\/2021\/09\/Coopelectric-continua-trabajando-para-restablecer-150x150.jpg",150,150,true],"medium":["https:\/\/experienciadevida.com.ar\/portalurbano\/wp-content\/uploads\/2021\/09\/Coopelectric-continua-trabajando-para-restablecer-300x200.jpg",300,200,true],"medium_large":["https:\/\/experienciadevida.com.ar\/portalurbano\/wp-content\/uploads\/2021\/09\/Coopelectric-continua-trabajando-para-restablecer.jpg",640,427,false],"large":["https:\/\/experienciadevida.com.ar\/portalurbano\/wp-content\/uploads\/2021\/09\/Coopelectric-continua-trabajando-para-restablecer.jpg",640,427,false],"ug_big":["https:\/\/experienciadevida.com.ar\/portalurbano\/wp-content\/uploads\/2021\/09\/Coopelectric-continua-trabajando-para-restablecer.jpg",765,510,false],"1536x1536":["https:\/\/experienciadevida.com.ar\/portalurbano\/wp-content\/uploads\/2021\/09\/Coopelectric-continua-trabajando-para-restablecer.jpg",765,510,false],"2048x2048":["https:\/\/experienciadevida.com.ar\/portalurbano\/wp-content\/uploads\/2021\/09\/Coopelectric-continua-trabajando-para-restablecer.jpg",765,510,false],"newsever-slider-full":["https:\/\/experienciadevida.com.ar\/portalurbano\/wp-content\/uploads\/2021\/09\/Coopelectric-continua-trabajando-para-restablecer.jpg",765,510,false],"newsever-featured":["https:\/\/experienciadevida.com.ar\/portalurbano\/wp-content\/uploads\/2021\/09\/Coopelectric-continua-trabajando-para-restablecer.jpg",765,510,false],"newsever-medium":["https:\/\/experienciadevida.com.ar\/portalurbano\/wp-content\/uploads\/2021\/09\/Coopelectric-continua-trabajando-para-restablecer.jpg",713,475,false],"web-stories-poster-portrait":["https:\/\/experienciadevida.com.ar\/portalurbano\/wp-content\/uploads\/2021\/09\/Coopelectric-continua-trabajando-para-restablecer.jpg",640,427,false],"web-stories-publisher-logo":["https:\/\/experienciadevida.com.ar\/portalurbano\/wp-content\/uploads\/2021\/09\/Coopelectric-continua-trabajando-para-restablecer.jpg",96,64,false],"web-stories-thumbnail":["https:\/\/experienciadevida.com.ar\/portalurbano\/wp-content\/uploads\/2021\/09\/Coopelectric-continua-trabajando-para-restablecer.jpg",150,100,false]},"author_info":{"display_name":"admpu17wp","author_link":"https:\/\/experienciadevida.com.ar\/portalurbano\/author\/admpu17wp\/"},"category_info":"<a href=\"https:\/\/experienciadevida.com.ar\/portalurbano\/category\/ciudad\/\" rel=\"category tag\">Ciudad<\/a>","tag_info":"Ciudad","comment_count":"0","amp_enabled":true,"_links":{"self":[{"href":"https:\/\/experienciadevida.com.ar\/portalurbano\/wp-json\/wp\/v2\/posts\/172700"}],"collection":[{"href":"https:\/\/experienciadevida.com.ar\/portalurbano\/wp-json\/wp\/v2\/posts"}],"about":[{"href":"https:\/\/experienciadevida.com.ar\/portalurbano\/wp-json\/wp\/v2\/types\/post"}],"author":[{"embeddable":true,"href":"https:\/\/experienciadevida.com.ar\/portalurbano\/wp-json\/wp\/v2\/users\/1"}],"replies":[{"embeddable":true,"href":"https:\/\/experienciadevida.com.ar\/portalurbano\/wp-json\/wp\/v2\/comments?post=172700"}],"version-history":[{"count":1,"href":"https:\/\/experienciadevida.com.ar\/portalurbano\/wp-json\/wp\/v2\/posts\/172700\/revisions"}],"predecessor-version":[{"id":172701,"href":"https:\/\/experienciadevida.com.ar\/portalurbano\/wp-json\/wp\/v2\/posts\/172700\/revisions\/172701"}],"wp:featuredmedia":[{"embeddable":true,"href":"https:\/\/experienciadevida.com.ar\/portalurbano\/wp-json\/wp\/v2\/media\/152288"}],"wp:attachment":[{"href":"https:\/\/experienciadevida.com.ar\/portalurbano\/wp-json\/wp\/v2\/media?parent=172700"}],"wp:term":[{"taxonomy":"category","embeddable":true,"href":"https:\/\/experienciadevida.com.ar\/portalurbano\/wp-json\/wp\/v2\/categories?post=172700"},{"taxonomy":"post_tag","embeddable":true,"href":"https:\/\/experienciadevida.com.ar\/portalurbano\/wp-json\/wp\/v2\/tags?post=172700"}],"curies":[{"name":"wp","href":"https:\/\/api.w.org\/{rel}","templated":true}]}}