{"id":172697,"date":"2022-08-04T21:31:44","date_gmt":"2022-08-05T00:31:44","guid":{"rendered":"https:\/\/experienciadevida.com.ar\/portalurbano\/?p=172697"},"modified":"2022-08-04T21:33:01","modified_gmt":"2022-08-05T00:33:01","slug":"el-centro-de-estudios-de-coopelectric-apuesta-a-la-capacitacion-docente","status":"publish","type":"post","link":"https:\/\/experienciadevida.com.ar\/portalurbano\/el-centro-de-estudios-de-coopelectric-apuesta-a-la-capacitacion-docente\/","title":{"rendered":"El Centro de estudios de Coopelectric apuesta a la capacitaci\u00f3n docente"},"content":{"rendered":"<p>El Centro de estudios de Coopelectric apuesta a la capacitaci\u00f3n docente, en las instalaciones del Centro de Estudios Universitarios de Coopelectric, el jueves 11 de agosto comenzar\u00e1 a dictarse el curso \u201cCompetencias educativas para la inserci\u00f3n en la vida laboral docente\u201d. El mismo tendr\u00e1 una duraci\u00f3n de cuatro meses con cursadas de car\u00e1cter presencial los d\u00edas jueves de 18 a 20:30 hs., las cuales estar\u00e1n a cargo de la docente Silvia Rocha y el equipo de Espacio Capacitaci\u00f3n Olavarria (ECO).<\/p>\n<p>La propuesta est\u00e1 destinada a los docentes de nivel inicial o primaria que se encuentren dando sus primeros pasos en el sistema educativo y a los estudiantes avanzados de carreras docentes o afines. \u201cQuisimos generar un curso que funcione como puente entre lo que uno percibe cuando se est\u00e1 por recibir o est\u00e1 reci\u00e9n recibido y la inserci\u00f3n en la vida laboral\u201d explic\u00f3 Silvia Rocha.<\/p>\n<p>Adem\u00e1s, podr\u00e1n inscribirse los docentes que ya cuentan con varios a\u00f1os de experiencia, dado que \u201cla idea tambi\u00e9n consiste en replantearnos la pr\u00e1ctica y m\u00e1s en este momento en donde hemos pasado dos a\u00f1os en los que tuvimos que reinventarnos como docentes; aggiornarnos y tratar de ofrecerles a nuestros estudiantes lo que necesitan para seguir transitando este mundo tan complejo en el que nos toca vivir\u201d a\u00f1adi\u00f3 Rocha.<\/p>\n<p>A trav\u00e9s de diferentes m\u00f3dulos, se abordar\u00e1n tem\u00e1ticas vinculadas al liderazgo docente, trayectorias vulneradas, organizaci\u00f3n y planificaci\u00f3n en el aula, educaci\u00f3n emocional y valores, primeros auxilios frente a emergencias, educaci\u00f3n sexual integral, la ense\u00f1anza en cada nivel educativo y su articulaci\u00f3n interniveles, evaluaci\u00f3n de los aprendizajes, entre otros.<\/p>\n<p>Los interesados podr\u00e1n acercarse de lunes a viernes de 8 a 13 y de 17 a 20:00 hs. al Centro de Estudios Universitarios de Coopelectric ubicado en Belgrano N\u00b0 2824, o realizar consultas al Tel. 489861, WhatsApp 2284-201038.<\/p>\n","protected":false},"excerpt":{"rendered":"<p>El Centro de estudios de Coopelectric apuesta a la capacitaci\u00f3n docente, en las instalaciones del&#8230;<\/p>\n","protected":false},"author":1,"featured_media":172698,"comment_status":"closed","ping_status":"closed","sticky":false,"template":"","format":"standard","meta":{"content-type":""},"categories":[64,31],"tags":[],"nelio_content":{"isAutoShareEnabled":false,"autoShareEndMode":"default","automationSources":{"useContentSentences":true,"useSocialTemplates":true,"useCustomSentences":false,"customSentences":[]},"followers":[1],"suggestedReferences":[],"includedReferences":[],"efiUrl":"","efiAlt":"","highlights":[]},"yoast_head":"<!-- This site is optimized with the Yoast SEO plugin v20.7 - https:\/\/yoast.com\/wordpress\/plugins\/seo\/ -->\n<title>El Centro de Estudios de Coopelectric apuesta a la capacitaci\u00f3n<\/title>\n<meta name=\"description\" content=\"El Centro de estudios de Coopelectric apuesta a la capacitaci\u00f3n docente, en las instalaciones del Centro de Estudios Universitarios\" \/>\n<meta name=\"robots\" content=\"index, follow, max-snippet:-1, max-image-preview:large, max-video-preview:-1\" \/>\n<link rel=\"canonical\" href=\"https:\/\/experienciadevida.com.ar\/portalurbano\/el-centro-de-estudios-de-coopelectric-apuesta-a-la-capacitacion-docente\/\" \/>\n<meta property=\"og:locale\" content=\"es_ES\" \/>\n<meta property=\"og:type\" content=\"article\" \/>\n<meta property=\"og:title\" content=\"El Centro de Estudios de Coopelectric apuesta a la capacitaci\u00f3n\" \/>\n<meta property=\"og:description\" content=\"El Centro de estudios de Coopelectric apuesta a la capacitaci\u00f3n docente, en las instalaciones del Centro de Estudios Universitarios\" \/>\n<meta property=\"og:url\" content=\"https:\/\/experienciadevida.com.ar\/portalurbano\/el-centro-de-estudios-de-coopelectric-apuesta-a-la-capacitacion-docente\/\" \/>\n<meta property=\"article:publisher\" content=\"https:\/\/www.facebook.com\/Portal-Urbano-171542830093757\/\" \/>\n<meta property=\"article:published_time\" content=\"2022-08-05T00:31:44+00:00\" \/>\n<meta property=\"article:modified_time\" content=\"2022-08-05T00:33:01+00:00\" \/>\n<meta property=\"og:image\" content=\"https:\/\/experienciadevida.com.ar\/portalurbano\/wp-content\/uploads\/2022\/08\/El-Centro-de-estudios.png\" \/>\n\t<meta property=\"og:image:width\" content=\"679\" \/>\n\t<meta property=\"og:image:height\" content=\"393\" \/>\n\t<meta property=\"og:image:type\" content=\"image\/png\" \/>\n<meta name=\"author\" content=\"admpu17wp\" \/>\n<meta name=\"twitter:card\" content=\"summary_large_image\" \/>\n<meta name=\"twitter:creator\" content=\"@portalurbanook\" \/>\n<meta name=\"twitter:site\" content=\"@portalurbanook\" \/>\n<meta name=\"twitter:label1\" content=\"Escrito por\" \/>\n\t<meta name=\"twitter:data1\" content=\"admpu17wp\" \/>\n\t<meta name=\"twitter:label2\" content=\"Tiempo de lectura\" \/>\n\t<meta name=\"twitter:data2\" content=\"2 minutos\" \/>\n<script type=\"application\/ld+json\" class=\"yoast-schema-graph\">{\"@context\":\"https:\/\/schema.org\",\"@graph\":[{\"@type\":\"Article\",\"@id\":\"https:\/\/experienciadevida.com.ar\/portalurbano\/el-centro-de-estudios-de-coopelectric-apuesta-a-la-capacitacion-docente\/#article\",\"isPartOf\":{\"@id\":\"https:\/\/experienciadevida.com.ar\/portalurbano\/el-centro-de-estudios-de-coopelectric-apuesta-a-la-capacitacion-docente\/\"},\"author\":{\"name\":\"admpu17wp\",\"@id\":\"https:\/\/experienciadevida.com.ar\/portalurbano\/#\/schema\/person\/02dd326b1c4b056e9cc972486934a3a7\"},\"headline\":\"El Centro de estudios de Coopelectric apuesta a la capacitaci\u00f3n docente\",\"datePublished\":\"2022-08-05T00:31:44+00:00\",\"dateModified\":\"2022-08-05T00:33:01+00:00\",\"mainEntityOfPage\":{\"@id\":\"https:\/\/experienciadevida.com.ar\/portalurbano\/el-centro-de-estudios-de-coopelectric-apuesta-a-la-capacitacion-docente\/\"},\"wordCount\":331,\"publisher\":{\"@id\":\"https:\/\/experienciadevida.com.ar\/portalurbano\/#organization\"},\"articleSection\":[\"Destacadas 2\",\"Educaci\u00f3n\"],\"inLanguage\":\"es\"},{\"@type\":\"WebPage\",\"@id\":\"https:\/\/experienciadevida.com.ar\/portalurbano\/el-centro-de-estudios-de-coopelectric-apuesta-a-la-capacitacion-docente\/\",\"url\":\"https:\/\/experienciadevida.com.ar\/portalurbano\/el-centro-de-estudios-de-coopelectric-apuesta-a-la-capacitacion-docente\/\",\"name\":\"El Centro de Estudios de Coopelectric apuesta a la capacitaci\u00f3n\",\"isPartOf\":{\"@id\":\"https:\/\/experienciadevida.com.ar\/portalurbano\/#website\"},\"datePublished\":\"2022-08-05T00:31:44+00:00\",\"dateModified\":\"2022-08-05T00:33:01+00:00\",\"description\":\"El Centro de estudios de Coopelectric apuesta a la capacitaci\u00f3n docente, en las instalaciones del Centro de Estudios Universitarios\",\"breadcrumb\":{\"@id\":\"https:\/\/experienciadevida.com.ar\/portalurbano\/el-centro-de-estudios-de-coopelectric-apuesta-a-la-capacitacion-docente\/#breadcrumb\"},\"inLanguage\":\"es\",\"potentialAction\":[{\"@type\":\"ReadAction\",\"target\":[\"https:\/\/experienciadevida.com.ar\/portalurbano\/el-centro-de-estudios-de-coopelectric-apuesta-a-la-capacitacion-docente\/\"]}]},{\"@type\":\"BreadcrumbList\",\"@id\":\"https:\/\/experienciadevida.com.ar\/portalurbano\/el-centro-de-estudios-de-coopelectric-apuesta-a-la-capacitacion-docente\/#breadcrumb\",\"itemListElement\":[{\"@type\":\"ListItem\",\"position\":1,\"name\":\"Portada\",\"item\":\"https:\/\/experienciadevida.com.ar\/portalurbano\/\"},{\"@type\":\"ListItem\",\"position\":2,\"name\":\"El Centro de estudios de Coopelectric apuesta a la capacitaci\u00f3n docente\"}]},{\"@type\":\"WebSite\",\"@id\":\"https:\/\/experienciadevida.com.ar\/portalurbano\/#website\",\"url\":\"https:\/\/experienciadevida.com.ar\/portalurbano\/\",\"name\":\"\",\"description\":\"\",\"publisher\":{\"@id\":\"https:\/\/experienciadevida.com.ar\/portalurbano\/#organization\"},\"potentialAction\":[{\"@type\":\"SearchAction\",\"target\":{\"@type\":\"EntryPoint\",\"urlTemplate\":\"https:\/\/experienciadevida.com.ar\/portalurbano\/?s={search_term_string}\"},\"query-input\":\"required name=search_term_string\"}],\"inLanguage\":\"es\"},{\"@type\":\"Organization\",\"@id\":\"https:\/\/experienciadevida.com.ar\/portalurbano\/#organization\",\"name\":\"Portal Urbano\",\"url\":\"https:\/\/experienciadevida.com.ar\/portalurbano\/\",\"logo\":{\"@type\":\"ImageObject\",\"inLanguage\":\"es\",\"@id\":\"https:\/\/experienciadevida.com.ar\/portalurbano\/#\/schema\/logo\/image\/\",\"url\":\"https:\/\/experienciadevida.com.ar\/portalurbano\/wp-content\/uploads\/2019\/09\/Logo-Original.png\",\"contentUrl\":\"https:\/\/experienciadevida.com.ar\/portalurbano\/wp-content\/uploads\/2019\/09\/Logo-Original.png\",\"width\":2236,\"height\":1216,\"caption\":\"Portal Urbano\"},\"image\":{\"@id\":\"https:\/\/experienciadevida.com.ar\/portalurbano\/#\/schema\/logo\/image\/\"},\"sameAs\":[\"https:\/\/www.facebook.com\/Portal-Urbano-171542830093757\/\",\"https:\/\/twitter.com\/portalurbanook\",\"https:\/\/www.instagram.com\/_portalurbano\/\",\"https:\/\/www.youtube.com\/channel\/UCXhagIfszH8KxFiOok79zbA?view_as=subscriber\"]},{\"@type\":\"Person\",\"@id\":\"https:\/\/experienciadevida.com.ar\/portalurbano\/#\/schema\/person\/02dd326b1c4b056e9cc972486934a3a7\",\"name\":\"admpu17wp\",\"image\":{\"@type\":\"ImageObject\",\"inLanguage\":\"es\",\"@id\":\"https:\/\/experienciadevida.com.ar\/portalurbano\/#\/schema\/person\/image\/\",\"url\":\"https:\/\/secure.gravatar.com\/avatar\/830d4c57adaae6630765e449a6908047?s=96&d=mm&r=g\",\"contentUrl\":\"https:\/\/secure.gravatar.com\/avatar\/830d4c57adaae6630765e449a6908047?s=96&d=mm&r=g\",\"caption\":\"admpu17wp\"}}]}<\/script>\n<!-- \/ Yoast SEO plugin. -->","yoast_head_json":{"title":"El Centro de Estudios de Coopelectric apuesta a la capacitaci\u00f3n","description":"El Centro de estudios de Coopelectric apuesta a la capacitaci\u00f3n docente, en las instalaciones del Centro de Estudios Universitarios","robots":{"index":"index","follow":"follow","max-snippet":"max-snippet:-1","max-image-preview":"max-image-preview:large","max-video-preview":"max-video-preview:-1"},"canonical":"https:\/\/experienciadevida.com.ar\/portalurbano\/el-centro-de-estudios-de-coopelectric-apuesta-a-la-capacitacion-docente\/","og_locale":"es_ES","og_type":"article","og_title":"El Centro de Estudios de Coopelectric apuesta a la capacitaci\u00f3n","og_description":"El Centro de estudios de Coopelectric apuesta a la capacitaci\u00f3n docente, en las instalaciones del Centro de Estudios Universitarios","og_url":"https:\/\/experienciadevida.com.ar\/portalurbano\/el-centro-de-estudios-de-coopelectric-apuesta-a-la-capacitacion-docente\/","article_publisher":"https:\/\/www.facebook.com\/Portal-Urbano-171542830093757\/","article_published_time":"2022-08-05T00:31:44+00:00","article_modified_time":"2022-08-05T00:33:01+00:00","og_image":[{"width":679,"height":393,"url":"https:\/\/experienciadevida.com.ar\/portalurbano\/wp-content\/uploads\/2022\/08\/El-Centro-de-estudios.png","type":"image\/png"}],"author":"admpu17wp","twitter_card":"summary_large_image","twitter_creator":"@portalurbanook","twitter_site":"@portalurbanook","twitter_misc":{"Escrito por":"admpu17wp","Tiempo de lectura":"2 minutos"},"schema":{"@context":"https:\/\/schema.org","@graph":[{"@type":"Article","@id":"https:\/\/experienciadevida.com.ar\/portalurbano\/el-centro-de-estudios-de-coopelectric-apuesta-a-la-capacitacion-docente\/#article","isPartOf":{"@id":"https:\/\/experienciadevida.com.ar\/portalurbano\/el-centro-de-estudios-de-coopelectric-apuesta-a-la-capacitacion-docente\/"},"author":{"name":"admpu17wp","@id":"https:\/\/experienciadevida.com.ar\/portalurbano\/#\/schema\/person\/02dd326b1c4b056e9cc972486934a3a7"},"headline":"El Centro de estudios de Coopelectric apuesta a la capacitaci\u00f3n docente","datePublished":"2022-08-05T00:31:44+00:00","dateModified":"2022-08-05T00:33:01+00:00","mainEntityOfPage":{"@id":"https:\/\/experienciadevida.com.ar\/portalurbano\/el-centro-de-estudios-de-coopelectric-apuesta-a-la-capacitacion-docente\/"},"wordCount":331,"publisher":{"@id":"https:\/\/experienciadevida.com.ar\/portalurbano\/#organization"},"articleSection":["Destacadas 2","Educaci\u00f3n"],"inLanguage":"es"},{"@type":"WebPage","@id":"https:\/\/experienciadevida.com.ar\/portalurbano\/el-centro-de-estudios-de-coopelectric-apuesta-a-la-capacitacion-docente\/","url":"https:\/\/experienciadevida.com.ar\/portalurbano\/el-centro-de-estudios-de-coopelectric-apuesta-a-la-capacitacion-docente\/","name":"El Centro de Estudios de Coopelectric apuesta a la capacitaci\u00f3n","isPartOf":{"@id":"https:\/\/experienciadevida.com.ar\/portalurbano\/#website"},"datePublished":"2022-08-05T00:31:44+00:00","dateModified":"2022-08-05T00:33:01+00:00","description":"El Centro de estudios de Coopelectric apuesta a la capacitaci\u00f3n docente, en las instalaciones del Centro de Estudios Universitarios","breadcrumb":{"@id":"https:\/\/experienciadevida.com.ar\/portalurbano\/el-centro-de-estudios-de-coopelectric-apuesta-a-la-capacitacion-docente\/#breadcrumb"},"inLanguage":"es","potentialAction":[{"@type":"ReadAction","target":["https:\/\/experienciadevida.com.ar\/portalurbano\/el-centro-de-estudios-de-coopelectric-apuesta-a-la-capacitacion-docente\/"]}]},{"@type":"BreadcrumbList","@id":"https:\/\/experienciadevida.com.ar\/portalurbano\/el-centro-de-estudios-de-coopelectric-apuesta-a-la-capacitacion-docente\/#breadcrumb","itemListElement":[{"@type":"ListItem","position":1,"name":"Portada","item":"https:\/\/experienciadevida.com.ar\/portalurbano\/"},{"@type":"ListItem","position":2,"name":"El Centro de estudios de Coopelectric apuesta a la capacitaci\u00f3n docente"}]},{"@type":"WebSite","@id":"https:\/\/experienciadevida.com.ar\/portalurbano\/#website","url":"https:\/\/experienciadevida.com.ar\/portalurbano\/","name":"","description":"","publisher":{"@id":"https:\/\/experienciadevida.com.ar\/portalurbano\/#organization"},"potentialAction":[{"@type":"SearchAction","target":{"@type":"EntryPoint","urlTemplate":"https:\/\/experienciadevida.com.ar\/portalurbano\/?s={search_term_string}"},"query-input":"required name=search_term_string"}],"inLanguage":"es"},{"@type":"Organization","@id":"https:\/\/experienciadevida.com.ar\/portalurbano\/#organization","name":"Portal Urbano","url":"https:\/\/experienciadevida.com.ar\/portalurbano\/","logo":{"@type":"ImageObject","inLanguage":"es","@id":"https:\/\/experienciadevida.com.ar\/portalurbano\/#\/schema\/logo\/image\/","url":"https:\/\/experienciadevida.com.ar\/portalurbano\/wp-content\/uploads\/2019\/09\/Logo-Original.png","contentUrl":"https:\/\/experienciadevida.com.ar\/portalurbano\/wp-content\/uploads\/2019\/09\/Logo-Original.png","width":2236,"height":1216,"caption":"Portal Urbano"},"image":{"@id":"https:\/\/experienciadevida.com.ar\/portalurbano\/#\/schema\/logo\/image\/"},"sameAs":["https:\/\/www.facebook.com\/Portal-Urbano-171542830093757\/","https:\/\/twitter.com\/portalurbanook","https:\/\/www.instagram.com\/_portalurbano\/","https:\/\/www.youtube.com\/channel\/UCXhagIfszH8KxFiOok79zbA?view_as=subscriber"]},{"@type":"Person","@id":"https:\/\/experienciadevida.com.ar\/portalurbano\/#\/schema\/person\/02dd326b1c4b056e9cc972486934a3a7","name":"admpu17wp","image":{"@type":"ImageObject","inLanguage":"es","@id":"https:\/\/experienciadevida.com.ar\/portalurbano\/#\/schema\/person\/image\/","url":"https:\/\/secure.gravatar.com\/avatar\/830d4c57adaae6630765e449a6908047?s=96&d=mm&r=g","contentUrl":"https:\/\/secure.gravatar.com\/avatar\/830d4c57adaae6630765e449a6908047?s=96&d=mm&r=g","caption":"admpu17wp"}}]}},"featured_image_urls":{"full":["https:\/\/experienciadevida.com.ar\/portalurbano\/wp-content\/uploads\/2022\/08\/El-Centro-de-estudios.png",679,393,false],"thumbnail":["https:\/\/experienciadevida.com.ar\/portalurbano\/wp-content\/uploads\/2022\/08\/El-Centro-de-estudios-150x150.png",150,150,true],"medium":["https:\/\/experienciadevida.com.ar\/portalurbano\/wp-content\/uploads\/2022\/08\/El-Centro-de-estudios-300x174.png",300,174,true],"medium_large":["https:\/\/experienciadevida.com.ar\/portalurbano\/wp-content\/uploads\/2022\/08\/El-Centro-de-estudios.png",640,370,false],"large":["https:\/\/experienciadevida.com.ar\/portalurbano\/wp-content\/uploads\/2022\/08\/El-Centro-de-estudios.png",640,370,false],"ug_big":["https:\/\/experienciadevida.com.ar\/portalurbano\/wp-content\/uploads\/2022\/08\/El-Centro-de-estudios.png",679,393,false],"1536x1536":["https:\/\/experienciadevida.com.ar\/portalurbano\/wp-content\/uploads\/2022\/08\/El-Centro-de-estudios.png",679,393,false],"2048x2048":["https:\/\/experienciadevida.com.ar\/portalurbano\/wp-content\/uploads\/2022\/08\/El-Centro-de-estudios.png",679,393,false],"newsever-slider-full":["https:\/\/experienciadevida.com.ar\/portalurbano\/wp-content\/uploads\/2022\/08\/El-Centro-de-estudios.png",679,393,false],"newsever-featured":["https:\/\/experienciadevida.com.ar\/portalurbano\/wp-content\/uploads\/2022\/08\/El-Centro-de-estudios.png",679,393,false],"newsever-medium":["https:\/\/experienciadevida.com.ar\/portalurbano\/wp-content\/uploads\/2022\/08\/El-Centro-de-estudios.png",679,393,false],"web-stories-poster-portrait":["https:\/\/experienciadevida.com.ar\/portalurbano\/wp-content\/uploads\/2022\/08\/El-Centro-de-estudios-640x393.png",640,393,true],"web-stories-publisher-logo":["https:\/\/experienciadevida.com.ar\/portalurbano\/wp-content\/uploads\/2022\/08\/El-Centro-de-estudios-96x96.png",96,96,true],"web-stories-thumbnail":["https:\/\/experienciadevida.com.ar\/portalurbano\/wp-content\/uploads\/2022\/08\/El-Centro-de-estudios-150x87.png",150,87,true]},"author_info":{"display_name":"admpu17wp","author_link":"https:\/\/experienciadevida.com.ar\/portalurbano\/author\/admpu17wp\/"},"category_info":"<a href=\"https:\/\/experienciadevida.com.ar\/portalurbano\/category\/destacadas-2\/\" rel=\"category tag\">Destacadas 2<\/a> <a href=\"https:\/\/experienciadevida.com.ar\/portalurbano\/category\/ciudad\/educacion\/\" rel=\"category tag\">Educaci\u00f3n<\/a>","tag_info":"Educaci\u00f3n","comment_count":"0","amp_enabled":true,"_links":{"self":[{"href":"https:\/\/experienciadevida.com.ar\/portalurbano\/wp-json\/wp\/v2\/posts\/172697"}],"collection":[{"href":"https:\/\/experienciadevida.com.ar\/portalurbano\/wp-json\/wp\/v2\/posts"}],"about":[{"href":"https:\/\/experienciadevida.com.ar\/portalurbano\/wp-json\/wp\/v2\/types\/post"}],"author":[{"embeddable":true,"href":"https:\/\/experienciadevida.com.ar\/portalurbano\/wp-json\/wp\/v2\/users\/1"}],"replies":[{"embeddable":true,"href":"https:\/\/experienciadevida.com.ar\/portalurbano\/wp-json\/wp\/v2\/comments?post=172697"}],"version-history":[{"count":1,"href":"https:\/\/experienciadevida.com.ar\/portalurbano\/wp-json\/wp\/v2\/posts\/172697\/revisions"}],"predecessor-version":[{"id":172699,"href":"https:\/\/experienciadevida.com.ar\/portalurbano\/wp-json\/wp\/v2\/posts\/172697\/revisions\/172699"}],"wp:featuredmedia":[{"embeddable":true,"href":"https:\/\/experienciadevida.com.ar\/portalurbano\/wp-json\/wp\/v2\/media\/172698"}],"wp:attachment":[{"href":"https:\/\/experienciadevida.com.ar\/portalurbano\/wp-json\/wp\/v2\/media?parent=172697"}],"wp:term":[{"taxonomy":"category","embeddable":true,"href":"https:\/\/experienciadevida.com.ar\/portalurbano\/wp-json\/wp\/v2\/categories?post=172697"},{"taxonomy":"post_tag","embeddable":true,"href":"https:\/\/experienciadevida.com.ar\/portalurbano\/wp-json\/wp\/v2\/tags?post=172697"}],"curies":[{"name":"wp","href":"https:\/\/api.w.org\/{rel}","templated":true}]}}