{"id":172692,"date":"2022-08-04T21:24:07","date_gmt":"2022-08-05T00:24:07","guid":{"rendered":"https:\/\/experienciadevida.com.ar\/portalurbano\/?p=172692"},"modified":"2022-08-04T21:25:58","modified_gmt":"2022-08-05T00:25:58","slug":"franco-cominotto-mantuvo-un-encuentro-con-gerardo-morales","status":"publish","type":"post","link":"https:\/\/experienciadevida.com.ar\/portalurbano\/franco-cominotto-mantuvo-un-encuentro-con-gerardo-morales\/","title":{"rendered":"Franco Cominotto mantuvo un encuentro con Gerardo Morales"},"content":{"rendered":"<p>Franco <a href=\"https:\/\/www.instagram.com\/francocominotto\/\">Cominotto<\/a> mantuvo un encuentro con Gerardo Morales, el encuentro se desarroll\u00f3 con el objetivo de definir los \u00faltimos detalles de la gran cena que se realizar\u00e1 el pr\u00f3ximo 13 de agosto y la visita del Gobernador de Jujuy a nuestra ciudad.<\/p>\n<p>El referente local de la UCR, Franco Cominotto, mantuvo un encuentro con Gerardo Morales, presidente del partido a nivel nacional, junto al dirigente azule\u00f1o Pablo Yanibelli.<\/p>\n<p>La reuni\u00f3n se llev\u00f3 a cabo con el objetivo de definir los \u00faltimos detalles de la gran cena por la reconstrucci\u00f3n del Comit\u00e9, incendiado de manera\u00a0 intencional en el a\u00f1o 2013, que se llevar\u00e1 adelante el pr\u00f3ximo s\u00e1bado 13 de agosto.<\/p>\n<p>Adem\u00e1s, durante la charla tambi\u00e9n se dialog\u00f3 sobre la construcci\u00f3n pol\u00edtica y los cimientos del partido en Olavarr\u00eda donde Morales destac\u00f3 el gran trabajo que se viene realizando a nivel local.<\/p>\n<p>Asimismo, agradeci\u00f3 la invitaci\u00f3n a tal importante evento que permitir\u00e1 avanzar fuertemente con la recuperaci\u00f3n de la casa del radicalismo olavarriense.<\/p>\n","protected":false},"excerpt":{"rendered":"<p>Franco Cominotto mantuvo un encuentro con Gerardo Morales, el encuentro se desarroll\u00f3 con el objetivo&#8230;<\/p>\n","protected":false},"author":1,"featured_media":172693,"comment_status":"closed","ping_status":"closed","sticky":false,"template":"","format":"standard","meta":{"content-type":""},"categories":[27,51],"tags":[],"nelio_content":{"isAutoShareEnabled":false,"autoShareEndMode":"default","automationSources":{"useContentSentences":true,"useSocialTemplates":true,"useCustomSentences":false,"customSentences":[]},"followers":[1],"suggestedReferences":[],"includedReferences":[],"efiUrl":"","efiAlt":"","highlights":[]},"yoast_head":"<!-- This site is optimized with the Yoast SEO plugin v20.7 - https:\/\/yoast.com\/wordpress\/plugins\/seo\/ -->\n<title>Franco Cominotto mantuvo un encuentro con Gerardo Morales<\/title>\n<meta name=\"description\" content=\"Franco Cominotto mantuvo un encuentro con Gerardo Morales, el encuentro se desarroll\u00f3 con el objetivo de definir los \u00faltimos detalles\" \/>\n<meta name=\"robots\" content=\"index, follow, max-snippet:-1, max-image-preview:large, max-video-preview:-1\" \/>\n<link rel=\"canonical\" href=\"https:\/\/experienciadevida.com.ar\/portalurbano\/franco-cominotto-mantuvo-un-encuentro-con-gerardo-morales\/\" \/>\n<meta property=\"og:locale\" content=\"es_ES\" \/>\n<meta property=\"og:type\" content=\"article\" \/>\n<meta property=\"og:title\" content=\"Franco Cominotto mantuvo un encuentro con Gerardo Morales\" \/>\n<meta property=\"og:description\" content=\"Franco Cominotto mantuvo un encuentro con Gerardo Morales, el encuentro se desarroll\u00f3 con el objetivo de definir los \u00faltimos detalles\" \/>\n<meta property=\"og:url\" content=\"https:\/\/experienciadevida.com.ar\/portalurbano\/franco-cominotto-mantuvo-un-encuentro-con-gerardo-morales\/\" \/>\n<meta property=\"article:publisher\" content=\"https:\/\/www.facebook.com\/Portal-Urbano-171542830093757\/\" \/>\n<meta property=\"article:published_time\" content=\"2022-08-05T00:24:07+00:00\" \/>\n<meta property=\"article:modified_time\" content=\"2022-08-05T00:25:58+00:00\" \/>\n<meta property=\"og:image\" content=\"https:\/\/experienciadevida.com.ar\/portalurbano\/wp-content\/uploads\/2022\/08\/Franco-Cominotto-mantuvo-un-scaled.jpeg\" \/>\n\t<meta property=\"og:image:width\" content=\"2560\" \/>\n\t<meta property=\"og:image:height\" content=\"1869\" \/>\n\t<meta property=\"og:image:type\" content=\"image\/jpeg\" \/>\n<meta name=\"author\" content=\"admpu17wp\" \/>\n<meta name=\"twitter:card\" content=\"summary_large_image\" \/>\n<meta name=\"twitter:creator\" content=\"@portalurbanook\" \/>\n<meta name=\"twitter:site\" content=\"@portalurbanook\" \/>\n<meta name=\"twitter:label1\" content=\"Escrito por\" \/>\n\t<meta name=\"twitter:data1\" content=\"admpu17wp\" \/>\n\t<meta name=\"twitter:label2\" content=\"Tiempo de lectura\" \/>\n\t<meta name=\"twitter:data2\" content=\"1 minuto\" \/>\n<script type=\"application\/ld+json\" class=\"yoast-schema-graph\">{\"@context\":\"https:\/\/schema.org\",\"@graph\":[{\"@type\":\"Article\",\"@id\":\"https:\/\/experienciadevida.com.ar\/portalurbano\/franco-cominotto-mantuvo-un-encuentro-con-gerardo-morales\/#article\",\"isPartOf\":{\"@id\":\"https:\/\/experienciadevida.com.ar\/portalurbano\/franco-cominotto-mantuvo-un-encuentro-con-gerardo-morales\/\"},\"author\":{\"name\":\"admpu17wp\",\"@id\":\"https:\/\/experienciadevida.com.ar\/portalurbano\/#\/schema\/person\/02dd326b1c4b056e9cc972486934a3a7\"},\"headline\":\"Franco Cominotto mantuvo un encuentro con Gerardo Morales\",\"datePublished\":\"2022-08-05T00:24:07+00:00\",\"dateModified\":\"2022-08-05T00:25:58+00:00\",\"mainEntityOfPage\":{\"@id\":\"https:\/\/experienciadevida.com.ar\/portalurbano\/franco-cominotto-mantuvo-un-encuentro-con-gerardo-morales\/\"},\"wordCount\":180,\"publisher\":{\"@id\":\"https:\/\/experienciadevida.com.ar\/portalurbano\/#organization\"},\"articleSection\":[\"Ciudad\",\"Destacadas\"],\"inLanguage\":\"es\"},{\"@type\":\"WebPage\",\"@id\":\"https:\/\/experienciadevida.com.ar\/portalurbano\/franco-cominotto-mantuvo-un-encuentro-con-gerardo-morales\/\",\"url\":\"https:\/\/experienciadevida.com.ar\/portalurbano\/franco-cominotto-mantuvo-un-encuentro-con-gerardo-morales\/\",\"name\":\"Franco Cominotto mantuvo un encuentro con Gerardo Morales\",\"isPartOf\":{\"@id\":\"https:\/\/experienciadevida.com.ar\/portalurbano\/#website\"},\"datePublished\":\"2022-08-05T00:24:07+00:00\",\"dateModified\":\"2022-08-05T00:25:58+00:00\",\"description\":\"Franco Cominotto mantuvo un encuentro con Gerardo Morales, el encuentro se desarroll\u00f3 con el objetivo de definir los \u00faltimos detalles\",\"breadcrumb\":{\"@id\":\"https:\/\/experienciadevida.com.ar\/portalurbano\/franco-cominotto-mantuvo-un-encuentro-con-gerardo-morales\/#breadcrumb\"},\"inLanguage\":\"es\",\"potentialAction\":[{\"@type\":\"ReadAction\",\"target\":[\"https:\/\/experienciadevida.com.ar\/portalurbano\/franco-cominotto-mantuvo-un-encuentro-con-gerardo-morales\/\"]}]},{\"@type\":\"BreadcrumbList\",\"@id\":\"https:\/\/experienciadevida.com.ar\/portalurbano\/franco-cominotto-mantuvo-un-encuentro-con-gerardo-morales\/#breadcrumb\",\"itemListElement\":[{\"@type\":\"ListItem\",\"position\":1,\"name\":\"Portada\",\"item\":\"https:\/\/experienciadevida.com.ar\/portalurbano\/\"},{\"@type\":\"ListItem\",\"position\":2,\"name\":\"Franco Cominotto mantuvo un encuentro con Gerardo Morales\"}]},{\"@type\":\"WebSite\",\"@id\":\"https:\/\/experienciadevida.com.ar\/portalurbano\/#website\",\"url\":\"https:\/\/experienciadevida.com.ar\/portalurbano\/\",\"name\":\"\",\"description\":\"\",\"publisher\":{\"@id\":\"https:\/\/experienciadevida.com.ar\/portalurbano\/#organization\"},\"potentialAction\":[{\"@type\":\"SearchAction\",\"target\":{\"@type\":\"EntryPoint\",\"urlTemplate\":\"https:\/\/experienciadevida.com.ar\/portalurbano\/?s={search_term_string}\"},\"query-input\":\"required name=search_term_string\"}],\"inLanguage\":\"es\"},{\"@type\":\"Organization\",\"@id\":\"https:\/\/experienciadevida.com.ar\/portalurbano\/#organization\",\"name\":\"Portal Urbano\",\"url\":\"https:\/\/experienciadevida.com.ar\/portalurbano\/\",\"logo\":{\"@type\":\"ImageObject\",\"inLanguage\":\"es\",\"@id\":\"https:\/\/experienciadevida.com.ar\/portalurbano\/#\/schema\/logo\/image\/\",\"url\":\"https:\/\/experienciadevida.com.ar\/portalurbano\/wp-content\/uploads\/2019\/09\/Logo-Original.png\",\"contentUrl\":\"https:\/\/experienciadevida.com.ar\/portalurbano\/wp-content\/uploads\/2019\/09\/Logo-Original.png\",\"width\":2236,\"height\":1216,\"caption\":\"Portal Urbano\"},\"image\":{\"@id\":\"https:\/\/experienciadevida.com.ar\/portalurbano\/#\/schema\/logo\/image\/\"},\"sameAs\":[\"https:\/\/www.facebook.com\/Portal-Urbano-171542830093757\/\",\"https:\/\/twitter.com\/portalurbanook\",\"https:\/\/www.instagram.com\/_portalurbano\/\",\"https:\/\/www.youtube.com\/channel\/UCXhagIfszH8KxFiOok79zbA?view_as=subscriber\"]},{\"@type\":\"Person\",\"@id\":\"https:\/\/experienciadevida.com.ar\/portalurbano\/#\/schema\/person\/02dd326b1c4b056e9cc972486934a3a7\",\"name\":\"admpu17wp\",\"image\":{\"@type\":\"ImageObject\",\"inLanguage\":\"es\",\"@id\":\"https:\/\/experienciadevida.com.ar\/portalurbano\/#\/schema\/person\/image\/\",\"url\":\"https:\/\/secure.gravatar.com\/avatar\/830d4c57adaae6630765e449a6908047?s=96&d=mm&r=g\",\"contentUrl\":\"https:\/\/secure.gravatar.com\/avatar\/830d4c57adaae6630765e449a6908047?s=96&d=mm&r=g\",\"caption\":\"admpu17wp\"}}]}<\/script>\n<!-- \/ Yoast SEO plugin. -->","yoast_head_json":{"title":"Franco Cominotto mantuvo un encuentro con Gerardo Morales","description":"Franco Cominotto mantuvo un encuentro con Gerardo Morales, el encuentro se desarroll\u00f3 con el objetivo de definir los \u00faltimos detalles","robots":{"index":"index","follow":"follow","max-snippet":"max-snippet:-1","max-image-preview":"max-image-preview:large","max-video-preview":"max-video-preview:-1"},"canonical":"https:\/\/experienciadevida.com.ar\/portalurbano\/franco-cominotto-mantuvo-un-encuentro-con-gerardo-morales\/","og_locale":"es_ES","og_type":"article","og_title":"Franco Cominotto mantuvo un encuentro con Gerardo Morales","og_description":"Franco Cominotto mantuvo un encuentro con Gerardo Morales, el encuentro se desarroll\u00f3 con el objetivo de definir los \u00faltimos detalles","og_url":"https:\/\/experienciadevida.com.ar\/portalurbano\/franco-cominotto-mantuvo-un-encuentro-con-gerardo-morales\/","article_publisher":"https:\/\/www.facebook.com\/Portal-Urbano-171542830093757\/","article_published_time":"2022-08-05T00:24:07+00:00","article_modified_time":"2022-08-05T00:25:58+00:00","og_image":[{"width":2560,"height":1869,"url":"https:\/\/experienciadevida.com.ar\/portalurbano\/wp-content\/uploads\/2022\/08\/Franco-Cominotto-mantuvo-un-scaled.jpeg","type":"image\/jpeg"}],"author":"admpu17wp","twitter_card":"summary_large_image","twitter_creator":"@portalurbanook","twitter_site":"@portalurbanook","twitter_misc":{"Escrito por":"admpu17wp","Tiempo de lectura":"1 minuto"},"schema":{"@context":"https:\/\/schema.org","@graph":[{"@type":"Article","@id":"https:\/\/experienciadevida.com.ar\/portalurbano\/franco-cominotto-mantuvo-un-encuentro-con-gerardo-morales\/#article","isPartOf":{"@id":"https:\/\/experienciadevida.com.ar\/portalurbano\/franco-cominotto-mantuvo-un-encuentro-con-gerardo-morales\/"},"author":{"name":"admpu17wp","@id":"https:\/\/experienciadevida.com.ar\/portalurbano\/#\/schema\/person\/02dd326b1c4b056e9cc972486934a3a7"},"headline":"Franco Cominotto mantuvo un encuentro con Gerardo Morales","datePublished":"2022-08-05T00:24:07+00:00","dateModified":"2022-08-05T00:25:58+00:00","mainEntityOfPage":{"@id":"https:\/\/experienciadevida.com.ar\/portalurbano\/franco-cominotto-mantuvo-un-encuentro-con-gerardo-morales\/"},"wordCount":180,"publisher":{"@id":"https:\/\/experienciadevida.com.ar\/portalurbano\/#organization"},"articleSection":["Ciudad","Destacadas"],"inLanguage":"es"},{"@type":"WebPage","@id":"https:\/\/experienciadevida.com.ar\/portalurbano\/franco-cominotto-mantuvo-un-encuentro-con-gerardo-morales\/","url":"https:\/\/experienciadevida.com.ar\/portalurbano\/franco-cominotto-mantuvo-un-encuentro-con-gerardo-morales\/","name":"Franco Cominotto mantuvo un encuentro con Gerardo Morales","isPartOf":{"@id":"https:\/\/experienciadevida.com.ar\/portalurbano\/#website"},"datePublished":"2022-08-05T00:24:07+00:00","dateModified":"2022-08-05T00:25:58+00:00","description":"Franco Cominotto mantuvo un encuentro con Gerardo Morales, el encuentro se desarroll\u00f3 con el objetivo de definir los \u00faltimos detalles","breadcrumb":{"@id":"https:\/\/experienciadevida.com.ar\/portalurbano\/franco-cominotto-mantuvo-un-encuentro-con-gerardo-morales\/#breadcrumb"},"inLanguage":"es","potentialAction":[{"@type":"ReadAction","target":["https:\/\/experienciadevida.com.ar\/portalurbano\/franco-cominotto-mantuvo-un-encuentro-con-gerardo-morales\/"]}]},{"@type":"BreadcrumbList","@id":"https:\/\/experienciadevida.com.ar\/portalurbano\/franco-cominotto-mantuvo-un-encuentro-con-gerardo-morales\/#breadcrumb","itemListElement":[{"@type":"ListItem","position":1,"name":"Portada","item":"https:\/\/experienciadevida.com.ar\/portalurbano\/"},{"@type":"ListItem","position":2,"name":"Franco Cominotto mantuvo un encuentro con Gerardo Morales"}]},{"@type":"WebSite","@id":"https:\/\/experienciadevida.com.ar\/portalurbano\/#website","url":"https:\/\/experienciadevida.com.ar\/portalurbano\/","name":"","description":"","publisher":{"@id":"https:\/\/experienciadevida.com.ar\/portalurbano\/#organization"},"potentialAction":[{"@type":"SearchAction","target":{"@type":"EntryPoint","urlTemplate":"https:\/\/experienciadevida.com.ar\/portalurbano\/?s={search_term_string}"},"query-input":"required name=search_term_string"}],"inLanguage":"es"},{"@type":"Organization","@id":"https:\/\/experienciadevida.com.ar\/portalurbano\/#organization","name":"Portal Urbano","url":"https:\/\/experienciadevida.com.ar\/portalurbano\/","logo":{"@type":"ImageObject","inLanguage":"es","@id":"https:\/\/experienciadevida.com.ar\/portalurbano\/#\/schema\/logo\/image\/","url":"https:\/\/experienciadevida.com.ar\/portalurbano\/wp-content\/uploads\/2019\/09\/Logo-Original.png","contentUrl":"https:\/\/experienciadevida.com.ar\/portalurbano\/wp-content\/uploads\/2019\/09\/Logo-Original.png","width":2236,"height":1216,"caption":"Portal Urbano"},"image":{"@id":"https:\/\/experienciadevida.com.ar\/portalurbano\/#\/schema\/logo\/image\/"},"sameAs":["https:\/\/www.facebook.com\/Portal-Urbano-171542830093757\/","https:\/\/twitter.com\/portalurbanook","https:\/\/www.instagram.com\/_portalurbano\/","https:\/\/www.youtube.com\/channel\/UCXhagIfszH8KxFiOok79zbA?view_as=subscriber"]},{"@type":"Person","@id":"https:\/\/experienciadevida.com.ar\/portalurbano\/#\/schema\/person\/02dd326b1c4b056e9cc972486934a3a7","name":"admpu17wp","image":{"@type":"ImageObject","inLanguage":"es","@id":"https:\/\/experienciadevida.com.ar\/portalurbano\/#\/schema\/person\/image\/","url":"https:\/\/secure.gravatar.com\/avatar\/830d4c57adaae6630765e449a6908047?s=96&d=mm&r=g","contentUrl":"https:\/\/secure.gravatar.com\/avatar\/830d4c57adaae6630765e449a6908047?s=96&d=mm&r=g","caption":"admpu17wp"}}]}},"featured_image_urls":{"full":["https:\/\/experienciadevida.com.ar\/portalurbano\/wp-content\/uploads\/2022\/08\/Franco-Cominotto-mantuvo-un-scaled.jpeg",2560,1869,false],"thumbnail":["https:\/\/experienciadevida.com.ar\/portalurbano\/wp-content\/uploads\/2022\/08\/Franco-Cominotto-mantuvo-un-150x150.jpeg",150,150,true],"medium":["https:\/\/experienciadevida.com.ar\/portalurbano\/wp-content\/uploads\/2022\/08\/Franco-Cominotto-mantuvo-un-300x219.jpeg",300,219,true],"medium_large":["https:\/\/experienciadevida.com.ar\/portalurbano\/wp-content\/uploads\/2022\/08\/Franco-Cominotto-mantuvo-un-768x561.jpeg",640,468,true],"large":["https:\/\/experienciadevida.com.ar\/portalurbano\/wp-content\/uploads\/2022\/08\/Franco-Cominotto-mantuvo-un-1024x748.jpeg",640,468,true],"ug_big":["https:\/\/experienciadevida.com.ar\/portalurbano\/wp-content\/uploads\/2022\/08\/Franco-Cominotto-mantuvo-un-768x561.jpeg",768,561,true],"1536x1536":["https:\/\/experienciadevida.com.ar\/portalurbano\/wp-content\/uploads\/2022\/08\/Franco-Cominotto-mantuvo-un-1536x1121.jpeg",1536,1121,true],"2048x2048":["https:\/\/experienciadevida.com.ar\/portalurbano\/wp-content\/uploads\/2022\/08\/Franco-Cominotto-mantuvo-un-2048x1495.jpeg",2048,1495,true],"newsever-slider-full":["https:\/\/experienciadevida.com.ar\/portalurbano\/wp-content\/uploads\/2022\/08\/Franco-Cominotto-mantuvo-un-scaled.jpeg",1157,845,false],"newsever-featured":["https:\/\/experienciadevida.com.ar\/portalurbano\/wp-content\/uploads\/2022\/08\/Franco-Cominotto-mantuvo-un-scaled.jpeg",1024,748,false],"newsever-medium":["https:\/\/experienciadevida.com.ar\/portalurbano\/wp-content\/uploads\/2022\/08\/Franco-Cominotto-mantuvo-un-scaled.jpeg",651,475,false],"web-stories-poster-portrait":["https:\/\/experienciadevida.com.ar\/portalurbano\/wp-content\/uploads\/2022\/08\/Franco-Cominotto-mantuvo-un-640x853.jpeg",640,853,true],"web-stories-publisher-logo":["https:\/\/experienciadevida.com.ar\/portalurbano\/wp-content\/uploads\/2022\/08\/Franco-Cominotto-mantuvo-un-96x96.jpeg",96,96,true],"web-stories-thumbnail":["https:\/\/experienciadevida.com.ar\/portalurbano\/wp-content\/uploads\/2022\/08\/Franco-Cominotto-mantuvo-un-150x110.jpeg",150,110,true]},"author_info":{"display_name":"admpu17wp","author_link":"https:\/\/experienciadevida.com.ar\/portalurbano\/author\/admpu17wp\/"},"category_info":"<a href=\"https:\/\/experienciadevida.com.ar\/portalurbano\/category\/ciudad\/\" rel=\"category tag\">Ciudad<\/a> <a href=\"https:\/\/experienciadevida.com.ar\/portalurbano\/category\/destacadas\/\" rel=\"category tag\">Destacadas<\/a>","tag_info":"Destacadas","comment_count":"0","amp_enabled":true,"_links":{"self":[{"href":"https:\/\/experienciadevida.com.ar\/portalurbano\/wp-json\/wp\/v2\/posts\/172692"}],"collection":[{"href":"https:\/\/experienciadevida.com.ar\/portalurbano\/wp-json\/wp\/v2\/posts"}],"about":[{"href":"https:\/\/experienciadevida.com.ar\/portalurbano\/wp-json\/wp\/v2\/types\/post"}],"author":[{"embeddable":true,"href":"https:\/\/experienciadevida.com.ar\/portalurbano\/wp-json\/wp\/v2\/users\/1"}],"replies":[{"embeddable":true,"href":"https:\/\/experienciadevida.com.ar\/portalurbano\/wp-json\/wp\/v2\/comments?post=172692"}],"version-history":[{"count":3,"href":"https:\/\/experienciadevida.com.ar\/portalurbano\/wp-json\/wp\/v2\/posts\/172692\/revisions"}],"predecessor-version":[{"id":172696,"href":"https:\/\/experienciadevida.com.ar\/portalurbano\/wp-json\/wp\/v2\/posts\/172692\/revisions\/172696"}],"wp:featuredmedia":[{"embeddable":true,"href":"https:\/\/experienciadevida.com.ar\/portalurbano\/wp-json\/wp\/v2\/media\/172693"}],"wp:attachment":[{"href":"https:\/\/experienciadevida.com.ar\/portalurbano\/wp-json\/wp\/v2\/media?parent=172692"}],"wp:term":[{"taxonomy":"category","embeddable":true,"href":"https:\/\/experienciadevida.com.ar\/portalurbano\/wp-json\/wp\/v2\/categories?post=172692"},{"taxonomy":"post_tag","embeddable":true,"href":"https:\/\/experienciadevida.com.ar\/portalurbano\/wp-json\/wp\/v2\/tags?post=172692"}],"curies":[{"name":"wp","href":"https:\/\/api.w.org\/{rel}","templated":true}]}}