{"id":172687,"date":"2022-08-04T14:13:36","date_gmt":"2022-08-04T17:13:36","guid":{"rendered":"https:\/\/experienciadevida.com.ar\/portalurbano\/?p=172687"},"modified":"2022-08-04T14:16:49","modified_gmt":"2022-08-04T17:16:49","slug":"se-cumplen-9-anos-del-incendio-del-comite-radical","status":"publish","type":"post","link":"https:\/\/experienciadevida.com.ar\/portalurbano\/se-cumplen-9-anos-del-incendio-del-comite-radical\/","title":{"rendered":"Se cumplen 9 a\u00f1os del incendio del Comit\u00e9 Radical"},"content":{"rendered":"<p>Se cumplen 9 a\u00f1os del incendio del Comit\u00e9 Radical, en la madrugada del 4 de agosto de 2013 suced\u00eda un hecho sin precedentes para Olavarr\u00eda: el incendio intencional del Comit\u00e9 de la Uni\u00f3n C\u00edvica Radical. Hoy, a 9 a\u00f1os del hecho, encuentra al radicalismo local con un presente cargado de optimismo y en plena recuperaci\u00f3n.<\/p>\n<p>El 4 de agosto de 2013, y a una semana de las PASO de aquel a\u00f1o, suced\u00eda un hecho tr\u00e1gico para la historia democr\u00e1tica de nuestra ciudad. Justo aquel a\u00f1o que se cumpl\u00edan 30 de la recuperaci\u00f3n democr\u00e1tica, la consternaci\u00f3n y el asombro invadi\u00f3 a la sociedad olavarriense. Un suceso que gener\u00f3 un impacto profundo en todo el arco pol\u00edtico nacional, una escalada de violencia pocas veces visto que despert\u00f3 el repudio generalizado.<\/p>\n<p>El correr de los d\u00edas y los meses posteriores gener\u00f3 mayor indignaci\u00f3n y desaz\u00f3n al ver los escasos avances para esclarecer el hecho, m\u00e1s all\u00e1 de la intervenci\u00f3n de la Justicia Federal poco se pudo saber sobre los autores<br \/>\nmateriales e intelectuales. S\u00ed qued\u00f3 claro la intencionalidad del hecho, un aut\u00e9ntico atentado contra la democracia.<\/p>\n<p>La actualidad presenta otro panorama, con claros avances en la recuperaci\u00f3n de la casa radical de la calle 25 de Mayo, y a pocos d\u00edas de que se realice una gran cena que reunir\u00e1 a gran parte de la UCR nacional, que se plante\u00f3<br \/>\ncon el objetivo de seguir reuniendo fondos para este fin. Desde hace a\u00f1os la conducci\u00f3n del radicalismo viene trabajando incansablemente para lograrlo, volver a su hogar, y el fuerte apoyo que est\u00e1n recibiendo es un<br \/>\nreconocimiento a todo esto.<\/p>\n<p>El Presidente de la UCR local, Gonzalo <a href=\"https:\/\/www.facebook.com\/gonzalo.dolagaray\">Dolagaray<\/a>, manifest\u00f3 que &#8220;cada 4 de agosto duele, en los recuerdos, en todo lo vivido aquel d\u00eda. Pero hoy nos encuentra con otros aires, sabiendo que falta muy poco para que vuelva a<br \/>\nser el lugar de encuentro y debate que supo ser&#8221;.<\/p>\n<p><a href=\"https:\/\/experienciadevida.com.ar\/portalurbano\/se-cumplen-9-anos-del-incendio-del-comite-radical\/se-18\/\" rel=\"attachment wp-att-172690\"><img decoding=\"async\" class=\"alignnone size-full wp-image-172690\" src=\"https:\/\/experienciadevida.com.ar\/portalurbano\/wp-content\/uploads\/2022\/08\/Se.jpg\" alt=\"Se \" width=\"960\" height=\"722\" srcset=\"https:\/\/experienciadevida.com.ar\/portalurbano\/wp-content\/uploads\/2022\/08\/Se.jpg 960w, https:\/\/experienciadevida.com.ar\/portalurbano\/wp-content\/uploads\/2022\/08\/Se-300x226.jpg 300w, https:\/\/experienciadevida.com.ar\/portalurbano\/wp-content\/uploads\/2022\/08\/Se-768x578.jpg 768w, https:\/\/experienciadevida.com.ar\/portalurbano\/wp-content\/uploads\/2022\/08\/Se-150x113.jpg 150w\" sizes=\"(max-width: 960px) 100vw, 960px\" \/><\/a><\/p>\n","protected":false},"excerpt":{"rendered":"<p>Se cumplen 9 a\u00f1os del incendio del Comit\u00e9 Radical, en la madrugada del 4 de&#8230;<\/p>\n","protected":false},"author":1,"featured_media":172688,"comment_status":"closed","ping_status":"closed","sticky":false,"template":"","format":"standard","meta":{"content-type":""},"categories":[27,51],"tags":[],"nelio_content":{"isAutoShareEnabled":false,"autoShareEndMode":"default","automationSources":{"useContentSentences":true,"useSocialTemplates":true,"useCustomSentences":false,"customSentences":[]},"followers":[1],"suggestedReferences":[],"includedReferences":[],"efiUrl":"","efiAlt":"","highlights":[]},"yoast_head":"<!-- This site is optimized with the Yoast SEO plugin v20.7 - https:\/\/yoast.com\/wordpress\/plugins\/seo\/ -->\n<title>Se cumplen 9 a\u00f1os del incendio del comit\u00e9 radical<\/title>\n<meta name=\"description\" content=\"Se cumplen 9 a\u00f1os del incendio del Comit\u00e9 Radical, en la madrugada del 4 de agosto de 2013 suced\u00eda un hecho sin precedentes para Olavarr\u00eda\" \/>\n<meta name=\"robots\" content=\"index, follow, max-snippet:-1, max-image-preview:large, max-video-preview:-1\" \/>\n<link rel=\"canonical\" href=\"https:\/\/experienciadevida.com.ar\/portalurbano\/se-cumplen-9-anos-del-incendio-del-comite-radical\/\" \/>\n<meta property=\"og:locale\" content=\"es_ES\" \/>\n<meta property=\"og:type\" content=\"article\" \/>\n<meta property=\"og:title\" content=\"Se cumplen 9 a\u00f1os del incendio del comit\u00e9 radical\" \/>\n<meta property=\"og:description\" content=\"Se cumplen 9 a\u00f1os del incendio del Comit\u00e9 Radical, en la madrugada del 4 de agosto de 2013 suced\u00eda un hecho sin precedentes para Olavarr\u00eda\" \/>\n<meta property=\"og:url\" content=\"https:\/\/experienciadevida.com.ar\/portalurbano\/se-cumplen-9-anos-del-incendio-del-comite-radical\/\" \/>\n<meta property=\"article:publisher\" content=\"https:\/\/www.facebook.com\/Portal-Urbano-171542830093757\/\" \/>\n<meta property=\"article:published_time\" content=\"2022-08-04T17:13:36+00:00\" \/>\n<meta property=\"article:modified_time\" content=\"2022-08-04T17:16:49+00:00\" \/>\n<meta property=\"og:image\" content=\"https:\/\/experienciadevida.com.ar\/portalurbano\/wp-content\/uploads\/2022\/08\/Se-cumplen-9-anos.jpg\" \/>\n\t<meta property=\"og:image:width\" content=\"789\" \/>\n\t<meta property=\"og:image:height\" content=\"463\" \/>\n\t<meta property=\"og:image:type\" content=\"image\/jpeg\" \/>\n<meta name=\"author\" content=\"admpu17wp\" \/>\n<meta name=\"twitter:card\" content=\"summary_large_image\" \/>\n<meta name=\"twitter:creator\" content=\"@portalurbanook\" \/>\n<meta name=\"twitter:site\" content=\"@portalurbanook\" \/>\n<meta name=\"twitter:label1\" content=\"Escrito por\" \/>\n\t<meta name=\"twitter:data1\" content=\"admpu17wp\" \/>\n\t<meta name=\"twitter:label2\" content=\"Tiempo de lectura\" \/>\n\t<meta name=\"twitter:data2\" content=\"2 minutos\" \/>\n<script type=\"application\/ld+json\" class=\"yoast-schema-graph\">{\"@context\":\"https:\/\/schema.org\",\"@graph\":[{\"@type\":\"Article\",\"@id\":\"https:\/\/experienciadevida.com.ar\/portalurbano\/se-cumplen-9-anos-del-incendio-del-comite-radical\/#article\",\"isPartOf\":{\"@id\":\"https:\/\/experienciadevida.com.ar\/portalurbano\/se-cumplen-9-anos-del-incendio-del-comite-radical\/\"},\"author\":{\"name\":\"admpu17wp\",\"@id\":\"https:\/\/experienciadevida.com.ar\/portalurbano\/#\/schema\/person\/02dd326b1c4b056e9cc972486934a3a7\"},\"headline\":\"Se cumplen 9 a\u00f1os del incendio del Comit\u00e9 Radical\",\"datePublished\":\"2022-08-04T17:13:36+00:00\",\"dateModified\":\"2022-08-04T17:16:49+00:00\",\"mainEntityOfPage\":{\"@id\":\"https:\/\/experienciadevida.com.ar\/portalurbano\/se-cumplen-9-anos-del-incendio-del-comite-radical\/\"},\"wordCount\":345,\"publisher\":{\"@id\":\"https:\/\/experienciadevida.com.ar\/portalurbano\/#organization\"},\"articleSection\":[\"Ciudad\",\"Destacadas\"],\"inLanguage\":\"es\"},{\"@type\":\"WebPage\",\"@id\":\"https:\/\/experienciadevida.com.ar\/portalurbano\/se-cumplen-9-anos-del-incendio-del-comite-radical\/\",\"url\":\"https:\/\/experienciadevida.com.ar\/portalurbano\/se-cumplen-9-anos-del-incendio-del-comite-radical\/\",\"name\":\"Se cumplen 9 a\u00f1os del incendio del comit\u00e9 radical\",\"isPartOf\":{\"@id\":\"https:\/\/experienciadevida.com.ar\/portalurbano\/#website\"},\"datePublished\":\"2022-08-04T17:13:36+00:00\",\"dateModified\":\"2022-08-04T17:16:49+00:00\",\"description\":\"Se cumplen 9 a\u00f1os del incendio del Comit\u00e9 Radical, en la madrugada del 4 de agosto de 2013 suced\u00eda un hecho sin precedentes para Olavarr\u00eda\",\"breadcrumb\":{\"@id\":\"https:\/\/experienciadevida.com.ar\/portalurbano\/se-cumplen-9-anos-del-incendio-del-comite-radical\/#breadcrumb\"},\"inLanguage\":\"es\",\"potentialAction\":[{\"@type\":\"ReadAction\",\"target\":[\"https:\/\/experienciadevida.com.ar\/portalurbano\/se-cumplen-9-anos-del-incendio-del-comite-radical\/\"]}]},{\"@type\":\"BreadcrumbList\",\"@id\":\"https:\/\/experienciadevida.com.ar\/portalurbano\/se-cumplen-9-anos-del-incendio-del-comite-radical\/#breadcrumb\",\"itemListElement\":[{\"@type\":\"ListItem\",\"position\":1,\"name\":\"Portada\",\"item\":\"https:\/\/experienciadevida.com.ar\/portalurbano\/\"},{\"@type\":\"ListItem\",\"position\":2,\"name\":\"Se cumplen 9 a\u00f1os del incendio del Comit\u00e9 Radical\"}]},{\"@type\":\"WebSite\",\"@id\":\"https:\/\/experienciadevida.com.ar\/portalurbano\/#website\",\"url\":\"https:\/\/experienciadevida.com.ar\/portalurbano\/\",\"name\":\"\",\"description\":\"\",\"publisher\":{\"@id\":\"https:\/\/experienciadevida.com.ar\/portalurbano\/#organization\"},\"potentialAction\":[{\"@type\":\"SearchAction\",\"target\":{\"@type\":\"EntryPoint\",\"urlTemplate\":\"https:\/\/experienciadevida.com.ar\/portalurbano\/?s={search_term_string}\"},\"query-input\":\"required name=search_term_string\"}],\"inLanguage\":\"es\"},{\"@type\":\"Organization\",\"@id\":\"https:\/\/experienciadevida.com.ar\/portalurbano\/#organization\",\"name\":\"Portal Urbano\",\"url\":\"https:\/\/experienciadevida.com.ar\/portalurbano\/\",\"logo\":{\"@type\":\"ImageObject\",\"inLanguage\":\"es\",\"@id\":\"https:\/\/experienciadevida.com.ar\/portalurbano\/#\/schema\/logo\/image\/\",\"url\":\"https:\/\/experienciadevida.com.ar\/portalurbano\/wp-content\/uploads\/2019\/09\/Logo-Original.png\",\"contentUrl\":\"https:\/\/experienciadevida.com.ar\/portalurbano\/wp-content\/uploads\/2019\/09\/Logo-Original.png\",\"width\":2236,\"height\":1216,\"caption\":\"Portal Urbano\"},\"image\":{\"@id\":\"https:\/\/experienciadevida.com.ar\/portalurbano\/#\/schema\/logo\/image\/\"},\"sameAs\":[\"https:\/\/www.facebook.com\/Portal-Urbano-171542830093757\/\",\"https:\/\/twitter.com\/portalurbanook\",\"https:\/\/www.instagram.com\/_portalurbano\/\",\"https:\/\/www.youtube.com\/channel\/UCXhagIfszH8KxFiOok79zbA?view_as=subscriber\"]},{\"@type\":\"Person\",\"@id\":\"https:\/\/experienciadevida.com.ar\/portalurbano\/#\/schema\/person\/02dd326b1c4b056e9cc972486934a3a7\",\"name\":\"admpu17wp\",\"image\":{\"@type\":\"ImageObject\",\"inLanguage\":\"es\",\"@id\":\"https:\/\/experienciadevida.com.ar\/portalurbano\/#\/schema\/person\/image\/\",\"url\":\"https:\/\/secure.gravatar.com\/avatar\/830d4c57adaae6630765e449a6908047?s=96&d=mm&r=g\",\"contentUrl\":\"https:\/\/secure.gravatar.com\/avatar\/830d4c57adaae6630765e449a6908047?s=96&d=mm&r=g\",\"caption\":\"admpu17wp\"}}]}<\/script>\n<!-- \/ Yoast SEO plugin. -->","yoast_head_json":{"title":"Se cumplen 9 a\u00f1os del incendio del comit\u00e9 radical","description":"Se cumplen 9 a\u00f1os del incendio del Comit\u00e9 Radical, en la madrugada del 4 de agosto de 2013 suced\u00eda un hecho sin precedentes para Olavarr\u00eda","robots":{"index":"index","follow":"follow","max-snippet":"max-snippet:-1","max-image-preview":"max-image-preview:large","max-video-preview":"max-video-preview:-1"},"canonical":"https:\/\/experienciadevida.com.ar\/portalurbano\/se-cumplen-9-anos-del-incendio-del-comite-radical\/","og_locale":"es_ES","og_type":"article","og_title":"Se cumplen 9 a\u00f1os del incendio del comit\u00e9 radical","og_description":"Se cumplen 9 a\u00f1os del incendio del Comit\u00e9 Radical, en la madrugada del 4 de agosto de 2013 suced\u00eda un hecho sin precedentes para Olavarr\u00eda","og_url":"https:\/\/experienciadevida.com.ar\/portalurbano\/se-cumplen-9-anos-del-incendio-del-comite-radical\/","article_publisher":"https:\/\/www.facebook.com\/Portal-Urbano-171542830093757\/","article_published_time":"2022-08-04T17:13:36+00:00","article_modified_time":"2022-08-04T17:16:49+00:00","og_image":[{"width":789,"height":463,"url":"https:\/\/experienciadevida.com.ar\/portalurbano\/wp-content\/uploads\/2022\/08\/Se-cumplen-9-anos.jpg","type":"image\/jpeg"}],"author":"admpu17wp","twitter_card":"summary_large_image","twitter_creator":"@portalurbanook","twitter_site":"@portalurbanook","twitter_misc":{"Escrito por":"admpu17wp","Tiempo de lectura":"2 minutos"},"schema":{"@context":"https:\/\/schema.org","@graph":[{"@type":"Article","@id":"https:\/\/experienciadevida.com.ar\/portalurbano\/se-cumplen-9-anos-del-incendio-del-comite-radical\/#article","isPartOf":{"@id":"https:\/\/experienciadevida.com.ar\/portalurbano\/se-cumplen-9-anos-del-incendio-del-comite-radical\/"},"author":{"name":"admpu17wp","@id":"https:\/\/experienciadevida.com.ar\/portalurbano\/#\/schema\/person\/02dd326b1c4b056e9cc972486934a3a7"},"headline":"Se cumplen 9 a\u00f1os del incendio del Comit\u00e9 Radical","datePublished":"2022-08-04T17:13:36+00:00","dateModified":"2022-08-04T17:16:49+00:00","mainEntityOfPage":{"@id":"https:\/\/experienciadevida.com.ar\/portalurbano\/se-cumplen-9-anos-del-incendio-del-comite-radical\/"},"wordCount":345,"publisher":{"@id":"https:\/\/experienciadevida.com.ar\/portalurbano\/#organization"},"articleSection":["Ciudad","Destacadas"],"inLanguage":"es"},{"@type":"WebPage","@id":"https:\/\/experienciadevida.com.ar\/portalurbano\/se-cumplen-9-anos-del-incendio-del-comite-radical\/","url":"https:\/\/experienciadevida.com.ar\/portalurbano\/se-cumplen-9-anos-del-incendio-del-comite-radical\/","name":"Se cumplen 9 a\u00f1os del incendio del comit\u00e9 radical","isPartOf":{"@id":"https:\/\/experienciadevida.com.ar\/portalurbano\/#website"},"datePublished":"2022-08-04T17:13:36+00:00","dateModified":"2022-08-04T17:16:49+00:00","description":"Se cumplen 9 a\u00f1os del incendio del Comit\u00e9 Radical, en la madrugada del 4 de agosto de 2013 suced\u00eda un hecho sin precedentes para Olavarr\u00eda","breadcrumb":{"@id":"https:\/\/experienciadevida.com.ar\/portalurbano\/se-cumplen-9-anos-del-incendio-del-comite-radical\/#breadcrumb"},"inLanguage":"es","potentialAction":[{"@type":"ReadAction","target":["https:\/\/experienciadevida.com.ar\/portalurbano\/se-cumplen-9-anos-del-incendio-del-comite-radical\/"]}]},{"@type":"BreadcrumbList","@id":"https:\/\/experienciadevida.com.ar\/portalurbano\/se-cumplen-9-anos-del-incendio-del-comite-radical\/#breadcrumb","itemListElement":[{"@type":"ListItem","position":1,"name":"Portada","item":"https:\/\/experienciadevida.com.ar\/portalurbano\/"},{"@type":"ListItem","position":2,"name":"Se cumplen 9 a\u00f1os del incendio del Comit\u00e9 Radical"}]},{"@type":"WebSite","@id":"https:\/\/experienciadevida.com.ar\/portalurbano\/#website","url":"https:\/\/experienciadevida.com.ar\/portalurbano\/","name":"","description":"","publisher":{"@id":"https:\/\/experienciadevida.com.ar\/portalurbano\/#organization"},"potentialAction":[{"@type":"SearchAction","target":{"@type":"EntryPoint","urlTemplate":"https:\/\/experienciadevida.com.ar\/portalurbano\/?s={search_term_string}"},"query-input":"required name=search_term_string"}],"inLanguage":"es"},{"@type":"Organization","@id":"https:\/\/experienciadevida.com.ar\/portalurbano\/#organization","name":"Portal Urbano","url":"https:\/\/experienciadevida.com.ar\/portalurbano\/","logo":{"@type":"ImageObject","inLanguage":"es","@id":"https:\/\/experienciadevida.com.ar\/portalurbano\/#\/schema\/logo\/image\/","url":"https:\/\/experienciadevida.com.ar\/portalurbano\/wp-content\/uploads\/2019\/09\/Logo-Original.png","contentUrl":"https:\/\/experienciadevida.com.ar\/portalurbano\/wp-content\/uploads\/2019\/09\/Logo-Original.png","width":2236,"height":1216,"caption":"Portal Urbano"},"image":{"@id":"https:\/\/experienciadevida.com.ar\/portalurbano\/#\/schema\/logo\/image\/"},"sameAs":["https:\/\/www.facebook.com\/Portal-Urbano-171542830093757\/","https:\/\/twitter.com\/portalurbanook","https:\/\/www.instagram.com\/_portalurbano\/","https:\/\/www.youtube.com\/channel\/UCXhagIfszH8KxFiOok79zbA?view_as=subscriber"]},{"@type":"Person","@id":"https:\/\/experienciadevida.com.ar\/portalurbano\/#\/schema\/person\/02dd326b1c4b056e9cc972486934a3a7","name":"admpu17wp","image":{"@type":"ImageObject","inLanguage":"es","@id":"https:\/\/experienciadevida.com.ar\/portalurbano\/#\/schema\/person\/image\/","url":"https:\/\/secure.gravatar.com\/avatar\/830d4c57adaae6630765e449a6908047?s=96&d=mm&r=g","contentUrl":"https:\/\/secure.gravatar.com\/avatar\/830d4c57adaae6630765e449a6908047?s=96&d=mm&r=g","caption":"admpu17wp"}}]}},"featured_image_urls":{"full":["https:\/\/experienciadevida.com.ar\/portalurbano\/wp-content\/uploads\/2022\/08\/Se-cumplen-9-anos.jpg",789,463,false],"thumbnail":["https:\/\/experienciadevida.com.ar\/portalurbano\/wp-content\/uploads\/2022\/08\/Se-cumplen-9-anos-150x150.jpg",150,150,true],"medium":["https:\/\/experienciadevida.com.ar\/portalurbano\/wp-content\/uploads\/2022\/08\/Se-cumplen-9-anos-300x176.jpg",300,176,true],"medium_large":["https:\/\/experienciadevida.com.ar\/portalurbano\/wp-content\/uploads\/2022\/08\/Se-cumplen-9-anos-768x451.jpg",640,376,true],"large":["https:\/\/experienciadevida.com.ar\/portalurbano\/wp-content\/uploads\/2022\/08\/Se-cumplen-9-anos.jpg",640,376,false],"ug_big":["https:\/\/experienciadevida.com.ar\/portalurbano\/wp-content\/uploads\/2022\/08\/Se-cumplen-9-anos-768x451.jpg",768,451,true],"1536x1536":["https:\/\/experienciadevida.com.ar\/portalurbano\/wp-content\/uploads\/2022\/08\/Se-cumplen-9-anos.jpg",789,463,false],"2048x2048":["https:\/\/experienciadevida.com.ar\/portalurbano\/wp-content\/uploads\/2022\/08\/Se-cumplen-9-anos.jpg",789,463,false],"newsever-slider-full":["https:\/\/experienciadevida.com.ar\/portalurbano\/wp-content\/uploads\/2022\/08\/Se-cumplen-9-anos.jpg",789,463,false],"newsever-featured":["https:\/\/experienciadevida.com.ar\/portalurbano\/wp-content\/uploads\/2022\/08\/Se-cumplen-9-anos.jpg",789,463,false],"newsever-medium":["https:\/\/experienciadevida.com.ar\/portalurbano\/wp-content\/uploads\/2022\/08\/Se-cumplen-9-anos.jpg",720,423,false],"web-stories-poster-portrait":["https:\/\/experienciadevida.com.ar\/portalurbano\/wp-content\/uploads\/2022\/08\/Se-cumplen-9-anos-640x463.jpg",640,463,true],"web-stories-publisher-logo":["https:\/\/experienciadevida.com.ar\/portalurbano\/wp-content\/uploads\/2022\/08\/Se-cumplen-9-anos-96x96.jpg",96,96,true],"web-stories-thumbnail":["https:\/\/experienciadevida.com.ar\/portalurbano\/wp-content\/uploads\/2022\/08\/Se-cumplen-9-anos-150x88.jpg",150,88,true]},"author_info":{"display_name":"admpu17wp","author_link":"https:\/\/experienciadevida.com.ar\/portalurbano\/author\/admpu17wp\/"},"category_info":"<a href=\"https:\/\/experienciadevida.com.ar\/portalurbano\/category\/ciudad\/\" rel=\"category tag\">Ciudad<\/a> <a href=\"https:\/\/experienciadevida.com.ar\/portalurbano\/category\/destacadas\/\" rel=\"category tag\">Destacadas<\/a>","tag_info":"Destacadas","comment_count":"0","amp_enabled":true,"_links":{"self":[{"href":"https:\/\/experienciadevida.com.ar\/portalurbano\/wp-json\/wp\/v2\/posts\/172687"}],"collection":[{"href":"https:\/\/experienciadevida.com.ar\/portalurbano\/wp-json\/wp\/v2\/posts"}],"about":[{"href":"https:\/\/experienciadevida.com.ar\/portalurbano\/wp-json\/wp\/v2\/types\/post"}],"author":[{"embeddable":true,"href":"https:\/\/experienciadevida.com.ar\/portalurbano\/wp-json\/wp\/v2\/users\/1"}],"replies":[{"embeddable":true,"href":"https:\/\/experienciadevida.com.ar\/portalurbano\/wp-json\/wp\/v2\/comments?post=172687"}],"version-history":[{"count":2,"href":"https:\/\/experienciadevida.com.ar\/portalurbano\/wp-json\/wp\/v2\/posts\/172687\/revisions"}],"predecessor-version":[{"id":172691,"href":"https:\/\/experienciadevida.com.ar\/portalurbano\/wp-json\/wp\/v2\/posts\/172687\/revisions\/172691"}],"wp:featuredmedia":[{"embeddable":true,"href":"https:\/\/experienciadevida.com.ar\/portalurbano\/wp-json\/wp\/v2\/media\/172688"}],"wp:attachment":[{"href":"https:\/\/experienciadevida.com.ar\/portalurbano\/wp-json\/wp\/v2\/media?parent=172687"}],"wp:term":[{"taxonomy":"category","embeddable":true,"href":"https:\/\/experienciadevida.com.ar\/portalurbano\/wp-json\/wp\/v2\/categories?post=172687"},{"taxonomy":"post_tag","embeddable":true,"href":"https:\/\/experienciadevida.com.ar\/portalurbano\/wp-json\/wp\/v2\/tags?post=172687"}],"curies":[{"name":"wp","href":"https:\/\/api.w.org\/{rel}","templated":true}]}}