{"id":172680,"date":"2022-08-04T13:44:28","date_gmt":"2022-08-04T16:44:28","guid":{"rendered":"https:\/\/experienciadevida.com.ar\/portalurbano\/?p=172680"},"modified":"2022-08-04T13:45:04","modified_gmt":"2022-08-04T16:45:04","slug":"charlas-y-talleres-confirmados-para-la-expo-unicen-olavarria","status":"publish","type":"post","link":"https:\/\/experienciadevida.com.ar\/portalurbano\/charlas-y-talleres-confirmados-para-la-expo-unicen-olavarria\/","title":{"rendered":"Charlas y talleres confirmados para la Expo UNICEN Olavarr\u00eda"},"content":{"rendered":"<p>Charlas y talleres confirmados para la Expo <a href=\"https:\/\/www.facebook.com\/facultadcienciassociales.unicen\">UNICEN <\/a>Olavarr\u00eda, el pr\u00f3ximo viernes 12 de agosto se llevar\u00e1 adelante por primera vez la Expo UNICEN 2022 en Olavarr\u00eda, que tendr\u00e1 sede en el Centro Cultural San Jos\u00e9. Se ofrecer\u00e1n propuestas de diversas carreras que se dictan en las facultades de la Universidad Nacional del Centro de la Provincia de Buenos Aires.<\/p>\n<p>La Secretar\u00eda de Relaciones Institucionales de la UNICEN confirm\u00f3 el cronograma de charlas y talleres destinados a la promoci\u00f3n de carreras, acceso a becas, bienestar y vida universitaria, que se concretar\u00e1n en Expo UNICEN. La cita ser\u00e1 el 12 de agosto, de 9 a 17 horas, en Centro Cultural San Jos\u00e9 de Olavarr\u00eda, en el marco de una propuesta coordinada junto a las unidades acad\u00e9micas de UNICEN Olavarr\u00eda (Facultad de Ciencias Sociales, Facultad de Ciencias de la Salud y Facultad de Ingenier\u00eda).<\/p>\n<p>La misma se trata de una excelente oportunidad para que estudiantes que hoy transitan sus \u00faltimos a\u00f1os de secundaria conozcan las propuestas de formaci\u00f3n universitaria de acceso libre y gratuito que tienen en las sedes de Olavarr\u00eda, Azul, Tandil y Quequ\u00e9n (Necochea).<\/p>\n<p>En este marco, desde la UNICEN agradecen la cooperaci\u00f3n de entidades y organismos que colaboran con el evento, entre ellas la Municipalidad de Olavarr\u00eda, su Subsecretar\u00eda de Cultura y Educaci\u00f3n, Centro Cultural Municipal San Jos\u00e9, Inspecci\u00f3n de Educaci\u00f3n Distrital Olavarr\u00eda, Inspecci\u00f3n de Educaci\u00f3n Privada, de Escuelas T\u00e9cnicas y de Formaci\u00f3n Profesional y de Educaci\u00f3n Secundaria de Olavarr\u00eda.<\/p>\n<p>La inauguraci\u00f3n se llevar\u00e1 adelante a las 9 horas con la participaci\u00f3n de autoridades de la UNICEN. La Expo UNICEN contar\u00e1 con stands informativos, juegos y din\u00e1micas que les permitir\u00e1n un acercamiento m\u00e1s did\u00e1ctico a las propuestas formativas de las distintas unidades; as\u00ed como charlas y talleres vinculadas a las distintas carreras.<\/p>\n<p>Charlas y\/o talleres<\/p>\n<p>Turno ma\u00f1ana<\/p>\n<p>-9:30 a 10 hs. Bienvenidas\/os a la Vida Universitaria, \u00a1UNICEN te espera! Sala 1<\/p>\n<p>-9:30 a 10 hs. Bienestar. UNICEN. Sala 2<\/p>\n<p>-10:10 a 10:40 hs. Presentaci\u00f3n de oferta acad\u00e9mica. Facultad de Ingenier\u00eda. Sala 1<\/p>\n<p>-10:10 a 10:40 hs. Presentaci\u00f3n de oferta acad\u00e9mica. Facultad de Derecho. Sala 2<\/p>\n<p>-10:30 hs. Taller al aire libre \u201cUn ritmo diferente\u201d organizada por el Centro Cultural Universitario en articulaci\u00f3n con el CePEAC N\u00ba1 Olavarr\u00eda.<\/p>\n<p>-10:50 a 11:20 hs. Antropolog\u00eda Social y mundos contempor\u00e1neos. Urgencias, desaf\u00edos y potencialidades. Facultad de Sociales. Sala 1<\/p>\n<p>-10:50 a 11:20 hs. Presentaci\u00f3n de oferta acad\u00e9mica. Facultad de Veterinaria. Sala 2<\/p>\n<p>-11:30 a 12 hs. Del Secundario a la Universidad, como es ser estudiante en Econ\u00f3micas. Facultad de Econ\u00f3micas. Sala 1<\/p>\n<p>-11:30 a 12 hs. Taller Vida Universitaria y Derecho a la Educaci\u00f3n Superior. Facultad de Humanas. Sala 2<\/p>\n<p>-12:10 hs. Taller de RCP. Facultad de Salud. Sala 1<\/p>\n<p>-12:10 hs. Arte: juegos y expresi\u00f3n corporal. Facultad de Arte. Sala 2<\/p>\n<p>Turno tarde<\/p>\n<p>-13:30 a 14 hs. Bienvenidas\/os a la Vida Universitaria, \u00a1UNICEN te espera! Sala 1<\/p>\n<p>-13:30 a 14 hs. Bienestar. UNICEN. Sala 2<\/p>\n<p>-14:10 a 14:40 hs. Oferta acad\u00e9mica, los Profesorados en FACSO. Facultad de Sociales. Sala 1<\/p>\n<p>-14:10 a 14:40 hs. Experiencias y producciones FIO. Facultad de Ingenier\u00eda. Sala 2<\/p>\n<p>-14:30 hs. Taller al aire libre \u201cUn ritmo diferente\u201d organizada por el Centro Cultural Universitario en articulaci\u00f3n con el CePEAC N\u00ba1 Olavarr\u00eda<\/p>\n<p>-14:50 a 15:20 hs. Hablemos de Comunicaci\u00f3n Social. Facultad de Sociales. Sala 1<\/p>\n<p>-14:50 a 15:20 hs. Proyecci\u00f3n de producciones. Facultad de Arte. Sala 2<\/p>\n<p>-15:30 a 16 hs. Charla sobre Nutrici\u00f3n. Facultad Cs. De la Salud. Sala 1<\/p>\n","protected":false},"excerpt":{"rendered":"<p>Charlas y talleres confirmados para la Expo UNICEN Olavarr\u00eda, el pr\u00f3ximo viernes 12 de agosto&#8230;<\/p>\n","protected":false},"author":1,"featured_media":172681,"comment_status":"closed","ping_status":"closed","sticky":false,"template":"","format":"standard","meta":{"content-type":""},"categories":[31],"tags":[],"nelio_content":{"isAutoShareEnabled":false,"autoShareEndMode":"default","automationSources":{"useContentSentences":true,"useSocialTemplates":true,"useCustomSentences":false,"customSentences":[]},"followers":[1],"suggestedReferences":[],"includedReferences":[],"efiUrl":"","efiAlt":"","highlights":[]},"yoast_head":"<!-- This site is optimized with the Yoast SEO plugin v20.7 - https:\/\/yoast.com\/wordpress\/plugins\/seo\/ -->\n<title>Charlas y talleres confirmados para la Expo UNICEN Olavarr\u00eda<\/title>\n<meta name=\"description\" content=\"Charlas y talleres confirmados para la Expo UNICEN Olavarr\u00eda, el pr\u00f3ximo viernes 12 de agosto se llevar\u00e1 adelante por primera vez\" \/>\n<meta name=\"robots\" content=\"index, follow, max-snippet:-1, max-image-preview:large, max-video-preview:-1\" \/>\n<link rel=\"canonical\" href=\"https:\/\/experienciadevida.com.ar\/portalurbano\/charlas-y-talleres-confirmados-para-la-expo-unicen-olavarria\/\" \/>\n<meta property=\"og:locale\" content=\"es_ES\" \/>\n<meta property=\"og:type\" content=\"article\" \/>\n<meta property=\"og:title\" content=\"Charlas y talleres confirmados para la Expo UNICEN Olavarr\u00eda\" \/>\n<meta property=\"og:description\" content=\"Charlas y talleres confirmados para la Expo UNICEN Olavarr\u00eda, el pr\u00f3ximo viernes 12 de agosto se llevar\u00e1 adelante por primera vez\" \/>\n<meta property=\"og:url\" content=\"https:\/\/experienciadevida.com.ar\/portalurbano\/charlas-y-talleres-confirmados-para-la-expo-unicen-olavarria\/\" \/>\n<meta property=\"article:publisher\" content=\"https:\/\/www.facebook.com\/Portal-Urbano-171542830093757\/\" \/>\n<meta property=\"article:published_time\" content=\"2022-08-04T16:44:28+00:00\" \/>\n<meta property=\"article:modified_time\" content=\"2022-08-04T16:45:04+00:00\" \/>\n<meta property=\"og:image\" content=\"https:\/\/experienciadevida.com.ar\/portalurbano\/wp-content\/uploads\/2022\/08\/Charlas-y-talleres-confirmados.jpg\" \/>\n\t<meta property=\"og:image:width\" content=\"1080\" \/>\n\t<meta property=\"og:image:height\" content=\"1080\" \/>\n\t<meta property=\"og:image:type\" content=\"image\/jpeg\" \/>\n<meta name=\"author\" content=\"admpu17wp\" \/>\n<meta name=\"twitter:card\" content=\"summary_large_image\" \/>\n<meta name=\"twitter:creator\" content=\"@portalurbanook\" \/>\n<meta name=\"twitter:site\" content=\"@portalurbanook\" \/>\n<meta name=\"twitter:label1\" content=\"Escrito por\" \/>\n\t<meta name=\"twitter:data1\" content=\"admpu17wp\" \/>\n\t<meta name=\"twitter:label2\" content=\"Tiempo de lectura\" \/>\n\t<meta name=\"twitter:data2\" content=\"3 minutos\" \/>\n<script type=\"application\/ld+json\" class=\"yoast-schema-graph\">{\"@context\":\"https:\/\/schema.org\",\"@graph\":[{\"@type\":\"Article\",\"@id\":\"https:\/\/experienciadevida.com.ar\/portalurbano\/charlas-y-talleres-confirmados-para-la-expo-unicen-olavarria\/#article\",\"isPartOf\":{\"@id\":\"https:\/\/experienciadevida.com.ar\/portalurbano\/charlas-y-talleres-confirmados-para-la-expo-unicen-olavarria\/\"},\"author\":{\"name\":\"admpu17wp\",\"@id\":\"https:\/\/experienciadevida.com.ar\/portalurbano\/#\/schema\/person\/02dd326b1c4b056e9cc972486934a3a7\"},\"headline\":\"Charlas y talleres confirmados para la Expo UNICEN Olavarr\u00eda\",\"datePublished\":\"2022-08-04T16:44:28+00:00\",\"dateModified\":\"2022-08-04T16:45:04+00:00\",\"mainEntityOfPage\":{\"@id\":\"https:\/\/experienciadevida.com.ar\/portalurbano\/charlas-y-talleres-confirmados-para-la-expo-unicen-olavarria\/\"},\"wordCount\":605,\"publisher\":{\"@id\":\"https:\/\/experienciadevida.com.ar\/portalurbano\/#organization\"},\"articleSection\":[\"Educaci\u00f3n\"],\"inLanguage\":\"es\"},{\"@type\":\"WebPage\",\"@id\":\"https:\/\/experienciadevida.com.ar\/portalurbano\/charlas-y-talleres-confirmados-para-la-expo-unicen-olavarria\/\",\"url\":\"https:\/\/experienciadevida.com.ar\/portalurbano\/charlas-y-talleres-confirmados-para-la-expo-unicen-olavarria\/\",\"name\":\"Charlas y talleres confirmados para la Expo UNICEN Olavarr\u00eda\",\"isPartOf\":{\"@id\":\"https:\/\/experienciadevida.com.ar\/portalurbano\/#website\"},\"datePublished\":\"2022-08-04T16:44:28+00:00\",\"dateModified\":\"2022-08-04T16:45:04+00:00\",\"description\":\"Charlas y talleres confirmados para la Expo UNICEN Olavarr\u00eda, el pr\u00f3ximo viernes 12 de agosto se llevar\u00e1 adelante por primera vez\",\"breadcrumb\":{\"@id\":\"https:\/\/experienciadevida.com.ar\/portalurbano\/charlas-y-talleres-confirmados-para-la-expo-unicen-olavarria\/#breadcrumb\"},\"inLanguage\":\"es\",\"potentialAction\":[{\"@type\":\"ReadAction\",\"target\":[\"https:\/\/experienciadevida.com.ar\/portalurbano\/charlas-y-talleres-confirmados-para-la-expo-unicen-olavarria\/\"]}]},{\"@type\":\"BreadcrumbList\",\"@id\":\"https:\/\/experienciadevida.com.ar\/portalurbano\/charlas-y-talleres-confirmados-para-la-expo-unicen-olavarria\/#breadcrumb\",\"itemListElement\":[{\"@type\":\"ListItem\",\"position\":1,\"name\":\"Portada\",\"item\":\"https:\/\/experienciadevida.com.ar\/portalurbano\/\"},{\"@type\":\"ListItem\",\"position\":2,\"name\":\"Charlas y talleres confirmados para la Expo UNICEN Olavarr\u00eda\"}]},{\"@type\":\"WebSite\",\"@id\":\"https:\/\/experienciadevida.com.ar\/portalurbano\/#website\",\"url\":\"https:\/\/experienciadevida.com.ar\/portalurbano\/\",\"name\":\"\",\"description\":\"\",\"publisher\":{\"@id\":\"https:\/\/experienciadevida.com.ar\/portalurbano\/#organization\"},\"potentialAction\":[{\"@type\":\"SearchAction\",\"target\":{\"@type\":\"EntryPoint\",\"urlTemplate\":\"https:\/\/experienciadevida.com.ar\/portalurbano\/?s={search_term_string}\"},\"query-input\":\"required name=search_term_string\"}],\"inLanguage\":\"es\"},{\"@type\":\"Organization\",\"@id\":\"https:\/\/experienciadevida.com.ar\/portalurbano\/#organization\",\"name\":\"Portal Urbano\",\"url\":\"https:\/\/experienciadevida.com.ar\/portalurbano\/\",\"logo\":{\"@type\":\"ImageObject\",\"inLanguage\":\"es\",\"@id\":\"https:\/\/experienciadevida.com.ar\/portalurbano\/#\/schema\/logo\/image\/\",\"url\":\"https:\/\/experienciadevida.com.ar\/portalurbano\/wp-content\/uploads\/2019\/09\/Logo-Original.png\",\"contentUrl\":\"https:\/\/experienciadevida.com.ar\/portalurbano\/wp-content\/uploads\/2019\/09\/Logo-Original.png\",\"width\":2236,\"height\":1216,\"caption\":\"Portal Urbano\"},\"image\":{\"@id\":\"https:\/\/experienciadevida.com.ar\/portalurbano\/#\/schema\/logo\/image\/\"},\"sameAs\":[\"https:\/\/www.facebook.com\/Portal-Urbano-171542830093757\/\",\"https:\/\/twitter.com\/portalurbanook\",\"https:\/\/www.instagram.com\/_portalurbano\/\",\"https:\/\/www.youtube.com\/channel\/UCXhagIfszH8KxFiOok79zbA?view_as=subscriber\"]},{\"@type\":\"Person\",\"@id\":\"https:\/\/experienciadevida.com.ar\/portalurbano\/#\/schema\/person\/02dd326b1c4b056e9cc972486934a3a7\",\"name\":\"admpu17wp\",\"image\":{\"@type\":\"ImageObject\",\"inLanguage\":\"es\",\"@id\":\"https:\/\/experienciadevida.com.ar\/portalurbano\/#\/schema\/person\/image\/\",\"url\":\"https:\/\/secure.gravatar.com\/avatar\/830d4c57adaae6630765e449a6908047?s=96&d=mm&r=g\",\"contentUrl\":\"https:\/\/secure.gravatar.com\/avatar\/830d4c57adaae6630765e449a6908047?s=96&d=mm&r=g\",\"caption\":\"admpu17wp\"}}]}<\/script>\n<!-- \/ Yoast SEO plugin. -->","yoast_head_json":{"title":"Charlas y talleres confirmados para la Expo UNICEN Olavarr\u00eda","description":"Charlas y talleres confirmados para la Expo UNICEN Olavarr\u00eda, el pr\u00f3ximo viernes 12 de agosto se llevar\u00e1 adelante por primera vez","robots":{"index":"index","follow":"follow","max-snippet":"max-snippet:-1","max-image-preview":"max-image-preview:large","max-video-preview":"max-video-preview:-1"},"canonical":"https:\/\/experienciadevida.com.ar\/portalurbano\/charlas-y-talleres-confirmados-para-la-expo-unicen-olavarria\/","og_locale":"es_ES","og_type":"article","og_title":"Charlas y talleres confirmados para la Expo UNICEN Olavarr\u00eda","og_description":"Charlas y talleres confirmados para la Expo UNICEN Olavarr\u00eda, el pr\u00f3ximo viernes 12 de agosto se llevar\u00e1 adelante por primera vez","og_url":"https:\/\/experienciadevida.com.ar\/portalurbano\/charlas-y-talleres-confirmados-para-la-expo-unicen-olavarria\/","article_publisher":"https:\/\/www.facebook.com\/Portal-Urbano-171542830093757\/","article_published_time":"2022-08-04T16:44:28+00:00","article_modified_time":"2022-08-04T16:45:04+00:00","og_image":[{"width":1080,"height":1080,"url":"https:\/\/experienciadevida.com.ar\/portalurbano\/wp-content\/uploads\/2022\/08\/Charlas-y-talleres-confirmados.jpg","type":"image\/jpeg"}],"author":"admpu17wp","twitter_card":"summary_large_image","twitter_creator":"@portalurbanook","twitter_site":"@portalurbanook","twitter_misc":{"Escrito por":"admpu17wp","Tiempo de lectura":"3 minutos"},"schema":{"@context":"https:\/\/schema.org","@graph":[{"@type":"Article","@id":"https:\/\/experienciadevida.com.ar\/portalurbano\/charlas-y-talleres-confirmados-para-la-expo-unicen-olavarria\/#article","isPartOf":{"@id":"https:\/\/experienciadevida.com.ar\/portalurbano\/charlas-y-talleres-confirmados-para-la-expo-unicen-olavarria\/"},"author":{"name":"admpu17wp","@id":"https:\/\/experienciadevida.com.ar\/portalurbano\/#\/schema\/person\/02dd326b1c4b056e9cc972486934a3a7"},"headline":"Charlas y talleres confirmados para la Expo UNICEN Olavarr\u00eda","datePublished":"2022-08-04T16:44:28+00:00","dateModified":"2022-08-04T16:45:04+00:00","mainEntityOfPage":{"@id":"https:\/\/experienciadevida.com.ar\/portalurbano\/charlas-y-talleres-confirmados-para-la-expo-unicen-olavarria\/"},"wordCount":605,"publisher":{"@id":"https:\/\/experienciadevida.com.ar\/portalurbano\/#organization"},"articleSection":["Educaci\u00f3n"],"inLanguage":"es"},{"@type":"WebPage","@id":"https:\/\/experienciadevida.com.ar\/portalurbano\/charlas-y-talleres-confirmados-para-la-expo-unicen-olavarria\/","url":"https:\/\/experienciadevida.com.ar\/portalurbano\/charlas-y-talleres-confirmados-para-la-expo-unicen-olavarria\/","name":"Charlas y talleres confirmados para la Expo UNICEN Olavarr\u00eda","isPartOf":{"@id":"https:\/\/experienciadevida.com.ar\/portalurbano\/#website"},"datePublished":"2022-08-04T16:44:28+00:00","dateModified":"2022-08-04T16:45:04+00:00","description":"Charlas y talleres confirmados para la Expo UNICEN Olavarr\u00eda, el pr\u00f3ximo viernes 12 de agosto se llevar\u00e1 adelante por primera vez","breadcrumb":{"@id":"https:\/\/experienciadevida.com.ar\/portalurbano\/charlas-y-talleres-confirmados-para-la-expo-unicen-olavarria\/#breadcrumb"},"inLanguage":"es","potentialAction":[{"@type":"ReadAction","target":["https:\/\/experienciadevida.com.ar\/portalurbano\/charlas-y-talleres-confirmados-para-la-expo-unicen-olavarria\/"]}]},{"@type":"BreadcrumbList","@id":"https:\/\/experienciadevida.com.ar\/portalurbano\/charlas-y-talleres-confirmados-para-la-expo-unicen-olavarria\/#breadcrumb","itemListElement":[{"@type":"ListItem","position":1,"name":"Portada","item":"https:\/\/experienciadevida.com.ar\/portalurbano\/"},{"@type":"ListItem","position":2,"name":"Charlas y talleres confirmados para la Expo UNICEN Olavarr\u00eda"}]},{"@type":"WebSite","@id":"https:\/\/experienciadevida.com.ar\/portalurbano\/#website","url":"https:\/\/experienciadevida.com.ar\/portalurbano\/","name":"","description":"","publisher":{"@id":"https:\/\/experienciadevida.com.ar\/portalurbano\/#organization"},"potentialAction":[{"@type":"SearchAction","target":{"@type":"EntryPoint","urlTemplate":"https:\/\/experienciadevida.com.ar\/portalurbano\/?s={search_term_string}"},"query-input":"required name=search_term_string"}],"inLanguage":"es"},{"@type":"Organization","@id":"https:\/\/experienciadevida.com.ar\/portalurbano\/#organization","name":"Portal Urbano","url":"https:\/\/experienciadevida.com.ar\/portalurbano\/","logo":{"@type":"ImageObject","inLanguage":"es","@id":"https:\/\/experienciadevida.com.ar\/portalurbano\/#\/schema\/logo\/image\/","url":"https:\/\/experienciadevida.com.ar\/portalurbano\/wp-content\/uploads\/2019\/09\/Logo-Original.png","contentUrl":"https:\/\/experienciadevida.com.ar\/portalurbano\/wp-content\/uploads\/2019\/09\/Logo-Original.png","width":2236,"height":1216,"caption":"Portal Urbano"},"image":{"@id":"https:\/\/experienciadevida.com.ar\/portalurbano\/#\/schema\/logo\/image\/"},"sameAs":["https:\/\/www.facebook.com\/Portal-Urbano-171542830093757\/","https:\/\/twitter.com\/portalurbanook","https:\/\/www.instagram.com\/_portalurbano\/","https:\/\/www.youtube.com\/channel\/UCXhagIfszH8KxFiOok79zbA?view_as=subscriber"]},{"@type":"Person","@id":"https:\/\/experienciadevida.com.ar\/portalurbano\/#\/schema\/person\/02dd326b1c4b056e9cc972486934a3a7","name":"admpu17wp","image":{"@type":"ImageObject","inLanguage":"es","@id":"https:\/\/experienciadevida.com.ar\/portalurbano\/#\/schema\/person\/image\/","url":"https:\/\/secure.gravatar.com\/avatar\/830d4c57adaae6630765e449a6908047?s=96&d=mm&r=g","contentUrl":"https:\/\/secure.gravatar.com\/avatar\/830d4c57adaae6630765e449a6908047?s=96&d=mm&r=g","caption":"admpu17wp"}}]}},"featured_image_urls":{"full":["https:\/\/experienciadevida.com.ar\/portalurbano\/wp-content\/uploads\/2022\/08\/Charlas-y-talleres-confirmados.jpg",1080,1080,false],"thumbnail":["https:\/\/experienciadevida.com.ar\/portalurbano\/wp-content\/uploads\/2022\/08\/Charlas-y-talleres-confirmados-150x150.jpg",150,150,true],"medium":["https:\/\/experienciadevida.com.ar\/portalurbano\/wp-content\/uploads\/2022\/08\/Charlas-y-talleres-confirmados-300x300.jpg",300,300,true],"medium_large":["https:\/\/experienciadevida.com.ar\/portalurbano\/wp-content\/uploads\/2022\/08\/Charlas-y-talleres-confirmados-768x768.jpg",640,640,true],"large":["https:\/\/experienciadevida.com.ar\/portalurbano\/wp-content\/uploads\/2022\/08\/Charlas-y-talleres-confirmados-1024x1024.jpg",640,640,true],"ug_big":["https:\/\/experienciadevida.com.ar\/portalurbano\/wp-content\/uploads\/2022\/08\/Charlas-y-talleres-confirmados-768x768.jpg",768,768,true],"1536x1536":["https:\/\/experienciadevida.com.ar\/portalurbano\/wp-content\/uploads\/2022\/08\/Charlas-y-talleres-confirmados.jpg",1080,1080,false],"2048x2048":["https:\/\/experienciadevida.com.ar\/portalurbano\/wp-content\/uploads\/2022\/08\/Charlas-y-talleres-confirmados.jpg",1080,1080,false],"newsever-slider-full":["https:\/\/experienciadevida.com.ar\/portalurbano\/wp-content\/uploads\/2022\/08\/Charlas-y-talleres-confirmados.jpg",845,845,false],"newsever-featured":["https:\/\/experienciadevida.com.ar\/portalurbano\/wp-content\/uploads\/2022\/08\/Charlas-y-talleres-confirmados.jpg",1024,1024,false],"newsever-medium":["https:\/\/experienciadevida.com.ar\/portalurbano\/wp-content\/uploads\/2022\/08\/Charlas-y-talleres-confirmados.jpg",475,475,false],"web-stories-poster-portrait":["https:\/\/experienciadevida.com.ar\/portalurbano\/wp-content\/uploads\/2022\/08\/Charlas-y-talleres-confirmados-640x853.jpg",640,853,true],"web-stories-publisher-logo":["https:\/\/experienciadevida.com.ar\/portalurbano\/wp-content\/uploads\/2022\/08\/Charlas-y-talleres-confirmados-96x96.jpg",96,96,true],"web-stories-thumbnail":["https:\/\/experienciadevida.com.ar\/portalurbano\/wp-content\/uploads\/2022\/08\/Charlas-y-talleres-confirmados-150x150.jpg",150,150,true]},"author_info":{"display_name":"admpu17wp","author_link":"https:\/\/experienciadevida.com.ar\/portalurbano\/author\/admpu17wp\/"},"category_info":"<a href=\"https:\/\/experienciadevida.com.ar\/portalurbano\/category\/ciudad\/educacion\/\" rel=\"category tag\">Educaci\u00f3n<\/a>","tag_info":"Educaci\u00f3n","comment_count":"0","amp_enabled":true,"_links":{"self":[{"href":"https:\/\/experienciadevida.com.ar\/portalurbano\/wp-json\/wp\/v2\/posts\/172680"}],"collection":[{"href":"https:\/\/experienciadevida.com.ar\/portalurbano\/wp-json\/wp\/v2\/posts"}],"about":[{"href":"https:\/\/experienciadevida.com.ar\/portalurbano\/wp-json\/wp\/v2\/types\/post"}],"author":[{"embeddable":true,"href":"https:\/\/experienciadevida.com.ar\/portalurbano\/wp-json\/wp\/v2\/users\/1"}],"replies":[{"embeddable":true,"href":"https:\/\/experienciadevida.com.ar\/portalurbano\/wp-json\/wp\/v2\/comments?post=172680"}],"version-history":[{"count":1,"href":"https:\/\/experienciadevida.com.ar\/portalurbano\/wp-json\/wp\/v2\/posts\/172680\/revisions"}],"predecessor-version":[{"id":172682,"href":"https:\/\/experienciadevida.com.ar\/portalurbano\/wp-json\/wp\/v2\/posts\/172680\/revisions\/172682"}],"wp:featuredmedia":[{"embeddable":true,"href":"https:\/\/experienciadevida.com.ar\/portalurbano\/wp-json\/wp\/v2\/media\/172681"}],"wp:attachment":[{"href":"https:\/\/experienciadevida.com.ar\/portalurbano\/wp-json\/wp\/v2\/media?parent=172680"}],"wp:term":[{"taxonomy":"category","embeddable":true,"href":"https:\/\/experienciadevida.com.ar\/portalurbano\/wp-json\/wp\/v2\/categories?post=172680"},{"taxonomy":"post_tag","embeddable":true,"href":"https:\/\/experienciadevida.com.ar\/portalurbano\/wp-json\/wp\/v2\/tags?post=172680"}],"curies":[{"name":"wp","href":"https:\/\/api.w.org\/{rel}","templated":true}]}}