{"id":172677,"date":"2022-08-04T13:41:35","date_gmt":"2022-08-04T16:41:35","guid":{"rendered":"https:\/\/experienciadevida.com.ar\/portalurbano\/?p=172677"},"modified":"2022-08-04T13:42:11","modified_gmt":"2022-08-04T16:42:11","slug":"jornada-probemos-hablando-hacia-una-experiencia-de-gestion-participativa-de-conflictos-en-contextos-de-encierro-en-el-ambito-bonaerense","status":"publish","type":"post","link":"https:\/\/experienciadevida.com.ar\/portalurbano\/jornada-probemos-hablando-hacia-una-experiencia-de-gestion-participativa-de-conflictos-en-contextos-de-encierro-en-el-ambito-bonaerense\/","title":{"rendered":"Jornada: Probemos hablando. Hacia una experiencia de gesti\u00f3n participativa de conflictos en contextos de encierro en el \u00e1mbito bonaerense"},"content":{"rendered":"<p>Jornada: Probemos hablando. Hacia una experiencia de gesti\u00f3n participativa de conflictos en contextos de encierro en el \u00e1mbito bonaerense.<\/p>\n<p>El Mi\u00e9rcoles 10 de agosto a partir de las 12.30 horas se llevar\u00e1 a cabo con modalidad virtual la jornada Probemos hablando: \u201cHacia una experiencia de gesti\u00f3n participativa de conflictos en contextos de encierro en el \u00e1mbito<br \/>\nbonaerense\u201d a cargo de la abogada Mariana Paula Volpi y el abogado Alberto Javier Volpi, con acceso gratuito.<\/p>\n<p>Modalidad: Plataforma Zoom y presencial con inscripci\u00f3n previa enviando email a mmattina@mpba.gov.ar.<\/p>\n<p>Temario:<\/p>\n<p>Presentaci\u00f3n del programa interinstitucional Marcos de Paz (MdP). Proyecto interinstitucional coordinado por la Procuraci\u00f3n Penitenciaria de la Naci\u00f3n.<\/p>\n<p>La finalidad de \u00e9ste es promover la paz y prevenir la violencia y los malos tratos en contextos de encierro a trav\u00e9s de pr\u00e1cticas comunicacionales restaurativas y el uso de los \u201cc\u00edrculos de di\u00e1logo\u201d II.-Presentaci\u00f3n de la propuesta de trabajo en el Centro Cerrado Lugones.<\/p>\n<p>Presentaci\u00f3n de la propuesta de trabajo en el Centro Cerrado Lugones, que se llevar\u00e1 adelante como parte del programa de la PPN para la formaci\u00f3n. Acci\u00f3n para la facilitaci\u00f3n del dialogo en contexto de encierro.<\/p>\n<p>Inscripci\u00f3n. Enviar email a mmattina@mpba.gov.ar solicitando el formulario de inscripci\u00f3n. Una vez realizada la inscripci\u00f3n se enviar\u00e1 el link de acceso a Plataforma Zoom.<\/p>\n<p>Mariana Paula Volpi<\/p>\n<p>Abogada (UBA) y Mediadora, profesiones que ejerci\u00f3 de manera independiente durante m\u00e1s de dos d\u00e9cadas. Ha realizado estudios de posgrado en mediaci\u00f3n, negociaci\u00f3n y resoluci\u00f3n colaborativa de conflictos. Desde 2013 se<br \/>\ndesempe\u00f1a en la Procuraci\u00f3n Penitenciaria de la Naci\u00f3n (PPN), en donde actualmente cumple la funci\u00f3n de Coordinadora General del Programa Marcos de Paz y es responsable del \u00c1rea de M\u00e9todos participativos de resoluci\u00f3n de conflictos, Promoci\u00f3n de los Derechos Humanos y Cultura de la Paz.<\/p>\n<p>Alberto Javier Volpi<\/p>\n<p>Abogado (UBA) orientado en Derecho Administrativo. Desde marzo de 2007, dedicado de forma completa al servicio p\u00fablico como funcionario de la Procuraci\u00f3n Penitenciaria de la Naci\u00f3n (PPN): Director Legal y Contencioso<br \/>\n(2007-2013) y Jefe de la Oficina de Promoci\u00f3n de la Prevenci\u00f3n de la Tortura (2014 a la fecha). Desde 2017 se desempe\u00f1a, adem\u00e1s, como Secretario Ejecutivo del Programa Marcos de Paz.<\/p>\n<p>Auspician: Procuraci\u00f3n Penitenciaria de la Naci\u00f3n, Defensor\u00eda Departamental de Azul, Marcos de Paz y Facultad de Derecho UNICEN.<\/p>\n","protected":false},"excerpt":{"rendered":"<p>Jornada: Probemos hablando. Hacia una experiencia de gesti\u00f3n participativa de conflictos en contextos de encierro&#8230;<\/p>\n","protected":false},"author":1,"featured_media":172678,"comment_status":"closed","ping_status":"closed","sticky":false,"template":"","format":"standard","meta":{"content-type":""},"categories":[31],"tags":[],"nelio_content":{"isAutoShareEnabled":false,"autoShareEndMode":"default","automationSources":{"useContentSentences":true,"useSocialTemplates":true,"useCustomSentences":false,"customSentences":[]},"followers":[1],"suggestedReferences":[],"includedReferences":[],"efiUrl":"","efiAlt":"","highlights":[]},"yoast_head":"<!-- This site is optimized with the Yoast SEO plugin v20.7 - https:\/\/yoast.com\/wordpress\/plugins\/seo\/ -->\n<title>Jornada: probemos hablando. Hacia una experiencia de gesti\u00f3n<\/title>\n<meta name=\"description\" content=\"Jornada: Probemos hablando. Hacia una experiencia de gesti\u00f3n participativa de conflictos en contextos de encierro en el \u00e1mbito bonaerense.\" \/>\n<meta name=\"robots\" content=\"index, follow, max-snippet:-1, max-image-preview:large, max-video-preview:-1\" \/>\n<link rel=\"canonical\" href=\"https:\/\/experienciadevida.com.ar\/portalurbano\/jornada-probemos-hablando-hacia-una-experiencia-de-gestion-participativa-de-conflictos-en-contextos-de-encierro-en-el-ambito-bonaerense\/\" \/>\n<meta property=\"og:locale\" content=\"es_ES\" \/>\n<meta property=\"og:type\" content=\"article\" \/>\n<meta property=\"og:title\" content=\"Jornada: probemos hablando. Hacia una experiencia de gesti\u00f3n\" \/>\n<meta property=\"og:description\" content=\"Jornada: Probemos hablando. Hacia una experiencia de gesti\u00f3n participativa de conflictos en contextos de encierro en el \u00e1mbito bonaerense.\" \/>\n<meta property=\"og:url\" content=\"https:\/\/experienciadevida.com.ar\/portalurbano\/jornada-probemos-hablando-hacia-una-experiencia-de-gestion-participativa-de-conflictos-en-contextos-de-encierro-en-el-ambito-bonaerense\/\" \/>\n<meta property=\"article:publisher\" content=\"https:\/\/www.facebook.com\/Portal-Urbano-171542830093757\/\" \/>\n<meta property=\"article:published_time\" content=\"2022-08-04T16:41:35+00:00\" \/>\n<meta property=\"article:modified_time\" content=\"2022-08-04T16:42:11+00:00\" \/>\n<meta property=\"og:image\" content=\"https:\/\/experienciadevida.com.ar\/portalurbano\/wp-content\/uploads\/2022\/08\/Jornada.jpeg\" \/>\n\t<meta property=\"og:image:width\" content=\"1024\" \/>\n\t<meta property=\"og:image:height\" content=\"1280\" \/>\n\t<meta property=\"og:image:type\" content=\"image\/jpeg\" \/>\n<meta name=\"author\" content=\"admpu17wp\" \/>\n<meta name=\"twitter:card\" content=\"summary_large_image\" \/>\n<meta name=\"twitter:creator\" content=\"@portalurbanook\" \/>\n<meta name=\"twitter:site\" content=\"@portalurbanook\" \/>\n<meta name=\"twitter:label1\" content=\"Escrito por\" \/>\n\t<meta name=\"twitter:data1\" content=\"admpu17wp\" \/>\n\t<meta name=\"twitter:label2\" content=\"Tiempo de lectura\" \/>\n\t<meta name=\"twitter:data2\" content=\"2 minutos\" \/>\n<script type=\"application\/ld+json\" class=\"yoast-schema-graph\">{\"@context\":\"https:\/\/schema.org\",\"@graph\":[{\"@type\":\"Article\",\"@id\":\"https:\/\/experienciadevida.com.ar\/portalurbano\/jornada-probemos-hablando-hacia-una-experiencia-de-gestion-participativa-de-conflictos-en-contextos-de-encierro-en-el-ambito-bonaerense\/#article\",\"isPartOf\":{\"@id\":\"https:\/\/experienciadevida.com.ar\/portalurbano\/jornada-probemos-hablando-hacia-una-experiencia-de-gestion-participativa-de-conflictos-en-contextos-de-encierro-en-el-ambito-bonaerense\/\"},\"author\":{\"name\":\"admpu17wp\",\"@id\":\"https:\/\/experienciadevida.com.ar\/portalurbano\/#\/schema\/person\/02dd326b1c4b056e9cc972486934a3a7\"},\"headline\":\"Jornada: Probemos hablando. Hacia una experiencia de gesti\u00f3n participativa de conflictos en contextos de encierro en el \u00e1mbito bonaerense\",\"datePublished\":\"2022-08-04T16:41:35+00:00\",\"dateModified\":\"2022-08-04T16:42:11+00:00\",\"mainEntityOfPage\":{\"@id\":\"https:\/\/experienciadevida.com.ar\/portalurbano\/jornada-probemos-hablando-hacia-una-experiencia-de-gestion-participativa-de-conflictos-en-contextos-de-encierro-en-el-ambito-bonaerense\/\"},\"wordCount\":433,\"publisher\":{\"@id\":\"https:\/\/experienciadevida.com.ar\/portalurbano\/#organization\"},\"articleSection\":[\"Educaci\u00f3n\"],\"inLanguage\":\"es\"},{\"@type\":\"WebPage\",\"@id\":\"https:\/\/experienciadevida.com.ar\/portalurbano\/jornada-probemos-hablando-hacia-una-experiencia-de-gestion-participativa-de-conflictos-en-contextos-de-encierro-en-el-ambito-bonaerense\/\",\"url\":\"https:\/\/experienciadevida.com.ar\/portalurbano\/jornada-probemos-hablando-hacia-una-experiencia-de-gestion-participativa-de-conflictos-en-contextos-de-encierro-en-el-ambito-bonaerense\/\",\"name\":\"Jornada: probemos hablando. Hacia una experiencia de gesti\u00f3n\",\"isPartOf\":{\"@id\":\"https:\/\/experienciadevida.com.ar\/portalurbano\/#website\"},\"datePublished\":\"2022-08-04T16:41:35+00:00\",\"dateModified\":\"2022-08-04T16:42:11+00:00\",\"description\":\"Jornada: Probemos hablando. Hacia una experiencia de gesti\u00f3n participativa de conflictos en contextos de encierro en el \u00e1mbito bonaerense.\",\"breadcrumb\":{\"@id\":\"https:\/\/experienciadevida.com.ar\/portalurbano\/jornada-probemos-hablando-hacia-una-experiencia-de-gestion-participativa-de-conflictos-en-contextos-de-encierro-en-el-ambito-bonaerense\/#breadcrumb\"},\"inLanguage\":\"es\",\"potentialAction\":[{\"@type\":\"ReadAction\",\"target\":[\"https:\/\/experienciadevida.com.ar\/portalurbano\/jornada-probemos-hablando-hacia-una-experiencia-de-gestion-participativa-de-conflictos-en-contextos-de-encierro-en-el-ambito-bonaerense\/\"]}]},{\"@type\":\"BreadcrumbList\",\"@id\":\"https:\/\/experienciadevida.com.ar\/portalurbano\/jornada-probemos-hablando-hacia-una-experiencia-de-gestion-participativa-de-conflictos-en-contextos-de-encierro-en-el-ambito-bonaerense\/#breadcrumb\",\"itemListElement\":[{\"@type\":\"ListItem\",\"position\":1,\"name\":\"Portada\",\"item\":\"https:\/\/experienciadevida.com.ar\/portalurbano\/\"},{\"@type\":\"ListItem\",\"position\":2,\"name\":\"Jornada: Probemos hablando. Hacia una experiencia de gesti\u00f3n participativa de conflictos en contextos de encierro en el \u00e1mbito bonaerense\"}]},{\"@type\":\"WebSite\",\"@id\":\"https:\/\/experienciadevida.com.ar\/portalurbano\/#website\",\"url\":\"https:\/\/experienciadevida.com.ar\/portalurbano\/\",\"name\":\"\",\"description\":\"\",\"publisher\":{\"@id\":\"https:\/\/experienciadevida.com.ar\/portalurbano\/#organization\"},\"potentialAction\":[{\"@type\":\"SearchAction\",\"target\":{\"@type\":\"EntryPoint\",\"urlTemplate\":\"https:\/\/experienciadevida.com.ar\/portalurbano\/?s={search_term_string}\"},\"query-input\":\"required name=search_term_string\"}],\"inLanguage\":\"es\"},{\"@type\":\"Organization\",\"@id\":\"https:\/\/experienciadevida.com.ar\/portalurbano\/#organization\",\"name\":\"Portal Urbano\",\"url\":\"https:\/\/experienciadevida.com.ar\/portalurbano\/\",\"logo\":{\"@type\":\"ImageObject\",\"inLanguage\":\"es\",\"@id\":\"https:\/\/experienciadevida.com.ar\/portalurbano\/#\/schema\/logo\/image\/\",\"url\":\"https:\/\/experienciadevida.com.ar\/portalurbano\/wp-content\/uploads\/2019\/09\/Logo-Original.png\",\"contentUrl\":\"https:\/\/experienciadevida.com.ar\/portalurbano\/wp-content\/uploads\/2019\/09\/Logo-Original.png\",\"width\":2236,\"height\":1216,\"caption\":\"Portal Urbano\"},\"image\":{\"@id\":\"https:\/\/experienciadevida.com.ar\/portalurbano\/#\/schema\/logo\/image\/\"},\"sameAs\":[\"https:\/\/www.facebook.com\/Portal-Urbano-171542830093757\/\",\"https:\/\/twitter.com\/portalurbanook\",\"https:\/\/www.instagram.com\/_portalurbano\/\",\"https:\/\/www.youtube.com\/channel\/UCXhagIfszH8KxFiOok79zbA?view_as=subscriber\"]},{\"@type\":\"Person\",\"@id\":\"https:\/\/experienciadevida.com.ar\/portalurbano\/#\/schema\/person\/02dd326b1c4b056e9cc972486934a3a7\",\"name\":\"admpu17wp\",\"image\":{\"@type\":\"ImageObject\",\"inLanguage\":\"es\",\"@id\":\"https:\/\/experienciadevida.com.ar\/portalurbano\/#\/schema\/person\/image\/\",\"url\":\"https:\/\/secure.gravatar.com\/avatar\/830d4c57adaae6630765e449a6908047?s=96&d=mm&r=g\",\"contentUrl\":\"https:\/\/secure.gravatar.com\/avatar\/830d4c57adaae6630765e449a6908047?s=96&d=mm&r=g\",\"caption\":\"admpu17wp\"}}]}<\/script>\n<!-- \/ Yoast SEO plugin. -->","yoast_head_json":{"title":"Jornada: probemos hablando. Hacia una experiencia de gesti\u00f3n","description":"Jornada: Probemos hablando. Hacia una experiencia de gesti\u00f3n participativa de conflictos en contextos de encierro en el \u00e1mbito bonaerense.","robots":{"index":"index","follow":"follow","max-snippet":"max-snippet:-1","max-image-preview":"max-image-preview:large","max-video-preview":"max-video-preview:-1"},"canonical":"https:\/\/experienciadevida.com.ar\/portalurbano\/jornada-probemos-hablando-hacia-una-experiencia-de-gestion-participativa-de-conflictos-en-contextos-de-encierro-en-el-ambito-bonaerense\/","og_locale":"es_ES","og_type":"article","og_title":"Jornada: probemos hablando. Hacia una experiencia de gesti\u00f3n","og_description":"Jornada: Probemos hablando. Hacia una experiencia de gesti\u00f3n participativa de conflictos en contextos de encierro en el \u00e1mbito bonaerense.","og_url":"https:\/\/experienciadevida.com.ar\/portalurbano\/jornada-probemos-hablando-hacia-una-experiencia-de-gestion-participativa-de-conflictos-en-contextos-de-encierro-en-el-ambito-bonaerense\/","article_publisher":"https:\/\/www.facebook.com\/Portal-Urbano-171542830093757\/","article_published_time":"2022-08-04T16:41:35+00:00","article_modified_time":"2022-08-04T16:42:11+00:00","og_image":[{"width":1024,"height":1280,"url":"https:\/\/experienciadevida.com.ar\/portalurbano\/wp-content\/uploads\/2022\/08\/Jornada.jpeg","type":"image\/jpeg"}],"author":"admpu17wp","twitter_card":"summary_large_image","twitter_creator":"@portalurbanook","twitter_site":"@portalurbanook","twitter_misc":{"Escrito por":"admpu17wp","Tiempo de lectura":"2 minutos"},"schema":{"@context":"https:\/\/schema.org","@graph":[{"@type":"Article","@id":"https:\/\/experienciadevida.com.ar\/portalurbano\/jornada-probemos-hablando-hacia-una-experiencia-de-gestion-participativa-de-conflictos-en-contextos-de-encierro-en-el-ambito-bonaerense\/#article","isPartOf":{"@id":"https:\/\/experienciadevida.com.ar\/portalurbano\/jornada-probemos-hablando-hacia-una-experiencia-de-gestion-participativa-de-conflictos-en-contextos-de-encierro-en-el-ambito-bonaerense\/"},"author":{"name":"admpu17wp","@id":"https:\/\/experienciadevida.com.ar\/portalurbano\/#\/schema\/person\/02dd326b1c4b056e9cc972486934a3a7"},"headline":"Jornada: Probemos hablando. Hacia una experiencia de gesti\u00f3n participativa de conflictos en contextos de encierro en el \u00e1mbito bonaerense","datePublished":"2022-08-04T16:41:35+00:00","dateModified":"2022-08-04T16:42:11+00:00","mainEntityOfPage":{"@id":"https:\/\/experienciadevida.com.ar\/portalurbano\/jornada-probemos-hablando-hacia-una-experiencia-de-gestion-participativa-de-conflictos-en-contextos-de-encierro-en-el-ambito-bonaerense\/"},"wordCount":433,"publisher":{"@id":"https:\/\/experienciadevida.com.ar\/portalurbano\/#organization"},"articleSection":["Educaci\u00f3n"],"inLanguage":"es"},{"@type":"WebPage","@id":"https:\/\/experienciadevida.com.ar\/portalurbano\/jornada-probemos-hablando-hacia-una-experiencia-de-gestion-participativa-de-conflictos-en-contextos-de-encierro-en-el-ambito-bonaerense\/","url":"https:\/\/experienciadevida.com.ar\/portalurbano\/jornada-probemos-hablando-hacia-una-experiencia-de-gestion-participativa-de-conflictos-en-contextos-de-encierro-en-el-ambito-bonaerense\/","name":"Jornada: probemos hablando. Hacia una experiencia de gesti\u00f3n","isPartOf":{"@id":"https:\/\/experienciadevida.com.ar\/portalurbano\/#website"},"datePublished":"2022-08-04T16:41:35+00:00","dateModified":"2022-08-04T16:42:11+00:00","description":"Jornada: Probemos hablando. Hacia una experiencia de gesti\u00f3n participativa de conflictos en contextos de encierro en el \u00e1mbito bonaerense.","breadcrumb":{"@id":"https:\/\/experienciadevida.com.ar\/portalurbano\/jornada-probemos-hablando-hacia-una-experiencia-de-gestion-participativa-de-conflictos-en-contextos-de-encierro-en-el-ambito-bonaerense\/#breadcrumb"},"inLanguage":"es","potentialAction":[{"@type":"ReadAction","target":["https:\/\/experienciadevida.com.ar\/portalurbano\/jornada-probemos-hablando-hacia-una-experiencia-de-gestion-participativa-de-conflictos-en-contextos-de-encierro-en-el-ambito-bonaerense\/"]}]},{"@type":"BreadcrumbList","@id":"https:\/\/experienciadevida.com.ar\/portalurbano\/jornada-probemos-hablando-hacia-una-experiencia-de-gestion-participativa-de-conflictos-en-contextos-de-encierro-en-el-ambito-bonaerense\/#breadcrumb","itemListElement":[{"@type":"ListItem","position":1,"name":"Portada","item":"https:\/\/experienciadevida.com.ar\/portalurbano\/"},{"@type":"ListItem","position":2,"name":"Jornada: Probemos hablando. Hacia una experiencia de gesti\u00f3n participativa de conflictos en contextos de encierro en el \u00e1mbito bonaerense"}]},{"@type":"WebSite","@id":"https:\/\/experienciadevida.com.ar\/portalurbano\/#website","url":"https:\/\/experienciadevida.com.ar\/portalurbano\/","name":"","description":"","publisher":{"@id":"https:\/\/experienciadevida.com.ar\/portalurbano\/#organization"},"potentialAction":[{"@type":"SearchAction","target":{"@type":"EntryPoint","urlTemplate":"https:\/\/experienciadevida.com.ar\/portalurbano\/?s={search_term_string}"},"query-input":"required name=search_term_string"}],"inLanguage":"es"},{"@type":"Organization","@id":"https:\/\/experienciadevida.com.ar\/portalurbano\/#organization","name":"Portal Urbano","url":"https:\/\/experienciadevida.com.ar\/portalurbano\/","logo":{"@type":"ImageObject","inLanguage":"es","@id":"https:\/\/experienciadevida.com.ar\/portalurbano\/#\/schema\/logo\/image\/","url":"https:\/\/experienciadevida.com.ar\/portalurbano\/wp-content\/uploads\/2019\/09\/Logo-Original.png","contentUrl":"https:\/\/experienciadevida.com.ar\/portalurbano\/wp-content\/uploads\/2019\/09\/Logo-Original.png","width":2236,"height":1216,"caption":"Portal Urbano"},"image":{"@id":"https:\/\/experienciadevida.com.ar\/portalurbano\/#\/schema\/logo\/image\/"},"sameAs":["https:\/\/www.facebook.com\/Portal-Urbano-171542830093757\/","https:\/\/twitter.com\/portalurbanook","https:\/\/www.instagram.com\/_portalurbano\/","https:\/\/www.youtube.com\/channel\/UCXhagIfszH8KxFiOok79zbA?view_as=subscriber"]},{"@type":"Person","@id":"https:\/\/experienciadevida.com.ar\/portalurbano\/#\/schema\/person\/02dd326b1c4b056e9cc972486934a3a7","name":"admpu17wp","image":{"@type":"ImageObject","inLanguage":"es","@id":"https:\/\/experienciadevida.com.ar\/portalurbano\/#\/schema\/person\/image\/","url":"https:\/\/secure.gravatar.com\/avatar\/830d4c57adaae6630765e449a6908047?s=96&d=mm&r=g","contentUrl":"https:\/\/secure.gravatar.com\/avatar\/830d4c57adaae6630765e449a6908047?s=96&d=mm&r=g","caption":"admpu17wp"}}]}},"featured_image_urls":{"full":["https:\/\/experienciadevida.com.ar\/portalurbano\/wp-content\/uploads\/2022\/08\/Jornada.jpeg",1024,1280,false],"thumbnail":["https:\/\/experienciadevida.com.ar\/portalurbano\/wp-content\/uploads\/2022\/08\/Jornada-150x150.jpeg",150,150,true],"medium":["https:\/\/experienciadevida.com.ar\/portalurbano\/wp-content\/uploads\/2022\/08\/Jornada-240x300.jpeg",240,300,true],"medium_large":["https:\/\/experienciadevida.com.ar\/portalurbano\/wp-content\/uploads\/2022\/08\/Jornada-768x960.jpeg",640,800,true],"large":["https:\/\/experienciadevida.com.ar\/portalurbano\/wp-content\/uploads\/2022\/08\/Jornada-819x1024.jpeg",640,800,true],"ug_big":["https:\/\/experienciadevida.com.ar\/portalurbano\/wp-content\/uploads\/2022\/08\/Jornada-614x768.jpeg",614,768,true],"1536x1536":["https:\/\/experienciadevida.com.ar\/portalurbano\/wp-content\/uploads\/2022\/08\/Jornada.jpeg",1024,1280,false],"2048x2048":["https:\/\/experienciadevida.com.ar\/portalurbano\/wp-content\/uploads\/2022\/08\/Jornada.jpeg",1024,1280,false],"newsever-slider-full":["https:\/\/experienciadevida.com.ar\/portalurbano\/wp-content\/uploads\/2022\/08\/Jornada.jpeg",676,845,false],"newsever-featured":["https:\/\/experienciadevida.com.ar\/portalurbano\/wp-content\/uploads\/2022\/08\/Jornada.jpeg",1024,1280,false],"newsever-medium":["https:\/\/experienciadevida.com.ar\/portalurbano\/wp-content\/uploads\/2022\/08\/Jornada.jpeg",380,475,false],"web-stories-poster-portrait":["https:\/\/experienciadevida.com.ar\/portalurbano\/wp-content\/uploads\/2022\/08\/Jornada-640x853.jpeg",640,853,true],"web-stories-publisher-logo":["https:\/\/experienciadevida.com.ar\/portalurbano\/wp-content\/uploads\/2022\/08\/Jornada-96x96.jpeg",96,96,true],"web-stories-thumbnail":["https:\/\/experienciadevida.com.ar\/portalurbano\/wp-content\/uploads\/2022\/08\/Jornada-150x188.jpeg",150,188,true]},"author_info":{"display_name":"admpu17wp","author_link":"https:\/\/experienciadevida.com.ar\/portalurbano\/author\/admpu17wp\/"},"category_info":"<a href=\"https:\/\/experienciadevida.com.ar\/portalurbano\/category\/ciudad\/educacion\/\" rel=\"category tag\">Educaci\u00f3n<\/a>","tag_info":"Educaci\u00f3n","comment_count":"0","amp_enabled":true,"_links":{"self":[{"href":"https:\/\/experienciadevida.com.ar\/portalurbano\/wp-json\/wp\/v2\/posts\/172677"}],"collection":[{"href":"https:\/\/experienciadevida.com.ar\/portalurbano\/wp-json\/wp\/v2\/posts"}],"about":[{"href":"https:\/\/experienciadevida.com.ar\/portalurbano\/wp-json\/wp\/v2\/types\/post"}],"author":[{"embeddable":true,"href":"https:\/\/experienciadevida.com.ar\/portalurbano\/wp-json\/wp\/v2\/users\/1"}],"replies":[{"embeddable":true,"href":"https:\/\/experienciadevida.com.ar\/portalurbano\/wp-json\/wp\/v2\/comments?post=172677"}],"version-history":[{"count":1,"href":"https:\/\/experienciadevida.com.ar\/portalurbano\/wp-json\/wp\/v2\/posts\/172677\/revisions"}],"predecessor-version":[{"id":172679,"href":"https:\/\/experienciadevida.com.ar\/portalurbano\/wp-json\/wp\/v2\/posts\/172677\/revisions\/172679"}],"wp:featuredmedia":[{"embeddable":true,"href":"https:\/\/experienciadevida.com.ar\/portalurbano\/wp-json\/wp\/v2\/media\/172678"}],"wp:attachment":[{"href":"https:\/\/experienciadevida.com.ar\/portalurbano\/wp-json\/wp\/v2\/media?parent=172677"}],"wp:term":[{"taxonomy":"category","embeddable":true,"href":"https:\/\/experienciadevida.com.ar\/portalurbano\/wp-json\/wp\/v2\/categories?post=172677"},{"taxonomy":"post_tag","embeddable":true,"href":"https:\/\/experienciadevida.com.ar\/portalurbano\/wp-json\/wp\/v2\/tags?post=172677"}],"curies":[{"name":"wp","href":"https:\/\/api.w.org\/{rel}","templated":true}]}}