{"id":172674,"date":"2022-08-04T13:37:43","date_gmt":"2022-08-04T16:37:43","guid":{"rendered":"https:\/\/experienciadevida.com.ar\/portalurbano\/?p=172674"},"modified":"2022-08-04T13:38:08","modified_gmt":"2022-08-04T16:38:08","slug":"jefatura-de-educacion-region-25-invita-a-participar-en-el-concurso-literario-dia-del-maestro-2022","status":"publish","type":"post","link":"https:\/\/experienciadevida.com.ar\/portalurbano\/jefatura-de-educacion-region-25-invita-a-participar-en-el-concurso-literario-dia-del-maestro-2022\/","title":{"rendered":"Jefatura de Educaci\u00f3n Regi\u00f3n 25 invita a participar en el Concurso Literario &#8220;D\u00eda del Maestro 2022 &#8220;"},"content":{"rendered":"<p>Jefatura de Educaci\u00f3n Regi\u00f3n 25 invita a participar en el Concurso Literario &#8220;D\u00eda del Maestro 2022&#8221;, \u00bfqu\u00e9 es ser docente hoy?.<\/p>\n<p>La Jefatura de Educaci\u00f3n Regi\u00f3n N\u00b025 en el marco de celebrarse el pr\u00f3ximo 11 de septiembre el d\u00eda del Maestro, invita a participar en el concurso literario \u201c\u00bfQu\u00e9 significa ser docente hoy?\u201d. El objetivo es brindar un reconocimiento al trabajo docente y sus transformaciones en los \u00faltimos a\u00f1os y en particular con las nuevas configuraciones en el marco de la pandemia COVID-19.<\/p>\n<p>Deseamos que esta iniciativa sea pensada como una instancia donde los docentes puedan expresarse desde un lugar diferente al acad\u00e9mico que los conecte con las experiencias y sensaciones que atraviesa el mundo de la docencia.<\/p>\n<p>Especificaciones del Concurso detalladas en las BASES que se transcriben debajo.<\/p>\n<p>Informes al mail concursoliterarioregion25@gmail.com &lt;concursoliterarioregion25@gmail.com&gt;\u00a0 Se adjunta afiche y bases en archivo PDF.-<\/p>\n<p>Presentaci\u00f3n de obras: G\u00e9nero narrativo: Cuento corto \/ G\u00e9nero po\u00e9tico: poema o prosa po\u00e9tica<\/p>\n<p>Destinatarios: docentes de distintos niveles y modalidades<\/p>\n<p>Entidad convocante: Jefatura Regi\u00f3n Educativa N\u00b025<\/p>\n<p>Fecha de cierre para recepci\u00f3n de obras: viernes 12 de agosto 2022<\/p>\n<p>Modalidad de entrega: 3 copias por escrito en sobre cerrado en cada Jefatura Distrital: Azul, Bol\u00edvar y Tapalqu\u00e9. En Olavarr\u00eda la presentaci\u00f3n se realiza en la Jefatura Regional.<\/p>\n<p>BASES:<\/p>\n<p>1- Se convoca a docentes de los distritos de Azul, Bol\u00edvar, Olavarr\u00eda y Tapalqu\u00e9 a participar del concurso y presentar trabajos que deber\u00e1n ser in\u00e9ditos, no habiendo sido publicados, ni estar concursando o que hayan sido premiados en otro certamen.<\/p>\n<p>2- La participaci\u00f3n es gratuita.<\/p>\n<p>3- Podr\u00e1n presentarse obras que correspondan a:<\/p>\n<p>G\u00e9nero narrativo: Cuento corto<\/p>\n<p>G\u00e9nero po\u00e9tico: poema o prosa po\u00e9tica<\/p>\n<p>En caso de participar en m\u00e1s de un g\u00e9nero los trabajos se enviar\u00e1n por separado.<\/p>\n<p>4- Especificaciones:<\/p>\n<p>Cuento corto: 3 carillas<\/p>\n<p>Poes\u00eda: hasta un m\u00e1ximo de 40 versos..<\/p>\n<p>Las obras estar\u00e1n escritas en computadora, en hojas tama\u00f1o A4 debidamente numeradas. Letra Times New Roman, tama\u00f1o 12, con espacio de uno y medio. Firmadas con seud\u00f3nimo.<\/p>\n<p>Modalidad de entrega<\/p>\n<p>5- Lugar de presentaci\u00f3n:<\/p>\n<p>En Olavarr\u00eda en la sede de la Jefatura Regional N\u00b025 Rivadavia N\u00b02836<br \/>\n1er. Piso contrafrente.<br \/>\n&#8211; En Azul en la sede de la Jefatura Distrital calle Rivadavia N\u00b0521<br \/>\n&#8211; En Bol\u00edvar en la sede de la Jefatura Distrital calle Av. San Mart\u00edn y<br \/>\nAlvarado<br \/>\n&#8211; En Tapalqu\u00e9 en la sede de Jefatura Distrital calle 9 de Julio N\u00b0620<\/p>\n<p>6- Formato de presentaci\u00f3n<\/p>\n<p>En sobre cerrado a: Concurso: \u00bfQu\u00e9 es ser docente hoy?<\/p>\n<p>Jefatura de Educaci\u00f3n Regi\u00f3n 25 invita a participar en el Concurso Literario &#8220;D\u00eda del Maestro 2022&#8221;, dentro del sobre que contiene 3 (tres copias) de la obra, se colocar\u00e1 otro sobre peque\u00f1o con una hoja con los datos del participante: nombre y apellido, seud\u00f3nimo, edad, n\u00famero de documento, t\u00edtulo de la obra, domicilio y c\u00f3digo postal, correo electr\u00f3nico, y tel\u00e9fono.<\/p>\n<p>Deber\u00e1 agregarse de pu\u00f1o y letra con car\u00e1cter de declaraci\u00f3n jurada que el trabajo es de su autor\u00eda.<\/p>\n<p>En el frente del sobre de datos personales, se escribir\u00e1 el seud\u00f3nimo, t\u00edtulo de la obra y g\u00e9nero.<\/p>\n<p>Jefatura de Educaci\u00f3n Regi\u00f3n 25 invita a participar en el Concurso Literario &#8220;D\u00eda del Maestro 2022&#8221;, 7- La responsabilidad en cuanto a la autor\u00eda de las obras, es exclusiva de los participantes, librando \u00e9stos a la instituci\u00f3n organizadora de toda eventualidad.<\/p>\n<p>8- Respecto del tema: las obras podr\u00e1n reflejar, homenajear y visibilizar el rol del maestro\/ la figura del maestro. Reflexiones, sentimientos, met\u00e1foras de afecto, compromiso y memorias de c\u00f3mo se ha modificado el rol<br \/>\nde los trabajadores docentes.<\/p>\n<p>Premios:<\/p>\n<p>9- En cada g\u00e9nero se otorgar\u00e1:<\/p>\n<p>1er. premio, 2do. premio, 3er. premio y dos menciones especiales. Se entregar\u00e1n diplomas y libros.<\/p>\n<p>Jurados:<\/p>\n<p>10- El jurado est\u00e1 integrado por las siguientes especialistas:<\/p>\n<p>Graciela Gubinelli docente de Lengua y Literatura y escritora olavarriense. Ha participado desde el a\u00f1o 2016 en talleres literarios en Olavarr\u00eda, Tandil con la escritora Patricia Ratto, en la ciudad de La Plata con el escritor y periodista Guillermo Cavia con quien particip\u00f3 en la publicaci\u00f3n de Antolog\u00eda de Cuentos con diferentes escritores del pa\u00eds. Dicha Antolog\u00eda fue publicada en el Diario En Provincia. En la actualidad participa del Taller Literario de Novela en la ciudad de C\u00f3rdoba.<\/p>\n<p>Silvana E. Pennacchioni docente de Matem\u00e1tica y Trayectos T\u00e9cnicos y poeta olavarriense.<\/p>\n<p>Particip\u00f3 en talleres literarios con escritores de esta ciudad desde el a\u00f1o 2016.<\/p>\n<p>Particip\u00f3 en el Caf\u00e9 Literario \u201cHistorias que dejan Marcas\u201d en la ciudad de Buenos Aires (2019).<\/p>\n<p>Coautora junto a otras escritoras de distintos puntos del pa\u00eds de las Antolog\u00edas Sororas:<\/p>\n<p>\u201cMujeres hechas de historias y abrazando v\u00ednculos\u201d. (2021).<\/p>\n<p>Coautora en la Antolog\u00eda Literaria \u201cPoemas y relatos\u201d de la Escuela Literaria Alfonsina. (2021). Actualmente participa del taller de poes\u00eda que se desarrolla en la Biblioteca Coty Laborde de la ciudad de Olavarr\u00eda.<\/p>\n<p>Celia Lizaso docente de Inicial y Primaria, Bibliotecaria y narradora oral.<\/p>\n<p>11- El fallo del jurado ser\u00e1 inapelable y se dar\u00e1 a conocer el lunes 12 de septiembre de 2022 v\u00eda correo electr\u00f3nico concursoliterarioregion25@gmail.com<\/p>\n<p>Publicaci\u00f3n de las obras:<\/p>\n<p>12- Las obras podr\u00e1n ser publicadas por los organizadores del concurso en los medios que considere oportunos siempre mencionando la autor\u00eda.-<\/p>\n<p>13- Las obras ser\u00e1n compartidas en una publicaci\u00f3n digital especial.<\/p>\n<p>Importante y excluyente:<\/p>\n<p>14-La participaci\u00f3n en el presente concurso implica el conocimiento de las bases y su total aceptaci\u00f3n.<\/p>\n<p>15- Los trabajos deber\u00e1n ser presentados desde el lunes 11 de julio y el martes 16 de agosto inclusive hasta las 16hs. en cada lugar establecido seg\u00fan el distrito. (ver punto 5).-<\/p>\n","protected":false},"excerpt":{"rendered":"<p>Jefatura de Educaci\u00f3n Regi\u00f3n 25 invita a participar en el Concurso Literario &#8220;D\u00eda del Maestro&#8230;<\/p>\n","protected":false},"author":1,"featured_media":172675,"comment_status":"closed","ping_status":"closed","sticky":false,"template":"","format":"standard","meta":{"content-type":""},"categories":[31],"tags":[],"nelio_content":{"isAutoShareEnabled":false,"autoShareEndMode":"default","automationSources":{"useContentSentences":true,"useSocialTemplates":true,"useCustomSentences":false,"customSentences":[]},"followers":[1],"suggestedReferences":[],"includedReferences":[],"efiUrl":"","efiAlt":"","highlights":[]},"yoast_head":"<!-- This site is optimized with the Yoast SEO plugin v20.7 - https:\/\/yoast.com\/wordpress\/plugins\/seo\/ -->\n<title>Jefatura de educaci\u00f3n Regi\u00f3n 25 invita a participar del concurso<\/title>\n<meta name=\"description\" content=\"Jefatura de Educaci\u00f3n Regi\u00f3n 25 invita a participar en el Concurso Literario &quot;D\u00eda del Maestro 2022&quot;, \u00bfqu\u00e9 es ser docente hoy?.\" \/>\n<meta name=\"robots\" content=\"index, follow, max-snippet:-1, max-image-preview:large, max-video-preview:-1\" \/>\n<link rel=\"canonical\" href=\"https:\/\/experienciadevida.com.ar\/portalurbano\/jefatura-de-educacion-region-25-invita-a-participar-en-el-concurso-literario-dia-del-maestro-2022\/\" \/>\n<meta property=\"og:locale\" content=\"es_ES\" \/>\n<meta property=\"og:type\" content=\"article\" \/>\n<meta property=\"og:title\" content=\"Jefatura de educaci\u00f3n Regi\u00f3n 25 invita a participar del concurso\" \/>\n<meta property=\"og:description\" content=\"Jefatura de Educaci\u00f3n Regi\u00f3n 25 invita a participar en el Concurso Literario &quot;D\u00eda del Maestro 2022&quot;, \u00bfqu\u00e9 es ser docente hoy?.\" \/>\n<meta property=\"og:url\" content=\"https:\/\/experienciadevida.com.ar\/portalurbano\/jefatura-de-educacion-region-25-invita-a-participar-en-el-concurso-literario-dia-del-maestro-2022\/\" \/>\n<meta property=\"article:publisher\" content=\"https:\/\/www.facebook.com\/Portal-Urbano-171542830093757\/\" \/>\n<meta property=\"article:published_time\" content=\"2022-08-04T16:37:43+00:00\" \/>\n<meta property=\"article:modified_time\" content=\"2022-08-04T16:38:08+00:00\" \/>\n<meta property=\"og:image\" content=\"https:\/\/experienciadevida.com.ar\/portalurbano\/wp-content\/uploads\/2022\/08\/Jefatura-de-Educacion-Region-576x1024.png\" \/>\n\t<meta property=\"og:image:width\" content=\"576\" \/>\n\t<meta property=\"og:image:height\" content=\"1024\" \/>\n\t<meta property=\"og:image:type\" content=\"image\/png\" \/>\n<meta name=\"author\" content=\"admpu17wp\" \/>\n<meta name=\"twitter:card\" content=\"summary_large_image\" \/>\n<meta name=\"twitter:creator\" content=\"@portalurbanook\" \/>\n<meta name=\"twitter:site\" content=\"@portalurbanook\" \/>\n<meta name=\"twitter:label1\" content=\"Escrito por\" \/>\n\t<meta name=\"twitter:data1\" content=\"admpu17wp\" \/>\n\t<meta name=\"twitter:label2\" content=\"Tiempo de lectura\" \/>\n\t<meta name=\"twitter:data2\" content=\"5 minutos\" \/>\n<script type=\"application\/ld+json\" class=\"yoast-schema-graph\">{\"@context\":\"https:\/\/schema.org\",\"@graph\":[{\"@type\":\"Article\",\"@id\":\"https:\/\/experienciadevida.com.ar\/portalurbano\/jefatura-de-educacion-region-25-invita-a-participar-en-el-concurso-literario-dia-del-maestro-2022\/#article\",\"isPartOf\":{\"@id\":\"https:\/\/experienciadevida.com.ar\/portalurbano\/jefatura-de-educacion-region-25-invita-a-participar-en-el-concurso-literario-dia-del-maestro-2022\/\"},\"author\":{\"name\":\"admpu17wp\",\"@id\":\"https:\/\/experienciadevida.com.ar\/portalurbano\/#\/schema\/person\/02dd326b1c4b056e9cc972486934a3a7\"},\"headline\":\"Jefatura de Educaci\u00f3n Regi\u00f3n 25 invita a participar en el Concurso Literario &#8220;D\u00eda del Maestro 2022 &#8220;\",\"datePublished\":\"2022-08-04T16:37:43+00:00\",\"dateModified\":\"2022-08-04T16:38:08+00:00\",\"mainEntityOfPage\":{\"@id\":\"https:\/\/experienciadevida.com.ar\/portalurbano\/jefatura-de-educacion-region-25-invita-a-participar-en-el-concurso-literario-dia-del-maestro-2022\/\"},\"wordCount\":1005,\"publisher\":{\"@id\":\"https:\/\/experienciadevida.com.ar\/portalurbano\/#organization\"},\"articleSection\":[\"Educaci\u00f3n\"],\"inLanguage\":\"es\"},{\"@type\":\"WebPage\",\"@id\":\"https:\/\/experienciadevida.com.ar\/portalurbano\/jefatura-de-educacion-region-25-invita-a-participar-en-el-concurso-literario-dia-del-maestro-2022\/\",\"url\":\"https:\/\/experienciadevida.com.ar\/portalurbano\/jefatura-de-educacion-region-25-invita-a-participar-en-el-concurso-literario-dia-del-maestro-2022\/\",\"name\":\"Jefatura de educaci\u00f3n Regi\u00f3n 25 invita a participar del concurso\",\"isPartOf\":{\"@id\":\"https:\/\/experienciadevida.com.ar\/portalurbano\/#website\"},\"datePublished\":\"2022-08-04T16:37:43+00:00\",\"dateModified\":\"2022-08-04T16:38:08+00:00\",\"description\":\"Jefatura de Educaci\u00f3n Regi\u00f3n 25 invita a participar en el Concurso Literario \\\"D\u00eda del Maestro 2022\\\", \u00bfqu\u00e9 es ser docente hoy?.\",\"breadcrumb\":{\"@id\":\"https:\/\/experienciadevida.com.ar\/portalurbano\/jefatura-de-educacion-region-25-invita-a-participar-en-el-concurso-literario-dia-del-maestro-2022\/#breadcrumb\"},\"inLanguage\":\"es\",\"potentialAction\":[{\"@type\":\"ReadAction\",\"target\":[\"https:\/\/experienciadevida.com.ar\/portalurbano\/jefatura-de-educacion-region-25-invita-a-participar-en-el-concurso-literario-dia-del-maestro-2022\/\"]}]},{\"@type\":\"BreadcrumbList\",\"@id\":\"https:\/\/experienciadevida.com.ar\/portalurbano\/jefatura-de-educacion-region-25-invita-a-participar-en-el-concurso-literario-dia-del-maestro-2022\/#breadcrumb\",\"itemListElement\":[{\"@type\":\"ListItem\",\"position\":1,\"name\":\"Portada\",\"item\":\"https:\/\/experienciadevida.com.ar\/portalurbano\/\"},{\"@type\":\"ListItem\",\"position\":2,\"name\":\"Jefatura de Educaci\u00f3n Regi\u00f3n 25 invita a participar en el Concurso Literario \u00abD\u00eda del Maestro 2022 \u00ab\"}]},{\"@type\":\"WebSite\",\"@id\":\"https:\/\/experienciadevida.com.ar\/portalurbano\/#website\",\"url\":\"https:\/\/experienciadevida.com.ar\/portalurbano\/\",\"name\":\"\",\"description\":\"\",\"publisher\":{\"@id\":\"https:\/\/experienciadevida.com.ar\/portalurbano\/#organization\"},\"potentialAction\":[{\"@type\":\"SearchAction\",\"target\":{\"@type\":\"EntryPoint\",\"urlTemplate\":\"https:\/\/experienciadevida.com.ar\/portalurbano\/?s={search_term_string}\"},\"query-input\":\"required name=search_term_string\"}],\"inLanguage\":\"es\"},{\"@type\":\"Organization\",\"@id\":\"https:\/\/experienciadevida.com.ar\/portalurbano\/#organization\",\"name\":\"Portal Urbano\",\"url\":\"https:\/\/experienciadevida.com.ar\/portalurbano\/\",\"logo\":{\"@type\":\"ImageObject\",\"inLanguage\":\"es\",\"@id\":\"https:\/\/experienciadevida.com.ar\/portalurbano\/#\/schema\/logo\/image\/\",\"url\":\"https:\/\/experienciadevida.com.ar\/portalurbano\/wp-content\/uploads\/2019\/09\/Logo-Original.png\",\"contentUrl\":\"https:\/\/experienciadevida.com.ar\/portalurbano\/wp-content\/uploads\/2019\/09\/Logo-Original.png\",\"width\":2236,\"height\":1216,\"caption\":\"Portal Urbano\"},\"image\":{\"@id\":\"https:\/\/experienciadevida.com.ar\/portalurbano\/#\/schema\/logo\/image\/\"},\"sameAs\":[\"https:\/\/www.facebook.com\/Portal-Urbano-171542830093757\/\",\"https:\/\/twitter.com\/portalurbanook\",\"https:\/\/www.instagram.com\/_portalurbano\/\",\"https:\/\/www.youtube.com\/channel\/UCXhagIfszH8KxFiOok79zbA?view_as=subscriber\"]},{\"@type\":\"Person\",\"@id\":\"https:\/\/experienciadevida.com.ar\/portalurbano\/#\/schema\/person\/02dd326b1c4b056e9cc972486934a3a7\",\"name\":\"admpu17wp\",\"image\":{\"@type\":\"ImageObject\",\"inLanguage\":\"es\",\"@id\":\"https:\/\/experienciadevida.com.ar\/portalurbano\/#\/schema\/person\/image\/\",\"url\":\"https:\/\/secure.gravatar.com\/avatar\/830d4c57adaae6630765e449a6908047?s=96&d=mm&r=g\",\"contentUrl\":\"https:\/\/secure.gravatar.com\/avatar\/830d4c57adaae6630765e449a6908047?s=96&d=mm&r=g\",\"caption\":\"admpu17wp\"}}]}<\/script>\n<!-- \/ Yoast SEO plugin. -->","yoast_head_json":{"title":"Jefatura de educaci\u00f3n Regi\u00f3n 25 invita a participar del concurso","description":"Jefatura de Educaci\u00f3n Regi\u00f3n 25 invita a participar en el Concurso Literario \"D\u00eda del Maestro 2022\", \u00bfqu\u00e9 es ser docente hoy?.","robots":{"index":"index","follow":"follow","max-snippet":"max-snippet:-1","max-image-preview":"max-image-preview:large","max-video-preview":"max-video-preview:-1"},"canonical":"https:\/\/experienciadevida.com.ar\/portalurbano\/jefatura-de-educacion-region-25-invita-a-participar-en-el-concurso-literario-dia-del-maestro-2022\/","og_locale":"es_ES","og_type":"article","og_title":"Jefatura de educaci\u00f3n Regi\u00f3n 25 invita a participar del concurso","og_description":"Jefatura de Educaci\u00f3n Regi\u00f3n 25 invita a participar en el Concurso Literario \"D\u00eda del Maestro 2022\", \u00bfqu\u00e9 es ser docente hoy?.","og_url":"https:\/\/experienciadevida.com.ar\/portalurbano\/jefatura-de-educacion-region-25-invita-a-participar-en-el-concurso-literario-dia-del-maestro-2022\/","article_publisher":"https:\/\/www.facebook.com\/Portal-Urbano-171542830093757\/","article_published_time":"2022-08-04T16:37:43+00:00","article_modified_time":"2022-08-04T16:38:08+00:00","og_image":[{"width":576,"height":1024,"url":"https:\/\/experienciadevida.com.ar\/portalurbano\/wp-content\/uploads\/2022\/08\/Jefatura-de-Educacion-Region-576x1024.png","type":"image\/png"}],"author":"admpu17wp","twitter_card":"summary_large_image","twitter_creator":"@portalurbanook","twitter_site":"@portalurbanook","twitter_misc":{"Escrito por":"admpu17wp","Tiempo de lectura":"5 minutos"},"schema":{"@context":"https:\/\/schema.org","@graph":[{"@type":"Article","@id":"https:\/\/experienciadevida.com.ar\/portalurbano\/jefatura-de-educacion-region-25-invita-a-participar-en-el-concurso-literario-dia-del-maestro-2022\/#article","isPartOf":{"@id":"https:\/\/experienciadevida.com.ar\/portalurbano\/jefatura-de-educacion-region-25-invita-a-participar-en-el-concurso-literario-dia-del-maestro-2022\/"},"author":{"name":"admpu17wp","@id":"https:\/\/experienciadevida.com.ar\/portalurbano\/#\/schema\/person\/02dd326b1c4b056e9cc972486934a3a7"},"headline":"Jefatura de Educaci\u00f3n Regi\u00f3n 25 invita a participar en el Concurso Literario &#8220;D\u00eda del Maestro 2022 &#8220;","datePublished":"2022-08-04T16:37:43+00:00","dateModified":"2022-08-04T16:38:08+00:00","mainEntityOfPage":{"@id":"https:\/\/experienciadevida.com.ar\/portalurbano\/jefatura-de-educacion-region-25-invita-a-participar-en-el-concurso-literario-dia-del-maestro-2022\/"},"wordCount":1005,"publisher":{"@id":"https:\/\/experienciadevida.com.ar\/portalurbano\/#organization"},"articleSection":["Educaci\u00f3n"],"inLanguage":"es"},{"@type":"WebPage","@id":"https:\/\/experienciadevida.com.ar\/portalurbano\/jefatura-de-educacion-region-25-invita-a-participar-en-el-concurso-literario-dia-del-maestro-2022\/","url":"https:\/\/experienciadevida.com.ar\/portalurbano\/jefatura-de-educacion-region-25-invita-a-participar-en-el-concurso-literario-dia-del-maestro-2022\/","name":"Jefatura de educaci\u00f3n Regi\u00f3n 25 invita a participar del concurso","isPartOf":{"@id":"https:\/\/experienciadevida.com.ar\/portalurbano\/#website"},"datePublished":"2022-08-04T16:37:43+00:00","dateModified":"2022-08-04T16:38:08+00:00","description":"Jefatura de Educaci\u00f3n Regi\u00f3n 25 invita a participar en el Concurso Literario \"D\u00eda del Maestro 2022\", \u00bfqu\u00e9 es ser docente hoy?.","breadcrumb":{"@id":"https:\/\/experienciadevida.com.ar\/portalurbano\/jefatura-de-educacion-region-25-invita-a-participar-en-el-concurso-literario-dia-del-maestro-2022\/#breadcrumb"},"inLanguage":"es","potentialAction":[{"@type":"ReadAction","target":["https:\/\/experienciadevida.com.ar\/portalurbano\/jefatura-de-educacion-region-25-invita-a-participar-en-el-concurso-literario-dia-del-maestro-2022\/"]}]},{"@type":"BreadcrumbList","@id":"https:\/\/experienciadevida.com.ar\/portalurbano\/jefatura-de-educacion-region-25-invita-a-participar-en-el-concurso-literario-dia-del-maestro-2022\/#breadcrumb","itemListElement":[{"@type":"ListItem","position":1,"name":"Portada","item":"https:\/\/experienciadevida.com.ar\/portalurbano\/"},{"@type":"ListItem","position":2,"name":"Jefatura de Educaci\u00f3n Regi\u00f3n 25 invita a participar en el Concurso Literario \u00abD\u00eda del Maestro 2022 \u00ab"}]},{"@type":"WebSite","@id":"https:\/\/experienciadevida.com.ar\/portalurbano\/#website","url":"https:\/\/experienciadevida.com.ar\/portalurbano\/","name":"","description":"","publisher":{"@id":"https:\/\/experienciadevida.com.ar\/portalurbano\/#organization"},"potentialAction":[{"@type":"SearchAction","target":{"@type":"EntryPoint","urlTemplate":"https:\/\/experienciadevida.com.ar\/portalurbano\/?s={search_term_string}"},"query-input":"required name=search_term_string"}],"inLanguage":"es"},{"@type":"Organization","@id":"https:\/\/experienciadevida.com.ar\/portalurbano\/#organization","name":"Portal Urbano","url":"https:\/\/experienciadevida.com.ar\/portalurbano\/","logo":{"@type":"ImageObject","inLanguage":"es","@id":"https:\/\/experienciadevida.com.ar\/portalurbano\/#\/schema\/logo\/image\/","url":"https:\/\/experienciadevida.com.ar\/portalurbano\/wp-content\/uploads\/2019\/09\/Logo-Original.png","contentUrl":"https:\/\/experienciadevida.com.ar\/portalurbano\/wp-content\/uploads\/2019\/09\/Logo-Original.png","width":2236,"height":1216,"caption":"Portal Urbano"},"image":{"@id":"https:\/\/experienciadevida.com.ar\/portalurbano\/#\/schema\/logo\/image\/"},"sameAs":["https:\/\/www.facebook.com\/Portal-Urbano-171542830093757\/","https:\/\/twitter.com\/portalurbanook","https:\/\/www.instagram.com\/_portalurbano\/","https:\/\/www.youtube.com\/channel\/UCXhagIfszH8KxFiOok79zbA?view_as=subscriber"]},{"@type":"Person","@id":"https:\/\/experienciadevida.com.ar\/portalurbano\/#\/schema\/person\/02dd326b1c4b056e9cc972486934a3a7","name":"admpu17wp","image":{"@type":"ImageObject","inLanguage":"es","@id":"https:\/\/experienciadevida.com.ar\/portalurbano\/#\/schema\/person\/image\/","url":"https:\/\/secure.gravatar.com\/avatar\/830d4c57adaae6630765e449a6908047?s=96&d=mm&r=g","contentUrl":"https:\/\/secure.gravatar.com\/avatar\/830d4c57adaae6630765e449a6908047?s=96&d=mm&r=g","caption":"admpu17wp"}}]}},"featured_image_urls":{"full":["https:\/\/experienciadevida.com.ar\/portalurbano\/wp-content\/uploads\/2022\/08\/Jefatura-de-Educacion-Region.png",1080,1920,false],"thumbnail":["https:\/\/experienciadevida.com.ar\/portalurbano\/wp-content\/uploads\/2022\/08\/Jefatura-de-Educacion-Region-150x150.png",150,150,true],"medium":["https:\/\/experienciadevida.com.ar\/portalurbano\/wp-content\/uploads\/2022\/08\/Jefatura-de-Educacion-Region-169x300.png",169,300,true],"medium_large":["https:\/\/experienciadevida.com.ar\/portalurbano\/wp-content\/uploads\/2022\/08\/Jefatura-de-Educacion-Region-768x1365.png",640,1138,true],"large":["https:\/\/experienciadevida.com.ar\/portalurbano\/wp-content\/uploads\/2022\/08\/Jefatura-de-Educacion-Region-576x1024.png",576,1024,true],"ug_big":["https:\/\/experienciadevida.com.ar\/portalurbano\/wp-content\/uploads\/2022\/08\/Jefatura-de-Educacion-Region-432x768.png",432,768,true],"1536x1536":["https:\/\/experienciadevida.com.ar\/portalurbano\/wp-content\/uploads\/2022\/08\/Jefatura-de-Educacion-Region-864x1536.png",864,1536,true],"2048x2048":["https:\/\/experienciadevida.com.ar\/portalurbano\/wp-content\/uploads\/2022\/08\/Jefatura-de-Educacion-Region.png",1080,1920,false],"newsever-slider-full":["https:\/\/experienciadevida.com.ar\/portalurbano\/wp-content\/uploads\/2022\/08\/Jefatura-de-Educacion-Region.png",475,845,false],"newsever-featured":["https:\/\/experienciadevida.com.ar\/portalurbano\/wp-content\/uploads\/2022\/08\/Jefatura-de-Educacion-Region.png",1024,1820,false],"newsever-medium":["https:\/\/experienciadevida.com.ar\/portalurbano\/wp-content\/uploads\/2022\/08\/Jefatura-de-Educacion-Region.png",267,475,false],"web-stories-poster-portrait":["https:\/\/experienciadevida.com.ar\/portalurbano\/wp-content\/uploads\/2022\/08\/Jefatura-de-Educacion-Region-640x853.png",640,853,true],"web-stories-publisher-logo":["https:\/\/experienciadevida.com.ar\/portalurbano\/wp-content\/uploads\/2022\/08\/Jefatura-de-Educacion-Region-96x96.png",96,96,true],"web-stories-thumbnail":["https:\/\/experienciadevida.com.ar\/portalurbano\/wp-content\/uploads\/2022\/08\/Jefatura-de-Educacion-Region-150x267.png",150,267,true]},"author_info":{"display_name":"admpu17wp","author_link":"https:\/\/experienciadevida.com.ar\/portalurbano\/author\/admpu17wp\/"},"category_info":"<a href=\"https:\/\/experienciadevida.com.ar\/portalurbano\/category\/ciudad\/educacion\/\" rel=\"category tag\">Educaci\u00f3n<\/a>","tag_info":"Educaci\u00f3n","comment_count":"0","amp_enabled":true,"_links":{"self":[{"href":"https:\/\/experienciadevida.com.ar\/portalurbano\/wp-json\/wp\/v2\/posts\/172674"}],"collection":[{"href":"https:\/\/experienciadevida.com.ar\/portalurbano\/wp-json\/wp\/v2\/posts"}],"about":[{"href":"https:\/\/experienciadevida.com.ar\/portalurbano\/wp-json\/wp\/v2\/types\/post"}],"author":[{"embeddable":true,"href":"https:\/\/experienciadevida.com.ar\/portalurbano\/wp-json\/wp\/v2\/users\/1"}],"replies":[{"embeddable":true,"href":"https:\/\/experienciadevida.com.ar\/portalurbano\/wp-json\/wp\/v2\/comments?post=172674"}],"version-history":[{"count":1,"href":"https:\/\/experienciadevida.com.ar\/portalurbano\/wp-json\/wp\/v2\/posts\/172674\/revisions"}],"predecessor-version":[{"id":172676,"href":"https:\/\/experienciadevida.com.ar\/portalurbano\/wp-json\/wp\/v2\/posts\/172674\/revisions\/172676"}],"wp:featuredmedia":[{"embeddable":true,"href":"https:\/\/experienciadevida.com.ar\/portalurbano\/wp-json\/wp\/v2\/media\/172675"}],"wp:attachment":[{"href":"https:\/\/experienciadevida.com.ar\/portalurbano\/wp-json\/wp\/v2\/media?parent=172674"}],"wp:term":[{"taxonomy":"category","embeddable":true,"href":"https:\/\/experienciadevida.com.ar\/portalurbano\/wp-json\/wp\/v2\/categories?post=172674"},{"taxonomy":"post_tag","embeddable":true,"href":"https:\/\/experienciadevida.com.ar\/portalurbano\/wp-json\/wp\/v2\/tags?post=172674"}],"curies":[{"name":"wp","href":"https:\/\/api.w.org\/{rel}","templated":true}]}}