{"id":172672,"date":"2022-08-04T13:23:57","date_gmt":"2022-08-04T16:23:57","guid":{"rendered":"https:\/\/experienciadevida.com.ar\/portalurbano\/?p=172672"},"modified":"2022-08-04T13:26:29","modified_gmt":"2022-08-04T16:26:29","slug":"maternidades-y-crianzas-la-propuesta-de-talleres-para-reflexionar-y-recuperar-las-voces-sobre-las-maternidades","status":"publish","type":"post","link":"https:\/\/experienciadevida.com.ar\/portalurbano\/maternidades-y-crianzas-la-propuesta-de-talleres-para-reflexionar-y-recuperar-las-voces-sobre-las-maternidades\/","title":{"rendered":"\u201cMaternidades y crianzas\u201d: la propuesta de talleres para reflexionar y recuperar las voces sobre las maternidades"},"content":{"rendered":"<p>\u201cMaternidades y crianzas\u201d: la propuesta de talleres para reflexionar y recuperar las voces sobre las maternidades, la direcci\u00f3n de Pol\u00edticas de G\u00e9nero (DPG) impulsa una nueva iniciativa, abierta a la comunidad, bajo la modalidad de taller, en corresponsabilidad con mujeres de la sociedad civil, con el objetivo de abordar la tem\u00e1tica de las maternidades y crianzas a trav\u00e9s de encuentros con sus protagonistas.<\/p>\n<p>Se trata del ciclo de talleres \u201cMaternidades y Crianzas\u201d, facilitado por Clara Andr\u00e9s -madre, feminista, puericultora, doula, consultora en crianza fisiol\u00f3gica y educaci\u00f3n emocional-, y Yessica Yasmin Almeida -madre, profesora en comunicaci\u00f3n social, doula y militante feminista-.<\/p>\n<p>La propuesta se desarrollar\u00e1 en la sede de la DPG, como un espacio de intercambio donde se pondr\u00e1n en discusi\u00f3n las formas de maternar y criar que atraviesan a las mujeres y personas que ejercen tareas de cuidado, para poder repensar y elegir formas de maternar deseadas.<\/p>\n<p>Las facilitadoras proponen \u201cgenerar un espacio de encuentro, di\u00e1logo, reflexi\u00f3n y construcci\u00f3n de nuestras voces y sentires desde una perspectiva feminista, donde pongamos en discusi\u00f3n y valoricemos nuestras maternidades y las maternidades que nos han atravesado en la propia historia\u201d, se\u00f1alaron.<\/p>\n<p>En los encuentros, se abordar\u00e1n tem\u00e1ticas que tienen que ver con el ejercicio de las maternidades, modelos de crianzas, y cuestiones que hacen a la identidad de las personas a trav\u00e9s de todo su crecimiento y recorrido.<\/p>\n<p>Entendiendo a las maternidades como momentos de cambios m\u00faltiples en las mujeres y personas que maternan, se revisar\u00e1 el entramado y redes de apoyo familiar y afectivas que las sostienen, las responsabilidades y tareas de cuidado que se asumen, los conceptos de mujer y madre que lo sustentan, como as\u00ed tambi\u00e9n los mandatos y estereotipos que intervienen en el proceso de significaci\u00f3n, y el replanteo de formas de crianzas a partir de los derechos conquistados por los movimientos de mujeres, entre algunas de las tem\u00e1ticas que se trabajar\u00e1n en los talleres.<\/p>\n<p>Personas destinatarias<\/p>\n<p>Seg\u00fan indicaron las facilitadoras, la propuesta es abierta a la comunidad, y pueden sumarse \u201cpersonas que asumen un rol materno en el partido de Olavarr\u00eda. Particularmente las personas que asisten a la DPG, ya que el equipo profesional de la misma viene sosteniendo un v\u00ednculo de asistencia hacia ellas\u201d.<\/p>\n<p>Adem\u00e1s, expresaron que \u201ccomo acompa\u00f1antes perinatales informamos, asistimos y acompa\u00f1amos a las personas que gestan y cr\u00edan en el proceso de sus maternidades desde la escucha sin juicios, el sost\u00e9n emocional y la informaci\u00f3n completa y actualizada para la toma de decisiones desde el respeto por las elecciones individuales\u201d, concluyeron.<\/p>\n<p>Cronograma de encuentros tem\u00e1ticos<\/p>\n<p>Los talleres se llevar\u00e1n adelante mediante t\u00e9cnicas participativas comunitarias a trav\u00e9s de dispositivos grupales, con frecuencia mensual, de agosto a noviembre del corriente a\u00f1o de 14 a 16 horas.<\/p>\n<p>\u2013 9 de Agosto: \u00bfQu\u00e9 es ser buena madre? Mitos y creencias<\/p>\n<p>\u2013 13 de Septiembre: \u00bfQu\u00e9 soy adem\u00e1s de madre? Ser mujer madre y roles de g\u00e9nero.<\/p>\n<p>\u2013 11 de Octubre: \u00bfQui\u00e9n materna? Distintas formas de ser madre y tareas de cuidado al interior de las familias.<\/p>\n<p>\u2013 8 de Noviembre: \u00bfQu\u00e9 decimos de nuestras maternidades? Muestra de lo elaborado durante los encuentros.<\/p>\n<p>\u201cMaternidades y crianzas\u201d, esta propuesta es una iniciativa de mujeres de la sociedad civil en corresponsabilidad con el Estado municipal, a trav\u00e9s de la Direcci\u00f3n de Pol\u00edticas de G\u00e9nero, con el objetivo de implementar dispositivos territoriales para promover el pleno desarrollo de las personas que maternan, generando pol\u00edticas de cuidado, acompa\u00f1amiento y sostenimiento como parte del acceso a la salud y la educaci\u00f3n p\u00fablica.<\/p>\n<p>Para m\u00e1s informaci\u00f3n e inscripciones, comunicarse a los tel\u00e9fonos de la DPG: 417400 \u2013 411588, de lunes a viernes de 8 a 14 horas, o acercarse a la sede de San Mart\u00edn 1106 para recibir asesoramiento personalizado.<\/p>\n","protected":false},"excerpt":{"rendered":"<p>\u201cMaternidades y crianzas\u201d: la propuesta de talleres para reflexionar y recuperar las voces sobre las&#8230;<\/p>\n","protected":false},"author":1,"featured_media":104479,"comment_status":"closed","ping_status":"closed","sticky":false,"template":"","format":"standard","meta":{"content-type":""},"categories":[27],"tags":[],"nelio_content":{"isAutoShareEnabled":false,"autoShareEndMode":"default","automationSources":{"useContentSentences":true,"useSocialTemplates":true,"useCustomSentences":false,"customSentences":[]},"followers":[1],"suggestedReferences":[],"includedReferences":[],"efiUrl":"","efiAlt":"","highlights":[]},"yoast_head":"<!-- This site is optimized with the Yoast SEO plugin v20.7 - https:\/\/yoast.com\/wordpress\/plugins\/seo\/ -->\n<title>&quot;Maternidades y crianzas&quot;: la propuesta para reflexionar<\/title>\n<meta name=\"description\" content=\"\u201cMaternidades y crianzas\u201d: la propuesta de talleres para reflexionar y recuperar las voces sobre las maternidades, la direcci\u00f3n de pol\u00edticas\" \/>\n<meta name=\"robots\" content=\"index, follow, max-snippet:-1, max-image-preview:large, max-video-preview:-1\" \/>\n<link rel=\"canonical\" href=\"https:\/\/experienciadevida.com.ar\/portalurbano\/maternidades-y-crianzas-la-propuesta-de-talleres-para-reflexionar-y-recuperar-las-voces-sobre-las-maternidades\/\" \/>\n<meta property=\"og:locale\" content=\"es_ES\" \/>\n<meta property=\"og:type\" content=\"article\" \/>\n<meta property=\"og:title\" content=\"&quot;Maternidades y crianzas&quot;: la propuesta para reflexionar\" \/>\n<meta property=\"og:description\" content=\"\u201cMaternidades y crianzas\u201d: la propuesta de talleres para reflexionar y recuperar las voces sobre las maternidades, la direcci\u00f3n de pol\u00edticas\" \/>\n<meta property=\"og:url\" content=\"https:\/\/experienciadevida.com.ar\/portalurbano\/maternidades-y-crianzas-la-propuesta-de-talleres-para-reflexionar-y-recuperar-las-voces-sobre-las-maternidades\/\" \/>\n<meta property=\"article:publisher\" content=\"https:\/\/www.facebook.com\/Portal-Urbano-171542830093757\/\" \/>\n<meta property=\"article:published_time\" content=\"2022-08-04T16:23:57+00:00\" \/>\n<meta property=\"article:modified_time\" content=\"2022-08-04T16:26:29+00:00\" \/>\n<meta property=\"og:image\" content=\"https:\/\/experienciadevida.com.ar\/portalurbano\/wp-content\/uploads\/2020\/03\/POLITICASDEGENERO-e1584543430419.jpg\" \/>\n\t<meta property=\"og:image:width\" content=\"765\" \/>\n\t<meta property=\"og:image:height\" content=\"510\" \/>\n\t<meta property=\"og:image:type\" content=\"image\/jpeg\" \/>\n<meta name=\"author\" content=\"admpu17wp\" \/>\n<meta name=\"twitter:card\" content=\"summary_large_image\" \/>\n<meta name=\"twitter:creator\" content=\"@portalurbanook\" \/>\n<meta name=\"twitter:site\" content=\"@portalurbanook\" \/>\n<meta name=\"twitter:label1\" content=\"Escrito por\" \/>\n\t<meta name=\"twitter:data1\" content=\"admpu17wp\" \/>\n\t<meta name=\"twitter:label2\" content=\"Tiempo de lectura\" \/>\n\t<meta name=\"twitter:data2\" content=\"3 minutos\" \/>\n<script type=\"application\/ld+json\" class=\"yoast-schema-graph\">{\"@context\":\"https:\/\/schema.org\",\"@graph\":[{\"@type\":\"Article\",\"@id\":\"https:\/\/experienciadevida.com.ar\/portalurbano\/maternidades-y-crianzas-la-propuesta-de-talleres-para-reflexionar-y-recuperar-las-voces-sobre-las-maternidades\/#article\",\"isPartOf\":{\"@id\":\"https:\/\/experienciadevida.com.ar\/portalurbano\/maternidades-y-crianzas-la-propuesta-de-talleres-para-reflexionar-y-recuperar-las-voces-sobre-las-maternidades\/\"},\"author\":{\"name\":\"admpu17wp\",\"@id\":\"https:\/\/experienciadevida.com.ar\/portalurbano\/#\/schema\/person\/02dd326b1c4b056e9cc972486934a3a7\"},\"headline\":\"\u201cMaternidades y crianzas\u201d: la propuesta de talleres para reflexionar y recuperar las voces sobre las maternidades\",\"datePublished\":\"2022-08-04T16:23:57+00:00\",\"dateModified\":\"2022-08-04T16:26:29+00:00\",\"mainEntityOfPage\":{\"@id\":\"https:\/\/experienciadevida.com.ar\/portalurbano\/maternidades-y-crianzas-la-propuesta-de-talleres-para-reflexionar-y-recuperar-las-voces-sobre-las-maternidades\/\"},\"wordCount\":668,\"publisher\":{\"@id\":\"https:\/\/experienciadevida.com.ar\/portalurbano\/#organization\"},\"articleSection\":[\"Ciudad\"],\"inLanguage\":\"es\"},{\"@type\":\"WebPage\",\"@id\":\"https:\/\/experienciadevida.com.ar\/portalurbano\/maternidades-y-crianzas-la-propuesta-de-talleres-para-reflexionar-y-recuperar-las-voces-sobre-las-maternidades\/\",\"url\":\"https:\/\/experienciadevida.com.ar\/portalurbano\/maternidades-y-crianzas-la-propuesta-de-talleres-para-reflexionar-y-recuperar-las-voces-sobre-las-maternidades\/\",\"name\":\"\\\"Maternidades y crianzas\\\": la propuesta para reflexionar\",\"isPartOf\":{\"@id\":\"https:\/\/experienciadevida.com.ar\/portalurbano\/#website\"},\"datePublished\":\"2022-08-04T16:23:57+00:00\",\"dateModified\":\"2022-08-04T16:26:29+00:00\",\"description\":\"\u201cMaternidades y crianzas\u201d: la propuesta de talleres para reflexionar y recuperar las voces sobre las maternidades, la direcci\u00f3n de pol\u00edticas\",\"breadcrumb\":{\"@id\":\"https:\/\/experienciadevida.com.ar\/portalurbano\/maternidades-y-crianzas-la-propuesta-de-talleres-para-reflexionar-y-recuperar-las-voces-sobre-las-maternidades\/#breadcrumb\"},\"inLanguage\":\"es\",\"potentialAction\":[{\"@type\":\"ReadAction\",\"target\":[\"https:\/\/experienciadevida.com.ar\/portalurbano\/maternidades-y-crianzas-la-propuesta-de-talleres-para-reflexionar-y-recuperar-las-voces-sobre-las-maternidades\/\"]}]},{\"@type\":\"BreadcrumbList\",\"@id\":\"https:\/\/experienciadevida.com.ar\/portalurbano\/maternidades-y-crianzas-la-propuesta-de-talleres-para-reflexionar-y-recuperar-las-voces-sobre-las-maternidades\/#breadcrumb\",\"itemListElement\":[{\"@type\":\"ListItem\",\"position\":1,\"name\":\"Portada\",\"item\":\"https:\/\/experienciadevida.com.ar\/portalurbano\/\"},{\"@type\":\"ListItem\",\"position\":2,\"name\":\"\u201cMaternidades y crianzas\u201d: la propuesta de talleres para reflexionar y recuperar las voces sobre las maternidades\"}]},{\"@type\":\"WebSite\",\"@id\":\"https:\/\/experienciadevida.com.ar\/portalurbano\/#website\",\"url\":\"https:\/\/experienciadevida.com.ar\/portalurbano\/\",\"name\":\"\",\"description\":\"\",\"publisher\":{\"@id\":\"https:\/\/experienciadevida.com.ar\/portalurbano\/#organization\"},\"potentialAction\":[{\"@type\":\"SearchAction\",\"target\":{\"@type\":\"EntryPoint\",\"urlTemplate\":\"https:\/\/experienciadevida.com.ar\/portalurbano\/?s={search_term_string}\"},\"query-input\":\"required name=search_term_string\"}],\"inLanguage\":\"es\"},{\"@type\":\"Organization\",\"@id\":\"https:\/\/experienciadevida.com.ar\/portalurbano\/#organization\",\"name\":\"Portal Urbano\",\"url\":\"https:\/\/experienciadevida.com.ar\/portalurbano\/\",\"logo\":{\"@type\":\"ImageObject\",\"inLanguage\":\"es\",\"@id\":\"https:\/\/experienciadevida.com.ar\/portalurbano\/#\/schema\/logo\/image\/\",\"url\":\"https:\/\/experienciadevida.com.ar\/portalurbano\/wp-content\/uploads\/2019\/09\/Logo-Original.png\",\"contentUrl\":\"https:\/\/experienciadevida.com.ar\/portalurbano\/wp-content\/uploads\/2019\/09\/Logo-Original.png\",\"width\":2236,\"height\":1216,\"caption\":\"Portal Urbano\"},\"image\":{\"@id\":\"https:\/\/experienciadevida.com.ar\/portalurbano\/#\/schema\/logo\/image\/\"},\"sameAs\":[\"https:\/\/www.facebook.com\/Portal-Urbano-171542830093757\/\",\"https:\/\/twitter.com\/portalurbanook\",\"https:\/\/www.instagram.com\/_portalurbano\/\",\"https:\/\/www.youtube.com\/channel\/UCXhagIfszH8KxFiOok79zbA?view_as=subscriber\"]},{\"@type\":\"Person\",\"@id\":\"https:\/\/experienciadevida.com.ar\/portalurbano\/#\/schema\/person\/02dd326b1c4b056e9cc972486934a3a7\",\"name\":\"admpu17wp\",\"image\":{\"@type\":\"ImageObject\",\"inLanguage\":\"es\",\"@id\":\"https:\/\/experienciadevida.com.ar\/portalurbano\/#\/schema\/person\/image\/\",\"url\":\"https:\/\/secure.gravatar.com\/avatar\/830d4c57adaae6630765e449a6908047?s=96&d=mm&r=g\",\"contentUrl\":\"https:\/\/secure.gravatar.com\/avatar\/830d4c57adaae6630765e449a6908047?s=96&d=mm&r=g\",\"caption\":\"admpu17wp\"}}]}<\/script>\n<!-- \/ Yoast SEO plugin. -->","yoast_head_json":{"title":"\"Maternidades y crianzas\": la propuesta para reflexionar","description":"\u201cMaternidades y crianzas\u201d: la propuesta de talleres para reflexionar y recuperar las voces sobre las maternidades, la direcci\u00f3n de pol\u00edticas","robots":{"index":"index","follow":"follow","max-snippet":"max-snippet:-1","max-image-preview":"max-image-preview:large","max-video-preview":"max-video-preview:-1"},"canonical":"https:\/\/experienciadevida.com.ar\/portalurbano\/maternidades-y-crianzas-la-propuesta-de-talleres-para-reflexionar-y-recuperar-las-voces-sobre-las-maternidades\/","og_locale":"es_ES","og_type":"article","og_title":"\"Maternidades y crianzas\": la propuesta para reflexionar","og_description":"\u201cMaternidades y crianzas\u201d: la propuesta de talleres para reflexionar y recuperar las voces sobre las maternidades, la direcci\u00f3n de pol\u00edticas","og_url":"https:\/\/experienciadevida.com.ar\/portalurbano\/maternidades-y-crianzas-la-propuesta-de-talleres-para-reflexionar-y-recuperar-las-voces-sobre-las-maternidades\/","article_publisher":"https:\/\/www.facebook.com\/Portal-Urbano-171542830093757\/","article_published_time":"2022-08-04T16:23:57+00:00","article_modified_time":"2022-08-04T16:26:29+00:00","og_image":[{"width":765,"height":510,"url":"https:\/\/experienciadevida.com.ar\/portalurbano\/wp-content\/uploads\/2020\/03\/POLITICASDEGENERO-e1584543430419.jpg","type":"image\/jpeg"}],"author":"admpu17wp","twitter_card":"summary_large_image","twitter_creator":"@portalurbanook","twitter_site":"@portalurbanook","twitter_misc":{"Escrito por":"admpu17wp","Tiempo de lectura":"3 minutos"},"schema":{"@context":"https:\/\/schema.org","@graph":[{"@type":"Article","@id":"https:\/\/experienciadevida.com.ar\/portalurbano\/maternidades-y-crianzas-la-propuesta-de-talleres-para-reflexionar-y-recuperar-las-voces-sobre-las-maternidades\/#article","isPartOf":{"@id":"https:\/\/experienciadevida.com.ar\/portalurbano\/maternidades-y-crianzas-la-propuesta-de-talleres-para-reflexionar-y-recuperar-las-voces-sobre-las-maternidades\/"},"author":{"name":"admpu17wp","@id":"https:\/\/experienciadevida.com.ar\/portalurbano\/#\/schema\/person\/02dd326b1c4b056e9cc972486934a3a7"},"headline":"\u201cMaternidades y crianzas\u201d: la propuesta de talleres para reflexionar y recuperar las voces sobre las maternidades","datePublished":"2022-08-04T16:23:57+00:00","dateModified":"2022-08-04T16:26:29+00:00","mainEntityOfPage":{"@id":"https:\/\/experienciadevida.com.ar\/portalurbano\/maternidades-y-crianzas-la-propuesta-de-talleres-para-reflexionar-y-recuperar-las-voces-sobre-las-maternidades\/"},"wordCount":668,"publisher":{"@id":"https:\/\/experienciadevida.com.ar\/portalurbano\/#organization"},"articleSection":["Ciudad"],"inLanguage":"es"},{"@type":"WebPage","@id":"https:\/\/experienciadevida.com.ar\/portalurbano\/maternidades-y-crianzas-la-propuesta-de-talleres-para-reflexionar-y-recuperar-las-voces-sobre-las-maternidades\/","url":"https:\/\/experienciadevida.com.ar\/portalurbano\/maternidades-y-crianzas-la-propuesta-de-talleres-para-reflexionar-y-recuperar-las-voces-sobre-las-maternidades\/","name":"\"Maternidades y crianzas\": la propuesta para reflexionar","isPartOf":{"@id":"https:\/\/experienciadevida.com.ar\/portalurbano\/#website"},"datePublished":"2022-08-04T16:23:57+00:00","dateModified":"2022-08-04T16:26:29+00:00","description":"\u201cMaternidades y crianzas\u201d: la propuesta de talleres para reflexionar y recuperar las voces sobre las maternidades, la direcci\u00f3n de pol\u00edticas","breadcrumb":{"@id":"https:\/\/experienciadevida.com.ar\/portalurbano\/maternidades-y-crianzas-la-propuesta-de-talleres-para-reflexionar-y-recuperar-las-voces-sobre-las-maternidades\/#breadcrumb"},"inLanguage":"es","potentialAction":[{"@type":"ReadAction","target":["https:\/\/experienciadevida.com.ar\/portalurbano\/maternidades-y-crianzas-la-propuesta-de-talleres-para-reflexionar-y-recuperar-las-voces-sobre-las-maternidades\/"]}]},{"@type":"BreadcrumbList","@id":"https:\/\/experienciadevida.com.ar\/portalurbano\/maternidades-y-crianzas-la-propuesta-de-talleres-para-reflexionar-y-recuperar-las-voces-sobre-las-maternidades\/#breadcrumb","itemListElement":[{"@type":"ListItem","position":1,"name":"Portada","item":"https:\/\/experienciadevida.com.ar\/portalurbano\/"},{"@type":"ListItem","position":2,"name":"\u201cMaternidades y crianzas\u201d: la propuesta de talleres para reflexionar y recuperar las voces sobre las maternidades"}]},{"@type":"WebSite","@id":"https:\/\/experienciadevida.com.ar\/portalurbano\/#website","url":"https:\/\/experienciadevida.com.ar\/portalurbano\/","name":"","description":"","publisher":{"@id":"https:\/\/experienciadevida.com.ar\/portalurbano\/#organization"},"potentialAction":[{"@type":"SearchAction","target":{"@type":"EntryPoint","urlTemplate":"https:\/\/experienciadevida.com.ar\/portalurbano\/?s={search_term_string}"},"query-input":"required name=search_term_string"}],"inLanguage":"es"},{"@type":"Organization","@id":"https:\/\/experienciadevida.com.ar\/portalurbano\/#organization","name":"Portal Urbano","url":"https:\/\/experienciadevida.com.ar\/portalurbano\/","logo":{"@type":"ImageObject","inLanguage":"es","@id":"https:\/\/experienciadevida.com.ar\/portalurbano\/#\/schema\/logo\/image\/","url":"https:\/\/experienciadevida.com.ar\/portalurbano\/wp-content\/uploads\/2019\/09\/Logo-Original.png","contentUrl":"https:\/\/experienciadevida.com.ar\/portalurbano\/wp-content\/uploads\/2019\/09\/Logo-Original.png","width":2236,"height":1216,"caption":"Portal Urbano"},"image":{"@id":"https:\/\/experienciadevida.com.ar\/portalurbano\/#\/schema\/logo\/image\/"},"sameAs":["https:\/\/www.facebook.com\/Portal-Urbano-171542830093757\/","https:\/\/twitter.com\/portalurbanook","https:\/\/www.instagram.com\/_portalurbano\/","https:\/\/www.youtube.com\/channel\/UCXhagIfszH8KxFiOok79zbA?view_as=subscriber"]},{"@type":"Person","@id":"https:\/\/experienciadevida.com.ar\/portalurbano\/#\/schema\/person\/02dd326b1c4b056e9cc972486934a3a7","name":"admpu17wp","image":{"@type":"ImageObject","inLanguage":"es","@id":"https:\/\/experienciadevida.com.ar\/portalurbano\/#\/schema\/person\/image\/","url":"https:\/\/secure.gravatar.com\/avatar\/830d4c57adaae6630765e449a6908047?s=96&d=mm&r=g","contentUrl":"https:\/\/secure.gravatar.com\/avatar\/830d4c57adaae6630765e449a6908047?s=96&d=mm&r=g","caption":"admpu17wp"}}]}},"featured_image_urls":{"full":["https:\/\/experienciadevida.com.ar\/portalurbano\/wp-content\/uploads\/2020\/03\/POLITICASDEGENERO-e1584543430419.jpg",765,510,false],"thumbnail":["https:\/\/experienciadevida.com.ar\/portalurbano\/wp-content\/uploads\/2020\/03\/POLITICASDEGENERO-150x150.jpg",150,150,true],"medium":["https:\/\/experienciadevida.com.ar\/portalurbano\/wp-content\/uploads\/2020\/03\/POLITICASDEGENERO-300x200.jpg",300,200,true],"medium_large":["https:\/\/experienciadevida.com.ar\/portalurbano\/wp-content\/uploads\/2020\/03\/POLITICASDEGENERO-768x512.jpg",640,427,true],"large":["https:\/\/experienciadevida.com.ar\/portalurbano\/wp-content\/uploads\/2020\/03\/POLITICASDEGENERO-e1584543430419.jpg",640,427,false],"ug_big":["https:\/\/experienciadevida.com.ar\/portalurbano\/wp-content\/uploads\/2020\/03\/POLITICASDEGENERO-768x512.jpg",768,512,true],"1536x1536":["https:\/\/experienciadevida.com.ar\/portalurbano\/wp-content\/uploads\/2020\/03\/POLITICASDEGENERO-e1584543430419.jpg",765,510,false],"2048x2048":["https:\/\/experienciadevida.com.ar\/portalurbano\/wp-content\/uploads\/2020\/03\/POLITICASDEGENERO-e1584543430419.jpg",765,510,false],"newsever-slider-full":["https:\/\/experienciadevida.com.ar\/portalurbano\/wp-content\/uploads\/2020\/03\/POLITICASDEGENERO-e1584543430419.jpg",765,510,false],"newsever-featured":["https:\/\/experienciadevida.com.ar\/portalurbano\/wp-content\/uploads\/2020\/03\/POLITICASDEGENERO-e1584543430419.jpg",765,510,false],"newsever-medium":["https:\/\/experienciadevida.com.ar\/portalurbano\/wp-content\/uploads\/2020\/03\/POLITICASDEGENERO-e1584543430419.jpg",713,475,false],"web-stories-poster-portrait":["https:\/\/experienciadevida.com.ar\/portalurbano\/wp-content\/uploads\/2020\/03\/POLITICASDEGENERO-e1584543430419.jpg",640,427,false],"web-stories-publisher-logo":["https:\/\/experienciadevida.com.ar\/portalurbano\/wp-content\/uploads\/2020\/03\/POLITICASDEGENERO-e1584543430419.jpg",96,64,false],"web-stories-thumbnail":["https:\/\/experienciadevida.com.ar\/portalurbano\/wp-content\/uploads\/2020\/03\/POLITICASDEGENERO-e1584543430419.jpg",150,100,false]},"author_info":{"display_name":"admpu17wp","author_link":"https:\/\/experienciadevida.com.ar\/portalurbano\/author\/admpu17wp\/"},"category_info":"<a href=\"https:\/\/experienciadevida.com.ar\/portalurbano\/category\/ciudad\/\" rel=\"category tag\">Ciudad<\/a>","tag_info":"Ciudad","comment_count":"0","amp_enabled":true,"_links":{"self":[{"href":"https:\/\/experienciadevida.com.ar\/portalurbano\/wp-json\/wp\/v2\/posts\/172672"}],"collection":[{"href":"https:\/\/experienciadevida.com.ar\/portalurbano\/wp-json\/wp\/v2\/posts"}],"about":[{"href":"https:\/\/experienciadevida.com.ar\/portalurbano\/wp-json\/wp\/v2\/types\/post"}],"author":[{"embeddable":true,"href":"https:\/\/experienciadevida.com.ar\/portalurbano\/wp-json\/wp\/v2\/users\/1"}],"replies":[{"embeddable":true,"href":"https:\/\/experienciadevida.com.ar\/portalurbano\/wp-json\/wp\/v2\/comments?post=172672"}],"version-history":[{"count":1,"href":"https:\/\/experienciadevida.com.ar\/portalurbano\/wp-json\/wp\/v2\/posts\/172672\/revisions"}],"predecessor-version":[{"id":172673,"href":"https:\/\/experienciadevida.com.ar\/portalurbano\/wp-json\/wp\/v2\/posts\/172672\/revisions\/172673"}],"wp:featuredmedia":[{"embeddable":true,"href":"https:\/\/experienciadevida.com.ar\/portalurbano\/wp-json\/wp\/v2\/media\/104479"}],"wp:attachment":[{"href":"https:\/\/experienciadevida.com.ar\/portalurbano\/wp-json\/wp\/v2\/media?parent=172672"}],"wp:term":[{"taxonomy":"category","embeddable":true,"href":"https:\/\/experienciadevida.com.ar\/portalurbano\/wp-json\/wp\/v2\/categories?post=172672"},{"taxonomy":"post_tag","embeddable":true,"href":"https:\/\/experienciadevida.com.ar\/portalurbano\/wp-json\/wp\/v2\/tags?post=172672"}],"curies":[{"name":"wp","href":"https:\/\/api.w.org\/{rel}","templated":true}]}}