{"id":172652,"date":"2022-08-04T12:53:50","date_gmt":"2022-08-04T15:53:50","guid":{"rendered":"https:\/\/experienciadevida.com.ar\/portalurbano\/?p=172652"},"modified":"2022-08-04T12:54:25","modified_gmt":"2022-08-04T15:54:25","slug":"seguridad-para-pasajeros-el-foro-olavarria-fr-solicita-alumbrado-y-refugios-en-las-paradas-de-colectivos","status":"publish","type":"post","link":"https:\/\/experienciadevida.com.ar\/portalurbano\/seguridad-para-pasajeros-el-foro-olavarria-fr-solicita-alumbrado-y-refugios-en-las-paradas-de-colectivos\/","title":{"rendered":"Seguridad para pasajeros: el Foro Olavarr\u00eda &#8211; FR solicita alumbrado y refugios en las paradas de colectivos"},"content":{"rendered":"<p>Seguridad para pasajeros: el Foro Olavarr\u00eda &#8211; FR solicita alumbrado y refugios en las paradas de colectivos, el bloque conformado por la concejala In\u00e9s <a href=\"https:\/\/www.instagram.com\/inecreimer\/\">Creimer<\/a> y el concejal Gast\u00f3n <a href=\"https:\/\/www.instagram.com\/gastonsarachu\/\">Sarachu <\/a>present\u00f3 un proyecto solicitando al Departamento Ejecutivo Municipal la puesta en valor y el mejoramiento de alumbrado p\u00fablico en paradas de colectivos determinadas de Olavarr\u00eda.<\/p>\n<p>El bloque Foro Olavarr\u00eda &#8211; Frente Renovador, integrado por la concejal In\u00e9s Creimer y el concejal Gast\u00f3n Sarachu, y que forma parte del Frente de Todos, present\u00f3 al Concejo Deliberante un proyecto solicitando al Ejecutivo<br \/>\nMunicipal el mejoramiento en el alumbrado p\u00fablico en paradas de colectivos determinadas de la ciudad de Olavarr\u00eda. Se trata de las paradas ubicadas en Av. Trabajadores y Cerrito, y Av. Trabajadores y Riobamba.<\/p>\n<p>Dicho proyecto, que ser\u00e1 tratado en la pr\u00f3xima sesi\u00f3n ordinaria del HCD el jueves 11 de agosto, tiene su origen en \u201cla preocupaci\u00f3n manifestada por los vecinos\u201d, se\u00f1alaron desde el bloque Foro Olavarr\u00eda &#8211; Frente Renovador.<br \/>\nEn este sentido, se plantean distintas problem\u00e1ticas referidas a la seguridad social y vial.<\/p>\n<p>En principio, \u201cla ausencia de iluminaci\u00f3n genera condiciones de inseguridad en la v\u00eda p\u00fablica en general y en las paradas de colectivo en particular, siendo est\u00e1 condici\u00f3n m\u00e1s profunda en las mujeres que all\u00ed esperan\u201d, indica<br \/>\nel proyecto propuesto por el bloque Foro Olavarr\u00eda &#8211; Frente Renovador.<\/p>\n<p>Por otra parte, desde el bloque Foro Olavarr\u00eda &#8211; Frente Renovador indicaron que \u201cla seguridad vial de la zona se ver\u00eda mejorada mediante la instalaci\u00f3n de se\u00f1al\u00e9tica que demarque las paradas de colectivo y la mejora del<br \/>\nalumbrado p\u00fablico en el viario mencionado\u201d. De esta forma, \u201cse favorece a la movilidad urbana y se previenen siniestros viales producto de la escasa visibilidad nocturna de la zona\u201d.<\/p>\n","protected":false},"excerpt":{"rendered":"<p>Seguridad para pasajeros: el Foro Olavarr\u00eda &#8211; FR solicita alumbrado y refugios en las paradas&#8230;<\/p>\n","protected":false},"author":1,"featured_media":172653,"comment_status":"closed","ping_status":"closed","sticky":false,"template":"","format":"standard","meta":{"content-type":""},"categories":[27,51],"tags":[],"nelio_content":{"isAutoShareEnabled":false,"autoShareEndMode":"default","automationSources":{"useContentSentences":true,"useSocialTemplates":true,"useCustomSentences":false,"customSentences":[]},"followers":[1],"suggestedReferences":[],"includedReferences":["https:\/\/www.instagram.com\/inecreimer\/","https:\/\/www.instagram.com\/gastonsarachu\/"],"efiUrl":"","efiAlt":"","highlights":[]},"yoast_head":"<!-- This site is optimized with the Yoast SEO plugin v20.7 - https:\/\/yoast.com\/wordpress\/plugins\/seo\/ -->\n<title>Seguridad para pasajeros: el Foro Olavarr\u00eda solicita alumbrado<\/title>\n<meta name=\"description\" content=\"Seguridad para pasajeros: el Foro Olavarr\u00eda - FR solicita alumbrado y refugios en las paradas de colectivos, por In\u00e9s Creimer y Sarachu\" \/>\n<meta name=\"robots\" content=\"index, follow, max-snippet:-1, max-image-preview:large, max-video-preview:-1\" \/>\n<link rel=\"canonical\" href=\"https:\/\/experienciadevida.com.ar\/portalurbano\/seguridad-para-pasajeros-el-foro-olavarria-fr-solicita-alumbrado-y-refugios-en-las-paradas-de-colectivos\/\" \/>\n<meta property=\"og:locale\" content=\"es_ES\" \/>\n<meta property=\"og:type\" content=\"article\" \/>\n<meta property=\"og:title\" content=\"Seguridad para pasajeros: el Foro Olavarr\u00eda solicita alumbrado\" \/>\n<meta property=\"og:description\" content=\"Seguridad para pasajeros: el Foro Olavarr\u00eda - FR solicita alumbrado y refugios en las paradas de colectivos, por In\u00e9s Creimer y Sarachu\" \/>\n<meta property=\"og:url\" content=\"https:\/\/experienciadevida.com.ar\/portalurbano\/seguridad-para-pasajeros-el-foro-olavarria-fr-solicita-alumbrado-y-refugios-en-las-paradas-de-colectivos\/\" \/>\n<meta property=\"article:publisher\" content=\"https:\/\/www.facebook.com\/Portal-Urbano-171542830093757\/\" \/>\n<meta property=\"article:published_time\" content=\"2022-08-04T15:53:50+00:00\" \/>\n<meta property=\"article:modified_time\" content=\"2022-08-04T15:54:25+00:00\" \/>\n<meta property=\"og:image\" content=\"https:\/\/experienciadevida.com.ar\/portalurbano\/wp-content\/uploads\/2022\/08\/Seguridad-para-pasajeros.jpg\" \/>\n\t<meta property=\"og:image:width\" content=\"800\" \/>\n\t<meta property=\"og:image:height\" content=\"500\" \/>\n\t<meta property=\"og:image:type\" content=\"image\/jpeg\" \/>\n<meta name=\"author\" content=\"admpu17wp\" \/>\n<meta name=\"twitter:card\" content=\"summary_large_image\" \/>\n<meta name=\"twitter:creator\" content=\"@portalurbanook\" \/>\n<meta name=\"twitter:site\" content=\"@portalurbanook\" \/>\n<meta name=\"twitter:label1\" content=\"Escrito por\" \/>\n\t<meta name=\"twitter:data1\" content=\"admpu17wp\" \/>\n\t<meta name=\"twitter:label2\" content=\"Tiempo de lectura\" \/>\n\t<meta name=\"twitter:data2\" content=\"2 minutos\" \/>\n<script type=\"application\/ld+json\" class=\"yoast-schema-graph\">{\"@context\":\"https:\/\/schema.org\",\"@graph\":[{\"@type\":\"Article\",\"@id\":\"https:\/\/experienciadevida.com.ar\/portalurbano\/seguridad-para-pasajeros-el-foro-olavarria-fr-solicita-alumbrado-y-refugios-en-las-paradas-de-colectivos\/#article\",\"isPartOf\":{\"@id\":\"https:\/\/experienciadevida.com.ar\/portalurbano\/seguridad-para-pasajeros-el-foro-olavarria-fr-solicita-alumbrado-y-refugios-en-las-paradas-de-colectivos\/\"},\"author\":{\"name\":\"admpu17wp\",\"@id\":\"https:\/\/experienciadevida.com.ar\/portalurbano\/#\/schema\/person\/02dd326b1c4b056e9cc972486934a3a7\"},\"headline\":\"Seguridad para pasajeros: el Foro Olavarr\u00eda &#8211; FR solicita alumbrado y refugios en las paradas de colectivos\",\"datePublished\":\"2022-08-04T15:53:50+00:00\",\"dateModified\":\"2022-08-04T15:54:25+00:00\",\"mainEntityOfPage\":{\"@id\":\"https:\/\/experienciadevida.com.ar\/portalurbano\/seguridad-para-pasajeros-el-foro-olavarria-fr-solicita-alumbrado-y-refugios-en-las-paradas-de-colectivos\/\"},\"wordCount\":331,\"publisher\":{\"@id\":\"https:\/\/experienciadevida.com.ar\/portalurbano\/#organization\"},\"articleSection\":[\"Ciudad\",\"Destacadas\"],\"inLanguage\":\"es\"},{\"@type\":\"WebPage\",\"@id\":\"https:\/\/experienciadevida.com.ar\/portalurbano\/seguridad-para-pasajeros-el-foro-olavarria-fr-solicita-alumbrado-y-refugios-en-las-paradas-de-colectivos\/\",\"url\":\"https:\/\/experienciadevida.com.ar\/portalurbano\/seguridad-para-pasajeros-el-foro-olavarria-fr-solicita-alumbrado-y-refugios-en-las-paradas-de-colectivos\/\",\"name\":\"Seguridad para pasajeros: el Foro Olavarr\u00eda solicita alumbrado\",\"isPartOf\":{\"@id\":\"https:\/\/experienciadevida.com.ar\/portalurbano\/#website\"},\"datePublished\":\"2022-08-04T15:53:50+00:00\",\"dateModified\":\"2022-08-04T15:54:25+00:00\",\"description\":\"Seguridad para pasajeros: el Foro Olavarr\u00eda - FR solicita alumbrado y refugios en las paradas de colectivos, por In\u00e9s Creimer y Sarachu\",\"breadcrumb\":{\"@id\":\"https:\/\/experienciadevida.com.ar\/portalurbano\/seguridad-para-pasajeros-el-foro-olavarria-fr-solicita-alumbrado-y-refugios-en-las-paradas-de-colectivos\/#breadcrumb\"},\"inLanguage\":\"es\",\"potentialAction\":[{\"@type\":\"ReadAction\",\"target\":[\"https:\/\/experienciadevida.com.ar\/portalurbano\/seguridad-para-pasajeros-el-foro-olavarria-fr-solicita-alumbrado-y-refugios-en-las-paradas-de-colectivos\/\"]}]},{\"@type\":\"BreadcrumbList\",\"@id\":\"https:\/\/experienciadevida.com.ar\/portalurbano\/seguridad-para-pasajeros-el-foro-olavarria-fr-solicita-alumbrado-y-refugios-en-las-paradas-de-colectivos\/#breadcrumb\",\"itemListElement\":[{\"@type\":\"ListItem\",\"position\":1,\"name\":\"Portada\",\"item\":\"https:\/\/experienciadevida.com.ar\/portalurbano\/\"},{\"@type\":\"ListItem\",\"position\":2,\"name\":\"Seguridad para pasajeros: el Foro Olavarr\u00eda &#8211; FR solicita alumbrado y refugios en las paradas de colectivos\"}]},{\"@type\":\"WebSite\",\"@id\":\"https:\/\/experienciadevida.com.ar\/portalurbano\/#website\",\"url\":\"https:\/\/experienciadevida.com.ar\/portalurbano\/\",\"name\":\"\",\"description\":\"\",\"publisher\":{\"@id\":\"https:\/\/experienciadevida.com.ar\/portalurbano\/#organization\"},\"potentialAction\":[{\"@type\":\"SearchAction\",\"target\":{\"@type\":\"EntryPoint\",\"urlTemplate\":\"https:\/\/experienciadevida.com.ar\/portalurbano\/?s={search_term_string}\"},\"query-input\":\"required name=search_term_string\"}],\"inLanguage\":\"es\"},{\"@type\":\"Organization\",\"@id\":\"https:\/\/experienciadevida.com.ar\/portalurbano\/#organization\",\"name\":\"Portal Urbano\",\"url\":\"https:\/\/experienciadevida.com.ar\/portalurbano\/\",\"logo\":{\"@type\":\"ImageObject\",\"inLanguage\":\"es\",\"@id\":\"https:\/\/experienciadevida.com.ar\/portalurbano\/#\/schema\/logo\/image\/\",\"url\":\"https:\/\/experienciadevida.com.ar\/portalurbano\/wp-content\/uploads\/2019\/09\/Logo-Original.png\",\"contentUrl\":\"https:\/\/experienciadevida.com.ar\/portalurbano\/wp-content\/uploads\/2019\/09\/Logo-Original.png\",\"width\":2236,\"height\":1216,\"caption\":\"Portal Urbano\"},\"image\":{\"@id\":\"https:\/\/experienciadevida.com.ar\/portalurbano\/#\/schema\/logo\/image\/\"},\"sameAs\":[\"https:\/\/www.facebook.com\/Portal-Urbano-171542830093757\/\",\"https:\/\/twitter.com\/portalurbanook\",\"https:\/\/www.instagram.com\/_portalurbano\/\",\"https:\/\/www.youtube.com\/channel\/UCXhagIfszH8KxFiOok79zbA?view_as=subscriber\"]},{\"@type\":\"Person\",\"@id\":\"https:\/\/experienciadevida.com.ar\/portalurbano\/#\/schema\/person\/02dd326b1c4b056e9cc972486934a3a7\",\"name\":\"admpu17wp\",\"image\":{\"@type\":\"ImageObject\",\"inLanguage\":\"es\",\"@id\":\"https:\/\/experienciadevida.com.ar\/portalurbano\/#\/schema\/person\/image\/\",\"url\":\"https:\/\/secure.gravatar.com\/avatar\/830d4c57adaae6630765e449a6908047?s=96&d=mm&r=g\",\"contentUrl\":\"https:\/\/secure.gravatar.com\/avatar\/830d4c57adaae6630765e449a6908047?s=96&d=mm&r=g\",\"caption\":\"admpu17wp\"}}]}<\/script>\n<!-- \/ Yoast SEO plugin. -->","yoast_head_json":{"title":"Seguridad para pasajeros: el Foro Olavarr\u00eda solicita alumbrado","description":"Seguridad para pasajeros: el Foro Olavarr\u00eda - FR solicita alumbrado y refugios en las paradas de colectivos, por In\u00e9s Creimer y Sarachu","robots":{"index":"index","follow":"follow","max-snippet":"max-snippet:-1","max-image-preview":"max-image-preview:large","max-video-preview":"max-video-preview:-1"},"canonical":"https:\/\/experienciadevida.com.ar\/portalurbano\/seguridad-para-pasajeros-el-foro-olavarria-fr-solicita-alumbrado-y-refugios-en-las-paradas-de-colectivos\/","og_locale":"es_ES","og_type":"article","og_title":"Seguridad para pasajeros: el Foro Olavarr\u00eda solicita alumbrado","og_description":"Seguridad para pasajeros: el Foro Olavarr\u00eda - FR solicita alumbrado y refugios en las paradas de colectivos, por In\u00e9s Creimer y Sarachu","og_url":"https:\/\/experienciadevida.com.ar\/portalurbano\/seguridad-para-pasajeros-el-foro-olavarria-fr-solicita-alumbrado-y-refugios-en-las-paradas-de-colectivos\/","article_publisher":"https:\/\/www.facebook.com\/Portal-Urbano-171542830093757\/","article_published_time":"2022-08-04T15:53:50+00:00","article_modified_time":"2022-08-04T15:54:25+00:00","og_image":[{"width":800,"height":500,"url":"https:\/\/experienciadevida.com.ar\/portalurbano\/wp-content\/uploads\/2022\/08\/Seguridad-para-pasajeros.jpg","type":"image\/jpeg"}],"author":"admpu17wp","twitter_card":"summary_large_image","twitter_creator":"@portalurbanook","twitter_site":"@portalurbanook","twitter_misc":{"Escrito por":"admpu17wp","Tiempo de lectura":"2 minutos"},"schema":{"@context":"https:\/\/schema.org","@graph":[{"@type":"Article","@id":"https:\/\/experienciadevida.com.ar\/portalurbano\/seguridad-para-pasajeros-el-foro-olavarria-fr-solicita-alumbrado-y-refugios-en-las-paradas-de-colectivos\/#article","isPartOf":{"@id":"https:\/\/experienciadevida.com.ar\/portalurbano\/seguridad-para-pasajeros-el-foro-olavarria-fr-solicita-alumbrado-y-refugios-en-las-paradas-de-colectivos\/"},"author":{"name":"admpu17wp","@id":"https:\/\/experienciadevida.com.ar\/portalurbano\/#\/schema\/person\/02dd326b1c4b056e9cc972486934a3a7"},"headline":"Seguridad para pasajeros: el Foro Olavarr\u00eda &#8211; FR solicita alumbrado y refugios en las paradas de colectivos","datePublished":"2022-08-04T15:53:50+00:00","dateModified":"2022-08-04T15:54:25+00:00","mainEntityOfPage":{"@id":"https:\/\/experienciadevida.com.ar\/portalurbano\/seguridad-para-pasajeros-el-foro-olavarria-fr-solicita-alumbrado-y-refugios-en-las-paradas-de-colectivos\/"},"wordCount":331,"publisher":{"@id":"https:\/\/experienciadevida.com.ar\/portalurbano\/#organization"},"articleSection":["Ciudad","Destacadas"],"inLanguage":"es"},{"@type":"WebPage","@id":"https:\/\/experienciadevida.com.ar\/portalurbano\/seguridad-para-pasajeros-el-foro-olavarria-fr-solicita-alumbrado-y-refugios-en-las-paradas-de-colectivos\/","url":"https:\/\/experienciadevida.com.ar\/portalurbano\/seguridad-para-pasajeros-el-foro-olavarria-fr-solicita-alumbrado-y-refugios-en-las-paradas-de-colectivos\/","name":"Seguridad para pasajeros: el Foro Olavarr\u00eda solicita alumbrado","isPartOf":{"@id":"https:\/\/experienciadevida.com.ar\/portalurbano\/#website"},"datePublished":"2022-08-04T15:53:50+00:00","dateModified":"2022-08-04T15:54:25+00:00","description":"Seguridad para pasajeros: el Foro Olavarr\u00eda - FR solicita alumbrado y refugios en las paradas de colectivos, por In\u00e9s Creimer y Sarachu","breadcrumb":{"@id":"https:\/\/experienciadevida.com.ar\/portalurbano\/seguridad-para-pasajeros-el-foro-olavarria-fr-solicita-alumbrado-y-refugios-en-las-paradas-de-colectivos\/#breadcrumb"},"inLanguage":"es","potentialAction":[{"@type":"ReadAction","target":["https:\/\/experienciadevida.com.ar\/portalurbano\/seguridad-para-pasajeros-el-foro-olavarria-fr-solicita-alumbrado-y-refugios-en-las-paradas-de-colectivos\/"]}]},{"@type":"BreadcrumbList","@id":"https:\/\/experienciadevida.com.ar\/portalurbano\/seguridad-para-pasajeros-el-foro-olavarria-fr-solicita-alumbrado-y-refugios-en-las-paradas-de-colectivos\/#breadcrumb","itemListElement":[{"@type":"ListItem","position":1,"name":"Portada","item":"https:\/\/experienciadevida.com.ar\/portalurbano\/"},{"@type":"ListItem","position":2,"name":"Seguridad para pasajeros: el Foro Olavarr\u00eda &#8211; FR solicita alumbrado y refugios en las paradas de colectivos"}]},{"@type":"WebSite","@id":"https:\/\/experienciadevida.com.ar\/portalurbano\/#website","url":"https:\/\/experienciadevida.com.ar\/portalurbano\/","name":"","description":"","publisher":{"@id":"https:\/\/experienciadevida.com.ar\/portalurbano\/#organization"},"potentialAction":[{"@type":"SearchAction","target":{"@type":"EntryPoint","urlTemplate":"https:\/\/experienciadevida.com.ar\/portalurbano\/?s={search_term_string}"},"query-input":"required name=search_term_string"}],"inLanguage":"es"},{"@type":"Organization","@id":"https:\/\/experienciadevida.com.ar\/portalurbano\/#organization","name":"Portal Urbano","url":"https:\/\/experienciadevida.com.ar\/portalurbano\/","logo":{"@type":"ImageObject","inLanguage":"es","@id":"https:\/\/experienciadevida.com.ar\/portalurbano\/#\/schema\/logo\/image\/","url":"https:\/\/experienciadevida.com.ar\/portalurbano\/wp-content\/uploads\/2019\/09\/Logo-Original.png","contentUrl":"https:\/\/experienciadevida.com.ar\/portalurbano\/wp-content\/uploads\/2019\/09\/Logo-Original.png","width":2236,"height":1216,"caption":"Portal Urbano"},"image":{"@id":"https:\/\/experienciadevida.com.ar\/portalurbano\/#\/schema\/logo\/image\/"},"sameAs":["https:\/\/www.facebook.com\/Portal-Urbano-171542830093757\/","https:\/\/twitter.com\/portalurbanook","https:\/\/www.instagram.com\/_portalurbano\/","https:\/\/www.youtube.com\/channel\/UCXhagIfszH8KxFiOok79zbA?view_as=subscriber"]},{"@type":"Person","@id":"https:\/\/experienciadevida.com.ar\/portalurbano\/#\/schema\/person\/02dd326b1c4b056e9cc972486934a3a7","name":"admpu17wp","image":{"@type":"ImageObject","inLanguage":"es","@id":"https:\/\/experienciadevida.com.ar\/portalurbano\/#\/schema\/person\/image\/","url":"https:\/\/secure.gravatar.com\/avatar\/830d4c57adaae6630765e449a6908047?s=96&d=mm&r=g","contentUrl":"https:\/\/secure.gravatar.com\/avatar\/830d4c57adaae6630765e449a6908047?s=96&d=mm&r=g","caption":"admpu17wp"}}]}},"featured_image_urls":{"full":["https:\/\/experienciadevida.com.ar\/portalurbano\/wp-content\/uploads\/2022\/08\/Seguridad-para-pasajeros.jpg",800,500,false],"thumbnail":["https:\/\/experienciadevida.com.ar\/portalurbano\/wp-content\/uploads\/2022\/08\/Seguridad-para-pasajeros-150x150.jpg",150,150,true],"medium":["https:\/\/experienciadevida.com.ar\/portalurbano\/wp-content\/uploads\/2022\/08\/Seguridad-para-pasajeros-300x188.jpg",300,188,true],"medium_large":["https:\/\/experienciadevida.com.ar\/portalurbano\/wp-content\/uploads\/2022\/08\/Seguridad-para-pasajeros-768x480.jpg",640,400,true],"large":["https:\/\/experienciadevida.com.ar\/portalurbano\/wp-content\/uploads\/2022\/08\/Seguridad-para-pasajeros.jpg",640,400,false],"ug_big":["https:\/\/experienciadevida.com.ar\/portalurbano\/wp-content\/uploads\/2022\/08\/Seguridad-para-pasajeros-768x480.jpg",768,480,true],"1536x1536":["https:\/\/experienciadevida.com.ar\/portalurbano\/wp-content\/uploads\/2022\/08\/Seguridad-para-pasajeros.jpg",800,500,false],"2048x2048":["https:\/\/experienciadevida.com.ar\/portalurbano\/wp-content\/uploads\/2022\/08\/Seguridad-para-pasajeros.jpg",800,500,false],"newsever-slider-full":["https:\/\/experienciadevida.com.ar\/portalurbano\/wp-content\/uploads\/2022\/08\/Seguridad-para-pasajeros.jpg",800,500,false],"newsever-featured":["https:\/\/experienciadevida.com.ar\/portalurbano\/wp-content\/uploads\/2022\/08\/Seguridad-para-pasajeros.jpg",800,500,false],"newsever-medium":["https:\/\/experienciadevida.com.ar\/portalurbano\/wp-content\/uploads\/2022\/08\/Seguridad-para-pasajeros.jpg",720,450,false],"web-stories-poster-portrait":["https:\/\/experienciadevida.com.ar\/portalurbano\/wp-content\/uploads\/2022\/08\/Seguridad-para-pasajeros-640x500.jpg",640,500,true],"web-stories-publisher-logo":["https:\/\/experienciadevida.com.ar\/portalurbano\/wp-content\/uploads\/2022\/08\/Seguridad-para-pasajeros-96x96.jpg",96,96,true],"web-stories-thumbnail":["https:\/\/experienciadevida.com.ar\/portalurbano\/wp-content\/uploads\/2022\/08\/Seguridad-para-pasajeros-150x94.jpg",150,94,true]},"author_info":{"display_name":"admpu17wp","author_link":"https:\/\/experienciadevida.com.ar\/portalurbano\/author\/admpu17wp\/"},"category_info":"<a href=\"https:\/\/experienciadevida.com.ar\/portalurbano\/category\/ciudad\/\" rel=\"category tag\">Ciudad<\/a> <a href=\"https:\/\/experienciadevida.com.ar\/portalurbano\/category\/destacadas\/\" rel=\"category tag\">Destacadas<\/a>","tag_info":"Destacadas","comment_count":"0","amp_enabled":true,"_links":{"self":[{"href":"https:\/\/experienciadevida.com.ar\/portalurbano\/wp-json\/wp\/v2\/posts\/172652"}],"collection":[{"href":"https:\/\/experienciadevida.com.ar\/portalurbano\/wp-json\/wp\/v2\/posts"}],"about":[{"href":"https:\/\/experienciadevida.com.ar\/portalurbano\/wp-json\/wp\/v2\/types\/post"}],"author":[{"embeddable":true,"href":"https:\/\/experienciadevida.com.ar\/portalurbano\/wp-json\/wp\/v2\/users\/1"}],"replies":[{"embeddable":true,"href":"https:\/\/experienciadevida.com.ar\/portalurbano\/wp-json\/wp\/v2\/comments?post=172652"}],"version-history":[{"count":1,"href":"https:\/\/experienciadevida.com.ar\/portalurbano\/wp-json\/wp\/v2\/posts\/172652\/revisions"}],"predecessor-version":[{"id":172654,"href":"https:\/\/experienciadevida.com.ar\/portalurbano\/wp-json\/wp\/v2\/posts\/172652\/revisions\/172654"}],"wp:featuredmedia":[{"embeddable":true,"href":"https:\/\/experienciadevida.com.ar\/portalurbano\/wp-json\/wp\/v2\/media\/172653"}],"wp:attachment":[{"href":"https:\/\/experienciadevida.com.ar\/portalurbano\/wp-json\/wp\/v2\/media?parent=172652"}],"wp:term":[{"taxonomy":"category","embeddable":true,"href":"https:\/\/experienciadevida.com.ar\/portalurbano\/wp-json\/wp\/v2\/categories?post=172652"},{"taxonomy":"post_tag","embeddable":true,"href":"https:\/\/experienciadevida.com.ar\/portalurbano\/wp-json\/wp\/v2\/tags?post=172652"}],"curies":[{"name":"wp","href":"https:\/\/api.w.org\/{rel}","templated":true}]}}