{"id":172649,"date":"2022-08-04T12:49:37","date_gmt":"2022-08-04T15:49:37","guid":{"rendered":"https:\/\/experienciadevida.com.ar\/portalurbano\/?p=172649"},"modified":"2022-08-04T12:49:37","modified_gmt":"2022-08-04T15:49:37","slug":"la-municipalidad-participo-de-encuentros-virtuales-sobre-inclusion-y-discapacidad","status":"publish","type":"post","link":"https:\/\/experienciadevida.com.ar\/portalurbano\/la-municipalidad-participo-de-encuentros-virtuales-sobre-inclusion-y-discapacidad\/","title":{"rendered":"La Municipalidad particip\u00f3 de encuentros virtuales sobre inclusi\u00f3n y discapacidad"},"content":{"rendered":"<p>La Municipalidad particip\u00f3 de encuentros virtuales sobre inclusi\u00f3n y discapacidad, el <a href=\"https:\/\/www.facebook.com\/municipiodeolavarria\">Municipio<\/a> de Olavarr\u00eda, a trav\u00e9s del Programa de Promoci\u00f3n de Derechos para Personas con Discapacidad y Personas Mayores, form\u00f3 parte del ciclo de grupos focales \u201cInclusi\u00f3n de las personas con discapacidad en los gobiernos locales de Am\u00e9rica Latina y El Caribe en t\u00e9rminos de derechos\u201d, impulsado por UNESCO M\u00e9xico, junto a otros pa\u00edses de Am\u00e9rica Latina y el Caribe.<\/p>\n<p>Los encuentros se llevaron a cabo mediante la plataforma Zoom, y en representaci\u00f3n de la Rep\u00fablica Argentina particip\u00f3 la referente de Discapacidad municipal Romina Sponer, para dar cuenta de la experiencia local en la gesti\u00f3n de pol\u00edticas p\u00fablicas inclusivas en materia de discapacidad y derechos.<\/p>\n<p>Este ciclo de tres encuentros, tuvo la finalidad de recabar informaci\u00f3n estrat\u00e9gica de ciudades de Am\u00e9rica Latina y El Caribe, a trav\u00e9s de sesiones enfocadas en el \u00e1mbito social, econ\u00f3mico, y cultural, respectivamente, a partir de una identificaci\u00f3n previa de buenas pr\u00e1cticas seleccionadas por referentes de UNESCO, orientadas a la inclusi\u00f3n de las personas con discapacidad desde una perspectiva de derechos humanos.<\/p>\n<p>La referente Romina Sponer realiz\u00f3 un balance de la experiencia y brind\u00f3 detalles sobre su desarrollo: \u201cNos enorgullece haber participado como Municipio en representaci\u00f3n del pa\u00eds en esta convocatoria, y que las pr\u00e1cticas que estamos llevando a cabo para derribar las barreras comunicacionales y actitudinales hayan sido tenido en cuenta en un espectro tan grande como la Unesco M\u00e9xico\u201d, indic\u00f3.<\/p>\n<p>Adem\u00e1s expres\u00f3 que \u201cla experiencia fue sumamente enriquecedora, en el intercambio con municipios de otros pa\u00edses y de otras provincias de la Argentina, y nos sirve para pensar sus buenas pr\u00e1cticas como modelos posibles de abordaje desde el enfoque del paradigma de derechos humanos en materia de discapacidad, que puedan ser inspiradores a futuro tomando como ejemplo su recorrido. As\u00ed que solo palabras de agradecimiento y orgullo por esta experiencia, y satisfacci\u00f3n de haber aprendido de colegas de todo el mundo\u201d, concluy\u00f3.<\/p>\n","protected":false},"excerpt":{"rendered":"<p>La Municipalidad particip\u00f3 de encuentros virtuales sobre inclusi\u00f3n y discapacidad, el Municipio de Olavarr\u00eda, a&#8230;<\/p>\n","protected":false},"author":1,"featured_media":172650,"comment_status":"closed","ping_status":"closed","sticky":false,"template":"","format":"standard","meta":{"content-type":""},"categories":[27],"tags":[],"nelio_content":{"isAutoShareEnabled":false,"autoShareEndMode":"default","automationSources":{"useContentSentences":true,"useSocialTemplates":true,"useCustomSentences":false,"customSentences":[]},"followers":[1],"suggestedReferences":[],"includedReferences":[],"efiUrl":"","efiAlt":"","highlights":[]},"yoast_head":"<!-- This site is optimized with the Yoast SEO plugin v20.7 - https:\/\/yoast.com\/wordpress\/plugins\/seo\/ -->\n<title>La Municipalidad particip\u00f3 de encuentros virtuales sobre inclusi\u00f3n<\/title>\n<meta name=\"description\" content=\"La Municipalidad particip\u00f3 de encuentros virtuales sobre inclusi\u00f3n y discapacidad, el Municipio de Olavarr\u00eda, a trav\u00e9s del Programa\" \/>\n<meta name=\"robots\" content=\"index, follow, max-snippet:-1, max-image-preview:large, max-video-preview:-1\" \/>\n<link rel=\"canonical\" href=\"https:\/\/experienciadevida.com.ar\/portalurbano\/la-municipalidad-participo-de-encuentros-virtuales-sobre-inclusion-y-discapacidad\/\" \/>\n<meta property=\"og:locale\" content=\"es_ES\" \/>\n<meta property=\"og:type\" content=\"article\" \/>\n<meta property=\"og:title\" content=\"La Municipalidad particip\u00f3 de encuentros virtuales sobre inclusi\u00f3n\" \/>\n<meta property=\"og:description\" content=\"La Municipalidad particip\u00f3 de encuentros virtuales sobre inclusi\u00f3n y discapacidad, el Municipio de Olavarr\u00eda, a trav\u00e9s del Programa\" \/>\n<meta property=\"og:url\" content=\"https:\/\/experienciadevida.com.ar\/portalurbano\/la-municipalidad-participo-de-encuentros-virtuales-sobre-inclusion-y-discapacidad\/\" \/>\n<meta property=\"article:publisher\" content=\"https:\/\/www.facebook.com\/Portal-Urbano-171542830093757\/\" \/>\n<meta property=\"article:published_time\" content=\"2022-08-04T15:49:37+00:00\" \/>\n<meta property=\"og:image\" content=\"https:\/\/experienciadevida.com.ar\/portalurbano\/wp-content\/uploads\/2022\/08\/La-Municipalidad-participo-de.jpeg\" \/>\n\t<meta property=\"og:image:width\" content=\"940\" \/>\n\t<meta property=\"og:image:height\" content=\"788\" \/>\n\t<meta property=\"og:image:type\" content=\"image\/jpeg\" \/>\n<meta name=\"author\" content=\"admpu17wp\" \/>\n<meta name=\"twitter:card\" content=\"summary_large_image\" \/>\n<meta name=\"twitter:creator\" content=\"@portalurbanook\" \/>\n<meta name=\"twitter:site\" content=\"@portalurbanook\" \/>\n<meta name=\"twitter:label1\" content=\"Escrito por\" \/>\n\t<meta name=\"twitter:data1\" content=\"admpu17wp\" \/>\n\t<meta name=\"twitter:label2\" content=\"Tiempo de lectura\" \/>\n\t<meta name=\"twitter:data2\" content=\"2 minutos\" \/>\n<script type=\"application\/ld+json\" class=\"yoast-schema-graph\">{\"@context\":\"https:\/\/schema.org\",\"@graph\":[{\"@type\":\"Article\",\"@id\":\"https:\/\/experienciadevida.com.ar\/portalurbano\/la-municipalidad-participo-de-encuentros-virtuales-sobre-inclusion-y-discapacidad\/#article\",\"isPartOf\":{\"@id\":\"https:\/\/experienciadevida.com.ar\/portalurbano\/la-municipalidad-participo-de-encuentros-virtuales-sobre-inclusion-y-discapacidad\/\"},\"author\":{\"name\":\"admpu17wp\",\"@id\":\"https:\/\/experienciadevida.com.ar\/portalurbano\/#\/schema\/person\/02dd326b1c4b056e9cc972486934a3a7\"},\"headline\":\"La Municipalidad particip\u00f3 de encuentros virtuales sobre inclusi\u00f3n y discapacidad\",\"datePublished\":\"2022-08-04T15:49:37+00:00\",\"dateModified\":\"2022-08-04T15:49:37+00:00\",\"mainEntityOfPage\":{\"@id\":\"https:\/\/experienciadevida.com.ar\/portalurbano\/la-municipalidad-participo-de-encuentros-virtuales-sobre-inclusion-y-discapacidad\/\"},\"wordCount\":361,\"publisher\":{\"@id\":\"https:\/\/experienciadevida.com.ar\/portalurbano\/#organization\"},\"articleSection\":[\"Ciudad\"],\"inLanguage\":\"es\"},{\"@type\":\"WebPage\",\"@id\":\"https:\/\/experienciadevida.com.ar\/portalurbano\/la-municipalidad-participo-de-encuentros-virtuales-sobre-inclusion-y-discapacidad\/\",\"url\":\"https:\/\/experienciadevida.com.ar\/portalurbano\/la-municipalidad-participo-de-encuentros-virtuales-sobre-inclusion-y-discapacidad\/\",\"name\":\"La Municipalidad particip\u00f3 de encuentros virtuales sobre inclusi\u00f3n\",\"isPartOf\":{\"@id\":\"https:\/\/experienciadevida.com.ar\/portalurbano\/#website\"},\"datePublished\":\"2022-08-04T15:49:37+00:00\",\"dateModified\":\"2022-08-04T15:49:37+00:00\",\"description\":\"La Municipalidad particip\u00f3 de encuentros virtuales sobre inclusi\u00f3n y discapacidad, el Municipio de Olavarr\u00eda, a trav\u00e9s del Programa\",\"breadcrumb\":{\"@id\":\"https:\/\/experienciadevida.com.ar\/portalurbano\/la-municipalidad-participo-de-encuentros-virtuales-sobre-inclusion-y-discapacidad\/#breadcrumb\"},\"inLanguage\":\"es\",\"potentialAction\":[{\"@type\":\"ReadAction\",\"target\":[\"https:\/\/experienciadevida.com.ar\/portalurbano\/la-municipalidad-participo-de-encuentros-virtuales-sobre-inclusion-y-discapacidad\/\"]}]},{\"@type\":\"BreadcrumbList\",\"@id\":\"https:\/\/experienciadevida.com.ar\/portalurbano\/la-municipalidad-participo-de-encuentros-virtuales-sobre-inclusion-y-discapacidad\/#breadcrumb\",\"itemListElement\":[{\"@type\":\"ListItem\",\"position\":1,\"name\":\"Portada\",\"item\":\"https:\/\/experienciadevida.com.ar\/portalurbano\/\"},{\"@type\":\"ListItem\",\"position\":2,\"name\":\"La Municipalidad particip\u00f3 de encuentros virtuales sobre inclusi\u00f3n y discapacidad\"}]},{\"@type\":\"WebSite\",\"@id\":\"https:\/\/experienciadevida.com.ar\/portalurbano\/#website\",\"url\":\"https:\/\/experienciadevida.com.ar\/portalurbano\/\",\"name\":\"\",\"description\":\"\",\"publisher\":{\"@id\":\"https:\/\/experienciadevida.com.ar\/portalurbano\/#organization\"},\"potentialAction\":[{\"@type\":\"SearchAction\",\"target\":{\"@type\":\"EntryPoint\",\"urlTemplate\":\"https:\/\/experienciadevida.com.ar\/portalurbano\/?s={search_term_string}\"},\"query-input\":\"required name=search_term_string\"}],\"inLanguage\":\"es\"},{\"@type\":\"Organization\",\"@id\":\"https:\/\/experienciadevida.com.ar\/portalurbano\/#organization\",\"name\":\"Portal Urbano\",\"url\":\"https:\/\/experienciadevida.com.ar\/portalurbano\/\",\"logo\":{\"@type\":\"ImageObject\",\"inLanguage\":\"es\",\"@id\":\"https:\/\/experienciadevida.com.ar\/portalurbano\/#\/schema\/logo\/image\/\",\"url\":\"https:\/\/experienciadevida.com.ar\/portalurbano\/wp-content\/uploads\/2019\/09\/Logo-Original.png\",\"contentUrl\":\"https:\/\/experienciadevida.com.ar\/portalurbano\/wp-content\/uploads\/2019\/09\/Logo-Original.png\",\"width\":2236,\"height\":1216,\"caption\":\"Portal Urbano\"},\"image\":{\"@id\":\"https:\/\/experienciadevida.com.ar\/portalurbano\/#\/schema\/logo\/image\/\"},\"sameAs\":[\"https:\/\/www.facebook.com\/Portal-Urbano-171542830093757\/\",\"https:\/\/twitter.com\/portalurbanook\",\"https:\/\/www.instagram.com\/_portalurbano\/\",\"https:\/\/www.youtube.com\/channel\/UCXhagIfszH8KxFiOok79zbA?view_as=subscriber\"]},{\"@type\":\"Person\",\"@id\":\"https:\/\/experienciadevida.com.ar\/portalurbano\/#\/schema\/person\/02dd326b1c4b056e9cc972486934a3a7\",\"name\":\"admpu17wp\",\"image\":{\"@type\":\"ImageObject\",\"inLanguage\":\"es\",\"@id\":\"https:\/\/experienciadevida.com.ar\/portalurbano\/#\/schema\/person\/image\/\",\"url\":\"https:\/\/secure.gravatar.com\/avatar\/830d4c57adaae6630765e449a6908047?s=96&d=mm&r=g\",\"contentUrl\":\"https:\/\/secure.gravatar.com\/avatar\/830d4c57adaae6630765e449a6908047?s=96&d=mm&r=g\",\"caption\":\"admpu17wp\"}}]}<\/script>\n<!-- \/ Yoast SEO plugin. -->","yoast_head_json":{"title":"La Municipalidad particip\u00f3 de encuentros virtuales sobre inclusi\u00f3n","description":"La Municipalidad particip\u00f3 de encuentros virtuales sobre inclusi\u00f3n y discapacidad, el Municipio de Olavarr\u00eda, a trav\u00e9s del Programa","robots":{"index":"index","follow":"follow","max-snippet":"max-snippet:-1","max-image-preview":"max-image-preview:large","max-video-preview":"max-video-preview:-1"},"canonical":"https:\/\/experienciadevida.com.ar\/portalurbano\/la-municipalidad-participo-de-encuentros-virtuales-sobre-inclusion-y-discapacidad\/","og_locale":"es_ES","og_type":"article","og_title":"La Municipalidad particip\u00f3 de encuentros virtuales sobre inclusi\u00f3n","og_description":"La Municipalidad particip\u00f3 de encuentros virtuales sobre inclusi\u00f3n y discapacidad, el Municipio de Olavarr\u00eda, a trav\u00e9s del Programa","og_url":"https:\/\/experienciadevida.com.ar\/portalurbano\/la-municipalidad-participo-de-encuentros-virtuales-sobre-inclusion-y-discapacidad\/","article_publisher":"https:\/\/www.facebook.com\/Portal-Urbano-171542830093757\/","article_published_time":"2022-08-04T15:49:37+00:00","og_image":[{"width":940,"height":788,"url":"https:\/\/experienciadevida.com.ar\/portalurbano\/wp-content\/uploads\/2022\/08\/La-Municipalidad-participo-de.jpeg","type":"image\/jpeg"}],"author":"admpu17wp","twitter_card":"summary_large_image","twitter_creator":"@portalurbanook","twitter_site":"@portalurbanook","twitter_misc":{"Escrito por":"admpu17wp","Tiempo de lectura":"2 minutos"},"schema":{"@context":"https:\/\/schema.org","@graph":[{"@type":"Article","@id":"https:\/\/experienciadevida.com.ar\/portalurbano\/la-municipalidad-participo-de-encuentros-virtuales-sobre-inclusion-y-discapacidad\/#article","isPartOf":{"@id":"https:\/\/experienciadevida.com.ar\/portalurbano\/la-municipalidad-participo-de-encuentros-virtuales-sobre-inclusion-y-discapacidad\/"},"author":{"name":"admpu17wp","@id":"https:\/\/experienciadevida.com.ar\/portalurbano\/#\/schema\/person\/02dd326b1c4b056e9cc972486934a3a7"},"headline":"La Municipalidad particip\u00f3 de encuentros virtuales sobre inclusi\u00f3n y discapacidad","datePublished":"2022-08-04T15:49:37+00:00","dateModified":"2022-08-04T15:49:37+00:00","mainEntityOfPage":{"@id":"https:\/\/experienciadevida.com.ar\/portalurbano\/la-municipalidad-participo-de-encuentros-virtuales-sobre-inclusion-y-discapacidad\/"},"wordCount":361,"publisher":{"@id":"https:\/\/experienciadevida.com.ar\/portalurbano\/#organization"},"articleSection":["Ciudad"],"inLanguage":"es"},{"@type":"WebPage","@id":"https:\/\/experienciadevida.com.ar\/portalurbano\/la-municipalidad-participo-de-encuentros-virtuales-sobre-inclusion-y-discapacidad\/","url":"https:\/\/experienciadevida.com.ar\/portalurbano\/la-municipalidad-participo-de-encuentros-virtuales-sobre-inclusion-y-discapacidad\/","name":"La Municipalidad particip\u00f3 de encuentros virtuales sobre inclusi\u00f3n","isPartOf":{"@id":"https:\/\/experienciadevida.com.ar\/portalurbano\/#website"},"datePublished":"2022-08-04T15:49:37+00:00","dateModified":"2022-08-04T15:49:37+00:00","description":"La Municipalidad particip\u00f3 de encuentros virtuales sobre inclusi\u00f3n y discapacidad, el Municipio de Olavarr\u00eda, a trav\u00e9s del Programa","breadcrumb":{"@id":"https:\/\/experienciadevida.com.ar\/portalurbano\/la-municipalidad-participo-de-encuentros-virtuales-sobre-inclusion-y-discapacidad\/#breadcrumb"},"inLanguage":"es","potentialAction":[{"@type":"ReadAction","target":["https:\/\/experienciadevida.com.ar\/portalurbano\/la-municipalidad-participo-de-encuentros-virtuales-sobre-inclusion-y-discapacidad\/"]}]},{"@type":"BreadcrumbList","@id":"https:\/\/experienciadevida.com.ar\/portalurbano\/la-municipalidad-participo-de-encuentros-virtuales-sobre-inclusion-y-discapacidad\/#breadcrumb","itemListElement":[{"@type":"ListItem","position":1,"name":"Portada","item":"https:\/\/experienciadevida.com.ar\/portalurbano\/"},{"@type":"ListItem","position":2,"name":"La Municipalidad particip\u00f3 de encuentros virtuales sobre inclusi\u00f3n y discapacidad"}]},{"@type":"WebSite","@id":"https:\/\/experienciadevida.com.ar\/portalurbano\/#website","url":"https:\/\/experienciadevida.com.ar\/portalurbano\/","name":"","description":"","publisher":{"@id":"https:\/\/experienciadevida.com.ar\/portalurbano\/#organization"},"potentialAction":[{"@type":"SearchAction","target":{"@type":"EntryPoint","urlTemplate":"https:\/\/experienciadevida.com.ar\/portalurbano\/?s={search_term_string}"},"query-input":"required name=search_term_string"}],"inLanguage":"es"},{"@type":"Organization","@id":"https:\/\/experienciadevida.com.ar\/portalurbano\/#organization","name":"Portal Urbano","url":"https:\/\/experienciadevida.com.ar\/portalurbano\/","logo":{"@type":"ImageObject","inLanguage":"es","@id":"https:\/\/experienciadevida.com.ar\/portalurbano\/#\/schema\/logo\/image\/","url":"https:\/\/experienciadevida.com.ar\/portalurbano\/wp-content\/uploads\/2019\/09\/Logo-Original.png","contentUrl":"https:\/\/experienciadevida.com.ar\/portalurbano\/wp-content\/uploads\/2019\/09\/Logo-Original.png","width":2236,"height":1216,"caption":"Portal Urbano"},"image":{"@id":"https:\/\/experienciadevida.com.ar\/portalurbano\/#\/schema\/logo\/image\/"},"sameAs":["https:\/\/www.facebook.com\/Portal-Urbano-171542830093757\/","https:\/\/twitter.com\/portalurbanook","https:\/\/www.instagram.com\/_portalurbano\/","https:\/\/www.youtube.com\/channel\/UCXhagIfszH8KxFiOok79zbA?view_as=subscriber"]},{"@type":"Person","@id":"https:\/\/experienciadevida.com.ar\/portalurbano\/#\/schema\/person\/02dd326b1c4b056e9cc972486934a3a7","name":"admpu17wp","image":{"@type":"ImageObject","inLanguage":"es","@id":"https:\/\/experienciadevida.com.ar\/portalurbano\/#\/schema\/person\/image\/","url":"https:\/\/secure.gravatar.com\/avatar\/830d4c57adaae6630765e449a6908047?s=96&d=mm&r=g","contentUrl":"https:\/\/secure.gravatar.com\/avatar\/830d4c57adaae6630765e449a6908047?s=96&d=mm&r=g","caption":"admpu17wp"}}]}},"featured_image_urls":{"full":["https:\/\/experienciadevida.com.ar\/portalurbano\/wp-content\/uploads\/2022\/08\/La-Municipalidad-participo-de.jpeg",940,788,false],"thumbnail":["https:\/\/experienciadevida.com.ar\/portalurbano\/wp-content\/uploads\/2022\/08\/La-Municipalidad-participo-de-150x150.jpeg",150,150,true],"medium":["https:\/\/experienciadevida.com.ar\/portalurbano\/wp-content\/uploads\/2022\/08\/La-Municipalidad-participo-de-300x251.jpeg",300,251,true],"medium_large":["https:\/\/experienciadevida.com.ar\/portalurbano\/wp-content\/uploads\/2022\/08\/La-Municipalidad-participo-de-768x644.jpeg",640,537,true],"large":["https:\/\/experienciadevida.com.ar\/portalurbano\/wp-content\/uploads\/2022\/08\/La-Municipalidad-participo-de.jpeg",640,537,false],"ug_big":["https:\/\/experienciadevida.com.ar\/portalurbano\/wp-content\/uploads\/2022\/08\/La-Municipalidad-participo-de-768x644.jpeg",768,644,true],"1536x1536":["https:\/\/experienciadevida.com.ar\/portalurbano\/wp-content\/uploads\/2022\/08\/La-Municipalidad-participo-de.jpeg",940,788,false],"2048x2048":["https:\/\/experienciadevida.com.ar\/portalurbano\/wp-content\/uploads\/2022\/08\/La-Municipalidad-participo-de.jpeg",940,788,false],"newsever-slider-full":["https:\/\/experienciadevida.com.ar\/portalurbano\/wp-content\/uploads\/2022\/08\/La-Municipalidad-participo-de.jpeg",940,788,false],"newsever-featured":["https:\/\/experienciadevida.com.ar\/portalurbano\/wp-content\/uploads\/2022\/08\/La-Municipalidad-participo-de.jpeg",940,788,false],"newsever-medium":["https:\/\/experienciadevida.com.ar\/portalurbano\/wp-content\/uploads\/2022\/08\/La-Municipalidad-participo-de.jpeg",567,475,false],"web-stories-poster-portrait":["https:\/\/experienciadevida.com.ar\/portalurbano\/wp-content\/uploads\/2022\/08\/La-Municipalidad-participo-de-640x788.jpeg",640,788,true],"web-stories-publisher-logo":["https:\/\/experienciadevida.com.ar\/portalurbano\/wp-content\/uploads\/2022\/08\/La-Municipalidad-participo-de-96x96.jpeg",96,96,true],"web-stories-thumbnail":["https:\/\/experienciadevida.com.ar\/portalurbano\/wp-content\/uploads\/2022\/08\/La-Municipalidad-participo-de-150x126.jpeg",150,126,true]},"author_info":{"display_name":"admpu17wp","author_link":"https:\/\/experienciadevida.com.ar\/portalurbano\/author\/admpu17wp\/"},"category_info":"<a href=\"https:\/\/experienciadevida.com.ar\/portalurbano\/category\/ciudad\/\" rel=\"category tag\">Ciudad<\/a>","tag_info":"Ciudad","comment_count":"0","amp_enabled":true,"_links":{"self":[{"href":"https:\/\/experienciadevida.com.ar\/portalurbano\/wp-json\/wp\/v2\/posts\/172649"}],"collection":[{"href":"https:\/\/experienciadevida.com.ar\/portalurbano\/wp-json\/wp\/v2\/posts"}],"about":[{"href":"https:\/\/experienciadevida.com.ar\/portalurbano\/wp-json\/wp\/v2\/types\/post"}],"author":[{"embeddable":true,"href":"https:\/\/experienciadevida.com.ar\/portalurbano\/wp-json\/wp\/v2\/users\/1"}],"replies":[{"embeddable":true,"href":"https:\/\/experienciadevida.com.ar\/portalurbano\/wp-json\/wp\/v2\/comments?post=172649"}],"version-history":[{"count":1,"href":"https:\/\/experienciadevida.com.ar\/portalurbano\/wp-json\/wp\/v2\/posts\/172649\/revisions"}],"predecessor-version":[{"id":172651,"href":"https:\/\/experienciadevida.com.ar\/portalurbano\/wp-json\/wp\/v2\/posts\/172649\/revisions\/172651"}],"wp:featuredmedia":[{"embeddable":true,"href":"https:\/\/experienciadevida.com.ar\/portalurbano\/wp-json\/wp\/v2\/media\/172650"}],"wp:attachment":[{"href":"https:\/\/experienciadevida.com.ar\/portalurbano\/wp-json\/wp\/v2\/media?parent=172649"}],"wp:term":[{"taxonomy":"category","embeddable":true,"href":"https:\/\/experienciadevida.com.ar\/portalurbano\/wp-json\/wp\/v2\/categories?post=172649"},{"taxonomy":"post_tag","embeddable":true,"href":"https:\/\/experienciadevida.com.ar\/portalurbano\/wp-json\/wp\/v2\/tags?post=172649"}],"curies":[{"name":"wp","href":"https:\/\/api.w.org\/{rel}","templated":true}]}}