{"id":172642,"date":"2022-08-04T10:06:42","date_gmt":"2022-08-04T13:06:42","guid":{"rendered":"https:\/\/experienciadevida.com.ar\/portalurbano\/?p=172642"},"modified":"2022-08-04T11:51:46","modified_gmt":"2022-08-04T14:51:46","slug":"emilio-vitale-se-reunio-con-vecinos-de-loma-negra","status":"publish","type":"post","link":"https:\/\/experienciadevida.com.ar\/portalurbano\/emilio-vitale-se-reunio-con-vecinos-de-loma-negra\/","title":{"rendered":"Emilio Vitale se reuni\u00f3 con vecinos de Loma Negra"},"content":{"rendered":"<div class=\"page-title\">\n<p>Emilio Vitale se reuni\u00f3 con vecinos de Loma Negra, el Subsecretario de Gobierno Municipal Emilio Vitale visit\u00f3 este martes Loma Negra y all\u00ed mantuvo una reuni\u00f3n con vecinos e integrantes de la Sociedad de Fomento de la localidad.<\/p>\n<p>En la oportunidad, el funcionario estuvo acompa\u00f1ado por el Director de Delegaciones C\u00e9sar Bournot y por el Delegado Municipal Gabriel Suburu.<\/p>\n<p>Durante el encuentro llevado a cabo en la plaza 25 de Mayo, Vitale y los vecinos abordaron la problem\u00e1tica de las ra\u00edces de los \u00e1rboles y el da\u00f1o que est\u00e1n produciendo en las ca\u00f1er\u00edas de agua corriente.<\/p>\n<p>En este sentido, acordaron la poda de los \u00e1rboles que perjudican los ca\u00f1os de agua corriente, levantan el cord\u00f3n cuneta y deterioran el estado de las calles de la zona.<\/p>\n<p>Asimismo, el Subsecretario de Gobierno explic\u00f3 que tras los trabajos de poda \u00abel Municipio va a realizar una reforestaci\u00f3n en el interior de la plaza 25 de Mayo para compensar la poda mantener el paisaje forestal del espacio p\u00fablico\u00bb.<\/p>\n<p>\u00abLa Sociedad de Fomento, que es la encargada de proveer el servicio de agua corriente en la localidad, explic\u00f3 ante los vecinos que la ca\u00f1er\u00eda de agua corriente coincide con la l\u00ednea de los \u00e1rboles y a la fecha se tuvieron que extraer dos especies por ruptura de ca\u00f1os y, por ende, interrupci\u00f3n del servicio\u00bb, agreg\u00f3.<\/p>\n<p>Finalmente, Emilio Vitale destac\u00f3 el di\u00e1logo con los vecinos y las instituciones de Loma Negra y dijo que \u00abel Delegado Gabriel Suburu est\u00e1 haciendo un gran trabajo y eso se ve reflejado en este tipo de acciones conjuntas\u00bb.<\/p>\n<\/div>\n","protected":false},"excerpt":{"rendered":"<p>Emilio Vitale se reuni\u00f3 con vecinos de Loma Negra, el Subsecretario de Gobierno Municipal Emilio&#8230;<\/p>\n","protected":false},"author":1,"featured_media":172643,"comment_status":"closed","ping_status":"closed","sticky":false,"template":"","format":"standard","meta":{"content-type":""},"categories":[27,51],"tags":[],"nelio_content":{"isAutoShareEnabled":false,"autoShareEndMode":"default","automationSources":{"useContentSentences":true,"useSocialTemplates":true,"useCustomSentences":false,"customSentences":[]},"followers":[1],"suggestedReferences":[],"includedReferences":[],"efiUrl":"","efiAlt":"","highlights":[]},"yoast_head":"<!-- This site is optimized with the Yoast SEO plugin v20.7 - https:\/\/yoast.com\/wordpress\/plugins\/seo\/ -->\n<title>Emilio Vitale se reuni\u00f3 con vecinos de Loma Negra<\/title>\n<meta name=\"description\" content=\"Emilio Vitale se reuni\u00f3 con vecinos de Loma Negra, mantuvo una reuni\u00f3n con integrantes de la Soc. de Fomento y vecinos de la localidad\" \/>\n<meta name=\"robots\" content=\"index, follow, max-snippet:-1, max-image-preview:large, max-video-preview:-1\" \/>\n<link rel=\"canonical\" href=\"https:\/\/experienciadevida.com.ar\/portalurbano\/emilio-vitale-se-reunio-con-vecinos-de-loma-negra\/\" \/>\n<meta property=\"og:locale\" content=\"es_ES\" \/>\n<meta property=\"og:type\" content=\"article\" \/>\n<meta property=\"og:title\" content=\"Emilio Vitale se reuni\u00f3 con vecinos de Loma Negra\" \/>\n<meta property=\"og:description\" content=\"Emilio Vitale se reuni\u00f3 con vecinos de Loma Negra, mantuvo una reuni\u00f3n con integrantes de la Soc. de Fomento y vecinos de la localidad\" \/>\n<meta property=\"og:url\" content=\"https:\/\/experienciadevida.com.ar\/portalurbano\/emilio-vitale-se-reunio-con-vecinos-de-loma-negra\/\" \/>\n<meta property=\"article:publisher\" content=\"https:\/\/www.facebook.com\/Portal-Urbano-171542830093757\/\" \/>\n<meta property=\"article:published_time\" content=\"2022-08-04T13:06:42+00:00\" \/>\n<meta property=\"article:modified_time\" content=\"2022-08-04T14:51:46+00:00\" \/>\n<meta property=\"og:image\" content=\"https:\/\/experienciadevida.com.ar\/portalurbano\/wp-content\/uploads\/2022\/08\/Emilio-Vitale-se-reunio.jpg\" \/>\n\t<meta property=\"og:image:width\" content=\"1772\" \/>\n\t<meta property=\"og:image:height\" content=\"1181\" \/>\n\t<meta property=\"og:image:type\" content=\"image\/jpeg\" \/>\n<meta name=\"author\" content=\"admpu17wp\" \/>\n<meta name=\"twitter:card\" content=\"summary_large_image\" \/>\n<meta name=\"twitter:creator\" content=\"@portalurbanook\" \/>\n<meta name=\"twitter:site\" content=\"@portalurbanook\" \/>\n<meta name=\"twitter:label1\" content=\"Escrito por\" \/>\n\t<meta name=\"twitter:data1\" content=\"admpu17wp\" \/>\n\t<meta name=\"twitter:label2\" content=\"Tiempo de lectura\" \/>\n\t<meta name=\"twitter:data2\" content=\"2 minutos\" \/>\n<script type=\"application\/ld+json\" class=\"yoast-schema-graph\">{\"@context\":\"https:\/\/schema.org\",\"@graph\":[{\"@type\":\"Article\",\"@id\":\"https:\/\/experienciadevida.com.ar\/portalurbano\/emilio-vitale-se-reunio-con-vecinos-de-loma-negra\/#article\",\"isPartOf\":{\"@id\":\"https:\/\/experienciadevida.com.ar\/portalurbano\/emilio-vitale-se-reunio-con-vecinos-de-loma-negra\/\"},\"author\":{\"name\":\"admpu17wp\",\"@id\":\"https:\/\/experienciadevida.com.ar\/portalurbano\/#\/schema\/person\/02dd326b1c4b056e9cc972486934a3a7\"},\"headline\":\"Emilio Vitale se reuni\u00f3 con vecinos de Loma Negra\",\"datePublished\":\"2022-08-04T13:06:42+00:00\",\"dateModified\":\"2022-08-04T14:51:46+00:00\",\"mainEntityOfPage\":{\"@id\":\"https:\/\/experienciadevida.com.ar\/portalurbano\/emilio-vitale-se-reunio-con-vecinos-de-loma-negra\/\"},\"wordCount\":285,\"publisher\":{\"@id\":\"https:\/\/experienciadevida.com.ar\/portalurbano\/#organization\"},\"articleSection\":[\"Ciudad\",\"Destacadas\"],\"inLanguage\":\"es\"},{\"@type\":\"WebPage\",\"@id\":\"https:\/\/experienciadevida.com.ar\/portalurbano\/emilio-vitale-se-reunio-con-vecinos-de-loma-negra\/\",\"url\":\"https:\/\/experienciadevida.com.ar\/portalurbano\/emilio-vitale-se-reunio-con-vecinos-de-loma-negra\/\",\"name\":\"Emilio Vitale se reuni\u00f3 con vecinos de Loma Negra\",\"isPartOf\":{\"@id\":\"https:\/\/experienciadevida.com.ar\/portalurbano\/#website\"},\"datePublished\":\"2022-08-04T13:06:42+00:00\",\"dateModified\":\"2022-08-04T14:51:46+00:00\",\"description\":\"Emilio Vitale se reuni\u00f3 con vecinos de Loma Negra, mantuvo una reuni\u00f3n con integrantes de la Soc. de Fomento y vecinos de la localidad\",\"breadcrumb\":{\"@id\":\"https:\/\/experienciadevida.com.ar\/portalurbano\/emilio-vitale-se-reunio-con-vecinos-de-loma-negra\/#breadcrumb\"},\"inLanguage\":\"es\",\"potentialAction\":[{\"@type\":\"ReadAction\",\"target\":[\"https:\/\/experienciadevida.com.ar\/portalurbano\/emilio-vitale-se-reunio-con-vecinos-de-loma-negra\/\"]}]},{\"@type\":\"BreadcrumbList\",\"@id\":\"https:\/\/experienciadevida.com.ar\/portalurbano\/emilio-vitale-se-reunio-con-vecinos-de-loma-negra\/#breadcrumb\",\"itemListElement\":[{\"@type\":\"ListItem\",\"position\":1,\"name\":\"Portada\",\"item\":\"https:\/\/experienciadevida.com.ar\/portalurbano\/\"},{\"@type\":\"ListItem\",\"position\":2,\"name\":\"Emilio Vitale se reuni\u00f3 con vecinos de Loma Negra\"}]},{\"@type\":\"WebSite\",\"@id\":\"https:\/\/experienciadevida.com.ar\/portalurbano\/#website\",\"url\":\"https:\/\/experienciadevida.com.ar\/portalurbano\/\",\"name\":\"\",\"description\":\"\",\"publisher\":{\"@id\":\"https:\/\/experienciadevida.com.ar\/portalurbano\/#organization\"},\"potentialAction\":[{\"@type\":\"SearchAction\",\"target\":{\"@type\":\"EntryPoint\",\"urlTemplate\":\"https:\/\/experienciadevida.com.ar\/portalurbano\/?s={search_term_string}\"},\"query-input\":\"required name=search_term_string\"}],\"inLanguage\":\"es\"},{\"@type\":\"Organization\",\"@id\":\"https:\/\/experienciadevida.com.ar\/portalurbano\/#organization\",\"name\":\"Portal Urbano\",\"url\":\"https:\/\/experienciadevida.com.ar\/portalurbano\/\",\"logo\":{\"@type\":\"ImageObject\",\"inLanguage\":\"es\",\"@id\":\"https:\/\/experienciadevida.com.ar\/portalurbano\/#\/schema\/logo\/image\/\",\"url\":\"https:\/\/experienciadevida.com.ar\/portalurbano\/wp-content\/uploads\/2019\/09\/Logo-Original.png\",\"contentUrl\":\"https:\/\/experienciadevida.com.ar\/portalurbano\/wp-content\/uploads\/2019\/09\/Logo-Original.png\",\"width\":2236,\"height\":1216,\"caption\":\"Portal Urbano\"},\"image\":{\"@id\":\"https:\/\/experienciadevida.com.ar\/portalurbano\/#\/schema\/logo\/image\/\"},\"sameAs\":[\"https:\/\/www.facebook.com\/Portal-Urbano-171542830093757\/\",\"https:\/\/twitter.com\/portalurbanook\",\"https:\/\/www.instagram.com\/_portalurbano\/\",\"https:\/\/www.youtube.com\/channel\/UCXhagIfszH8KxFiOok79zbA?view_as=subscriber\"]},{\"@type\":\"Person\",\"@id\":\"https:\/\/experienciadevida.com.ar\/portalurbano\/#\/schema\/person\/02dd326b1c4b056e9cc972486934a3a7\",\"name\":\"admpu17wp\",\"image\":{\"@type\":\"ImageObject\",\"inLanguage\":\"es\",\"@id\":\"https:\/\/experienciadevida.com.ar\/portalurbano\/#\/schema\/person\/image\/\",\"url\":\"https:\/\/secure.gravatar.com\/avatar\/830d4c57adaae6630765e449a6908047?s=96&d=mm&r=g\",\"contentUrl\":\"https:\/\/secure.gravatar.com\/avatar\/830d4c57adaae6630765e449a6908047?s=96&d=mm&r=g\",\"caption\":\"admpu17wp\"}}]}<\/script>\n<!-- \/ Yoast SEO plugin. -->","yoast_head_json":{"title":"Emilio Vitale se reuni\u00f3 con vecinos de Loma Negra","description":"Emilio Vitale se reuni\u00f3 con vecinos de Loma Negra, mantuvo una reuni\u00f3n con integrantes de la Soc. de Fomento y vecinos de la localidad","robots":{"index":"index","follow":"follow","max-snippet":"max-snippet:-1","max-image-preview":"max-image-preview:large","max-video-preview":"max-video-preview:-1"},"canonical":"https:\/\/experienciadevida.com.ar\/portalurbano\/emilio-vitale-se-reunio-con-vecinos-de-loma-negra\/","og_locale":"es_ES","og_type":"article","og_title":"Emilio Vitale se reuni\u00f3 con vecinos de Loma Negra","og_description":"Emilio Vitale se reuni\u00f3 con vecinos de Loma Negra, mantuvo una reuni\u00f3n con integrantes de la Soc. de Fomento y vecinos de la localidad","og_url":"https:\/\/experienciadevida.com.ar\/portalurbano\/emilio-vitale-se-reunio-con-vecinos-de-loma-negra\/","article_publisher":"https:\/\/www.facebook.com\/Portal-Urbano-171542830093757\/","article_published_time":"2022-08-04T13:06:42+00:00","article_modified_time":"2022-08-04T14:51:46+00:00","og_image":[{"width":1772,"height":1181,"url":"https:\/\/experienciadevida.com.ar\/portalurbano\/wp-content\/uploads\/2022\/08\/Emilio-Vitale-se-reunio.jpg","type":"image\/jpeg"}],"author":"admpu17wp","twitter_card":"summary_large_image","twitter_creator":"@portalurbanook","twitter_site":"@portalurbanook","twitter_misc":{"Escrito por":"admpu17wp","Tiempo de lectura":"2 minutos"},"schema":{"@context":"https:\/\/schema.org","@graph":[{"@type":"Article","@id":"https:\/\/experienciadevida.com.ar\/portalurbano\/emilio-vitale-se-reunio-con-vecinos-de-loma-negra\/#article","isPartOf":{"@id":"https:\/\/experienciadevida.com.ar\/portalurbano\/emilio-vitale-se-reunio-con-vecinos-de-loma-negra\/"},"author":{"name":"admpu17wp","@id":"https:\/\/experienciadevida.com.ar\/portalurbano\/#\/schema\/person\/02dd326b1c4b056e9cc972486934a3a7"},"headline":"Emilio Vitale se reuni\u00f3 con vecinos de Loma Negra","datePublished":"2022-08-04T13:06:42+00:00","dateModified":"2022-08-04T14:51:46+00:00","mainEntityOfPage":{"@id":"https:\/\/experienciadevida.com.ar\/portalurbano\/emilio-vitale-se-reunio-con-vecinos-de-loma-negra\/"},"wordCount":285,"publisher":{"@id":"https:\/\/experienciadevida.com.ar\/portalurbano\/#organization"},"articleSection":["Ciudad","Destacadas"],"inLanguage":"es"},{"@type":"WebPage","@id":"https:\/\/experienciadevida.com.ar\/portalurbano\/emilio-vitale-se-reunio-con-vecinos-de-loma-negra\/","url":"https:\/\/experienciadevida.com.ar\/portalurbano\/emilio-vitale-se-reunio-con-vecinos-de-loma-negra\/","name":"Emilio Vitale se reuni\u00f3 con vecinos de Loma Negra","isPartOf":{"@id":"https:\/\/experienciadevida.com.ar\/portalurbano\/#website"},"datePublished":"2022-08-04T13:06:42+00:00","dateModified":"2022-08-04T14:51:46+00:00","description":"Emilio Vitale se reuni\u00f3 con vecinos de Loma Negra, mantuvo una reuni\u00f3n con integrantes de la Soc. de Fomento y vecinos de la localidad","breadcrumb":{"@id":"https:\/\/experienciadevida.com.ar\/portalurbano\/emilio-vitale-se-reunio-con-vecinos-de-loma-negra\/#breadcrumb"},"inLanguage":"es","potentialAction":[{"@type":"ReadAction","target":["https:\/\/experienciadevida.com.ar\/portalurbano\/emilio-vitale-se-reunio-con-vecinos-de-loma-negra\/"]}]},{"@type":"BreadcrumbList","@id":"https:\/\/experienciadevida.com.ar\/portalurbano\/emilio-vitale-se-reunio-con-vecinos-de-loma-negra\/#breadcrumb","itemListElement":[{"@type":"ListItem","position":1,"name":"Portada","item":"https:\/\/experienciadevida.com.ar\/portalurbano\/"},{"@type":"ListItem","position":2,"name":"Emilio Vitale se reuni\u00f3 con vecinos de Loma Negra"}]},{"@type":"WebSite","@id":"https:\/\/experienciadevida.com.ar\/portalurbano\/#website","url":"https:\/\/experienciadevida.com.ar\/portalurbano\/","name":"","description":"","publisher":{"@id":"https:\/\/experienciadevida.com.ar\/portalurbano\/#organization"},"potentialAction":[{"@type":"SearchAction","target":{"@type":"EntryPoint","urlTemplate":"https:\/\/experienciadevida.com.ar\/portalurbano\/?s={search_term_string}"},"query-input":"required name=search_term_string"}],"inLanguage":"es"},{"@type":"Organization","@id":"https:\/\/experienciadevida.com.ar\/portalurbano\/#organization","name":"Portal Urbano","url":"https:\/\/experienciadevida.com.ar\/portalurbano\/","logo":{"@type":"ImageObject","inLanguage":"es","@id":"https:\/\/experienciadevida.com.ar\/portalurbano\/#\/schema\/logo\/image\/","url":"https:\/\/experienciadevida.com.ar\/portalurbano\/wp-content\/uploads\/2019\/09\/Logo-Original.png","contentUrl":"https:\/\/experienciadevida.com.ar\/portalurbano\/wp-content\/uploads\/2019\/09\/Logo-Original.png","width":2236,"height":1216,"caption":"Portal Urbano"},"image":{"@id":"https:\/\/experienciadevida.com.ar\/portalurbano\/#\/schema\/logo\/image\/"},"sameAs":["https:\/\/www.facebook.com\/Portal-Urbano-171542830093757\/","https:\/\/twitter.com\/portalurbanook","https:\/\/www.instagram.com\/_portalurbano\/","https:\/\/www.youtube.com\/channel\/UCXhagIfszH8KxFiOok79zbA?view_as=subscriber"]},{"@type":"Person","@id":"https:\/\/experienciadevida.com.ar\/portalurbano\/#\/schema\/person\/02dd326b1c4b056e9cc972486934a3a7","name":"admpu17wp","image":{"@type":"ImageObject","inLanguage":"es","@id":"https:\/\/experienciadevida.com.ar\/portalurbano\/#\/schema\/person\/image\/","url":"https:\/\/secure.gravatar.com\/avatar\/830d4c57adaae6630765e449a6908047?s=96&d=mm&r=g","contentUrl":"https:\/\/secure.gravatar.com\/avatar\/830d4c57adaae6630765e449a6908047?s=96&d=mm&r=g","caption":"admpu17wp"}}]}},"featured_image_urls":{"full":["https:\/\/experienciadevida.com.ar\/portalurbano\/wp-content\/uploads\/2022\/08\/Emilio-Vitale-se-reunio.jpg",1772,1181,false],"thumbnail":["https:\/\/experienciadevida.com.ar\/portalurbano\/wp-content\/uploads\/2022\/08\/Emilio-Vitale-se-reunio-150x150.jpg",150,150,true],"medium":["https:\/\/experienciadevida.com.ar\/portalurbano\/wp-content\/uploads\/2022\/08\/Emilio-Vitale-se-reunio-300x200.jpg",300,200,true],"medium_large":["https:\/\/experienciadevida.com.ar\/portalurbano\/wp-content\/uploads\/2022\/08\/Emilio-Vitale-se-reunio-768x512.jpg",640,427,true],"large":["https:\/\/experienciadevida.com.ar\/portalurbano\/wp-content\/uploads\/2022\/08\/Emilio-Vitale-se-reunio-1024x682.jpg",640,426,true],"ug_big":["https:\/\/experienciadevida.com.ar\/portalurbano\/wp-content\/uploads\/2022\/08\/Emilio-Vitale-se-reunio-768x512.jpg",768,512,true],"1536x1536":["https:\/\/experienciadevida.com.ar\/portalurbano\/wp-content\/uploads\/2022\/08\/Emilio-Vitale-se-reunio-1536x1024.jpg",1536,1024,true],"2048x2048":["https:\/\/experienciadevida.com.ar\/portalurbano\/wp-content\/uploads\/2022\/08\/Emilio-Vitale-se-reunio.jpg",1772,1181,false],"newsever-slider-full":["https:\/\/experienciadevida.com.ar\/portalurbano\/wp-content\/uploads\/2022\/08\/Emilio-Vitale-se-reunio.jpg",1268,845,false],"newsever-featured":["https:\/\/experienciadevida.com.ar\/portalurbano\/wp-content\/uploads\/2022\/08\/Emilio-Vitale-se-reunio.jpg",1024,682,false],"newsever-medium":["https:\/\/experienciadevida.com.ar\/portalurbano\/wp-content\/uploads\/2022\/08\/Emilio-Vitale-se-reunio.jpg",713,475,false],"web-stories-poster-portrait":["https:\/\/experienciadevida.com.ar\/portalurbano\/wp-content\/uploads\/2022\/08\/Emilio-Vitale-se-reunio-640x853.jpg",640,853,true],"web-stories-publisher-logo":["https:\/\/experienciadevida.com.ar\/portalurbano\/wp-content\/uploads\/2022\/08\/Emilio-Vitale-se-reunio-96x96.jpg",96,96,true],"web-stories-thumbnail":["https:\/\/experienciadevida.com.ar\/portalurbano\/wp-content\/uploads\/2022\/08\/Emilio-Vitale-se-reunio-150x100.jpg",150,100,true]},"author_info":{"display_name":"admpu17wp","author_link":"https:\/\/experienciadevida.com.ar\/portalurbano\/author\/admpu17wp\/"},"category_info":"<a href=\"https:\/\/experienciadevida.com.ar\/portalurbano\/category\/ciudad\/\" rel=\"category tag\">Ciudad<\/a> <a href=\"https:\/\/experienciadevida.com.ar\/portalurbano\/category\/destacadas\/\" rel=\"category tag\">Destacadas<\/a>","tag_info":"Destacadas","comment_count":"0","amp_enabled":true,"_links":{"self":[{"href":"https:\/\/experienciadevida.com.ar\/portalurbano\/wp-json\/wp\/v2\/posts\/172642"}],"collection":[{"href":"https:\/\/experienciadevida.com.ar\/portalurbano\/wp-json\/wp\/v2\/posts"}],"about":[{"href":"https:\/\/experienciadevida.com.ar\/portalurbano\/wp-json\/wp\/v2\/types\/post"}],"author":[{"embeddable":true,"href":"https:\/\/experienciadevida.com.ar\/portalurbano\/wp-json\/wp\/v2\/users\/1"}],"replies":[{"embeddable":true,"href":"https:\/\/experienciadevida.com.ar\/portalurbano\/wp-json\/wp\/v2\/comments?post=172642"}],"version-history":[{"count":1,"href":"https:\/\/experienciadevida.com.ar\/portalurbano\/wp-json\/wp\/v2\/posts\/172642\/revisions"}],"predecessor-version":[{"id":172644,"href":"https:\/\/experienciadevida.com.ar\/portalurbano\/wp-json\/wp\/v2\/posts\/172642\/revisions\/172644"}],"wp:featuredmedia":[{"embeddable":true,"href":"https:\/\/experienciadevida.com.ar\/portalurbano\/wp-json\/wp\/v2\/media\/172643"}],"wp:attachment":[{"href":"https:\/\/experienciadevida.com.ar\/portalurbano\/wp-json\/wp\/v2\/media?parent=172642"}],"wp:term":[{"taxonomy":"category","embeddable":true,"href":"https:\/\/experienciadevida.com.ar\/portalurbano\/wp-json\/wp\/v2\/categories?post=172642"},{"taxonomy":"post_tag","embeddable":true,"href":"https:\/\/experienciadevida.com.ar\/portalurbano\/wp-json\/wp\/v2\/tags?post=172642"}],"curies":[{"name":"wp","href":"https:\/\/api.w.org\/{rel}","templated":true}]}}