{"id":172639,"date":"2022-08-04T09:33:47","date_gmt":"2022-08-04T12:33:47","guid":{"rendered":"https:\/\/experienciadevida.com.ar\/portalurbano\/?p=172639"},"modified":"2022-08-04T09:37:13","modified_gmt":"2022-08-04T12:37:13","slug":"las-actividades-de-agosto-en-punto-digital","status":"publish","type":"post","link":"https:\/\/experienciadevida.com.ar\/portalurbano\/las-actividades-de-agosto-en-punto-digital\/","title":{"rendered":"Las actividades de agosto en punto digital"},"content":{"rendered":"<p>Las actividades de agosto en punto digital, desde la Direcci\u00f3n de Educaci\u00f3n de la Municipalidad de Olavarr\u00eda se informa que durante el presente mes comienzan los cursos que se ofrecen desde Punto Digital.<\/p>\n<p>La propuesta es gratuita y destinada al p\u00fablico en general, con una duraci\u00f3n de 8 clases e inscripci\u00f3n previa. Se dictar\u00e1n en la sede Punto Digital, ubicada en el Centro Cultural \u201cSan Jos\u00e9\u201d, situado en Riobamba 2949.<\/p>\n<p>Se aclar\u00f3 que los cupos ya se encuentran completos, pero quienes deseen podr\u00e1n inscribirse en la lista de espera para los pr\u00f3ximos cursos. Para ello deber\u00e1n comunicarse al (02284) 422099; por correo electr\u00f3nico a: punto.digital@olavarria.gov.ar o de manera presencial en el Centro Cultural \u201cSan Jos\u00e9\u201d de lunes a viernes de 17 a 19.<\/p>\n<p>Propuestas<\/p>\n<p>&nbsp;<\/p>\n<p>Martes<\/p>\n<p>\u2013 Inform\u00e1tica. Nivel II. Horario: 18 a 19 hs. Docentes: Joaqu\u00edn M\u00e9ndez y Eduardo Herbosa.<\/p>\n<p>\u2013 Manejo de Smartphone. Nivel II. Horario: 19 a 20 hs. Docente: Sebasti\u00e1n Lindner.<\/p>\n<p>&nbsp;<\/p>\n<p>Jueves<\/p>\n<p>\u2013 Inform\u00e1tica. Nivel III. Horario: 15.30 a 16.30 hs. Docentes: Joaqu\u00edn M\u00e9ndez y Eduardo Herbosa.<\/p>\n<p>\u2013 Inform\u00e1tica. Nivel I. Horario: 17 a 18 hs. Docentes: Joaqu\u00edn M\u00e9ndez y Micaela Baier.<\/p>\n<p>&nbsp;<\/p>\n<p>Viernes<\/p>\n<p>\u2013 Manejo de Smartphone. Nivel I. Horario: 16 a 17 hs. Docente: Sebasti\u00e1n Lindner.<\/p>\n<p>\u2013 Fotograf\u00eda y Retoque Digital. Nivel I. Horario: 17.30 a 19 hs. Docente: Dante Lartirigoyen.<\/p>\n","protected":false},"excerpt":{"rendered":"<p>Las actividades de agosto en punto digital, desde la Direcci\u00f3n de Educaci\u00f3n de la Municipalidad&#8230;<\/p>\n","protected":false},"author":1,"featured_media":85394,"comment_status":"closed","ping_status":"closed","sticky":false,"template":"","format":"standard","meta":{"content-type":""},"categories":[27,64],"tags":[],"nelio_content":{"isAutoShareEnabled":false,"autoShareEndMode":"default","automationSources":{"useContentSentences":true,"useSocialTemplates":true,"useCustomSentences":false,"customSentences":[]},"followers":[1],"suggestedReferences":[],"includedReferences":[],"efiUrl":"","efiAlt":"","highlights":[]},"yoast_head":"<!-- This site is optimized with the Yoast SEO plugin v20.7 - https:\/\/yoast.com\/wordpress\/plugins\/seo\/ -->\n<title>Las actividades de agosto en punto digital<\/title>\n<meta name=\"description\" content=\"Las actividades de agosto en punto digital, desde la Direcci\u00f3n de Educaci\u00f3n de la Municipalidad de Olavarr\u00eda se informa\" \/>\n<meta name=\"robots\" content=\"index, follow, max-snippet:-1, max-image-preview:large, max-video-preview:-1\" \/>\n<link rel=\"canonical\" href=\"https:\/\/experienciadevida.com.ar\/portalurbano\/las-actividades-de-agosto-en-punto-digital\/\" \/>\n<meta property=\"og:locale\" content=\"es_ES\" \/>\n<meta property=\"og:type\" content=\"article\" \/>\n<meta property=\"og:title\" content=\"Las actividades de agosto en punto digital\" \/>\n<meta property=\"og:description\" content=\"Las actividades de agosto en punto digital, desde la Direcci\u00f3n de Educaci\u00f3n de la Municipalidad de Olavarr\u00eda se informa\" \/>\n<meta property=\"og:url\" content=\"https:\/\/experienciadevida.com.ar\/portalurbano\/las-actividades-de-agosto-en-punto-digital\/\" \/>\n<meta property=\"article:publisher\" content=\"https:\/\/www.facebook.com\/Portal-Urbano-171542830093757\/\" \/>\n<meta property=\"article:published_time\" content=\"2022-08-04T12:33:47+00:00\" \/>\n<meta property=\"article:modified_time\" content=\"2022-08-04T12:37:13+00:00\" \/>\n<meta property=\"og:image\" content=\"https:\/\/experienciadevida.com.ar\/portalurbano\/wp-content\/uploads\/2019\/09\/PUNTO-DIGITAL.jpg\" \/>\n\t<meta property=\"og:image:width\" content=\"640\" \/>\n\t<meta property=\"og:image:height\" content=\"427\" \/>\n\t<meta property=\"og:image:type\" content=\"image\/jpeg\" \/>\n<meta name=\"author\" content=\"admpu17wp\" \/>\n<meta name=\"twitter:card\" content=\"summary_large_image\" \/>\n<meta name=\"twitter:creator\" content=\"@portalurbanook\" \/>\n<meta name=\"twitter:site\" content=\"@portalurbanook\" \/>\n<meta name=\"twitter:label1\" content=\"Escrito por\" \/>\n\t<meta name=\"twitter:data1\" content=\"admpu17wp\" \/>\n\t<meta name=\"twitter:label2\" content=\"Tiempo de lectura\" \/>\n\t<meta name=\"twitter:data2\" content=\"1 minuto\" \/>\n<script type=\"application\/ld+json\" class=\"yoast-schema-graph\">{\"@context\":\"https:\/\/schema.org\",\"@graph\":[{\"@type\":\"Article\",\"@id\":\"https:\/\/experienciadevida.com.ar\/portalurbano\/las-actividades-de-agosto-en-punto-digital\/#article\",\"isPartOf\":{\"@id\":\"https:\/\/experienciadevida.com.ar\/portalurbano\/las-actividades-de-agosto-en-punto-digital\/\"},\"author\":{\"name\":\"admpu17wp\",\"@id\":\"https:\/\/experienciadevida.com.ar\/portalurbano\/#\/schema\/person\/02dd326b1c4b056e9cc972486934a3a7\"},\"headline\":\"Las actividades de agosto en punto digital\",\"datePublished\":\"2022-08-04T12:33:47+00:00\",\"dateModified\":\"2022-08-04T12:37:13+00:00\",\"mainEntityOfPage\":{\"@id\":\"https:\/\/experienciadevida.com.ar\/portalurbano\/las-actividades-de-agosto-en-punto-digital\/\"},\"wordCount\":228,\"publisher\":{\"@id\":\"https:\/\/experienciadevida.com.ar\/portalurbano\/#organization\"},\"articleSection\":[\"Ciudad\",\"Destacadas 2\"],\"inLanguage\":\"es\"},{\"@type\":\"WebPage\",\"@id\":\"https:\/\/experienciadevida.com.ar\/portalurbano\/las-actividades-de-agosto-en-punto-digital\/\",\"url\":\"https:\/\/experienciadevida.com.ar\/portalurbano\/las-actividades-de-agosto-en-punto-digital\/\",\"name\":\"Las actividades de agosto en punto digital\",\"isPartOf\":{\"@id\":\"https:\/\/experienciadevida.com.ar\/portalurbano\/#website\"},\"datePublished\":\"2022-08-04T12:33:47+00:00\",\"dateModified\":\"2022-08-04T12:37:13+00:00\",\"description\":\"Las actividades de agosto en punto digital, desde la Direcci\u00f3n de Educaci\u00f3n de la Municipalidad de Olavarr\u00eda se informa\",\"breadcrumb\":{\"@id\":\"https:\/\/experienciadevida.com.ar\/portalurbano\/las-actividades-de-agosto-en-punto-digital\/#breadcrumb\"},\"inLanguage\":\"es\",\"potentialAction\":[{\"@type\":\"ReadAction\",\"target\":[\"https:\/\/experienciadevida.com.ar\/portalurbano\/las-actividades-de-agosto-en-punto-digital\/\"]}]},{\"@type\":\"BreadcrumbList\",\"@id\":\"https:\/\/experienciadevida.com.ar\/portalurbano\/las-actividades-de-agosto-en-punto-digital\/#breadcrumb\",\"itemListElement\":[{\"@type\":\"ListItem\",\"position\":1,\"name\":\"Portada\",\"item\":\"https:\/\/experienciadevida.com.ar\/portalurbano\/\"},{\"@type\":\"ListItem\",\"position\":2,\"name\":\"Las actividades de agosto en punto digital\"}]},{\"@type\":\"WebSite\",\"@id\":\"https:\/\/experienciadevida.com.ar\/portalurbano\/#website\",\"url\":\"https:\/\/experienciadevida.com.ar\/portalurbano\/\",\"name\":\"\",\"description\":\"\",\"publisher\":{\"@id\":\"https:\/\/experienciadevida.com.ar\/portalurbano\/#organization\"},\"potentialAction\":[{\"@type\":\"SearchAction\",\"target\":{\"@type\":\"EntryPoint\",\"urlTemplate\":\"https:\/\/experienciadevida.com.ar\/portalurbano\/?s={search_term_string}\"},\"query-input\":\"required name=search_term_string\"}],\"inLanguage\":\"es\"},{\"@type\":\"Organization\",\"@id\":\"https:\/\/experienciadevida.com.ar\/portalurbano\/#organization\",\"name\":\"Portal Urbano\",\"url\":\"https:\/\/experienciadevida.com.ar\/portalurbano\/\",\"logo\":{\"@type\":\"ImageObject\",\"inLanguage\":\"es\",\"@id\":\"https:\/\/experienciadevida.com.ar\/portalurbano\/#\/schema\/logo\/image\/\",\"url\":\"https:\/\/experienciadevida.com.ar\/portalurbano\/wp-content\/uploads\/2019\/09\/Logo-Original.png\",\"contentUrl\":\"https:\/\/experienciadevida.com.ar\/portalurbano\/wp-content\/uploads\/2019\/09\/Logo-Original.png\",\"width\":2236,\"height\":1216,\"caption\":\"Portal Urbano\"},\"image\":{\"@id\":\"https:\/\/experienciadevida.com.ar\/portalurbano\/#\/schema\/logo\/image\/\"},\"sameAs\":[\"https:\/\/www.facebook.com\/Portal-Urbano-171542830093757\/\",\"https:\/\/twitter.com\/portalurbanook\",\"https:\/\/www.instagram.com\/_portalurbano\/\",\"https:\/\/www.youtube.com\/channel\/UCXhagIfszH8KxFiOok79zbA?view_as=subscriber\"]},{\"@type\":\"Person\",\"@id\":\"https:\/\/experienciadevida.com.ar\/portalurbano\/#\/schema\/person\/02dd326b1c4b056e9cc972486934a3a7\",\"name\":\"admpu17wp\",\"image\":{\"@type\":\"ImageObject\",\"inLanguage\":\"es\",\"@id\":\"https:\/\/experienciadevida.com.ar\/portalurbano\/#\/schema\/person\/image\/\",\"url\":\"https:\/\/secure.gravatar.com\/avatar\/830d4c57adaae6630765e449a6908047?s=96&d=mm&r=g\",\"contentUrl\":\"https:\/\/secure.gravatar.com\/avatar\/830d4c57adaae6630765e449a6908047?s=96&d=mm&r=g\",\"caption\":\"admpu17wp\"}}]}<\/script>\n<!-- \/ Yoast SEO plugin. -->","yoast_head_json":{"title":"Las actividades de agosto en punto digital","description":"Las actividades de agosto en punto digital, desde la Direcci\u00f3n de Educaci\u00f3n de la Municipalidad de Olavarr\u00eda se informa","robots":{"index":"index","follow":"follow","max-snippet":"max-snippet:-1","max-image-preview":"max-image-preview:large","max-video-preview":"max-video-preview:-1"},"canonical":"https:\/\/experienciadevida.com.ar\/portalurbano\/las-actividades-de-agosto-en-punto-digital\/","og_locale":"es_ES","og_type":"article","og_title":"Las actividades de agosto en punto digital","og_description":"Las actividades de agosto en punto digital, desde la Direcci\u00f3n de Educaci\u00f3n de la Municipalidad de Olavarr\u00eda se informa","og_url":"https:\/\/experienciadevida.com.ar\/portalurbano\/las-actividades-de-agosto-en-punto-digital\/","article_publisher":"https:\/\/www.facebook.com\/Portal-Urbano-171542830093757\/","article_published_time":"2022-08-04T12:33:47+00:00","article_modified_time":"2022-08-04T12:37:13+00:00","og_image":[{"width":640,"height":427,"url":"https:\/\/experienciadevida.com.ar\/portalurbano\/wp-content\/uploads\/2019\/09\/PUNTO-DIGITAL.jpg","type":"image\/jpeg"}],"author":"admpu17wp","twitter_card":"summary_large_image","twitter_creator":"@portalurbanook","twitter_site":"@portalurbanook","twitter_misc":{"Escrito por":"admpu17wp","Tiempo de lectura":"1 minuto"},"schema":{"@context":"https:\/\/schema.org","@graph":[{"@type":"Article","@id":"https:\/\/experienciadevida.com.ar\/portalurbano\/las-actividades-de-agosto-en-punto-digital\/#article","isPartOf":{"@id":"https:\/\/experienciadevida.com.ar\/portalurbano\/las-actividades-de-agosto-en-punto-digital\/"},"author":{"name":"admpu17wp","@id":"https:\/\/experienciadevida.com.ar\/portalurbano\/#\/schema\/person\/02dd326b1c4b056e9cc972486934a3a7"},"headline":"Las actividades de agosto en punto digital","datePublished":"2022-08-04T12:33:47+00:00","dateModified":"2022-08-04T12:37:13+00:00","mainEntityOfPage":{"@id":"https:\/\/experienciadevida.com.ar\/portalurbano\/las-actividades-de-agosto-en-punto-digital\/"},"wordCount":228,"publisher":{"@id":"https:\/\/experienciadevida.com.ar\/portalurbano\/#organization"},"articleSection":["Ciudad","Destacadas 2"],"inLanguage":"es"},{"@type":"WebPage","@id":"https:\/\/experienciadevida.com.ar\/portalurbano\/las-actividades-de-agosto-en-punto-digital\/","url":"https:\/\/experienciadevida.com.ar\/portalurbano\/las-actividades-de-agosto-en-punto-digital\/","name":"Las actividades de agosto en punto digital","isPartOf":{"@id":"https:\/\/experienciadevida.com.ar\/portalurbano\/#website"},"datePublished":"2022-08-04T12:33:47+00:00","dateModified":"2022-08-04T12:37:13+00:00","description":"Las actividades de agosto en punto digital, desde la Direcci\u00f3n de Educaci\u00f3n de la Municipalidad de Olavarr\u00eda se informa","breadcrumb":{"@id":"https:\/\/experienciadevida.com.ar\/portalurbano\/las-actividades-de-agosto-en-punto-digital\/#breadcrumb"},"inLanguage":"es","potentialAction":[{"@type":"ReadAction","target":["https:\/\/experienciadevida.com.ar\/portalurbano\/las-actividades-de-agosto-en-punto-digital\/"]}]},{"@type":"BreadcrumbList","@id":"https:\/\/experienciadevida.com.ar\/portalurbano\/las-actividades-de-agosto-en-punto-digital\/#breadcrumb","itemListElement":[{"@type":"ListItem","position":1,"name":"Portada","item":"https:\/\/experienciadevida.com.ar\/portalurbano\/"},{"@type":"ListItem","position":2,"name":"Las actividades de agosto en punto digital"}]},{"@type":"WebSite","@id":"https:\/\/experienciadevida.com.ar\/portalurbano\/#website","url":"https:\/\/experienciadevida.com.ar\/portalurbano\/","name":"","description":"","publisher":{"@id":"https:\/\/experienciadevida.com.ar\/portalurbano\/#organization"},"potentialAction":[{"@type":"SearchAction","target":{"@type":"EntryPoint","urlTemplate":"https:\/\/experienciadevida.com.ar\/portalurbano\/?s={search_term_string}"},"query-input":"required name=search_term_string"}],"inLanguage":"es"},{"@type":"Organization","@id":"https:\/\/experienciadevida.com.ar\/portalurbano\/#organization","name":"Portal Urbano","url":"https:\/\/experienciadevida.com.ar\/portalurbano\/","logo":{"@type":"ImageObject","inLanguage":"es","@id":"https:\/\/experienciadevida.com.ar\/portalurbano\/#\/schema\/logo\/image\/","url":"https:\/\/experienciadevida.com.ar\/portalurbano\/wp-content\/uploads\/2019\/09\/Logo-Original.png","contentUrl":"https:\/\/experienciadevida.com.ar\/portalurbano\/wp-content\/uploads\/2019\/09\/Logo-Original.png","width":2236,"height":1216,"caption":"Portal Urbano"},"image":{"@id":"https:\/\/experienciadevida.com.ar\/portalurbano\/#\/schema\/logo\/image\/"},"sameAs":["https:\/\/www.facebook.com\/Portal-Urbano-171542830093757\/","https:\/\/twitter.com\/portalurbanook","https:\/\/www.instagram.com\/_portalurbano\/","https:\/\/www.youtube.com\/channel\/UCXhagIfszH8KxFiOok79zbA?view_as=subscriber"]},{"@type":"Person","@id":"https:\/\/experienciadevida.com.ar\/portalurbano\/#\/schema\/person\/02dd326b1c4b056e9cc972486934a3a7","name":"admpu17wp","image":{"@type":"ImageObject","inLanguage":"es","@id":"https:\/\/experienciadevida.com.ar\/portalurbano\/#\/schema\/person\/image\/","url":"https:\/\/secure.gravatar.com\/avatar\/830d4c57adaae6630765e449a6908047?s=96&d=mm&r=g","contentUrl":"https:\/\/secure.gravatar.com\/avatar\/830d4c57adaae6630765e449a6908047?s=96&d=mm&r=g","caption":"admpu17wp"}}]}},"featured_image_urls":{"full":["https:\/\/experienciadevida.com.ar\/portalurbano\/wp-content\/uploads\/2019\/09\/PUNTO-DIGITAL.jpg",640,427,false],"thumbnail":["https:\/\/experienciadevida.com.ar\/portalurbano\/wp-content\/uploads\/2019\/09\/PUNTO-DIGITAL-150x150.jpg",150,150,true],"medium":["https:\/\/experienciadevida.com.ar\/portalurbano\/wp-content\/uploads\/2019\/09\/PUNTO-DIGITAL-300x200.jpg",300,200,true],"medium_large":["https:\/\/experienciadevida.com.ar\/portalurbano\/wp-content\/uploads\/2019\/09\/PUNTO-DIGITAL.jpg",640,427,false],"large":["https:\/\/experienciadevida.com.ar\/portalurbano\/wp-content\/uploads\/2019\/09\/PUNTO-DIGITAL.jpg",640,427,false],"ug_big":["https:\/\/experienciadevida.com.ar\/portalurbano\/wp-content\/uploads\/2019\/09\/PUNTO-DIGITAL.jpg",640,427,false],"1536x1536":["https:\/\/experienciadevida.com.ar\/portalurbano\/wp-content\/uploads\/2019\/09\/PUNTO-DIGITAL.jpg",640,427,false],"2048x2048":["https:\/\/experienciadevida.com.ar\/portalurbano\/wp-content\/uploads\/2019\/09\/PUNTO-DIGITAL.jpg",640,427,false],"newsever-slider-full":["https:\/\/experienciadevida.com.ar\/portalurbano\/wp-content\/uploads\/2019\/09\/PUNTO-DIGITAL.jpg",640,427,false],"newsever-featured":["https:\/\/experienciadevida.com.ar\/portalurbano\/wp-content\/uploads\/2019\/09\/PUNTO-DIGITAL.jpg",640,427,false],"newsever-medium":["https:\/\/experienciadevida.com.ar\/portalurbano\/wp-content\/uploads\/2019\/09\/PUNTO-DIGITAL.jpg",640,427,false],"web-stories-poster-portrait":["https:\/\/experienciadevida.com.ar\/portalurbano\/wp-content\/uploads\/2019\/09\/PUNTO-DIGITAL.jpg",640,427,false],"web-stories-publisher-logo":["https:\/\/experienciadevida.com.ar\/portalurbano\/wp-content\/uploads\/2019\/09\/PUNTO-DIGITAL.jpg",96,64,false],"web-stories-thumbnail":["https:\/\/experienciadevida.com.ar\/portalurbano\/wp-content\/uploads\/2019\/09\/PUNTO-DIGITAL.jpg",150,100,false]},"author_info":{"display_name":"admpu17wp","author_link":"https:\/\/experienciadevida.com.ar\/portalurbano\/author\/admpu17wp\/"},"category_info":"<a href=\"https:\/\/experienciadevida.com.ar\/portalurbano\/category\/ciudad\/\" rel=\"category tag\">Ciudad<\/a> <a href=\"https:\/\/experienciadevida.com.ar\/portalurbano\/category\/destacadas-2\/\" rel=\"category tag\">Destacadas 2<\/a>","tag_info":"Destacadas 2","comment_count":"0","amp_enabled":true,"_links":{"self":[{"href":"https:\/\/experienciadevida.com.ar\/portalurbano\/wp-json\/wp\/v2\/posts\/172639"}],"collection":[{"href":"https:\/\/experienciadevida.com.ar\/portalurbano\/wp-json\/wp\/v2\/posts"}],"about":[{"href":"https:\/\/experienciadevida.com.ar\/portalurbano\/wp-json\/wp\/v2\/types\/post"}],"author":[{"embeddable":true,"href":"https:\/\/experienciadevida.com.ar\/portalurbano\/wp-json\/wp\/v2\/users\/1"}],"replies":[{"embeddable":true,"href":"https:\/\/experienciadevida.com.ar\/portalurbano\/wp-json\/wp\/v2\/comments?post=172639"}],"version-history":[{"count":2,"href":"https:\/\/experienciadevida.com.ar\/portalurbano\/wp-json\/wp\/v2\/posts\/172639\/revisions"}],"predecessor-version":[{"id":172641,"href":"https:\/\/experienciadevida.com.ar\/portalurbano\/wp-json\/wp\/v2\/posts\/172639\/revisions\/172641"}],"wp:featuredmedia":[{"embeddable":true,"href":"https:\/\/experienciadevida.com.ar\/portalurbano\/wp-json\/wp\/v2\/media\/85394"}],"wp:attachment":[{"href":"https:\/\/experienciadevida.com.ar\/portalurbano\/wp-json\/wp\/v2\/media?parent=172639"}],"wp:term":[{"taxonomy":"category","embeddable":true,"href":"https:\/\/experienciadevida.com.ar\/portalurbano\/wp-json\/wp\/v2\/categories?post=172639"},{"taxonomy":"post_tag","embeddable":true,"href":"https:\/\/experienciadevida.com.ar\/portalurbano\/wp-json\/wp\/v2\/tags?post=172639"}],"curies":[{"name":"wp","href":"https:\/\/api.w.org\/{rel}","templated":true}]}}