{"id":172615,"date":"2022-08-03T15:02:11","date_gmt":"2022-08-03T18:02:11","guid":{"rendered":"https:\/\/experienciadevida.com.ar\/portalurbano\/?p=172615"},"modified":"2022-08-03T15:02:35","modified_gmt":"2022-08-03T18:02:35","slug":"la-fio-logro-posicionarse-en-la-cumbre-latinoamericana-de-movilidad-electrica","status":"publish","type":"post","link":"https:\/\/experienciadevida.com.ar\/portalurbano\/la-fio-logro-posicionarse-en-la-cumbre-latinoamericana-de-movilidad-electrica\/","title":{"rendered":"La FIO logr\u00f3 posicionarse en la cumbre latinoamericana de movilidad el\u00e9ctrica"},"content":{"rendered":"<p>La <a href=\"https:\/\/www.facebook.com\/FIO.UNICEN\">FIO<\/a> logr\u00f3 posicionarse en la cumbre latinoamericana de movilidad el\u00e9ctrica, el encuentro fue en Colombia y genera oportunidades.<\/p>\n<p>Colombia ampli\u00f3 las posibilidades de investigaci\u00f3n y desarrollo tecnol\u00f3gico que ya de por s\u00ed viene realizando la Facultad de Ingenier\u00eda en Olavarr\u00eda con respecto a la electromovilidad. El pa\u00eds caribe\u00f1o tambi\u00e9n gener\u00f3 la antesala de un posible acuerdo con el proyecto ORION, que alienta el dise\u00f1o de veh\u00edculos solares y busca competir en el Mundial de Australia; y all\u00ed es donde la FIO podr\u00eda convertirse en \u201ccopiloto\u201d de la propuesta. Todo fue en el marco de la cumbre latinoamericana de movilidad el\u00e9ctrica organizada por \u201cInvest in Latam\u201d bajo su iniciativa de \u201cLatam mobility\u201d, reconocida por ser la comunidad l\u00edder de movilidad sostenible de Am\u00e9rica latina y el Caribe.<\/p>\n<p>Uno de los objetivos m\u00e1s importantes de este encuentro, realizado en el Jard\u00edn bot\u00e1nico de Medell\u00edn, fue reunir a los l\u00edderes m\u00e1s destacados de la pol\u00edtica, los negocios, la academia y la sociedad en general para impulsar la agenda de transformaci\u00f3n regional. La FIO tambi\u00e9n estuvo presente, representada por Nicol\u00e1s Brizzio, que cursa el \u00faltimo a\u00f1o de Ingenier\u00eda Electromec\u00e1nica y exhibe una dilatada trayectoria en el campo de la movilidad sustentable.<br \/>\n\u201cColombia y Chile tienen objetivos ambiciosos en la adopci\u00f3n de veh\u00edculos el\u00e9ctricos y pol\u00edticas s\u00f3lidas para el impulso de los combustibles limpios, por lo cual fue un encuentro clave para el desarrollo del sector en la regi\u00f3n\u201d, explic\u00f3 el joven.<\/p>\n<p>Los ejes de discusi\u00f3n m\u00e1s importantes abordados en dicho evento estuvieron centrados en las pol\u00edticas p\u00fablicas de incentivos para la compra de veh\u00edculos el\u00e9ctricos y la regulaci\u00f3n para unidades de movilidad personal.<\/p>\n<p>Asimismo, se hizo hincapi\u00e9 en quienes tienen responsabilidad de gesti\u00f3n p\u00fablica y privada, sean legisladores o directores ejecutivos; y en los responsables de la formaci\u00f3n de recursos humanos en las universidades. \u201cTienen que estar abiertos a las nuevas tecnolog\u00edas que ya son parte de la realidad. Las universidades con proyectos innovadores y vanguardistas tienen que articular con el sector privado para transferir esas tecnolog\u00edas\u201d, argument\u00f3 el representante de la FIO.<\/p>\n<p><a href=\"https:\/\/experienciadevida.com.ar\/portalurbano\/la-fio-logro-posicionarse-en-la-cumbre-latinoamericana-de-movilidad-electrica\/la-23\/\" rel=\"attachment wp-att-172617\"><img decoding=\"async\" class=\"alignnone size-full wp-image-172617\" src=\"https:\/\/experienciadevida.com.ar\/portalurbano\/wp-content\/uploads\/2022\/08\/La.jpg\" alt=\"La \" width=\"800\" height=\"400\" srcset=\"https:\/\/experienciadevida.com.ar\/portalurbano\/wp-content\/uploads\/2022\/08\/La.jpg 800w, https:\/\/experienciadevida.com.ar\/portalurbano\/wp-content\/uploads\/2022\/08\/La-300x150.jpg 300w, https:\/\/experienciadevida.com.ar\/portalurbano\/wp-content\/uploads\/2022\/08\/La-768x384.jpg 768w, https:\/\/experienciadevida.com.ar\/portalurbano\/wp-content\/uploads\/2022\/08\/La-150x75.jpg 150w\" sizes=\"(max-width: 800px) 100vw, 800px\" \/><\/a><\/p>\n<p>La FIO logr\u00f3 posicionarse en la cumbre latinoamericana de movilidad el\u00e9ctrica, en medio de ese escenario, la econom\u00eda circular tambi\u00e9n cobra protagonismo, haciendo foco en \u201cla conversi\u00f3n de veh\u00edculos bajo el concepto de RETROFIT y mediante acuerdos p\u00fablicos-privados para proponer lugares estrat\u00e9gicos de instalaci\u00f3n de cargadores p\u00fablicos para veh\u00edculos el\u00e9ctricos\u201d, observ\u00f3 el olavarriense.<\/p>\n<p>Hacer el anclaje local:<\/p>\n<p>El desembarco de Nicol\u00e1s Brizzio en la cumbre latinoamericana de movilidad el\u00e9ctrica no fue casual. En enero de 2020 fue invitado a participar del ciclo de seminarios \u201cTransici\u00f3n hacia una movilidad sostenible\u201d, organizado por la Universidad Tecnol\u00f3gica metropolitana y la Universidad Federico Santa Mar\u00eda, en Chile.<\/p>\n<p>All\u00ed supo que en abril del 2020 se har\u00eda el primer Encuentro latinoamericano de movilidad sostenible en Medell\u00edn, pero sus intenciones de sumarse se vieron frenadas por la pandemia. \u201cS\u00ed tuve la posibilidad de participar de los eventos virtuales organizados por Latam Mobility y dos a\u00f1os m\u00e1s tarde, cuando las condiciones sanitarias lo permitieron, recib\u00ed la invitaci\u00f3n y pude asistir de forma presencial\u201d, destac\u00f3 el joven.<\/p>\n<p>\u00bfEl balance? \u201cMuy enriquecedor para mi formaci\u00f3n ya que los temas que se abordaron son de inter\u00e9s de nuestro grupo de trabajo en la FIO. Luego del viaje nos reunimos con nuestro equipo y comenzamos a trabajar en algunas l\u00edneas de acci\u00f3n que fueron motivo del viaje\u201d, afirm\u00f3 Brizzio.<\/p>\n<p>\u00bfA qu\u00e9 se apunta? \u201cA la infraestructura de carga p\u00fablica, que son cargadores para veh\u00edculos el\u00e9ctricos de uso p\u00fablico. Es una l\u00ednea que tambi\u00e9n trabaja Colombia. Sin una red el\u00e9ctrica preparada desde aspectos t\u00e9cnicos y de seguridad el\u00e9ctrica tampoco ser\u00e1 r\u00e1pida la transici\u00f3n hacia la electrificaci\u00f3n del transporte\u201d, referenci\u00f3 el estudiante.<\/p>\n<p>No obstante, hay una ventaja comparativa desde el punto de vista institucional: la Facultad de Ingenier\u00eda ya estaba en sinton\u00eda con las exigencias que demanda la transici\u00f3n energ\u00e9tica en cuanto a investigaci\u00f3n y avances tecnol\u00f3gicos asociados a la movilidad el\u00e9ctrica.<\/p>\n<p>\u201cDesde la participaci\u00f3n del Pampa Solar en el desaf\u00edo solar de Atacama en 2011, la tecnolog\u00eda desarrollada en los laboratorios de la FIO es de las m\u00e1s innovadoras y modernas que se pueden encontrar en veh\u00edculos el\u00e9ctricos utilizados como plataforma de investigaci\u00f3n\u201d, valor\u00f3 Brizzio.<\/p>\n<p><strong>La decisi\u00f3n de estar en carrera:<\/strong><\/p>\n<p>La FIO logr\u00f3 posicionarse en la cumbre latinoamericana de movilidad el\u00e9ctrica, &#8220;la Argentina es uno de los pa\u00edses m\u00e1s retrasados del cono sur en materia de electromovilidad\u201d, remarc\u00f3 el joven que elige mantener una mirada optimista y ver que \u201cesa puede ser una gran oportunidad que nos puede permitir ser punta de lanza en normativa de conversiones\u201d dado que el pa\u00eds \u201ctendr\u00e1 su transici\u00f3n hacia la electromovilidad de la mano de las conversiones y revalorizando los veh\u00edculos que est\u00e1n destinados al olvido\u201d.<\/p>\n<p>En Medell\u00edn, se reuni\u00f3 con referentes del proyecto ORION SOLAR CAR, motorizado por un grupo de 25 j\u00f3venes colombianos que promueven el desarrollo de un veh\u00edculo impulsado por energ\u00eda solar con el objetivo de competir en el Mundial de autos solares en Australia, en 2023.<\/p>\n<p>\u201cEl equipo ORION est\u00e1 integrado por estudiantes de diferentes ingenier\u00edas y de diferentes universidades de la regi\u00f3n de Antioquia, que centran sus actividades en la Corporaci\u00f3n Universitaria de Sabaneta\u201d, indic\u00f3 Brizzio con entusiasmo. En ese intercambio, \u201cpudimos compartir experiencias y mostrarles algunos de nuestros desarrollos en b\u00fasqueda de un acuerdo de colaboraci\u00f3n\u201d.<\/p>\n<p>Esa alianza la permitir\u00eda a la FIO poner a prueba \u201cnuestros desarrollos tecnol\u00f3gicos en su veh\u00edculo solar y as\u00ed volver a competir en el circuito mundial de veh\u00edculos solares, pero esta vez desde el asiento del acompa\u00f1ante poniendo a prueba tecnolog\u00eda argentina ante los ojos del mundo\u201d, expuso sobre el final Nicol\u00e1s Brizzio, con la expectativa de tejer lazos firmes y estar en la misma l\u00ednea de largada que sus pares de Colombia.<\/p>\n<p>&nbsp;<\/p>\n","protected":false},"excerpt":{"rendered":"<p>La FIO logr\u00f3 posicionarse en la cumbre latinoamericana de movilidad el\u00e9ctrica, el encuentro fue en&#8230;<\/p>\n","protected":false},"author":1,"featured_media":172616,"comment_status":"closed","ping_status":"closed","sticky":false,"template":"","format":"standard","meta":{"content-type":""},"categories":[31],"tags":[],"nelio_content":{"isAutoShareEnabled":false,"autoShareEndMode":"default","automationSources":{"useContentSentences":true,"useSocialTemplates":true,"useCustomSentences":false,"customSentences":[]},"followers":[1],"suggestedReferences":[],"includedReferences":[],"efiUrl":"","efiAlt":"","highlights":[]},"yoast_head":"<!-- This site is optimized with the Yoast SEO plugin v20.7 - https:\/\/yoast.com\/wordpress\/plugins\/seo\/ -->\n<title>La FIO logr\u00f3 posicionarse en la cumbre latinoamericana de movilidad el\u00e9ctrica -<\/title>\n<meta name=\"robots\" content=\"index, follow, max-snippet:-1, max-image-preview:large, max-video-preview:-1\" \/>\n<link rel=\"canonical\" href=\"https:\/\/experienciadevida.com.ar\/portalurbano\/la-fio-logro-posicionarse-en-la-cumbre-latinoamericana-de-movilidad-electrica\/\" \/>\n<meta property=\"og:locale\" content=\"es_ES\" \/>\n<meta property=\"og:type\" content=\"article\" \/>\n<meta property=\"og:title\" content=\"La FIO logr\u00f3 posicionarse en la cumbre latinoamericana de movilidad el\u00e9ctrica -\" \/>\n<meta property=\"og:description\" content=\"La FIO logr\u00f3 posicionarse en la cumbre latinoamericana de movilidad el\u00e9ctrica, el encuentro fue en...\" \/>\n<meta property=\"og:url\" content=\"https:\/\/experienciadevida.com.ar\/portalurbano\/la-fio-logro-posicionarse-en-la-cumbre-latinoamericana-de-movilidad-electrica\/\" \/>\n<meta property=\"article:publisher\" content=\"https:\/\/www.facebook.com\/Portal-Urbano-171542830093757\/\" \/>\n<meta property=\"article:published_time\" content=\"2022-08-03T18:02:11+00:00\" \/>\n<meta property=\"article:modified_time\" content=\"2022-08-03T18:02:35+00:00\" \/>\n<meta property=\"og:image\" content=\"https:\/\/experienciadevida.com.ar\/portalurbano\/wp-content\/uploads\/2022\/08\/La-FIO-logro-posicionarse.jpg\" \/>\n\t<meta property=\"og:image:width\" content=\"1056\" \/>\n\t<meta property=\"og:image:height\" content=\"620\" \/>\n\t<meta property=\"og:image:type\" content=\"image\/jpeg\" \/>\n<meta name=\"author\" content=\"admpu17wp\" \/>\n<meta name=\"twitter:card\" content=\"summary_large_image\" \/>\n<meta name=\"twitter:creator\" content=\"@portalurbanook\" \/>\n<meta name=\"twitter:site\" content=\"@portalurbanook\" \/>\n<meta name=\"twitter:label1\" content=\"Escrito por\" \/>\n\t<meta name=\"twitter:data1\" content=\"admpu17wp\" \/>\n\t<meta name=\"twitter:label2\" content=\"Tiempo de lectura\" \/>\n\t<meta name=\"twitter:data2\" content=\"5 minutos\" \/>\n<script type=\"application\/ld+json\" class=\"yoast-schema-graph\">{\"@context\":\"https:\/\/schema.org\",\"@graph\":[{\"@type\":\"Article\",\"@id\":\"https:\/\/experienciadevida.com.ar\/portalurbano\/la-fio-logro-posicionarse-en-la-cumbre-latinoamericana-de-movilidad-electrica\/#article\",\"isPartOf\":{\"@id\":\"https:\/\/experienciadevida.com.ar\/portalurbano\/la-fio-logro-posicionarse-en-la-cumbre-latinoamericana-de-movilidad-electrica\/\"},\"author\":{\"name\":\"admpu17wp\",\"@id\":\"https:\/\/experienciadevida.com.ar\/portalurbano\/#\/schema\/person\/02dd326b1c4b056e9cc972486934a3a7\"},\"headline\":\"La FIO logr\u00f3 posicionarse en la cumbre latinoamericana de movilidad el\u00e9ctrica\",\"datePublished\":\"2022-08-03T18:02:11+00:00\",\"dateModified\":\"2022-08-03T18:02:35+00:00\",\"mainEntityOfPage\":{\"@id\":\"https:\/\/experienciadevida.com.ar\/portalurbano\/la-fio-logro-posicionarse-en-la-cumbre-latinoamericana-de-movilidad-electrica\/\"},\"wordCount\":1080,\"publisher\":{\"@id\":\"https:\/\/experienciadevida.com.ar\/portalurbano\/#organization\"},\"articleSection\":[\"Educaci\u00f3n\"],\"inLanguage\":\"es\"},{\"@type\":\"WebPage\",\"@id\":\"https:\/\/experienciadevida.com.ar\/portalurbano\/la-fio-logro-posicionarse-en-la-cumbre-latinoamericana-de-movilidad-electrica\/\",\"url\":\"https:\/\/experienciadevida.com.ar\/portalurbano\/la-fio-logro-posicionarse-en-la-cumbre-latinoamericana-de-movilidad-electrica\/\",\"name\":\"La FIO logr\u00f3 posicionarse en la cumbre latinoamericana de movilidad el\u00e9ctrica -\",\"isPartOf\":{\"@id\":\"https:\/\/experienciadevida.com.ar\/portalurbano\/#website\"},\"datePublished\":\"2022-08-03T18:02:11+00:00\",\"dateModified\":\"2022-08-03T18:02:35+00:00\",\"breadcrumb\":{\"@id\":\"https:\/\/experienciadevida.com.ar\/portalurbano\/la-fio-logro-posicionarse-en-la-cumbre-latinoamericana-de-movilidad-electrica\/#breadcrumb\"},\"inLanguage\":\"es\",\"potentialAction\":[{\"@type\":\"ReadAction\",\"target\":[\"https:\/\/experienciadevida.com.ar\/portalurbano\/la-fio-logro-posicionarse-en-la-cumbre-latinoamericana-de-movilidad-electrica\/\"]}]},{\"@type\":\"BreadcrumbList\",\"@id\":\"https:\/\/experienciadevida.com.ar\/portalurbano\/la-fio-logro-posicionarse-en-la-cumbre-latinoamericana-de-movilidad-electrica\/#breadcrumb\",\"itemListElement\":[{\"@type\":\"ListItem\",\"position\":1,\"name\":\"Portada\",\"item\":\"https:\/\/experienciadevida.com.ar\/portalurbano\/\"},{\"@type\":\"ListItem\",\"position\":2,\"name\":\"La FIO logr\u00f3 posicionarse en la cumbre latinoamericana de movilidad el\u00e9ctrica\"}]},{\"@type\":\"WebSite\",\"@id\":\"https:\/\/experienciadevida.com.ar\/portalurbano\/#website\",\"url\":\"https:\/\/experienciadevida.com.ar\/portalurbano\/\",\"name\":\"\",\"description\":\"\",\"publisher\":{\"@id\":\"https:\/\/experienciadevida.com.ar\/portalurbano\/#organization\"},\"potentialAction\":[{\"@type\":\"SearchAction\",\"target\":{\"@type\":\"EntryPoint\",\"urlTemplate\":\"https:\/\/experienciadevida.com.ar\/portalurbano\/?s={search_term_string}\"},\"query-input\":\"required name=search_term_string\"}],\"inLanguage\":\"es\"},{\"@type\":\"Organization\",\"@id\":\"https:\/\/experienciadevida.com.ar\/portalurbano\/#organization\",\"name\":\"Portal Urbano\",\"url\":\"https:\/\/experienciadevida.com.ar\/portalurbano\/\",\"logo\":{\"@type\":\"ImageObject\",\"inLanguage\":\"es\",\"@id\":\"https:\/\/experienciadevida.com.ar\/portalurbano\/#\/schema\/logo\/image\/\",\"url\":\"https:\/\/experienciadevida.com.ar\/portalurbano\/wp-content\/uploads\/2019\/09\/Logo-Original.png\",\"contentUrl\":\"https:\/\/experienciadevida.com.ar\/portalurbano\/wp-content\/uploads\/2019\/09\/Logo-Original.png\",\"width\":2236,\"height\":1216,\"caption\":\"Portal Urbano\"},\"image\":{\"@id\":\"https:\/\/experienciadevida.com.ar\/portalurbano\/#\/schema\/logo\/image\/\"},\"sameAs\":[\"https:\/\/www.facebook.com\/Portal-Urbano-171542830093757\/\",\"https:\/\/twitter.com\/portalurbanook\",\"https:\/\/www.instagram.com\/_portalurbano\/\",\"https:\/\/www.youtube.com\/channel\/UCXhagIfszH8KxFiOok79zbA?view_as=subscriber\"]},{\"@type\":\"Person\",\"@id\":\"https:\/\/experienciadevida.com.ar\/portalurbano\/#\/schema\/person\/02dd326b1c4b056e9cc972486934a3a7\",\"name\":\"admpu17wp\",\"image\":{\"@type\":\"ImageObject\",\"inLanguage\":\"es\",\"@id\":\"https:\/\/experienciadevida.com.ar\/portalurbano\/#\/schema\/person\/image\/\",\"url\":\"https:\/\/secure.gravatar.com\/avatar\/830d4c57adaae6630765e449a6908047?s=96&d=mm&r=g\",\"contentUrl\":\"https:\/\/secure.gravatar.com\/avatar\/830d4c57adaae6630765e449a6908047?s=96&d=mm&r=g\",\"caption\":\"admpu17wp\"}}]}<\/script>\n<!-- \/ Yoast SEO plugin. -->","yoast_head_json":{"title":"La FIO logr\u00f3 posicionarse en la cumbre latinoamericana de movilidad el\u00e9ctrica -","robots":{"index":"index","follow":"follow","max-snippet":"max-snippet:-1","max-image-preview":"max-image-preview:large","max-video-preview":"max-video-preview:-1"},"canonical":"https:\/\/experienciadevida.com.ar\/portalurbano\/la-fio-logro-posicionarse-en-la-cumbre-latinoamericana-de-movilidad-electrica\/","og_locale":"es_ES","og_type":"article","og_title":"La FIO logr\u00f3 posicionarse en la cumbre latinoamericana de movilidad el\u00e9ctrica -","og_description":"La FIO logr\u00f3 posicionarse en la cumbre latinoamericana de movilidad el\u00e9ctrica, el encuentro fue en...","og_url":"https:\/\/experienciadevida.com.ar\/portalurbano\/la-fio-logro-posicionarse-en-la-cumbre-latinoamericana-de-movilidad-electrica\/","article_publisher":"https:\/\/www.facebook.com\/Portal-Urbano-171542830093757\/","article_published_time":"2022-08-03T18:02:11+00:00","article_modified_time":"2022-08-03T18:02:35+00:00","og_image":[{"width":1056,"height":620,"url":"https:\/\/experienciadevida.com.ar\/portalurbano\/wp-content\/uploads\/2022\/08\/La-FIO-logro-posicionarse.jpg","type":"image\/jpeg"}],"author":"admpu17wp","twitter_card":"summary_large_image","twitter_creator":"@portalurbanook","twitter_site":"@portalurbanook","twitter_misc":{"Escrito por":"admpu17wp","Tiempo de lectura":"5 minutos"},"schema":{"@context":"https:\/\/schema.org","@graph":[{"@type":"Article","@id":"https:\/\/experienciadevida.com.ar\/portalurbano\/la-fio-logro-posicionarse-en-la-cumbre-latinoamericana-de-movilidad-electrica\/#article","isPartOf":{"@id":"https:\/\/experienciadevida.com.ar\/portalurbano\/la-fio-logro-posicionarse-en-la-cumbre-latinoamericana-de-movilidad-electrica\/"},"author":{"name":"admpu17wp","@id":"https:\/\/experienciadevida.com.ar\/portalurbano\/#\/schema\/person\/02dd326b1c4b056e9cc972486934a3a7"},"headline":"La FIO logr\u00f3 posicionarse en la cumbre latinoamericana de movilidad el\u00e9ctrica","datePublished":"2022-08-03T18:02:11+00:00","dateModified":"2022-08-03T18:02:35+00:00","mainEntityOfPage":{"@id":"https:\/\/experienciadevida.com.ar\/portalurbano\/la-fio-logro-posicionarse-en-la-cumbre-latinoamericana-de-movilidad-electrica\/"},"wordCount":1080,"publisher":{"@id":"https:\/\/experienciadevida.com.ar\/portalurbano\/#organization"},"articleSection":["Educaci\u00f3n"],"inLanguage":"es"},{"@type":"WebPage","@id":"https:\/\/experienciadevida.com.ar\/portalurbano\/la-fio-logro-posicionarse-en-la-cumbre-latinoamericana-de-movilidad-electrica\/","url":"https:\/\/experienciadevida.com.ar\/portalurbano\/la-fio-logro-posicionarse-en-la-cumbre-latinoamericana-de-movilidad-electrica\/","name":"La FIO logr\u00f3 posicionarse en la cumbre latinoamericana de movilidad el\u00e9ctrica -","isPartOf":{"@id":"https:\/\/experienciadevida.com.ar\/portalurbano\/#website"},"datePublished":"2022-08-03T18:02:11+00:00","dateModified":"2022-08-03T18:02:35+00:00","breadcrumb":{"@id":"https:\/\/experienciadevida.com.ar\/portalurbano\/la-fio-logro-posicionarse-en-la-cumbre-latinoamericana-de-movilidad-electrica\/#breadcrumb"},"inLanguage":"es","potentialAction":[{"@type":"ReadAction","target":["https:\/\/experienciadevida.com.ar\/portalurbano\/la-fio-logro-posicionarse-en-la-cumbre-latinoamericana-de-movilidad-electrica\/"]}]},{"@type":"BreadcrumbList","@id":"https:\/\/experienciadevida.com.ar\/portalurbano\/la-fio-logro-posicionarse-en-la-cumbre-latinoamericana-de-movilidad-electrica\/#breadcrumb","itemListElement":[{"@type":"ListItem","position":1,"name":"Portada","item":"https:\/\/experienciadevida.com.ar\/portalurbano\/"},{"@type":"ListItem","position":2,"name":"La FIO logr\u00f3 posicionarse en la cumbre latinoamericana de movilidad el\u00e9ctrica"}]},{"@type":"WebSite","@id":"https:\/\/experienciadevida.com.ar\/portalurbano\/#website","url":"https:\/\/experienciadevida.com.ar\/portalurbano\/","name":"","description":"","publisher":{"@id":"https:\/\/experienciadevida.com.ar\/portalurbano\/#organization"},"potentialAction":[{"@type":"SearchAction","target":{"@type":"EntryPoint","urlTemplate":"https:\/\/experienciadevida.com.ar\/portalurbano\/?s={search_term_string}"},"query-input":"required name=search_term_string"}],"inLanguage":"es"},{"@type":"Organization","@id":"https:\/\/experienciadevida.com.ar\/portalurbano\/#organization","name":"Portal Urbano","url":"https:\/\/experienciadevida.com.ar\/portalurbano\/","logo":{"@type":"ImageObject","inLanguage":"es","@id":"https:\/\/experienciadevida.com.ar\/portalurbano\/#\/schema\/logo\/image\/","url":"https:\/\/experienciadevida.com.ar\/portalurbano\/wp-content\/uploads\/2019\/09\/Logo-Original.png","contentUrl":"https:\/\/experienciadevida.com.ar\/portalurbano\/wp-content\/uploads\/2019\/09\/Logo-Original.png","width":2236,"height":1216,"caption":"Portal Urbano"},"image":{"@id":"https:\/\/experienciadevida.com.ar\/portalurbano\/#\/schema\/logo\/image\/"},"sameAs":["https:\/\/www.facebook.com\/Portal-Urbano-171542830093757\/","https:\/\/twitter.com\/portalurbanook","https:\/\/www.instagram.com\/_portalurbano\/","https:\/\/www.youtube.com\/channel\/UCXhagIfszH8KxFiOok79zbA?view_as=subscriber"]},{"@type":"Person","@id":"https:\/\/experienciadevida.com.ar\/portalurbano\/#\/schema\/person\/02dd326b1c4b056e9cc972486934a3a7","name":"admpu17wp","image":{"@type":"ImageObject","inLanguage":"es","@id":"https:\/\/experienciadevida.com.ar\/portalurbano\/#\/schema\/person\/image\/","url":"https:\/\/secure.gravatar.com\/avatar\/830d4c57adaae6630765e449a6908047?s=96&d=mm&r=g","contentUrl":"https:\/\/secure.gravatar.com\/avatar\/830d4c57adaae6630765e449a6908047?s=96&d=mm&r=g","caption":"admpu17wp"}}]}},"featured_image_urls":{"full":["https:\/\/experienciadevida.com.ar\/portalurbano\/wp-content\/uploads\/2022\/08\/La-FIO-logro-posicionarse.jpg",1056,620,false],"thumbnail":["https:\/\/experienciadevida.com.ar\/portalurbano\/wp-content\/uploads\/2022\/08\/La-FIO-logro-posicionarse-150x150.jpg",150,150,true],"medium":["https:\/\/experienciadevida.com.ar\/portalurbano\/wp-content\/uploads\/2022\/08\/La-FIO-logro-posicionarse-300x176.jpg",300,176,true],"medium_large":["https:\/\/experienciadevida.com.ar\/portalurbano\/wp-content\/uploads\/2022\/08\/La-FIO-logro-posicionarse-768x451.jpg",640,376,true],"large":["https:\/\/experienciadevida.com.ar\/portalurbano\/wp-content\/uploads\/2022\/08\/La-FIO-logro-posicionarse-1024x601.jpg",640,376,true],"ug_big":["https:\/\/experienciadevida.com.ar\/portalurbano\/wp-content\/uploads\/2022\/08\/La-FIO-logro-posicionarse-768x451.jpg",768,451,true],"1536x1536":["https:\/\/experienciadevida.com.ar\/portalurbano\/wp-content\/uploads\/2022\/08\/La-FIO-logro-posicionarse.jpg",1056,620,false],"2048x2048":["https:\/\/experienciadevida.com.ar\/portalurbano\/wp-content\/uploads\/2022\/08\/La-FIO-logro-posicionarse.jpg",1056,620,false],"newsever-slider-full":["https:\/\/experienciadevida.com.ar\/portalurbano\/wp-content\/uploads\/2022\/08\/La-FIO-logro-posicionarse.jpg",1056,620,false],"newsever-featured":["https:\/\/experienciadevida.com.ar\/portalurbano\/wp-content\/uploads\/2022\/08\/La-FIO-logro-posicionarse.jpg",1024,601,false],"newsever-medium":["https:\/\/experienciadevida.com.ar\/portalurbano\/wp-content\/uploads\/2022\/08\/La-FIO-logro-posicionarse.jpg",720,423,false],"web-stories-poster-portrait":["https:\/\/experienciadevida.com.ar\/portalurbano\/wp-content\/uploads\/2022\/08\/La-FIO-logro-posicionarse-640x620.jpg",640,620,true],"web-stories-publisher-logo":["https:\/\/experienciadevida.com.ar\/portalurbano\/wp-content\/uploads\/2022\/08\/La-FIO-logro-posicionarse-96x96.jpg",96,96,true],"web-stories-thumbnail":["https:\/\/experienciadevida.com.ar\/portalurbano\/wp-content\/uploads\/2022\/08\/La-FIO-logro-posicionarse-150x88.jpg",150,88,true]},"author_info":{"display_name":"admpu17wp","author_link":"https:\/\/experienciadevida.com.ar\/portalurbano\/author\/admpu17wp\/"},"category_info":"<a href=\"https:\/\/experienciadevida.com.ar\/portalurbano\/category\/ciudad\/educacion\/\" rel=\"category tag\">Educaci\u00f3n<\/a>","tag_info":"Educaci\u00f3n","comment_count":"0","amp_enabled":true,"_links":{"self":[{"href":"https:\/\/experienciadevida.com.ar\/portalurbano\/wp-json\/wp\/v2\/posts\/172615"}],"collection":[{"href":"https:\/\/experienciadevida.com.ar\/portalurbano\/wp-json\/wp\/v2\/posts"}],"about":[{"href":"https:\/\/experienciadevida.com.ar\/portalurbano\/wp-json\/wp\/v2\/types\/post"}],"author":[{"embeddable":true,"href":"https:\/\/experienciadevida.com.ar\/portalurbano\/wp-json\/wp\/v2\/users\/1"}],"replies":[{"embeddable":true,"href":"https:\/\/experienciadevida.com.ar\/portalurbano\/wp-json\/wp\/v2\/comments?post=172615"}],"version-history":[{"count":2,"href":"https:\/\/experienciadevida.com.ar\/portalurbano\/wp-json\/wp\/v2\/posts\/172615\/revisions"}],"predecessor-version":[{"id":172619,"href":"https:\/\/experienciadevida.com.ar\/portalurbano\/wp-json\/wp\/v2\/posts\/172615\/revisions\/172619"}],"wp:featuredmedia":[{"embeddable":true,"href":"https:\/\/experienciadevida.com.ar\/portalurbano\/wp-json\/wp\/v2\/media\/172616"}],"wp:attachment":[{"href":"https:\/\/experienciadevida.com.ar\/portalurbano\/wp-json\/wp\/v2\/media?parent=172615"}],"wp:term":[{"taxonomy":"category","embeddable":true,"href":"https:\/\/experienciadevida.com.ar\/portalurbano\/wp-json\/wp\/v2\/categories?post=172615"},{"taxonomy":"post_tag","embeddable":true,"href":"https:\/\/experienciadevida.com.ar\/portalurbano\/wp-json\/wp\/v2\/tags?post=172615"}],"curies":[{"name":"wp","href":"https:\/\/api.w.org\/{rel}","templated":true}]}}