{"id":172562,"date":"2022-08-03T10:01:36","date_gmt":"2022-08-03T13:01:36","guid":{"rendered":"https:\/\/experienciadevida.com.ar\/portalurbano\/?p=172562"},"modified":"2022-08-03T10:05:41","modified_gmt":"2022-08-03T13:05:41","slug":"reunion-informativa-al-personal-de-fomento-y-capacitacion-a-los-controladores","status":"publish","type":"post","link":"https:\/\/experienciadevida.com.ar\/portalurbano\/reunion-informativa-al-personal-de-fomento-y-capacitacion-a-los-controladores\/","title":{"rendered":"Reuni\u00f3n informativa al personal de Fomento y capacitaci\u00f3n a los controladores"},"content":{"rendered":"<p>Reuni\u00f3n informativa al personal de Fomento y capacitaci\u00f3n a los controladores, el d\u00eda lunes a las 19.30 horas se realiz\u00f3 una reuni\u00f3n en la sede de la Sociedad de Fomento Pueblo Nuevo entre representantes de la comisi\u00f3n directiva y el gerenciador del local bailable junto a las 69 personas que trabajan en el lugar y dependen laboralmente de Fomento, preocupados por su situaci\u00f3n laboral.<\/p>\n<p><a href=\"https:\/\/experienciadevida.com.ar\/portalurbano\/reunion-informativa-al-personal-de-fomento-y-capacitacion-a-los-controladores\/reunion-2\/\" rel=\"attachment wp-att-172566\"><img decoding=\"async\" class=\"alignnone size-large wp-image-172566\" src=\"https:\/\/experienciadevida.com.ar\/portalurbano\/wp-content\/uploads\/2022\/08\/Reunion-1024x684.jpg\" alt=\"Reuni\u00f3n\" width=\"900\" height=\"601\" srcset=\"https:\/\/experienciadevida.com.ar\/portalurbano\/wp-content\/uploads\/2022\/08\/Reunion-1024x684.jpg 1024w, https:\/\/experienciadevida.com.ar\/portalurbano\/wp-content\/uploads\/2022\/08\/Reunion-300x200.jpg 300w, https:\/\/experienciadevida.com.ar\/portalurbano\/wp-content\/uploads\/2022\/08\/Reunion-768x513.jpg 768w, https:\/\/experienciadevida.com.ar\/portalurbano\/wp-content\/uploads\/2022\/08\/Reunion-150x100.jpg 150w, https:\/\/experienciadevida.com.ar\/portalurbano\/wp-content\/uploads\/2022\/08\/Reunion.jpg 1280w\" sizes=\"(max-width: 900px) 100vw, 900px\" \/><\/a><\/p>\n<p>La Comisi\u00f3n directiva estuvo representada por el presidente Domingo Rafael Soraiz y la Tesorera Mar\u00eda Eugenia Wagner, junto al gerenciador Fabricio Leal.<\/p>\n<p>Se trataron varios temas entre ellos, la preocupaci\u00f3n de las 69 familias vinculadas laboralmente a la instituci\u00f3n. La comisi\u00f3n directiva y el gerenciador informaron pormenorizadamente sobre la situaci\u00f3n de la instituci\u00f3n y los pasos que se dieron desde que se produjo el hecho que es de p\u00fablico conocimiento y que caus\u00f3 la revocaci\u00f3n de la<br \/>\nhabilitaci\u00f3n municipal del local bailable.<\/p>\n<p>Dentro de la informaci\u00f3n que se brind\u00f3 en la reuni\u00f3n se inform\u00f3 la separaci\u00f3n del personal de seguridad involucrado hasta que la justicia determine el grado de responsabilidad en el episodio. As\u00ed mismo se confirm\u00f3 la designaci\u00f3n de una nueva responsable de la seguridad del local Bailable. Se trata de una mujer con vasta experiencia en el rubro que se desempe\u00f1ar\u00e1 en el cargo.<\/p>\n<p>Se inform\u00f3 tambi\u00e9n que, dentro del personal de seguridad contratado hay tres personas que no poseen la certificaci\u00f3n que requiere la ley 26370 que establece las reglas de habilitaci\u00f3n del personal que realiza tareas de control de admisi\u00f3n y permanencia de p\u00fablico en general, para empleadores cuya actividad consista en la organizaci\u00f3n y explotaci\u00f3n de eventos y espect\u00e1culos p\u00fablicos, siendo estas personas separadas del staff hasta realizar el curso habilitante.<\/p>\n<p><a href=\"https:\/\/experienciadevida.com.ar\/portalurbano\/reunion-informativa-al-personal-de-fomento-y-capacitacion-a-los-controladores\/informativa\/\" rel=\"attachment wp-att-172567\"><img decoding=\"async\" class=\"alignnone size-large wp-image-172567\" src=\"https:\/\/experienciadevida.com.ar\/portalurbano\/wp-content\/uploads\/2022\/08\/informativa-1024x684.jpg\" alt=\"informativa \" width=\"900\" height=\"601\" srcset=\"https:\/\/experienciadevida.com.ar\/portalurbano\/wp-content\/uploads\/2022\/08\/informativa-1024x684.jpg 1024w, https:\/\/experienciadevida.com.ar\/portalurbano\/wp-content\/uploads\/2022\/08\/informativa-300x200.jpg 300w, https:\/\/experienciadevida.com.ar\/portalurbano\/wp-content\/uploads\/2022\/08\/informativa-768x513.jpg 768w, https:\/\/experienciadevida.com.ar\/portalurbano\/wp-content\/uploads\/2022\/08\/informativa-150x100.jpg 150w, https:\/\/experienciadevida.com.ar\/portalurbano\/wp-content\/uploads\/2022\/08\/informativa.jpg 1280w\" sizes=\"(max-width: 900px) 100vw, 900px\" \/><\/a><\/p>\n<p>Por otro lado, en el transcurso de esta semana, se inicia en la Sociedad de Fomento Pueblo Nuevo una capacitaci\u00f3n para el personal de Seguridad que se desempe\u00f1a en el lugar, para ello se acord\u00f3 con formadores locales, entre los que se destacan profesionales del Derecho, M\u00e9dicos y especialistas en materia de seguridad.<\/p>\n<p>Reuni\u00f3n informativa al personal de Fomento y capacitaci\u00f3n a los controladores, en la reuni\u00f3n se inform\u00f3 que se est\u00e1n realizando gestiones que, van muy avanzadas, con el Instituto de Formaci\u00f3n Profesional N\u00b0: 420 de la ciudad de La Plata, que se ocupa de formar a las personas que se desempe\u00f1an como personal de seguridad en los espect\u00e1culos p\u00fablicos.<\/p>\n<p>La capacitaci\u00f3n incluye: Normativa regulatoria, Derechos humanos, Nociones de derecho constitucional, Nociones de derecho penal, Control de admisi\u00f3n y permanencia I, Nociones b\u00e1sicas de adicciones, Control de admisi\u00f3n y permanencia II, Seguridad contra siniestros I, Comunicaci\u00f3n no violenta I, Primeros auxilios, T\u00e9cnicas de neutralizaci\u00f3n de agresiones f\u00edsicas I.<\/p>\n<p>Sobre el CFP N\u00b0 420 de La Plata:<\/p>\n<p><a href=\"https:\/\/experienciadevida.com.ar\/portalurbano\/reunion-informativa-al-personal-de-fomento-y-capacitacion-a-los-controladores\/al\/\" rel=\"attachment wp-att-172568\"><img decoding=\"async\" class=\"alignnone size-large wp-image-172568\" src=\"https:\/\/experienciadevida.com.ar\/portalurbano\/wp-content\/uploads\/2022\/08\/al-1024x684.jpg\" alt=\"al\" width=\"900\" height=\"601\" srcset=\"https:\/\/experienciadevida.com.ar\/portalurbano\/wp-content\/uploads\/2022\/08\/al-1024x684.jpg 1024w, https:\/\/experienciadevida.com.ar\/portalurbano\/wp-content\/uploads\/2022\/08\/al-300x200.jpg 300w, https:\/\/experienciadevida.com.ar\/portalurbano\/wp-content\/uploads\/2022\/08\/al-768x513.jpg 768w, https:\/\/experienciadevida.com.ar\/portalurbano\/wp-content\/uploads\/2022\/08\/al-150x100.jpg 150w, https:\/\/experienciadevida.com.ar\/portalurbano\/wp-content\/uploads\/2022\/08\/al.jpg 1280w\" sizes=\"(max-width: 900px) 100vw, 900px\" \/><\/a><\/p>\n<p>En sus casi 10 a\u00f1os de historia, el Centro de Formaci\u00f3n Profesional 420 capacit\u00f3 a m\u00e1s de 2.000 trabajadores de la actividad, dando cumplimiento a uno de los requisitos obligatorios para desempe\u00f1arse en la actividad.<\/p>\n<p>Los certificados oficiales son expedidos por el CFP N\u00b0 420, instituci\u00f3n creada en 2010 a trav\u00e9s de un convenio firmado entre la Direcci\u00f3n General de Cultura y Educaci\u00f3n de la provincia de Buenos Aires y el Sindicato \u00danico de Trabajadores de Control de Admisi\u00f3n y Permanencia de la Rep\u00fablica Argentina (SUTCAPRA).<\/p>\n<p>El CFP 420 ofreci\u00f3 clases a lo largo de todos estos a\u00f1os en m\u00e1s de veinte distritos del territorio bonaerense, otorgando la posibilidad de acceder a la capacitaci\u00f3n gratuita a trabajadores de toda la provincia por la ubicaci\u00f3n estrat\u00e9gica de cada sede.<\/p>\n<p><a href=\"https:\/\/experienciadevida.com.ar\/portalurbano\/reunion-informativa-al-personal-de-fomento-y-capacitacion-a-los-controladores\/personal\/\" rel=\"attachment wp-att-172569\"><img decoding=\"async\" class=\"alignnone size-large wp-image-172569\" src=\"https:\/\/experienciadevida.com.ar\/portalurbano\/wp-content\/uploads\/2022\/08\/personal-1024x684.jpg\" alt=\"personal \" width=\"900\" height=\"601\" srcset=\"https:\/\/experienciadevida.com.ar\/portalurbano\/wp-content\/uploads\/2022\/08\/personal-1024x684.jpg 1024w, https:\/\/experienciadevida.com.ar\/portalurbano\/wp-content\/uploads\/2022\/08\/personal-300x200.jpg 300w, https:\/\/experienciadevida.com.ar\/portalurbano\/wp-content\/uploads\/2022\/08\/personal-768x513.jpg 768w, https:\/\/experienciadevida.com.ar\/portalurbano\/wp-content\/uploads\/2022\/08\/personal-150x100.jpg 150w, https:\/\/experienciadevida.com.ar\/portalurbano\/wp-content\/uploads\/2022\/08\/personal.jpg 1280w\" sizes=\"(max-width: 900px) 100vw, 900px\" \/><\/a><\/p>\n","protected":false},"excerpt":{"rendered":"<p>Reuni\u00f3n informativa al personal de Fomento y capacitaci\u00f3n a los controladores, el d\u00eda lunes a&#8230;<\/p>\n","protected":false},"author":1,"featured_media":172563,"comment_status":"closed","ping_status":"closed","sticky":false,"template":"","format":"standard","meta":{"content-type":""},"categories":[27],"tags":[],"nelio_content":{"isAutoShareEnabled":false,"autoShareEndMode":"default","automationSources":{"useContentSentences":true,"useSocialTemplates":true,"useCustomSentences":false,"customSentences":[]},"followers":[1],"suggestedReferences":[],"includedReferences":[],"efiUrl":"","efiAlt":"","highlights":[]},"yoast_head":"<!-- This site is optimized with the Yoast SEO plugin v20.7 - https:\/\/yoast.com\/wordpress\/plugins\/seo\/ -->\n<title>Reuni\u00f3n informativa al personal de fomento y capacitaci\u00f3n<\/title>\n<meta name=\"description\" content=\"Reuni\u00f3n informativa al personal de Fomento y capacitaci\u00f3n a los controladores, el d\u00eda lunes a las 19.30 horas se realiz\u00f3 una reuni\u00f3n\" \/>\n<meta name=\"robots\" content=\"index, follow, max-snippet:-1, max-image-preview:large, max-video-preview:-1\" \/>\n<link rel=\"canonical\" href=\"https:\/\/experienciadevida.com.ar\/portalurbano\/reunion-informativa-al-personal-de-fomento-y-capacitacion-a-los-controladores\/\" \/>\n<meta property=\"og:locale\" content=\"es_ES\" \/>\n<meta property=\"og:type\" content=\"article\" \/>\n<meta property=\"og:title\" content=\"Reuni\u00f3n informativa al personal de fomento y capacitaci\u00f3n\" \/>\n<meta property=\"og:description\" content=\"Reuni\u00f3n informativa al personal de Fomento y capacitaci\u00f3n a los controladores, el d\u00eda lunes a las 19.30 horas se realiz\u00f3 una reuni\u00f3n\" \/>\n<meta property=\"og:url\" content=\"https:\/\/experienciadevida.com.ar\/portalurbano\/reunion-informativa-al-personal-de-fomento-y-capacitacion-a-los-controladores\/\" \/>\n<meta property=\"article:publisher\" content=\"https:\/\/www.facebook.com\/Portal-Urbano-171542830093757\/\" \/>\n<meta property=\"article:published_time\" content=\"2022-08-03T13:01:36+00:00\" \/>\n<meta property=\"article:modified_time\" content=\"2022-08-03T13:05:41+00:00\" \/>\n<meta property=\"og:image\" content=\"https:\/\/experienciadevida.com.ar\/portalurbano\/wp-content\/uploads\/2022\/08\/Reunion-informativa-al-personal.jpg\" \/>\n\t<meta property=\"og:image:width\" content=\"1280\" \/>\n\t<meta property=\"og:image:height\" content=\"855\" \/>\n\t<meta property=\"og:image:type\" content=\"image\/jpeg\" \/>\n<meta name=\"author\" content=\"admpu17wp\" \/>\n<meta name=\"twitter:card\" content=\"summary_large_image\" \/>\n<meta name=\"twitter:creator\" content=\"@portalurbanook\" \/>\n<meta name=\"twitter:site\" content=\"@portalurbanook\" \/>\n<meta name=\"twitter:label1\" content=\"Escrito por\" \/>\n\t<meta name=\"twitter:data1\" content=\"admpu17wp\" \/>\n\t<meta name=\"twitter:label2\" content=\"Tiempo de lectura\" \/>\n\t<meta name=\"twitter:data2\" content=\"4 minutos\" \/>\n<script type=\"application\/ld+json\" class=\"yoast-schema-graph\">{\"@context\":\"https:\/\/schema.org\",\"@graph\":[{\"@type\":\"Article\",\"@id\":\"https:\/\/experienciadevida.com.ar\/portalurbano\/reunion-informativa-al-personal-de-fomento-y-capacitacion-a-los-controladores\/#article\",\"isPartOf\":{\"@id\":\"https:\/\/experienciadevida.com.ar\/portalurbano\/reunion-informativa-al-personal-de-fomento-y-capacitacion-a-los-controladores\/\"},\"author\":{\"name\":\"admpu17wp\",\"@id\":\"https:\/\/experienciadevida.com.ar\/portalurbano\/#\/schema\/person\/02dd326b1c4b056e9cc972486934a3a7\"},\"headline\":\"Reuni\u00f3n informativa al personal de Fomento y capacitaci\u00f3n a los controladores\",\"datePublished\":\"2022-08-03T13:01:36+00:00\",\"dateModified\":\"2022-08-03T13:05:41+00:00\",\"mainEntityOfPage\":{\"@id\":\"https:\/\/experienciadevida.com.ar\/portalurbano\/reunion-informativa-al-personal-de-fomento-y-capacitacion-a-los-controladores\/\"},\"wordCount\":640,\"publisher\":{\"@id\":\"https:\/\/experienciadevida.com.ar\/portalurbano\/#organization\"},\"articleSection\":[\"Ciudad\"],\"inLanguage\":\"es\"},{\"@type\":\"WebPage\",\"@id\":\"https:\/\/experienciadevida.com.ar\/portalurbano\/reunion-informativa-al-personal-de-fomento-y-capacitacion-a-los-controladores\/\",\"url\":\"https:\/\/experienciadevida.com.ar\/portalurbano\/reunion-informativa-al-personal-de-fomento-y-capacitacion-a-los-controladores\/\",\"name\":\"Reuni\u00f3n informativa al personal de fomento y capacitaci\u00f3n\",\"isPartOf\":{\"@id\":\"https:\/\/experienciadevida.com.ar\/portalurbano\/#website\"},\"datePublished\":\"2022-08-03T13:01:36+00:00\",\"dateModified\":\"2022-08-03T13:05:41+00:00\",\"description\":\"Reuni\u00f3n informativa al personal de Fomento y capacitaci\u00f3n a los controladores, el d\u00eda lunes a las 19.30 horas se realiz\u00f3 una reuni\u00f3n\",\"breadcrumb\":{\"@id\":\"https:\/\/experienciadevida.com.ar\/portalurbano\/reunion-informativa-al-personal-de-fomento-y-capacitacion-a-los-controladores\/#breadcrumb\"},\"inLanguage\":\"es\",\"potentialAction\":[{\"@type\":\"ReadAction\",\"target\":[\"https:\/\/experienciadevida.com.ar\/portalurbano\/reunion-informativa-al-personal-de-fomento-y-capacitacion-a-los-controladores\/\"]}]},{\"@type\":\"BreadcrumbList\",\"@id\":\"https:\/\/experienciadevida.com.ar\/portalurbano\/reunion-informativa-al-personal-de-fomento-y-capacitacion-a-los-controladores\/#breadcrumb\",\"itemListElement\":[{\"@type\":\"ListItem\",\"position\":1,\"name\":\"Portada\",\"item\":\"https:\/\/experienciadevida.com.ar\/portalurbano\/\"},{\"@type\":\"ListItem\",\"position\":2,\"name\":\"Reuni\u00f3n informativa al personal de Fomento y capacitaci\u00f3n a los controladores\"}]},{\"@type\":\"WebSite\",\"@id\":\"https:\/\/experienciadevida.com.ar\/portalurbano\/#website\",\"url\":\"https:\/\/experienciadevida.com.ar\/portalurbano\/\",\"name\":\"\",\"description\":\"\",\"publisher\":{\"@id\":\"https:\/\/experienciadevida.com.ar\/portalurbano\/#organization\"},\"potentialAction\":[{\"@type\":\"SearchAction\",\"target\":{\"@type\":\"EntryPoint\",\"urlTemplate\":\"https:\/\/experienciadevida.com.ar\/portalurbano\/?s={search_term_string}\"},\"query-input\":\"required name=search_term_string\"}],\"inLanguage\":\"es\"},{\"@type\":\"Organization\",\"@id\":\"https:\/\/experienciadevida.com.ar\/portalurbano\/#organization\",\"name\":\"Portal Urbano\",\"url\":\"https:\/\/experienciadevida.com.ar\/portalurbano\/\",\"logo\":{\"@type\":\"ImageObject\",\"inLanguage\":\"es\",\"@id\":\"https:\/\/experienciadevida.com.ar\/portalurbano\/#\/schema\/logo\/image\/\",\"url\":\"https:\/\/experienciadevida.com.ar\/portalurbano\/wp-content\/uploads\/2019\/09\/Logo-Original.png\",\"contentUrl\":\"https:\/\/experienciadevida.com.ar\/portalurbano\/wp-content\/uploads\/2019\/09\/Logo-Original.png\",\"width\":2236,\"height\":1216,\"caption\":\"Portal Urbano\"},\"image\":{\"@id\":\"https:\/\/experienciadevida.com.ar\/portalurbano\/#\/schema\/logo\/image\/\"},\"sameAs\":[\"https:\/\/www.facebook.com\/Portal-Urbano-171542830093757\/\",\"https:\/\/twitter.com\/portalurbanook\",\"https:\/\/www.instagram.com\/_portalurbano\/\",\"https:\/\/www.youtube.com\/channel\/UCXhagIfszH8KxFiOok79zbA?view_as=subscriber\"]},{\"@type\":\"Person\",\"@id\":\"https:\/\/experienciadevida.com.ar\/portalurbano\/#\/schema\/person\/02dd326b1c4b056e9cc972486934a3a7\",\"name\":\"admpu17wp\",\"image\":{\"@type\":\"ImageObject\",\"inLanguage\":\"es\",\"@id\":\"https:\/\/experienciadevida.com.ar\/portalurbano\/#\/schema\/person\/image\/\",\"url\":\"https:\/\/secure.gravatar.com\/avatar\/830d4c57adaae6630765e449a6908047?s=96&d=mm&r=g\",\"contentUrl\":\"https:\/\/secure.gravatar.com\/avatar\/830d4c57adaae6630765e449a6908047?s=96&d=mm&r=g\",\"caption\":\"admpu17wp\"}}]}<\/script>\n<!-- \/ Yoast SEO plugin. -->","yoast_head_json":{"title":"Reuni\u00f3n informativa al personal de fomento y capacitaci\u00f3n","description":"Reuni\u00f3n informativa al personal de Fomento y capacitaci\u00f3n a los controladores, el d\u00eda lunes a las 19.30 horas se realiz\u00f3 una reuni\u00f3n","robots":{"index":"index","follow":"follow","max-snippet":"max-snippet:-1","max-image-preview":"max-image-preview:large","max-video-preview":"max-video-preview:-1"},"canonical":"https:\/\/experienciadevida.com.ar\/portalurbano\/reunion-informativa-al-personal-de-fomento-y-capacitacion-a-los-controladores\/","og_locale":"es_ES","og_type":"article","og_title":"Reuni\u00f3n informativa al personal de fomento y capacitaci\u00f3n","og_description":"Reuni\u00f3n informativa al personal de Fomento y capacitaci\u00f3n a los controladores, el d\u00eda lunes a las 19.30 horas se realiz\u00f3 una reuni\u00f3n","og_url":"https:\/\/experienciadevida.com.ar\/portalurbano\/reunion-informativa-al-personal-de-fomento-y-capacitacion-a-los-controladores\/","article_publisher":"https:\/\/www.facebook.com\/Portal-Urbano-171542830093757\/","article_published_time":"2022-08-03T13:01:36+00:00","article_modified_time":"2022-08-03T13:05:41+00:00","og_image":[{"width":1280,"height":855,"url":"https:\/\/experienciadevida.com.ar\/portalurbano\/wp-content\/uploads\/2022\/08\/Reunion-informativa-al-personal.jpg","type":"image\/jpeg"}],"author":"admpu17wp","twitter_card":"summary_large_image","twitter_creator":"@portalurbanook","twitter_site":"@portalurbanook","twitter_misc":{"Escrito por":"admpu17wp","Tiempo de lectura":"4 minutos"},"schema":{"@context":"https:\/\/schema.org","@graph":[{"@type":"Article","@id":"https:\/\/experienciadevida.com.ar\/portalurbano\/reunion-informativa-al-personal-de-fomento-y-capacitacion-a-los-controladores\/#article","isPartOf":{"@id":"https:\/\/experienciadevida.com.ar\/portalurbano\/reunion-informativa-al-personal-de-fomento-y-capacitacion-a-los-controladores\/"},"author":{"name":"admpu17wp","@id":"https:\/\/experienciadevida.com.ar\/portalurbano\/#\/schema\/person\/02dd326b1c4b056e9cc972486934a3a7"},"headline":"Reuni\u00f3n informativa al personal de Fomento y capacitaci\u00f3n a los controladores","datePublished":"2022-08-03T13:01:36+00:00","dateModified":"2022-08-03T13:05:41+00:00","mainEntityOfPage":{"@id":"https:\/\/experienciadevida.com.ar\/portalurbano\/reunion-informativa-al-personal-de-fomento-y-capacitacion-a-los-controladores\/"},"wordCount":640,"publisher":{"@id":"https:\/\/experienciadevida.com.ar\/portalurbano\/#organization"},"articleSection":["Ciudad"],"inLanguage":"es"},{"@type":"WebPage","@id":"https:\/\/experienciadevida.com.ar\/portalurbano\/reunion-informativa-al-personal-de-fomento-y-capacitacion-a-los-controladores\/","url":"https:\/\/experienciadevida.com.ar\/portalurbano\/reunion-informativa-al-personal-de-fomento-y-capacitacion-a-los-controladores\/","name":"Reuni\u00f3n informativa al personal de fomento y capacitaci\u00f3n","isPartOf":{"@id":"https:\/\/experienciadevida.com.ar\/portalurbano\/#website"},"datePublished":"2022-08-03T13:01:36+00:00","dateModified":"2022-08-03T13:05:41+00:00","description":"Reuni\u00f3n informativa al personal de Fomento y capacitaci\u00f3n a los controladores, el d\u00eda lunes a las 19.30 horas se realiz\u00f3 una reuni\u00f3n","breadcrumb":{"@id":"https:\/\/experienciadevida.com.ar\/portalurbano\/reunion-informativa-al-personal-de-fomento-y-capacitacion-a-los-controladores\/#breadcrumb"},"inLanguage":"es","potentialAction":[{"@type":"ReadAction","target":["https:\/\/experienciadevida.com.ar\/portalurbano\/reunion-informativa-al-personal-de-fomento-y-capacitacion-a-los-controladores\/"]}]},{"@type":"BreadcrumbList","@id":"https:\/\/experienciadevida.com.ar\/portalurbano\/reunion-informativa-al-personal-de-fomento-y-capacitacion-a-los-controladores\/#breadcrumb","itemListElement":[{"@type":"ListItem","position":1,"name":"Portada","item":"https:\/\/experienciadevida.com.ar\/portalurbano\/"},{"@type":"ListItem","position":2,"name":"Reuni\u00f3n informativa al personal de Fomento y capacitaci\u00f3n a los controladores"}]},{"@type":"WebSite","@id":"https:\/\/experienciadevida.com.ar\/portalurbano\/#website","url":"https:\/\/experienciadevida.com.ar\/portalurbano\/","name":"","description":"","publisher":{"@id":"https:\/\/experienciadevida.com.ar\/portalurbano\/#organization"},"potentialAction":[{"@type":"SearchAction","target":{"@type":"EntryPoint","urlTemplate":"https:\/\/experienciadevida.com.ar\/portalurbano\/?s={search_term_string}"},"query-input":"required name=search_term_string"}],"inLanguage":"es"},{"@type":"Organization","@id":"https:\/\/experienciadevida.com.ar\/portalurbano\/#organization","name":"Portal Urbano","url":"https:\/\/experienciadevida.com.ar\/portalurbano\/","logo":{"@type":"ImageObject","inLanguage":"es","@id":"https:\/\/experienciadevida.com.ar\/portalurbano\/#\/schema\/logo\/image\/","url":"https:\/\/experienciadevida.com.ar\/portalurbano\/wp-content\/uploads\/2019\/09\/Logo-Original.png","contentUrl":"https:\/\/experienciadevida.com.ar\/portalurbano\/wp-content\/uploads\/2019\/09\/Logo-Original.png","width":2236,"height":1216,"caption":"Portal Urbano"},"image":{"@id":"https:\/\/experienciadevida.com.ar\/portalurbano\/#\/schema\/logo\/image\/"},"sameAs":["https:\/\/www.facebook.com\/Portal-Urbano-171542830093757\/","https:\/\/twitter.com\/portalurbanook","https:\/\/www.instagram.com\/_portalurbano\/","https:\/\/www.youtube.com\/channel\/UCXhagIfszH8KxFiOok79zbA?view_as=subscriber"]},{"@type":"Person","@id":"https:\/\/experienciadevida.com.ar\/portalurbano\/#\/schema\/person\/02dd326b1c4b056e9cc972486934a3a7","name":"admpu17wp","image":{"@type":"ImageObject","inLanguage":"es","@id":"https:\/\/experienciadevida.com.ar\/portalurbano\/#\/schema\/person\/image\/","url":"https:\/\/secure.gravatar.com\/avatar\/830d4c57adaae6630765e449a6908047?s=96&d=mm&r=g","contentUrl":"https:\/\/secure.gravatar.com\/avatar\/830d4c57adaae6630765e449a6908047?s=96&d=mm&r=g","caption":"admpu17wp"}}]}},"featured_image_urls":{"full":["https:\/\/experienciadevida.com.ar\/portalurbano\/wp-content\/uploads\/2022\/08\/Reunion-informativa-al-personal.jpg",1280,855,false],"thumbnail":["https:\/\/experienciadevida.com.ar\/portalurbano\/wp-content\/uploads\/2022\/08\/Reunion-informativa-al-personal-150x150.jpg",150,150,true],"medium":["https:\/\/experienciadevida.com.ar\/portalurbano\/wp-content\/uploads\/2022\/08\/Reunion-informativa-al-personal-300x200.jpg",300,200,true],"medium_large":["https:\/\/experienciadevida.com.ar\/portalurbano\/wp-content\/uploads\/2022\/08\/Reunion-informativa-al-personal-768x513.jpg",640,428,true],"large":["https:\/\/experienciadevida.com.ar\/portalurbano\/wp-content\/uploads\/2022\/08\/Reunion-informativa-al-personal-1024x684.jpg",640,428,true],"ug_big":["https:\/\/experienciadevida.com.ar\/portalurbano\/wp-content\/uploads\/2022\/08\/Reunion-informativa-al-personal-768x513.jpg",768,513,true],"1536x1536":["https:\/\/experienciadevida.com.ar\/portalurbano\/wp-content\/uploads\/2022\/08\/Reunion-informativa-al-personal.jpg",1280,855,false],"2048x2048":["https:\/\/experienciadevida.com.ar\/portalurbano\/wp-content\/uploads\/2022\/08\/Reunion-informativa-al-personal.jpg",1280,855,false],"newsever-slider-full":["https:\/\/experienciadevida.com.ar\/portalurbano\/wp-content\/uploads\/2022\/08\/Reunion-informativa-al-personal.jpg",1265,845,false],"newsever-featured":["https:\/\/experienciadevida.com.ar\/portalurbano\/wp-content\/uploads\/2022\/08\/Reunion-informativa-al-personal.jpg",1024,684,false],"newsever-medium":["https:\/\/experienciadevida.com.ar\/portalurbano\/wp-content\/uploads\/2022\/08\/Reunion-informativa-al-personal.jpg",711,475,false],"web-stories-poster-portrait":["https:\/\/experienciadevida.com.ar\/portalurbano\/wp-content\/uploads\/2022\/08\/Reunion-informativa-al-personal-640x853.jpg",640,853,true],"web-stories-publisher-logo":["https:\/\/experienciadevida.com.ar\/portalurbano\/wp-content\/uploads\/2022\/08\/Reunion-informativa-al-personal-96x96.jpg",96,96,true],"web-stories-thumbnail":["https:\/\/experienciadevida.com.ar\/portalurbano\/wp-content\/uploads\/2022\/08\/Reunion-informativa-al-personal-150x100.jpg",150,100,true]},"author_info":{"display_name":"admpu17wp","author_link":"https:\/\/experienciadevida.com.ar\/portalurbano\/author\/admpu17wp\/"},"category_info":"<a href=\"https:\/\/experienciadevida.com.ar\/portalurbano\/category\/ciudad\/\" rel=\"category tag\">Ciudad<\/a>","tag_info":"Ciudad","comment_count":"0","amp_enabled":true,"_links":{"self":[{"href":"https:\/\/experienciadevida.com.ar\/portalurbano\/wp-json\/wp\/v2\/posts\/172562"}],"collection":[{"href":"https:\/\/experienciadevida.com.ar\/portalurbano\/wp-json\/wp\/v2\/posts"}],"about":[{"href":"https:\/\/experienciadevida.com.ar\/portalurbano\/wp-json\/wp\/v2\/types\/post"}],"author":[{"embeddable":true,"href":"https:\/\/experienciadevida.com.ar\/portalurbano\/wp-json\/wp\/v2\/users\/1"}],"replies":[{"embeddable":true,"href":"https:\/\/experienciadevida.com.ar\/portalurbano\/wp-json\/wp\/v2\/comments?post=172562"}],"version-history":[{"count":3,"href":"https:\/\/experienciadevida.com.ar\/portalurbano\/wp-json\/wp\/v2\/posts\/172562\/revisions"}],"predecessor-version":[{"id":172570,"href":"https:\/\/experienciadevida.com.ar\/portalurbano\/wp-json\/wp\/v2\/posts\/172562\/revisions\/172570"}],"wp:featuredmedia":[{"embeddable":true,"href":"https:\/\/experienciadevida.com.ar\/portalurbano\/wp-json\/wp\/v2\/media\/172563"}],"wp:attachment":[{"href":"https:\/\/experienciadevida.com.ar\/portalurbano\/wp-json\/wp\/v2\/media?parent=172562"}],"wp:term":[{"taxonomy":"category","embeddable":true,"href":"https:\/\/experienciadevida.com.ar\/portalurbano\/wp-json\/wp\/v2\/categories?post=172562"},{"taxonomy":"post_tag","embeddable":true,"href":"https:\/\/experienciadevida.com.ar\/portalurbano\/wp-json\/wp\/v2\/tags?post=172562"}],"curies":[{"name":"wp","href":"https:\/\/api.w.org\/{rel}","templated":true}]}}