{"id":172554,"date":"2022-08-03T09:37:08","date_gmt":"2022-08-03T12:37:08","guid":{"rendered":"https:\/\/experienciadevida.com.ar\/portalurbano\/?p=172554"},"modified":"2022-08-03T09:38:48","modified_gmt":"2022-08-03T12:38:48","slug":"municipio-educacion-y-empresariado-trabajo-conjunto-en-pos-de-contribuir-a-la-insercion-laboral-juvenil","status":"publish","type":"post","link":"https:\/\/experienciadevida.com.ar\/portalurbano\/municipio-educacion-y-empresariado-trabajo-conjunto-en-pos-de-contribuir-a-la-insercion-laboral-juvenil\/","title":{"rendered":"Municipio, educaci\u00f3n y empresariado: trabajo conjunto en pos de contribuir a la inserci\u00f3n laboral juvenil"},"content":{"rendered":"<p><a href=\"https:\/\/www.facebook.com\/municipiodeolavarria\">Municipio<\/a>, educaci\u00f3n y empresariado: trabajo conjunto en pos de contribuir a la inserci\u00f3n laboral juvenil, en el marco de un proyecto de articulaci\u00f3n entre el Municipio, \u00e1mbitos educativos y empresas; d\u00edas pasados se concret\u00f3 una reuni\u00f3n de trabajo en la sede de la Escuela de Educaci\u00f3n T\u00e9cnica N\u00ba 1 \u201cRen\u00e9 Favaloro\u201d. Participaron del encuentro funcionarios de las direcciones de Empleo y de Asistencia a Empresas, pertenecientes a la Secretar\u00eda de Desarrollo Econ\u00f3mico municipal; y autoridades del establecimiento educativo.<\/p>\n<p>Diego Cunioli, director de la EET N\u00ba 1, recibi\u00f3 a Natalia Alcaza, directora de Empleo y a Horacio Balbiani, responsable del \u00e1rea de Asistencia a Empresas; con el objeto de trabajar en conjunto en tem\u00e1ticas de inserci\u00f3n de los egresados en el \u00e1mbito laboral.<\/p>\n<p>Dicha reuni\u00f3n forma parte de la iniciativa de la Secretar\u00eda de Desarrollo Econ\u00f3mico, que trabaja en acercar a los estudiantes a las empresas, y en la inserci\u00f3n del egresado al \u00e1mbito laboral a trav\u00e9s de l\u00edneas de empleo; que acompa\u00f1en al empresario con incentivos econ\u00f3micos, por medio de programas a nivel nacional que se implementan desde la Direcci\u00f3n de Empleo local.<\/p>\n<p>Luego del encuentro, se concret\u00f3 una recorrida a las distintas \u00e1reas con las que cuenta la mencionada escuela, permitiendo que los funcionarios municipales conozcan algunos de los proyectos de inter\u00e9s para nuestra sociedad, con el objeto de acompa\u00f1ar procesos en caso de ser necesario.<\/p>\n<p>Es importante resaltar que la EET N\u00ba 1 cuenta con distintas carreras entre las que se destacan: Qu\u00edmica, Electr\u00f3nica y Energ\u00edas Renovables.<\/p>\n","protected":false},"excerpt":{"rendered":"<p>Municipio, educaci\u00f3n y empresariado: trabajo conjunto en pos de contribuir a la inserci\u00f3n laboral juvenil,&#8230;<\/p>\n","protected":false},"author":1,"featured_media":172555,"comment_status":"closed","ping_status":"closed","sticky":false,"template":"","format":"standard","meta":{"content-type":""},"categories":[27,64],"tags":[],"nelio_content":{"isAutoShareEnabled":false,"autoShareEndMode":"default","automationSources":{"useContentSentences":true,"useSocialTemplates":true,"useCustomSentences":false,"customSentences":[]},"followers":[1],"suggestedReferences":[],"includedReferences":[],"efiUrl":"","efiAlt":"","highlights":[]},"yoast_head":"<!-- This site is optimized with the Yoast SEO plugin v20.7 - https:\/\/yoast.com\/wordpress\/plugins\/seo\/ -->\n<title>Municipio, educaci\u00f3n y empresariado: trabajo conjunto<\/title>\n<meta name=\"description\" content=\"Municipio, educaci\u00f3n y empresariado: trabajo conjunto en pos de contribuir a la inserci\u00f3n laboral juvenil, en el marco de un proyecto\" \/>\n<meta name=\"robots\" content=\"index, follow, max-snippet:-1, max-image-preview:large, max-video-preview:-1\" \/>\n<link rel=\"canonical\" href=\"https:\/\/experienciadevida.com.ar\/portalurbano\/municipio-educacion-y-empresariado-trabajo-conjunto-en-pos-de-contribuir-a-la-insercion-laboral-juvenil\/\" \/>\n<meta property=\"og:locale\" content=\"es_ES\" \/>\n<meta property=\"og:type\" content=\"article\" \/>\n<meta property=\"og:title\" content=\"Municipio, educaci\u00f3n y empresariado: trabajo conjunto\" \/>\n<meta property=\"og:description\" content=\"Municipio, educaci\u00f3n y empresariado: trabajo conjunto en pos de contribuir a la inserci\u00f3n laboral juvenil, en el marco de un proyecto\" \/>\n<meta property=\"og:url\" content=\"https:\/\/experienciadevida.com.ar\/portalurbano\/municipio-educacion-y-empresariado-trabajo-conjunto-en-pos-de-contribuir-a-la-insercion-laboral-juvenil\/\" \/>\n<meta property=\"article:publisher\" content=\"https:\/\/www.facebook.com\/Portal-Urbano-171542830093757\/\" \/>\n<meta property=\"article:published_time\" content=\"2022-08-03T12:37:08+00:00\" \/>\n<meta property=\"article:modified_time\" content=\"2022-08-03T12:38:48+00:00\" \/>\n<meta property=\"og:image\" content=\"https:\/\/experienciadevida.com.ar\/portalurbano\/wp-content\/uploads\/2022\/08\/Municipio.jpg\" \/>\n\t<meta property=\"og:image:width\" content=\"1024\" \/>\n\t<meta property=\"og:image:height\" content=\"682\" \/>\n\t<meta property=\"og:image:type\" content=\"image\/jpeg\" \/>\n<meta name=\"author\" content=\"admpu17wp\" \/>\n<meta name=\"twitter:card\" content=\"summary_large_image\" \/>\n<meta name=\"twitter:creator\" content=\"@portalurbanook\" \/>\n<meta name=\"twitter:site\" content=\"@portalurbanook\" \/>\n<meta name=\"twitter:label1\" content=\"Escrito por\" \/>\n\t<meta name=\"twitter:data1\" content=\"admpu17wp\" \/>\n\t<meta name=\"twitter:label2\" content=\"Tiempo de lectura\" \/>\n\t<meta name=\"twitter:data2\" content=\"2 minutos\" \/>\n<script type=\"application\/ld+json\" class=\"yoast-schema-graph\">{\"@context\":\"https:\/\/schema.org\",\"@graph\":[{\"@type\":\"Article\",\"@id\":\"https:\/\/experienciadevida.com.ar\/portalurbano\/municipio-educacion-y-empresariado-trabajo-conjunto-en-pos-de-contribuir-a-la-insercion-laboral-juvenil\/#article\",\"isPartOf\":{\"@id\":\"https:\/\/experienciadevida.com.ar\/portalurbano\/municipio-educacion-y-empresariado-trabajo-conjunto-en-pos-de-contribuir-a-la-insercion-laboral-juvenil\/\"},\"author\":{\"name\":\"admpu17wp\",\"@id\":\"https:\/\/experienciadevida.com.ar\/portalurbano\/#\/schema\/person\/02dd326b1c4b056e9cc972486934a3a7\"},\"headline\":\"Municipio, educaci\u00f3n y empresariado: trabajo conjunto en pos de contribuir a la inserci\u00f3n laboral juvenil\",\"datePublished\":\"2022-08-03T12:37:08+00:00\",\"dateModified\":\"2022-08-03T12:38:48+00:00\",\"mainEntityOfPage\":{\"@id\":\"https:\/\/experienciadevida.com.ar\/portalurbano\/municipio-educacion-y-empresariado-trabajo-conjunto-en-pos-de-contribuir-a-la-insercion-laboral-juvenil\/\"},\"wordCount\":288,\"publisher\":{\"@id\":\"https:\/\/experienciadevida.com.ar\/portalurbano\/#organization\"},\"articleSection\":[\"Ciudad\",\"Destacadas 2\"],\"inLanguage\":\"es\"},{\"@type\":\"WebPage\",\"@id\":\"https:\/\/experienciadevida.com.ar\/portalurbano\/municipio-educacion-y-empresariado-trabajo-conjunto-en-pos-de-contribuir-a-la-insercion-laboral-juvenil\/\",\"url\":\"https:\/\/experienciadevida.com.ar\/portalurbano\/municipio-educacion-y-empresariado-trabajo-conjunto-en-pos-de-contribuir-a-la-insercion-laboral-juvenil\/\",\"name\":\"Municipio, educaci\u00f3n y empresariado: trabajo conjunto\",\"isPartOf\":{\"@id\":\"https:\/\/experienciadevida.com.ar\/portalurbano\/#website\"},\"datePublished\":\"2022-08-03T12:37:08+00:00\",\"dateModified\":\"2022-08-03T12:38:48+00:00\",\"description\":\"Municipio, educaci\u00f3n y empresariado: trabajo conjunto en pos de contribuir a la inserci\u00f3n laboral juvenil, en el marco de un proyecto\",\"breadcrumb\":{\"@id\":\"https:\/\/experienciadevida.com.ar\/portalurbano\/municipio-educacion-y-empresariado-trabajo-conjunto-en-pos-de-contribuir-a-la-insercion-laboral-juvenil\/#breadcrumb\"},\"inLanguage\":\"es\",\"potentialAction\":[{\"@type\":\"ReadAction\",\"target\":[\"https:\/\/experienciadevida.com.ar\/portalurbano\/municipio-educacion-y-empresariado-trabajo-conjunto-en-pos-de-contribuir-a-la-insercion-laboral-juvenil\/\"]}]},{\"@type\":\"BreadcrumbList\",\"@id\":\"https:\/\/experienciadevida.com.ar\/portalurbano\/municipio-educacion-y-empresariado-trabajo-conjunto-en-pos-de-contribuir-a-la-insercion-laboral-juvenil\/#breadcrumb\",\"itemListElement\":[{\"@type\":\"ListItem\",\"position\":1,\"name\":\"Portada\",\"item\":\"https:\/\/experienciadevida.com.ar\/portalurbano\/\"},{\"@type\":\"ListItem\",\"position\":2,\"name\":\"Municipio, educaci\u00f3n y empresariado: trabajo conjunto en pos de contribuir a la inserci\u00f3n laboral juvenil\"}]},{\"@type\":\"WebSite\",\"@id\":\"https:\/\/experienciadevida.com.ar\/portalurbano\/#website\",\"url\":\"https:\/\/experienciadevida.com.ar\/portalurbano\/\",\"name\":\"\",\"description\":\"\",\"publisher\":{\"@id\":\"https:\/\/experienciadevida.com.ar\/portalurbano\/#organization\"},\"potentialAction\":[{\"@type\":\"SearchAction\",\"target\":{\"@type\":\"EntryPoint\",\"urlTemplate\":\"https:\/\/experienciadevida.com.ar\/portalurbano\/?s={search_term_string}\"},\"query-input\":\"required name=search_term_string\"}],\"inLanguage\":\"es\"},{\"@type\":\"Organization\",\"@id\":\"https:\/\/experienciadevida.com.ar\/portalurbano\/#organization\",\"name\":\"Portal Urbano\",\"url\":\"https:\/\/experienciadevida.com.ar\/portalurbano\/\",\"logo\":{\"@type\":\"ImageObject\",\"inLanguage\":\"es\",\"@id\":\"https:\/\/experienciadevida.com.ar\/portalurbano\/#\/schema\/logo\/image\/\",\"url\":\"https:\/\/experienciadevida.com.ar\/portalurbano\/wp-content\/uploads\/2019\/09\/Logo-Original.png\",\"contentUrl\":\"https:\/\/experienciadevida.com.ar\/portalurbano\/wp-content\/uploads\/2019\/09\/Logo-Original.png\",\"width\":2236,\"height\":1216,\"caption\":\"Portal Urbano\"},\"image\":{\"@id\":\"https:\/\/experienciadevida.com.ar\/portalurbano\/#\/schema\/logo\/image\/\"},\"sameAs\":[\"https:\/\/www.facebook.com\/Portal-Urbano-171542830093757\/\",\"https:\/\/twitter.com\/portalurbanook\",\"https:\/\/www.instagram.com\/_portalurbano\/\",\"https:\/\/www.youtube.com\/channel\/UCXhagIfszH8KxFiOok79zbA?view_as=subscriber\"]},{\"@type\":\"Person\",\"@id\":\"https:\/\/experienciadevida.com.ar\/portalurbano\/#\/schema\/person\/02dd326b1c4b056e9cc972486934a3a7\",\"name\":\"admpu17wp\",\"image\":{\"@type\":\"ImageObject\",\"inLanguage\":\"es\",\"@id\":\"https:\/\/experienciadevida.com.ar\/portalurbano\/#\/schema\/person\/image\/\",\"url\":\"https:\/\/secure.gravatar.com\/avatar\/830d4c57adaae6630765e449a6908047?s=96&d=mm&r=g\",\"contentUrl\":\"https:\/\/secure.gravatar.com\/avatar\/830d4c57adaae6630765e449a6908047?s=96&d=mm&r=g\",\"caption\":\"admpu17wp\"}}]}<\/script>\n<!-- \/ Yoast SEO plugin. -->","yoast_head_json":{"title":"Municipio, educaci\u00f3n y empresariado: trabajo conjunto","description":"Municipio, educaci\u00f3n y empresariado: trabajo conjunto en pos de contribuir a la inserci\u00f3n laboral juvenil, en el marco de un proyecto","robots":{"index":"index","follow":"follow","max-snippet":"max-snippet:-1","max-image-preview":"max-image-preview:large","max-video-preview":"max-video-preview:-1"},"canonical":"https:\/\/experienciadevida.com.ar\/portalurbano\/municipio-educacion-y-empresariado-trabajo-conjunto-en-pos-de-contribuir-a-la-insercion-laboral-juvenil\/","og_locale":"es_ES","og_type":"article","og_title":"Municipio, educaci\u00f3n y empresariado: trabajo conjunto","og_description":"Municipio, educaci\u00f3n y empresariado: trabajo conjunto en pos de contribuir a la inserci\u00f3n laboral juvenil, en el marco de un proyecto","og_url":"https:\/\/experienciadevida.com.ar\/portalurbano\/municipio-educacion-y-empresariado-trabajo-conjunto-en-pos-de-contribuir-a-la-insercion-laboral-juvenil\/","article_publisher":"https:\/\/www.facebook.com\/Portal-Urbano-171542830093757\/","article_published_time":"2022-08-03T12:37:08+00:00","article_modified_time":"2022-08-03T12:38:48+00:00","og_image":[{"width":1024,"height":682,"url":"https:\/\/experienciadevida.com.ar\/portalurbano\/wp-content\/uploads\/2022\/08\/Municipio.jpg","type":"image\/jpeg"}],"author":"admpu17wp","twitter_card":"summary_large_image","twitter_creator":"@portalurbanook","twitter_site":"@portalurbanook","twitter_misc":{"Escrito por":"admpu17wp","Tiempo de lectura":"2 minutos"},"schema":{"@context":"https:\/\/schema.org","@graph":[{"@type":"Article","@id":"https:\/\/experienciadevida.com.ar\/portalurbano\/municipio-educacion-y-empresariado-trabajo-conjunto-en-pos-de-contribuir-a-la-insercion-laboral-juvenil\/#article","isPartOf":{"@id":"https:\/\/experienciadevida.com.ar\/portalurbano\/municipio-educacion-y-empresariado-trabajo-conjunto-en-pos-de-contribuir-a-la-insercion-laboral-juvenil\/"},"author":{"name":"admpu17wp","@id":"https:\/\/experienciadevida.com.ar\/portalurbano\/#\/schema\/person\/02dd326b1c4b056e9cc972486934a3a7"},"headline":"Municipio, educaci\u00f3n y empresariado: trabajo conjunto en pos de contribuir a la inserci\u00f3n laboral juvenil","datePublished":"2022-08-03T12:37:08+00:00","dateModified":"2022-08-03T12:38:48+00:00","mainEntityOfPage":{"@id":"https:\/\/experienciadevida.com.ar\/portalurbano\/municipio-educacion-y-empresariado-trabajo-conjunto-en-pos-de-contribuir-a-la-insercion-laboral-juvenil\/"},"wordCount":288,"publisher":{"@id":"https:\/\/experienciadevida.com.ar\/portalurbano\/#organization"},"articleSection":["Ciudad","Destacadas 2"],"inLanguage":"es"},{"@type":"WebPage","@id":"https:\/\/experienciadevida.com.ar\/portalurbano\/municipio-educacion-y-empresariado-trabajo-conjunto-en-pos-de-contribuir-a-la-insercion-laboral-juvenil\/","url":"https:\/\/experienciadevida.com.ar\/portalurbano\/municipio-educacion-y-empresariado-trabajo-conjunto-en-pos-de-contribuir-a-la-insercion-laboral-juvenil\/","name":"Municipio, educaci\u00f3n y empresariado: trabajo conjunto","isPartOf":{"@id":"https:\/\/experienciadevida.com.ar\/portalurbano\/#website"},"datePublished":"2022-08-03T12:37:08+00:00","dateModified":"2022-08-03T12:38:48+00:00","description":"Municipio, educaci\u00f3n y empresariado: trabajo conjunto en pos de contribuir a la inserci\u00f3n laboral juvenil, en el marco de un proyecto","breadcrumb":{"@id":"https:\/\/experienciadevida.com.ar\/portalurbano\/municipio-educacion-y-empresariado-trabajo-conjunto-en-pos-de-contribuir-a-la-insercion-laboral-juvenil\/#breadcrumb"},"inLanguage":"es","potentialAction":[{"@type":"ReadAction","target":["https:\/\/experienciadevida.com.ar\/portalurbano\/municipio-educacion-y-empresariado-trabajo-conjunto-en-pos-de-contribuir-a-la-insercion-laboral-juvenil\/"]}]},{"@type":"BreadcrumbList","@id":"https:\/\/experienciadevida.com.ar\/portalurbano\/municipio-educacion-y-empresariado-trabajo-conjunto-en-pos-de-contribuir-a-la-insercion-laboral-juvenil\/#breadcrumb","itemListElement":[{"@type":"ListItem","position":1,"name":"Portada","item":"https:\/\/experienciadevida.com.ar\/portalurbano\/"},{"@type":"ListItem","position":2,"name":"Municipio, educaci\u00f3n y empresariado: trabajo conjunto en pos de contribuir a la inserci\u00f3n laboral juvenil"}]},{"@type":"WebSite","@id":"https:\/\/experienciadevida.com.ar\/portalurbano\/#website","url":"https:\/\/experienciadevida.com.ar\/portalurbano\/","name":"","description":"","publisher":{"@id":"https:\/\/experienciadevida.com.ar\/portalurbano\/#organization"},"potentialAction":[{"@type":"SearchAction","target":{"@type":"EntryPoint","urlTemplate":"https:\/\/experienciadevida.com.ar\/portalurbano\/?s={search_term_string}"},"query-input":"required name=search_term_string"}],"inLanguage":"es"},{"@type":"Organization","@id":"https:\/\/experienciadevida.com.ar\/portalurbano\/#organization","name":"Portal Urbano","url":"https:\/\/experienciadevida.com.ar\/portalurbano\/","logo":{"@type":"ImageObject","inLanguage":"es","@id":"https:\/\/experienciadevida.com.ar\/portalurbano\/#\/schema\/logo\/image\/","url":"https:\/\/experienciadevida.com.ar\/portalurbano\/wp-content\/uploads\/2019\/09\/Logo-Original.png","contentUrl":"https:\/\/experienciadevida.com.ar\/portalurbano\/wp-content\/uploads\/2019\/09\/Logo-Original.png","width":2236,"height":1216,"caption":"Portal Urbano"},"image":{"@id":"https:\/\/experienciadevida.com.ar\/portalurbano\/#\/schema\/logo\/image\/"},"sameAs":["https:\/\/www.facebook.com\/Portal-Urbano-171542830093757\/","https:\/\/twitter.com\/portalurbanook","https:\/\/www.instagram.com\/_portalurbano\/","https:\/\/www.youtube.com\/channel\/UCXhagIfszH8KxFiOok79zbA?view_as=subscriber"]},{"@type":"Person","@id":"https:\/\/experienciadevida.com.ar\/portalurbano\/#\/schema\/person\/02dd326b1c4b056e9cc972486934a3a7","name":"admpu17wp","image":{"@type":"ImageObject","inLanguage":"es","@id":"https:\/\/experienciadevida.com.ar\/portalurbano\/#\/schema\/person\/image\/","url":"https:\/\/secure.gravatar.com\/avatar\/830d4c57adaae6630765e449a6908047?s=96&d=mm&r=g","contentUrl":"https:\/\/secure.gravatar.com\/avatar\/830d4c57adaae6630765e449a6908047?s=96&d=mm&r=g","caption":"admpu17wp"}}]}},"featured_image_urls":{"full":["https:\/\/experienciadevida.com.ar\/portalurbano\/wp-content\/uploads\/2022\/08\/Municipio.jpg",1024,682,false],"thumbnail":["https:\/\/experienciadevida.com.ar\/portalurbano\/wp-content\/uploads\/2022\/08\/Municipio-150x150.jpg",150,150,true],"medium":["https:\/\/experienciadevida.com.ar\/portalurbano\/wp-content\/uploads\/2022\/08\/Municipio-300x200.jpg",300,200,true],"medium_large":["https:\/\/experienciadevida.com.ar\/portalurbano\/wp-content\/uploads\/2022\/08\/Municipio-768x512.jpg",640,427,true],"large":["https:\/\/experienciadevida.com.ar\/portalurbano\/wp-content\/uploads\/2022\/08\/Municipio.jpg",640,426,false],"ug_big":["https:\/\/experienciadevida.com.ar\/portalurbano\/wp-content\/uploads\/2022\/08\/Municipio-768x512.jpg",768,512,true],"1536x1536":["https:\/\/experienciadevida.com.ar\/portalurbano\/wp-content\/uploads\/2022\/08\/Municipio.jpg",1024,682,false],"2048x2048":["https:\/\/experienciadevida.com.ar\/portalurbano\/wp-content\/uploads\/2022\/08\/Municipio.jpg",1024,682,false],"newsever-slider-full":["https:\/\/experienciadevida.com.ar\/portalurbano\/wp-content\/uploads\/2022\/08\/Municipio.jpg",1024,682,false],"newsever-featured":["https:\/\/experienciadevida.com.ar\/portalurbano\/wp-content\/uploads\/2022\/08\/Municipio.jpg",1024,682,false],"newsever-medium":["https:\/\/experienciadevida.com.ar\/portalurbano\/wp-content\/uploads\/2022\/08\/Municipio.jpg",713,475,false],"web-stories-poster-portrait":["https:\/\/experienciadevida.com.ar\/portalurbano\/wp-content\/uploads\/2022\/08\/Municipio-640x682.jpg",640,682,true],"web-stories-publisher-logo":["https:\/\/experienciadevida.com.ar\/portalurbano\/wp-content\/uploads\/2022\/08\/Municipio-96x96.jpg",96,96,true],"web-stories-thumbnail":["https:\/\/experienciadevida.com.ar\/portalurbano\/wp-content\/uploads\/2022\/08\/Municipio-150x100.jpg",150,100,true]},"author_info":{"display_name":"admpu17wp","author_link":"https:\/\/experienciadevida.com.ar\/portalurbano\/author\/admpu17wp\/"},"category_info":"<a href=\"https:\/\/experienciadevida.com.ar\/portalurbano\/category\/ciudad\/\" rel=\"category tag\">Ciudad<\/a> <a href=\"https:\/\/experienciadevida.com.ar\/portalurbano\/category\/destacadas-2\/\" rel=\"category tag\">Destacadas 2<\/a>","tag_info":"Destacadas 2","comment_count":"0","amp_enabled":true,"_links":{"self":[{"href":"https:\/\/experienciadevida.com.ar\/portalurbano\/wp-json\/wp\/v2\/posts\/172554"}],"collection":[{"href":"https:\/\/experienciadevida.com.ar\/portalurbano\/wp-json\/wp\/v2\/posts"}],"about":[{"href":"https:\/\/experienciadevida.com.ar\/portalurbano\/wp-json\/wp\/v2\/types\/post"}],"author":[{"embeddable":true,"href":"https:\/\/experienciadevida.com.ar\/portalurbano\/wp-json\/wp\/v2\/users\/1"}],"replies":[{"embeddable":true,"href":"https:\/\/experienciadevida.com.ar\/portalurbano\/wp-json\/wp\/v2\/comments?post=172554"}],"version-history":[{"count":3,"href":"https:\/\/experienciadevida.com.ar\/portalurbano\/wp-json\/wp\/v2\/posts\/172554\/revisions"}],"predecessor-version":[{"id":172558,"href":"https:\/\/experienciadevida.com.ar\/portalurbano\/wp-json\/wp\/v2\/posts\/172554\/revisions\/172558"}],"wp:featuredmedia":[{"embeddable":true,"href":"https:\/\/experienciadevida.com.ar\/portalurbano\/wp-json\/wp\/v2\/media\/172555"}],"wp:attachment":[{"href":"https:\/\/experienciadevida.com.ar\/portalurbano\/wp-json\/wp\/v2\/media?parent=172554"}],"wp:term":[{"taxonomy":"category","embeddable":true,"href":"https:\/\/experienciadevida.com.ar\/portalurbano\/wp-json\/wp\/v2\/categories?post=172554"},{"taxonomy":"post_tag","embeddable":true,"href":"https:\/\/experienciadevida.com.ar\/portalurbano\/wp-json\/wp\/v2\/tags?post=172554"}],"curies":[{"name":"wp","href":"https:\/\/api.w.org\/{rel}","templated":true}]}}