{"id":172542,"date":"2022-08-02T13:49:51","date_gmt":"2022-08-02T16:49:51","guid":{"rendered":"https:\/\/experienciadevida.com.ar\/portalurbano\/?p=172542"},"modified":"2022-08-02T16:46:29","modified_gmt":"2022-08-02T19:46:29","slug":"gran-balance-de-las-vacaciones-de-invierno-que-se-disfrutaron-en-olavarria","status":"publish","type":"post","link":"https:\/\/experienciadevida.com.ar\/portalurbano\/gran-balance-de-las-vacaciones-de-invierno-que-se-disfrutaron-en-olavarria\/","title":{"rendered":"Gran balance de las vacaciones de invierno que se disfrutaron en Olavarr\u00eda"},"content":{"rendered":"<p>Gran balance de las vacaciones de invierno que se disfrutaron en Olavarr\u00eda, la ciudad de Olavarr\u00eda y las localidades que conforman el Partido, propusieron en estas vacaciones una gran y variada oferta de atractivos tur\u00edsticos y actividades, para que tanto una extensa cantidad de residentes como visitantes, puedan elegir Olavarr\u00eda para disfrutar en estos quince d\u00edas de receso invernal.<\/p>\n<p>Desde la Direcci\u00f3n de Turismo \u2013 dependiente de la Secretar\u00eda de Desarrollo Econ\u00f3mico \u2013 se relev\u00f3 el comportamiento de los visitantes y residentes en el Partido. Esto permite afirmar que el volumen de movimiento y consumo que hubo en este mes se equipara a las cifras de la pre-pandemia.<\/p>\n<p>Sobresalieron entre las propuestas las actividades tur\u00edsticas impulsadas desde el \u00e1rea, como as\u00ed tambi\u00e9n las actividades culturales y deportivas, junto a los atractivos naturales derivados del turismo minero y las formas oscilantes de las serran\u00edas del sistema de Tandilia.<\/p>\n<p>En lo que refiere a las actividades formuladas por el \u00e1rea, se valor\u00f3 por parte de la comunidad, la edici\u00f3n especial \u201cQu\u00e9 Hacer en vacaciones de Invierno? #DISFRUTA OLAVARR\u00cdA\u201d. La iniciativa que visibiliz\u00f3 la oferta que tuvo el Partido efectivamente contribuy\u00f3 a mejorar la experiencia tur\u00edstica de los olavarrienses y visitantes. Dentro de lo que m\u00e1s se destac\u00f3 estuvo el Bus Tur\u00edstico Especial Vacaciones, el cual se dise\u00f1o especialmente para el disfrute de los m\u00e1s chicos. Asimismo, la salida cl\u00e1sica del Bus Tur\u00edstico Olavarriense como las propuestas del Cicloturismo, contaron con una gran aceptaci\u00f3n, en conjunto con la variada oferta cultural que ofrecieron todos los museos y el Centro Cultural.<\/p>\n<p>En cuanto a n\u00fameros, las actividades del Bus Tur\u00edstico contaron con much\u00edsima demanda. Ambas ediciones completaron el 100% de la capacidad del bus con 90 pasajeros en total, destacando que alrededor de 450 personas demuestran su inter\u00e9s en la intenci\u00f3n de inscribirse en cada salida (dato obtenido de la plataforma utilizada para la inscripci\u00f3n y de las consultas realizadas a trav\u00e9s de nuestros medios digitales y telef\u00f3nicamente.)<\/p>\n<p>Por su parte, en el transcurso del mes, se realizaron dos Cicloturismo. En este sentido, se visitaron cervecer\u00edas locales y el sal\u00f3n de campo Los Aromos. En ambas ediciones, a pesar de las inclemencias del clima, se cont\u00f3 con una gran afluencia de participantes. 50 ciclistas promedio por salida.<\/p>\n<p>A su vez, seg\u00fan datos provistos por el \u00e1rea de Cultura, se registr\u00f3 un total de asistentes a las muestras, talleres y actividades propuestas de alrededor de 40.000 personas. Sobresalieron las acciones promovidas desde el Bioparque \u201cLa M\u00e1xima\u201d, el Museo de las Ciencias y el Centro Cultural Municipal \u201cSan Jos\u00e9\u201d, estos \u00faltimos con una afluencia estimada de 10.000, 9.500 y 8.600 visitantes, respectivamente.<\/p>\n<p>El sector gastron\u00f3mico tambi\u00e9n se hizo eco del movimiento positivo del receso invernal. Seg\u00fan cifras que la Direcci\u00f3n de Turismo pudo obtener, un 80 % de los establecimientos aument\u00f3 los niveles de circulaci\u00f3n de personas en sus comercios respecto a meses anteriores, siendo la franja vespertina en la que evidenciaron mayor incremento. Asimismo, de los lugares de comida consultados, el 100% afirm\u00f3 que hubo d\u00edas en los que contaron con la capacidad m\u00e1xima del sal\u00f3n, quedando gente sin poder ingresar. A su vez, notaron el aumento de reservas y pedidos por delivery. Uno de ellos tambi\u00e9n destac\u00f3 el contraste con respecto al a\u00f1o anterior, en el cual segu\u00edan trabajando a puertas cerradas producto del contexto sanitario mundial.<\/p>\n<p>En lo que refiere a los alojamientos del Partido, seg\u00fan los establecimientos que compartieron sus datos, la ciudad de Olavarr\u00eda y la localidad de Sierras Bayas resultaron las opciones m\u00e1s elegidas al momento de hospedarse.<\/p>\n<p>Las motivaciones de los turistas para disfrutar sus vacaciones fueron mayormente por inter\u00e9s recreativo y deportivo. Se destacan tambi\u00e9n las estad\u00edas por temas laborales. La franja etaria coteja dicha informaci\u00f3n, ya que mayormente los visitantes que se acercaron al Partido fueron personas entre 18 y 55 a\u00f1os, permaneciendo en promedio 2 noches de pernocte.<\/p>\n<p>A su vez, seg\u00fan la informaci\u00f3n obtenida del relevo, en el mes de julio, los hu\u00e9spedes provinieron principalmente de las ciudades de Mar del Plata, La Plata y CABA y de las provincias de Mendoza y Neuqu\u00e9n.<\/p>\n<p>Por \u00faltimo, otro de los datos consultados para evaluar el movimiento que provocaron las vacaciones de invierno en el Partido, fueron los provenientes de la Terminal de \u00d3mnibus de la ciudad de Olavarr\u00eda.<\/p>\n<p>A la frecuencia habitual de 37 servicios que circulan por la ciudad, se sumaron 17 adicionales m\u00e1s. Las empresas que m\u00e1s servicios agregaron fueron las que conectan la ciudad con la Ciudad de Buenos Aires (Retiro), seguidos por La Plata y en tercer lugar Mar del Plata.<\/p>\n<p>A su vez, seg\u00fan la informaci\u00f3n que este \u00faltimo lugar permiti\u00f3 recopilar, se observ\u00f3 que en Olavarr\u00eda hay mayor movimiento emisivo que receptivo. El triple de pasajeros fueron los que salieron de la ciudad, en comparaci\u00f3n con los que arribaron.<\/p>\n<p>En el plano nacional, las cifras arrojaron que se vivi\u00f3 un intenso movimiento tur\u00edstico en este receso invernal. De acuerdo con las nuevas estimaciones del Observatorio Argentino de Turismo (OAT), que act\u00faa bajo la \u00f3rbita de la C\u00e1mara Argentina de Turismo (CAT), m\u00e1s de 5.2 millones de turistas nacionales viajaron por el pa\u00eds durante las vacaciones de invierno 2022, lo que representa un incremento del 10% con respecto a la \u00faltima temporada pre-pandemia.<\/p>\n<p>Seg\u00fan un informe provisto por la CAME (Confederaci\u00f3n Argentina de la Mediana Empresa), las vacaciones de invierno alcanzaron valores r\u00e9cord. Entre excursionistas y turistas, viajaron 15,9 millones de personas por el pa\u00eds, 20,7% m\u00e1s que el a\u00f1o pasado, y gastaron $147.313 millones en las ciudades que forman parte del circuito tur\u00edstico nacional. El impacto econ\u00f3mico fue 95,2% mayor a 2021 a precios constantes. El producto nieve fue una de las joyas de este receso. Las grandes nevadas despertaron mucho entusiasmo y se not\u00f3 en el incremento de visitantes que tuvieron este a\u00f1o las ciudades con ese recurso.<\/p>\n<p>El balance en el plano local es positivo, contribuido en gran medida la variada y amplia oferta de actividades con la que contaba el Partido.<\/p>\n<p>&nbsp;<\/p>\n","protected":false},"excerpt":{"rendered":"<p>Gran balance de las vacaciones de invierno que se disfrutaron en Olavarr\u00eda, la ciudad de&#8230;<\/p>\n","protected":false},"author":1,"featured_media":172543,"comment_status":"closed","ping_status":"closed","sticky":false,"template":"","format":"standard","meta":{"content-type":""},"categories":[27,51],"tags":[],"nelio_content":{"isAutoShareEnabled":false,"autoShareEndMode":"default","automationSources":{"useContentSentences":true,"useSocialTemplates":true,"useCustomSentences":false,"customSentences":[]},"followers":[1],"suggestedReferences":[],"includedReferences":[],"efiUrl":"","efiAlt":"","highlights":[]},"yoast_head":"<!-- This site is optimized with the Yoast SEO plugin v20.7 - https:\/\/yoast.com\/wordpress\/plugins\/seo\/ -->\n<title>Gran balance de las vacaciones de invierno<\/title>\n<meta name=\"description\" content=\"Gran balance de las vacaciones de invierno que se disfrutaron en Olavarr\u00eda, la ciudad de Olavarr\u00eda y las localidades que conforman el Partido\" \/>\n<meta name=\"robots\" content=\"index, follow, max-snippet:-1, max-image-preview:large, max-video-preview:-1\" \/>\n<link rel=\"canonical\" href=\"https:\/\/experienciadevida.com.ar\/portalurbano\/gran-balance-de-las-vacaciones-de-invierno-que-se-disfrutaron-en-olavarria\/\" \/>\n<meta property=\"og:locale\" content=\"es_ES\" \/>\n<meta property=\"og:type\" content=\"article\" \/>\n<meta property=\"og:title\" content=\"Gran balance de las vacaciones de invierno\" \/>\n<meta property=\"og:description\" content=\"Gran balance de las vacaciones de invierno que se disfrutaron en Olavarr\u00eda, la ciudad de Olavarr\u00eda y las localidades que conforman el Partido\" \/>\n<meta property=\"og:url\" content=\"https:\/\/experienciadevida.com.ar\/portalurbano\/gran-balance-de-las-vacaciones-de-invierno-que-se-disfrutaron-en-olavarria\/\" \/>\n<meta property=\"article:publisher\" content=\"https:\/\/www.facebook.com\/Portal-Urbano-171542830093757\/\" \/>\n<meta property=\"article:published_time\" content=\"2022-08-02T16:49:51+00:00\" \/>\n<meta property=\"article:modified_time\" content=\"2022-08-02T19:46:29+00:00\" \/>\n<meta property=\"og:image\" content=\"https:\/\/experienciadevida.com.ar\/portalurbano\/wp-content\/uploads\/2022\/08\/Las-vacaciones-de-invierno.jpg\" \/>\n\t<meta property=\"og:image:width\" content=\"1024\" \/>\n\t<meta property=\"og:image:height\" content=\"682\" \/>\n\t<meta property=\"og:image:type\" content=\"image\/jpeg\" \/>\n<meta name=\"author\" content=\"admpu17wp\" \/>\n<meta name=\"twitter:card\" content=\"summary_large_image\" \/>\n<meta name=\"twitter:creator\" content=\"@portalurbanook\" \/>\n<meta name=\"twitter:site\" content=\"@portalurbanook\" \/>\n<meta name=\"twitter:label1\" content=\"Escrito por\" \/>\n\t<meta name=\"twitter:data1\" content=\"admpu17wp\" \/>\n\t<meta name=\"twitter:label2\" content=\"Tiempo de lectura\" \/>\n\t<meta name=\"twitter:data2\" content=\"5 minutos\" \/>\n<script type=\"application\/ld+json\" class=\"yoast-schema-graph\">{\"@context\":\"https:\/\/schema.org\",\"@graph\":[{\"@type\":\"Article\",\"@id\":\"https:\/\/experienciadevida.com.ar\/portalurbano\/gran-balance-de-las-vacaciones-de-invierno-que-se-disfrutaron-en-olavarria\/#article\",\"isPartOf\":{\"@id\":\"https:\/\/experienciadevida.com.ar\/portalurbano\/gran-balance-de-las-vacaciones-de-invierno-que-se-disfrutaron-en-olavarria\/\"},\"author\":{\"name\":\"admpu17wp\",\"@id\":\"https:\/\/experienciadevida.com.ar\/portalurbano\/#\/schema\/person\/02dd326b1c4b056e9cc972486934a3a7\"},\"headline\":\"Gran balance de las vacaciones de invierno que se disfrutaron en Olavarr\u00eda\",\"datePublished\":\"2022-08-02T16:49:51+00:00\",\"dateModified\":\"2022-08-02T19:46:29+00:00\",\"mainEntityOfPage\":{\"@id\":\"https:\/\/experienciadevida.com.ar\/portalurbano\/gran-balance-de-las-vacaciones-de-invierno-que-se-disfrutaron-en-olavarria\/\"},\"wordCount\":1059,\"publisher\":{\"@id\":\"https:\/\/experienciadevida.com.ar\/portalurbano\/#organization\"},\"articleSection\":[\"Ciudad\",\"Destacadas\"],\"inLanguage\":\"es\"},{\"@type\":\"WebPage\",\"@id\":\"https:\/\/experienciadevida.com.ar\/portalurbano\/gran-balance-de-las-vacaciones-de-invierno-que-se-disfrutaron-en-olavarria\/\",\"url\":\"https:\/\/experienciadevida.com.ar\/portalurbano\/gran-balance-de-las-vacaciones-de-invierno-que-se-disfrutaron-en-olavarria\/\",\"name\":\"Gran balance de las vacaciones de invierno\",\"isPartOf\":{\"@id\":\"https:\/\/experienciadevida.com.ar\/portalurbano\/#website\"},\"datePublished\":\"2022-08-02T16:49:51+00:00\",\"dateModified\":\"2022-08-02T19:46:29+00:00\",\"description\":\"Gran balance de las vacaciones de invierno que se disfrutaron en Olavarr\u00eda, la ciudad de Olavarr\u00eda y las localidades que conforman el Partido\",\"breadcrumb\":{\"@id\":\"https:\/\/experienciadevida.com.ar\/portalurbano\/gran-balance-de-las-vacaciones-de-invierno-que-se-disfrutaron-en-olavarria\/#breadcrumb\"},\"inLanguage\":\"es\",\"potentialAction\":[{\"@type\":\"ReadAction\",\"target\":[\"https:\/\/experienciadevida.com.ar\/portalurbano\/gran-balance-de-las-vacaciones-de-invierno-que-se-disfrutaron-en-olavarria\/\"]}]},{\"@type\":\"BreadcrumbList\",\"@id\":\"https:\/\/experienciadevida.com.ar\/portalurbano\/gran-balance-de-las-vacaciones-de-invierno-que-se-disfrutaron-en-olavarria\/#breadcrumb\",\"itemListElement\":[{\"@type\":\"ListItem\",\"position\":1,\"name\":\"Portada\",\"item\":\"https:\/\/experienciadevida.com.ar\/portalurbano\/\"},{\"@type\":\"ListItem\",\"position\":2,\"name\":\"Gran balance de las vacaciones de invierno que se disfrutaron en Olavarr\u00eda\"}]},{\"@type\":\"WebSite\",\"@id\":\"https:\/\/experienciadevida.com.ar\/portalurbano\/#website\",\"url\":\"https:\/\/experienciadevida.com.ar\/portalurbano\/\",\"name\":\"\",\"description\":\"\",\"publisher\":{\"@id\":\"https:\/\/experienciadevida.com.ar\/portalurbano\/#organization\"},\"potentialAction\":[{\"@type\":\"SearchAction\",\"target\":{\"@type\":\"EntryPoint\",\"urlTemplate\":\"https:\/\/experienciadevida.com.ar\/portalurbano\/?s={search_term_string}\"},\"query-input\":\"required name=search_term_string\"}],\"inLanguage\":\"es\"},{\"@type\":\"Organization\",\"@id\":\"https:\/\/experienciadevida.com.ar\/portalurbano\/#organization\",\"name\":\"Portal Urbano\",\"url\":\"https:\/\/experienciadevida.com.ar\/portalurbano\/\",\"logo\":{\"@type\":\"ImageObject\",\"inLanguage\":\"es\",\"@id\":\"https:\/\/experienciadevida.com.ar\/portalurbano\/#\/schema\/logo\/image\/\",\"url\":\"https:\/\/experienciadevida.com.ar\/portalurbano\/wp-content\/uploads\/2019\/09\/Logo-Original.png\",\"contentUrl\":\"https:\/\/experienciadevida.com.ar\/portalurbano\/wp-content\/uploads\/2019\/09\/Logo-Original.png\",\"width\":2236,\"height\":1216,\"caption\":\"Portal Urbano\"},\"image\":{\"@id\":\"https:\/\/experienciadevida.com.ar\/portalurbano\/#\/schema\/logo\/image\/\"},\"sameAs\":[\"https:\/\/www.facebook.com\/Portal-Urbano-171542830093757\/\",\"https:\/\/twitter.com\/portalurbanook\",\"https:\/\/www.instagram.com\/_portalurbano\/\",\"https:\/\/www.youtube.com\/channel\/UCXhagIfszH8KxFiOok79zbA?view_as=subscriber\"]},{\"@type\":\"Person\",\"@id\":\"https:\/\/experienciadevida.com.ar\/portalurbano\/#\/schema\/person\/02dd326b1c4b056e9cc972486934a3a7\",\"name\":\"admpu17wp\",\"image\":{\"@type\":\"ImageObject\",\"inLanguage\":\"es\",\"@id\":\"https:\/\/experienciadevida.com.ar\/portalurbano\/#\/schema\/person\/image\/\",\"url\":\"https:\/\/secure.gravatar.com\/avatar\/830d4c57adaae6630765e449a6908047?s=96&d=mm&r=g\",\"contentUrl\":\"https:\/\/secure.gravatar.com\/avatar\/830d4c57adaae6630765e449a6908047?s=96&d=mm&r=g\",\"caption\":\"admpu17wp\"}}]}<\/script>\n<!-- \/ Yoast SEO plugin. -->","yoast_head_json":{"title":"Gran balance de las vacaciones de invierno","description":"Gran balance de las vacaciones de invierno que se disfrutaron en Olavarr\u00eda, la ciudad de Olavarr\u00eda y las localidades que conforman el Partido","robots":{"index":"index","follow":"follow","max-snippet":"max-snippet:-1","max-image-preview":"max-image-preview:large","max-video-preview":"max-video-preview:-1"},"canonical":"https:\/\/experienciadevida.com.ar\/portalurbano\/gran-balance-de-las-vacaciones-de-invierno-que-se-disfrutaron-en-olavarria\/","og_locale":"es_ES","og_type":"article","og_title":"Gran balance de las vacaciones de invierno","og_description":"Gran balance de las vacaciones de invierno que se disfrutaron en Olavarr\u00eda, la ciudad de Olavarr\u00eda y las localidades que conforman el Partido","og_url":"https:\/\/experienciadevida.com.ar\/portalurbano\/gran-balance-de-las-vacaciones-de-invierno-que-se-disfrutaron-en-olavarria\/","article_publisher":"https:\/\/www.facebook.com\/Portal-Urbano-171542830093757\/","article_published_time":"2022-08-02T16:49:51+00:00","article_modified_time":"2022-08-02T19:46:29+00:00","og_image":[{"width":1024,"height":682,"url":"https:\/\/experienciadevida.com.ar\/portalurbano\/wp-content\/uploads\/2022\/08\/Las-vacaciones-de-invierno.jpg","type":"image\/jpeg"}],"author":"admpu17wp","twitter_card":"summary_large_image","twitter_creator":"@portalurbanook","twitter_site":"@portalurbanook","twitter_misc":{"Escrito por":"admpu17wp","Tiempo de lectura":"5 minutos"},"schema":{"@context":"https:\/\/schema.org","@graph":[{"@type":"Article","@id":"https:\/\/experienciadevida.com.ar\/portalurbano\/gran-balance-de-las-vacaciones-de-invierno-que-se-disfrutaron-en-olavarria\/#article","isPartOf":{"@id":"https:\/\/experienciadevida.com.ar\/portalurbano\/gran-balance-de-las-vacaciones-de-invierno-que-se-disfrutaron-en-olavarria\/"},"author":{"name":"admpu17wp","@id":"https:\/\/experienciadevida.com.ar\/portalurbano\/#\/schema\/person\/02dd326b1c4b056e9cc972486934a3a7"},"headline":"Gran balance de las vacaciones de invierno que se disfrutaron en Olavarr\u00eda","datePublished":"2022-08-02T16:49:51+00:00","dateModified":"2022-08-02T19:46:29+00:00","mainEntityOfPage":{"@id":"https:\/\/experienciadevida.com.ar\/portalurbano\/gran-balance-de-las-vacaciones-de-invierno-que-se-disfrutaron-en-olavarria\/"},"wordCount":1059,"publisher":{"@id":"https:\/\/experienciadevida.com.ar\/portalurbano\/#organization"},"articleSection":["Ciudad","Destacadas"],"inLanguage":"es"},{"@type":"WebPage","@id":"https:\/\/experienciadevida.com.ar\/portalurbano\/gran-balance-de-las-vacaciones-de-invierno-que-se-disfrutaron-en-olavarria\/","url":"https:\/\/experienciadevida.com.ar\/portalurbano\/gran-balance-de-las-vacaciones-de-invierno-que-se-disfrutaron-en-olavarria\/","name":"Gran balance de las vacaciones de invierno","isPartOf":{"@id":"https:\/\/experienciadevida.com.ar\/portalurbano\/#website"},"datePublished":"2022-08-02T16:49:51+00:00","dateModified":"2022-08-02T19:46:29+00:00","description":"Gran balance de las vacaciones de invierno que se disfrutaron en Olavarr\u00eda, la ciudad de Olavarr\u00eda y las localidades que conforman el Partido","breadcrumb":{"@id":"https:\/\/experienciadevida.com.ar\/portalurbano\/gran-balance-de-las-vacaciones-de-invierno-que-se-disfrutaron-en-olavarria\/#breadcrumb"},"inLanguage":"es","potentialAction":[{"@type":"ReadAction","target":["https:\/\/experienciadevida.com.ar\/portalurbano\/gran-balance-de-las-vacaciones-de-invierno-que-se-disfrutaron-en-olavarria\/"]}]},{"@type":"BreadcrumbList","@id":"https:\/\/experienciadevida.com.ar\/portalurbano\/gran-balance-de-las-vacaciones-de-invierno-que-se-disfrutaron-en-olavarria\/#breadcrumb","itemListElement":[{"@type":"ListItem","position":1,"name":"Portada","item":"https:\/\/experienciadevida.com.ar\/portalurbano\/"},{"@type":"ListItem","position":2,"name":"Gran balance de las vacaciones de invierno que se disfrutaron en Olavarr\u00eda"}]},{"@type":"WebSite","@id":"https:\/\/experienciadevida.com.ar\/portalurbano\/#website","url":"https:\/\/experienciadevida.com.ar\/portalurbano\/","name":"","description":"","publisher":{"@id":"https:\/\/experienciadevida.com.ar\/portalurbano\/#organization"},"potentialAction":[{"@type":"SearchAction","target":{"@type":"EntryPoint","urlTemplate":"https:\/\/experienciadevida.com.ar\/portalurbano\/?s={search_term_string}"},"query-input":"required name=search_term_string"}],"inLanguage":"es"},{"@type":"Organization","@id":"https:\/\/experienciadevida.com.ar\/portalurbano\/#organization","name":"Portal Urbano","url":"https:\/\/experienciadevida.com.ar\/portalurbano\/","logo":{"@type":"ImageObject","inLanguage":"es","@id":"https:\/\/experienciadevida.com.ar\/portalurbano\/#\/schema\/logo\/image\/","url":"https:\/\/experienciadevida.com.ar\/portalurbano\/wp-content\/uploads\/2019\/09\/Logo-Original.png","contentUrl":"https:\/\/experienciadevida.com.ar\/portalurbano\/wp-content\/uploads\/2019\/09\/Logo-Original.png","width":2236,"height":1216,"caption":"Portal Urbano"},"image":{"@id":"https:\/\/experienciadevida.com.ar\/portalurbano\/#\/schema\/logo\/image\/"},"sameAs":["https:\/\/www.facebook.com\/Portal-Urbano-171542830093757\/","https:\/\/twitter.com\/portalurbanook","https:\/\/www.instagram.com\/_portalurbano\/","https:\/\/www.youtube.com\/channel\/UCXhagIfszH8KxFiOok79zbA?view_as=subscriber"]},{"@type":"Person","@id":"https:\/\/experienciadevida.com.ar\/portalurbano\/#\/schema\/person\/02dd326b1c4b056e9cc972486934a3a7","name":"admpu17wp","image":{"@type":"ImageObject","inLanguage":"es","@id":"https:\/\/experienciadevida.com.ar\/portalurbano\/#\/schema\/person\/image\/","url":"https:\/\/secure.gravatar.com\/avatar\/830d4c57adaae6630765e449a6908047?s=96&d=mm&r=g","contentUrl":"https:\/\/secure.gravatar.com\/avatar\/830d4c57adaae6630765e449a6908047?s=96&d=mm&r=g","caption":"admpu17wp"}}]}},"featured_image_urls":{"full":["https:\/\/experienciadevida.com.ar\/portalurbano\/wp-content\/uploads\/2022\/08\/Las-vacaciones-de-invierno.jpg",1024,682,false],"thumbnail":["https:\/\/experienciadevida.com.ar\/portalurbano\/wp-content\/uploads\/2022\/08\/Las-vacaciones-de-invierno-150x150.jpg",150,150,true],"medium":["https:\/\/experienciadevida.com.ar\/portalurbano\/wp-content\/uploads\/2022\/08\/Las-vacaciones-de-invierno-300x200.jpg",300,200,true],"medium_large":["https:\/\/experienciadevida.com.ar\/portalurbano\/wp-content\/uploads\/2022\/08\/Las-vacaciones-de-invierno-768x512.jpg",640,427,true],"large":["https:\/\/experienciadevida.com.ar\/portalurbano\/wp-content\/uploads\/2022\/08\/Las-vacaciones-de-invierno.jpg",640,426,false],"ug_big":["https:\/\/experienciadevida.com.ar\/portalurbano\/wp-content\/uploads\/2022\/08\/Las-vacaciones-de-invierno-768x512.jpg",768,512,true],"1536x1536":["https:\/\/experienciadevida.com.ar\/portalurbano\/wp-content\/uploads\/2022\/08\/Las-vacaciones-de-invierno.jpg",1024,682,false],"2048x2048":["https:\/\/experienciadevida.com.ar\/portalurbano\/wp-content\/uploads\/2022\/08\/Las-vacaciones-de-invierno.jpg",1024,682,false],"newsever-slider-full":["https:\/\/experienciadevida.com.ar\/portalurbano\/wp-content\/uploads\/2022\/08\/Las-vacaciones-de-invierno.jpg",1024,682,false],"newsever-featured":["https:\/\/experienciadevida.com.ar\/portalurbano\/wp-content\/uploads\/2022\/08\/Las-vacaciones-de-invierno.jpg",1024,682,false],"newsever-medium":["https:\/\/experienciadevida.com.ar\/portalurbano\/wp-content\/uploads\/2022\/08\/Las-vacaciones-de-invierno.jpg",713,475,false],"web-stories-poster-portrait":["https:\/\/experienciadevida.com.ar\/portalurbano\/wp-content\/uploads\/2022\/08\/Las-vacaciones-de-invierno-640x682.jpg",640,682,true],"web-stories-publisher-logo":["https:\/\/experienciadevida.com.ar\/portalurbano\/wp-content\/uploads\/2022\/08\/Las-vacaciones-de-invierno-96x96.jpg",96,96,true],"web-stories-thumbnail":["https:\/\/experienciadevida.com.ar\/portalurbano\/wp-content\/uploads\/2022\/08\/Las-vacaciones-de-invierno-150x100.jpg",150,100,true]},"author_info":{"display_name":"admpu17wp","author_link":"https:\/\/experienciadevida.com.ar\/portalurbano\/author\/admpu17wp\/"},"category_info":"<a href=\"https:\/\/experienciadevida.com.ar\/portalurbano\/category\/ciudad\/\" rel=\"category tag\">Ciudad<\/a> <a href=\"https:\/\/experienciadevida.com.ar\/portalurbano\/category\/destacadas\/\" rel=\"category tag\">Destacadas<\/a>","tag_info":"Destacadas","comment_count":"0","amp_enabled":true,"_links":{"self":[{"href":"https:\/\/experienciadevida.com.ar\/portalurbano\/wp-json\/wp\/v2\/posts\/172542"}],"collection":[{"href":"https:\/\/experienciadevida.com.ar\/portalurbano\/wp-json\/wp\/v2\/posts"}],"about":[{"href":"https:\/\/experienciadevida.com.ar\/portalurbano\/wp-json\/wp\/v2\/types\/post"}],"author":[{"embeddable":true,"href":"https:\/\/experienciadevida.com.ar\/portalurbano\/wp-json\/wp\/v2\/users\/1"}],"replies":[{"embeddable":true,"href":"https:\/\/experienciadevida.com.ar\/portalurbano\/wp-json\/wp\/v2\/comments?post=172542"}],"version-history":[{"count":1,"href":"https:\/\/experienciadevida.com.ar\/portalurbano\/wp-json\/wp\/v2\/posts\/172542\/revisions"}],"predecessor-version":[{"id":172544,"href":"https:\/\/experienciadevida.com.ar\/portalurbano\/wp-json\/wp\/v2\/posts\/172542\/revisions\/172544"}],"wp:featuredmedia":[{"embeddable":true,"href":"https:\/\/experienciadevida.com.ar\/portalurbano\/wp-json\/wp\/v2\/media\/172543"}],"wp:attachment":[{"href":"https:\/\/experienciadevida.com.ar\/portalurbano\/wp-json\/wp\/v2\/media?parent=172542"}],"wp:term":[{"taxonomy":"category","embeddable":true,"href":"https:\/\/experienciadevida.com.ar\/portalurbano\/wp-json\/wp\/v2\/categories?post=172542"},{"taxonomy":"post_tag","embeddable":true,"href":"https:\/\/experienciadevida.com.ar\/portalurbano\/wp-json\/wp\/v2\/tags?post=172542"}],"curies":[{"name":"wp","href":"https:\/\/api.w.org\/{rel}","templated":true}]}}