{"id":172527,"date":"2022-08-02T09:59:42","date_gmt":"2022-08-02T12:59:42","guid":{"rendered":"https:\/\/experienciadevida.com.ar\/portalurbano\/?p=172527"},"modified":"2022-08-02T10:23:56","modified_gmt":"2022-08-02T13:23:56","slug":"este-miercoles-habra-una-movilizacion-pidiendo-por-las-leyes-para-la-agricultura-familiar","status":"publish","type":"post","link":"https:\/\/experienciadevida.com.ar\/portalurbano\/este-miercoles-habra-una-movilizacion-pidiendo-por-las-leyes-para-la-agricultura-familiar\/","title":{"rendered":"Este mi\u00e9rcoles habr\u00e1 una movilizaci\u00f3n pidiendo por las leyes para la agricultura familiar"},"content":{"rendered":"<p>Este mi\u00e9rcoles habr\u00e1 una movilizaci\u00f3n pidiendo por las leyes para la agricultura familiar, se da en consonancia de lo que suceder\u00e1 en todo el pa\u00eds, donde\u00a0 reclamar\u00e1n por los derechos ya que mencionan que &#8220;somos el campo que produce los alimentos de los 47 millones de Argentinos, queremos pol\u00edticas p\u00fablicas y tierra para todos los agricultores familiares&#8221;.<\/p>\n<p>&#8220;En este contexto de emergencia econ\u00f3mica y social, las familias productoras agropecuarias argentinas necesitamos urgente medidas para paliar la crisis y seguir produciendo los alimentos de todos las argentinas. Cada vez que se dan situaciones de inestabilidad, nuestras familias, que tienen un rol central en la producci\u00f3n, sufrimos las consecuencias: la dolarizaci\u00f3n de nuestros insumos, el aumento del precio de los alquileres y de la tierra, y la contracci\u00f3n de la demanda de nuestra producci\u00f3n. Esto supone p\u00e9rdida en nuestras ganancias y dificultad para sostener nuestros ciclos productivos&#8221;.<\/p>\n<p>Tambi\u00e9n &#8220;el problema de los Argentinos la inflaci\u00f3n, se resuelve garantizando alimentos a precios justos, y nosotros somos quienes los producimos. Llamamos a nuestras autoridades nacionales, provinciales y locales a reconocernos e incorporarnos a la agenda econ\u00f3mica que se discute en nuestro pa\u00eds. As\u00ed como se definieron pol\u00edticas destinadas a fomentar la liquidaci\u00f3n de divisas de exportaciones, exigimos fondos extraordinarios para garantizar la distribuci\u00f3n y comercializaci\u00f3n de nuestra producci\u00f3n, y cr\u00e9ditos para garantizar las pr\u00f3ximas campa\u00f1as&#8221;.<\/p>\n<p>&#8220;Las leyes que impulsamos, de Acceso a la Tierra y Protecci\u00f3n de Cinturones verdes y zonas estrat\u00e9gicas de producci\u00f3n de alimentos, as\u00ed como la reglamentaci\u00f3n de la Ley de Reparaci\u00f3n Hist\u00f3rica (tantas veces anunciada) y<br \/>\nde Fomento a la Agroecol\u00f3gica, permitir\u00e1n que la producci\u00f3n de alimentos sean una pol\u00edtica de estado para resolver no solo la seguridad alimentaria de nuestro pueblo, sino incluso los desequilibrios territoriales. Proteger la agricultura familiar, fomentarla es tambi\u00e9n poblar el territorio y valorizar los pueblos rurales del interior de nuestro pa\u00eds, con una mirada Federal&#8221;.<\/p>\n<p>\u00bfPara cuando nosotros? Se preguntan, &#8220;as\u00ed como otorgan recursos a los grandes conglomerados, desde la agricultura familiar necesitamos que se dediquen pol\u00edticas p\u00fablicas directas para enfrentar la emergencia en la que nos encontramos. Argentina es el octavo pa\u00eds con mayor superficie del mundo. Asimismo, cuenta con una baja densidad poblacional (16 habitantes por km2), y concentra el 92% de su poblaci\u00f3n en ciudades. Pese a ello, la tierra se<br \/>\nencuentra concentrada en unas pocas manos. De acuerdo al Censo Nacional Agropecuario realizado en el 2018 por el INDEC, el 1% de las explotaciones controla el 36% de la tierra&#8221;.<\/p>\n<p>Este mi\u00e9rcoles habr\u00e1 una movilizaci\u00f3n pidiendo por las leyes para la agricultura familiar, &#8220;en la misma l\u00ednea, seg\u00fan el registro de Tierras Rurales de la Naci\u00f3n, casi el 40% del territorio argentino es propiedad de 1.200 terratenientes. En<br \/>\ncontrapartida, un 40% de los habitantes del pa\u00eds no tienen acceso a tierras o vivienda propia. La desigualdad tambi\u00e9n es de g\u00e9nero. En tanto que el 78% de las explotaciones est\u00e1n manejadas por hombres, apenas un 20% son<br \/>\ncontroladas por mujeres. Pero esa brecha entre los que m\u00e1s y los que menos tienen, en lugar de achicarse, se agranda a\u00f1o a a\u00f1o debido a la indiferencia del Estado para intervenir. Seg\u00fan el mismo Censo, entre el 2002 y el 2018 desaparecieron unas 80.000 explotaciones agropecuarias (el 25,5%)&#8221;.<\/p>\n<p>&#8220;Queremos terminar con el abuso inmobiliario y la especulaci\u00f3n. Queremos viviendas dignas que alojen a nuestros trabajadores y trabajadoras del campo. Queremos que trabajen y vivan en condiciones dignas. Buscamos tambi\u00e9n producir alimentos sanos a trav\u00e9s de un modelo agroecol\u00f3gico que nos permita un desarrollo rural que fomente otras formas de trabajar la tierra, la producci\u00f3n arm\u00f3nica con el medio ambiente, la vivienda rural y que fomente el cooperativismo para acceder a la comercializaci\u00f3n con un precio justo. Por esta raz\u00f3n creemos que es de car\u00e1cter urgente poder generar una transformaci\u00f3n en las condiciones en las que la tierra en donde se produce<br \/>\nel alimento de los 47 millones de argentinos y para la exportaci\u00f3n, se reparta&#8221;.<\/p>\n","protected":false},"excerpt":{"rendered":"<p>Este mi\u00e9rcoles habr\u00e1 una movilizaci\u00f3n pidiendo por las leyes para la agricultura familiar, se da&#8230;<\/p>\n","protected":false},"author":1,"featured_media":172528,"comment_status":"closed","ping_status":"closed","sticky":false,"template":"","format":"standard","meta":{"content-type":""},"categories":[27],"tags":[],"nelio_content":{"isAutoShareEnabled":false,"autoShareEndMode":"default","automationSources":{"useContentSentences":true,"useSocialTemplates":true,"useCustomSentences":false,"customSentences":[]},"followers":[1],"suggestedReferences":[],"includedReferences":[],"efiUrl":"","efiAlt":"","highlights":[]},"yoast_head":"<!-- This site is optimized with the Yoast SEO plugin v20.7 - https:\/\/yoast.com\/wordpress\/plugins\/seo\/ -->\n<title>Este mi\u00e9rcoles habr\u00e1 una movilizaci\u00f3n pidiendo por leyes<\/title>\n<meta name=\"description\" content=\"Este mi\u00e9rcoles habr\u00e1 una movilizaci\u00f3n pidiendo por las leyes para la agricultura familiar, se da en consonancia suceder\u00e1 en todo el pa\u00eds\" \/>\n<meta name=\"robots\" content=\"index, follow, max-snippet:-1, max-image-preview:large, max-video-preview:-1\" \/>\n<link rel=\"canonical\" href=\"https:\/\/experienciadevida.com.ar\/portalurbano\/este-miercoles-habra-una-movilizacion-pidiendo-por-las-leyes-para-la-agricultura-familiar\/\" \/>\n<meta property=\"og:locale\" content=\"es_ES\" \/>\n<meta property=\"og:type\" content=\"article\" \/>\n<meta property=\"og:title\" content=\"Este mi\u00e9rcoles habr\u00e1 una movilizaci\u00f3n pidiendo por leyes\" \/>\n<meta property=\"og:description\" content=\"Este mi\u00e9rcoles habr\u00e1 una movilizaci\u00f3n pidiendo por las leyes para la agricultura familiar, se da en consonancia suceder\u00e1 en todo el pa\u00eds\" \/>\n<meta property=\"og:url\" content=\"https:\/\/experienciadevida.com.ar\/portalurbano\/este-miercoles-habra-una-movilizacion-pidiendo-por-las-leyes-para-la-agricultura-familiar\/\" \/>\n<meta property=\"article:publisher\" content=\"https:\/\/www.facebook.com\/Portal-Urbano-171542830093757\/\" \/>\n<meta property=\"article:published_time\" content=\"2022-08-02T12:59:42+00:00\" \/>\n<meta property=\"article:modified_time\" content=\"2022-08-02T13:23:56+00:00\" \/>\n<meta property=\"og:image\" content=\"https:\/\/experienciadevida.com.ar\/portalurbano\/wp-content\/uploads\/2022\/08\/Este-martes-habra-una.jpg\" \/>\n\t<meta property=\"og:image:width\" content=\"1080\" \/>\n\t<meta property=\"og:image:height\" content=\"1080\" \/>\n\t<meta property=\"og:image:type\" content=\"image\/jpeg\" \/>\n<meta name=\"author\" content=\"admpu17wp\" \/>\n<meta name=\"twitter:card\" content=\"summary_large_image\" \/>\n<meta name=\"twitter:creator\" content=\"@portalurbanook\" \/>\n<meta name=\"twitter:site\" content=\"@portalurbanook\" \/>\n<meta name=\"twitter:label1\" content=\"Escrito por\" \/>\n\t<meta name=\"twitter:data1\" content=\"admpu17wp\" \/>\n\t<meta name=\"twitter:label2\" content=\"Tiempo de lectura\" \/>\n\t<meta name=\"twitter:data2\" content=\"3 minutos\" \/>\n<script type=\"application\/ld+json\" class=\"yoast-schema-graph\">{\"@context\":\"https:\/\/schema.org\",\"@graph\":[{\"@type\":\"Article\",\"@id\":\"https:\/\/experienciadevida.com.ar\/portalurbano\/este-miercoles-habra-una-movilizacion-pidiendo-por-las-leyes-para-la-agricultura-familiar\/#article\",\"isPartOf\":{\"@id\":\"https:\/\/experienciadevida.com.ar\/portalurbano\/este-miercoles-habra-una-movilizacion-pidiendo-por-las-leyes-para-la-agricultura-familiar\/\"},\"author\":{\"name\":\"admpu17wp\",\"@id\":\"https:\/\/experienciadevida.com.ar\/portalurbano\/#\/schema\/person\/02dd326b1c4b056e9cc972486934a3a7\"},\"headline\":\"Este mi\u00e9rcoles habr\u00e1 una movilizaci\u00f3n pidiendo por las leyes para la agricultura familiar\",\"datePublished\":\"2022-08-02T12:59:42+00:00\",\"dateModified\":\"2022-08-02T13:23:56+00:00\",\"mainEntityOfPage\":{\"@id\":\"https:\/\/experienciadevida.com.ar\/portalurbano\/este-miercoles-habra-una-movilizacion-pidiendo-por-las-leyes-para-la-agricultura-familiar\/\"},\"wordCount\":715,\"publisher\":{\"@id\":\"https:\/\/experienciadevida.com.ar\/portalurbano\/#organization\"},\"articleSection\":[\"Ciudad\"],\"inLanguage\":\"es\"},{\"@type\":\"WebPage\",\"@id\":\"https:\/\/experienciadevida.com.ar\/portalurbano\/este-miercoles-habra-una-movilizacion-pidiendo-por-las-leyes-para-la-agricultura-familiar\/\",\"url\":\"https:\/\/experienciadevida.com.ar\/portalurbano\/este-miercoles-habra-una-movilizacion-pidiendo-por-las-leyes-para-la-agricultura-familiar\/\",\"name\":\"Este mi\u00e9rcoles habr\u00e1 una movilizaci\u00f3n pidiendo por leyes\",\"isPartOf\":{\"@id\":\"https:\/\/experienciadevida.com.ar\/portalurbano\/#website\"},\"datePublished\":\"2022-08-02T12:59:42+00:00\",\"dateModified\":\"2022-08-02T13:23:56+00:00\",\"description\":\"Este mi\u00e9rcoles habr\u00e1 una movilizaci\u00f3n pidiendo por las leyes para la agricultura familiar, se da en consonancia suceder\u00e1 en todo el pa\u00eds\",\"breadcrumb\":{\"@id\":\"https:\/\/experienciadevida.com.ar\/portalurbano\/este-miercoles-habra-una-movilizacion-pidiendo-por-las-leyes-para-la-agricultura-familiar\/#breadcrumb\"},\"inLanguage\":\"es\",\"potentialAction\":[{\"@type\":\"ReadAction\",\"target\":[\"https:\/\/experienciadevida.com.ar\/portalurbano\/este-miercoles-habra-una-movilizacion-pidiendo-por-las-leyes-para-la-agricultura-familiar\/\"]}]},{\"@type\":\"BreadcrumbList\",\"@id\":\"https:\/\/experienciadevida.com.ar\/portalurbano\/este-miercoles-habra-una-movilizacion-pidiendo-por-las-leyes-para-la-agricultura-familiar\/#breadcrumb\",\"itemListElement\":[{\"@type\":\"ListItem\",\"position\":1,\"name\":\"Portada\",\"item\":\"https:\/\/experienciadevida.com.ar\/portalurbano\/\"},{\"@type\":\"ListItem\",\"position\":2,\"name\":\"Este mi\u00e9rcoles habr\u00e1 una movilizaci\u00f3n pidiendo por las leyes para la agricultura familiar\"}]},{\"@type\":\"WebSite\",\"@id\":\"https:\/\/experienciadevida.com.ar\/portalurbano\/#website\",\"url\":\"https:\/\/experienciadevida.com.ar\/portalurbano\/\",\"name\":\"\",\"description\":\"\",\"publisher\":{\"@id\":\"https:\/\/experienciadevida.com.ar\/portalurbano\/#organization\"},\"potentialAction\":[{\"@type\":\"SearchAction\",\"target\":{\"@type\":\"EntryPoint\",\"urlTemplate\":\"https:\/\/experienciadevida.com.ar\/portalurbano\/?s={search_term_string}\"},\"query-input\":\"required name=search_term_string\"}],\"inLanguage\":\"es\"},{\"@type\":\"Organization\",\"@id\":\"https:\/\/experienciadevida.com.ar\/portalurbano\/#organization\",\"name\":\"Portal Urbano\",\"url\":\"https:\/\/experienciadevida.com.ar\/portalurbano\/\",\"logo\":{\"@type\":\"ImageObject\",\"inLanguage\":\"es\",\"@id\":\"https:\/\/experienciadevida.com.ar\/portalurbano\/#\/schema\/logo\/image\/\",\"url\":\"https:\/\/experienciadevida.com.ar\/portalurbano\/wp-content\/uploads\/2019\/09\/Logo-Original.png\",\"contentUrl\":\"https:\/\/experienciadevida.com.ar\/portalurbano\/wp-content\/uploads\/2019\/09\/Logo-Original.png\",\"width\":2236,\"height\":1216,\"caption\":\"Portal Urbano\"},\"image\":{\"@id\":\"https:\/\/experienciadevida.com.ar\/portalurbano\/#\/schema\/logo\/image\/\"},\"sameAs\":[\"https:\/\/www.facebook.com\/Portal-Urbano-171542830093757\/\",\"https:\/\/twitter.com\/portalurbanook\",\"https:\/\/www.instagram.com\/_portalurbano\/\",\"https:\/\/www.youtube.com\/channel\/UCXhagIfszH8KxFiOok79zbA?view_as=subscriber\"]},{\"@type\":\"Person\",\"@id\":\"https:\/\/experienciadevida.com.ar\/portalurbano\/#\/schema\/person\/02dd326b1c4b056e9cc972486934a3a7\",\"name\":\"admpu17wp\",\"image\":{\"@type\":\"ImageObject\",\"inLanguage\":\"es\",\"@id\":\"https:\/\/experienciadevida.com.ar\/portalurbano\/#\/schema\/person\/image\/\",\"url\":\"https:\/\/secure.gravatar.com\/avatar\/830d4c57adaae6630765e449a6908047?s=96&d=mm&r=g\",\"contentUrl\":\"https:\/\/secure.gravatar.com\/avatar\/830d4c57adaae6630765e449a6908047?s=96&d=mm&r=g\",\"caption\":\"admpu17wp\"}}]}<\/script>\n<!-- \/ Yoast SEO plugin. -->","yoast_head_json":{"title":"Este mi\u00e9rcoles habr\u00e1 una movilizaci\u00f3n pidiendo por leyes","description":"Este mi\u00e9rcoles habr\u00e1 una movilizaci\u00f3n pidiendo por las leyes para la agricultura familiar, se da en consonancia suceder\u00e1 en todo el pa\u00eds","robots":{"index":"index","follow":"follow","max-snippet":"max-snippet:-1","max-image-preview":"max-image-preview:large","max-video-preview":"max-video-preview:-1"},"canonical":"https:\/\/experienciadevida.com.ar\/portalurbano\/este-miercoles-habra-una-movilizacion-pidiendo-por-las-leyes-para-la-agricultura-familiar\/","og_locale":"es_ES","og_type":"article","og_title":"Este mi\u00e9rcoles habr\u00e1 una movilizaci\u00f3n pidiendo por leyes","og_description":"Este mi\u00e9rcoles habr\u00e1 una movilizaci\u00f3n pidiendo por las leyes para la agricultura familiar, se da en consonancia suceder\u00e1 en todo el pa\u00eds","og_url":"https:\/\/experienciadevida.com.ar\/portalurbano\/este-miercoles-habra-una-movilizacion-pidiendo-por-las-leyes-para-la-agricultura-familiar\/","article_publisher":"https:\/\/www.facebook.com\/Portal-Urbano-171542830093757\/","article_published_time":"2022-08-02T12:59:42+00:00","article_modified_time":"2022-08-02T13:23:56+00:00","og_image":[{"width":1080,"height":1080,"url":"https:\/\/experienciadevida.com.ar\/portalurbano\/wp-content\/uploads\/2022\/08\/Este-martes-habra-una.jpg","type":"image\/jpeg"}],"author":"admpu17wp","twitter_card":"summary_large_image","twitter_creator":"@portalurbanook","twitter_site":"@portalurbanook","twitter_misc":{"Escrito por":"admpu17wp","Tiempo de lectura":"3 minutos"},"schema":{"@context":"https:\/\/schema.org","@graph":[{"@type":"Article","@id":"https:\/\/experienciadevida.com.ar\/portalurbano\/este-miercoles-habra-una-movilizacion-pidiendo-por-las-leyes-para-la-agricultura-familiar\/#article","isPartOf":{"@id":"https:\/\/experienciadevida.com.ar\/portalurbano\/este-miercoles-habra-una-movilizacion-pidiendo-por-las-leyes-para-la-agricultura-familiar\/"},"author":{"name":"admpu17wp","@id":"https:\/\/experienciadevida.com.ar\/portalurbano\/#\/schema\/person\/02dd326b1c4b056e9cc972486934a3a7"},"headline":"Este mi\u00e9rcoles habr\u00e1 una movilizaci\u00f3n pidiendo por las leyes para la agricultura familiar","datePublished":"2022-08-02T12:59:42+00:00","dateModified":"2022-08-02T13:23:56+00:00","mainEntityOfPage":{"@id":"https:\/\/experienciadevida.com.ar\/portalurbano\/este-miercoles-habra-una-movilizacion-pidiendo-por-las-leyes-para-la-agricultura-familiar\/"},"wordCount":715,"publisher":{"@id":"https:\/\/experienciadevida.com.ar\/portalurbano\/#organization"},"articleSection":["Ciudad"],"inLanguage":"es"},{"@type":"WebPage","@id":"https:\/\/experienciadevida.com.ar\/portalurbano\/este-miercoles-habra-una-movilizacion-pidiendo-por-las-leyes-para-la-agricultura-familiar\/","url":"https:\/\/experienciadevida.com.ar\/portalurbano\/este-miercoles-habra-una-movilizacion-pidiendo-por-las-leyes-para-la-agricultura-familiar\/","name":"Este mi\u00e9rcoles habr\u00e1 una movilizaci\u00f3n pidiendo por leyes","isPartOf":{"@id":"https:\/\/experienciadevida.com.ar\/portalurbano\/#website"},"datePublished":"2022-08-02T12:59:42+00:00","dateModified":"2022-08-02T13:23:56+00:00","description":"Este mi\u00e9rcoles habr\u00e1 una movilizaci\u00f3n pidiendo por las leyes para la agricultura familiar, se da en consonancia suceder\u00e1 en todo el pa\u00eds","breadcrumb":{"@id":"https:\/\/experienciadevida.com.ar\/portalurbano\/este-miercoles-habra-una-movilizacion-pidiendo-por-las-leyes-para-la-agricultura-familiar\/#breadcrumb"},"inLanguage":"es","potentialAction":[{"@type":"ReadAction","target":["https:\/\/experienciadevida.com.ar\/portalurbano\/este-miercoles-habra-una-movilizacion-pidiendo-por-las-leyes-para-la-agricultura-familiar\/"]}]},{"@type":"BreadcrumbList","@id":"https:\/\/experienciadevida.com.ar\/portalurbano\/este-miercoles-habra-una-movilizacion-pidiendo-por-las-leyes-para-la-agricultura-familiar\/#breadcrumb","itemListElement":[{"@type":"ListItem","position":1,"name":"Portada","item":"https:\/\/experienciadevida.com.ar\/portalurbano\/"},{"@type":"ListItem","position":2,"name":"Este mi\u00e9rcoles habr\u00e1 una movilizaci\u00f3n pidiendo por las leyes para la agricultura familiar"}]},{"@type":"WebSite","@id":"https:\/\/experienciadevida.com.ar\/portalurbano\/#website","url":"https:\/\/experienciadevida.com.ar\/portalurbano\/","name":"","description":"","publisher":{"@id":"https:\/\/experienciadevida.com.ar\/portalurbano\/#organization"},"potentialAction":[{"@type":"SearchAction","target":{"@type":"EntryPoint","urlTemplate":"https:\/\/experienciadevida.com.ar\/portalurbano\/?s={search_term_string}"},"query-input":"required name=search_term_string"}],"inLanguage":"es"},{"@type":"Organization","@id":"https:\/\/experienciadevida.com.ar\/portalurbano\/#organization","name":"Portal Urbano","url":"https:\/\/experienciadevida.com.ar\/portalurbano\/","logo":{"@type":"ImageObject","inLanguage":"es","@id":"https:\/\/experienciadevida.com.ar\/portalurbano\/#\/schema\/logo\/image\/","url":"https:\/\/experienciadevida.com.ar\/portalurbano\/wp-content\/uploads\/2019\/09\/Logo-Original.png","contentUrl":"https:\/\/experienciadevida.com.ar\/portalurbano\/wp-content\/uploads\/2019\/09\/Logo-Original.png","width":2236,"height":1216,"caption":"Portal Urbano"},"image":{"@id":"https:\/\/experienciadevida.com.ar\/portalurbano\/#\/schema\/logo\/image\/"},"sameAs":["https:\/\/www.facebook.com\/Portal-Urbano-171542830093757\/","https:\/\/twitter.com\/portalurbanook","https:\/\/www.instagram.com\/_portalurbano\/","https:\/\/www.youtube.com\/channel\/UCXhagIfszH8KxFiOok79zbA?view_as=subscriber"]},{"@type":"Person","@id":"https:\/\/experienciadevida.com.ar\/portalurbano\/#\/schema\/person\/02dd326b1c4b056e9cc972486934a3a7","name":"admpu17wp","image":{"@type":"ImageObject","inLanguage":"es","@id":"https:\/\/experienciadevida.com.ar\/portalurbano\/#\/schema\/person\/image\/","url":"https:\/\/secure.gravatar.com\/avatar\/830d4c57adaae6630765e449a6908047?s=96&d=mm&r=g","contentUrl":"https:\/\/secure.gravatar.com\/avatar\/830d4c57adaae6630765e449a6908047?s=96&d=mm&r=g","caption":"admpu17wp"}}]}},"featured_image_urls":{"full":["https:\/\/experienciadevida.com.ar\/portalurbano\/wp-content\/uploads\/2022\/08\/Este-martes-habra-una.jpg",1080,1080,false],"thumbnail":["https:\/\/experienciadevida.com.ar\/portalurbano\/wp-content\/uploads\/2022\/08\/Este-martes-habra-una-150x150.jpg",150,150,true],"medium":["https:\/\/experienciadevida.com.ar\/portalurbano\/wp-content\/uploads\/2022\/08\/Este-martes-habra-una-300x300.jpg",300,300,true],"medium_large":["https:\/\/experienciadevida.com.ar\/portalurbano\/wp-content\/uploads\/2022\/08\/Este-martes-habra-una-768x768.jpg",640,640,true],"large":["https:\/\/experienciadevida.com.ar\/portalurbano\/wp-content\/uploads\/2022\/08\/Este-martes-habra-una-1024x1024.jpg",640,640,true],"ug_big":["https:\/\/experienciadevida.com.ar\/portalurbano\/wp-content\/uploads\/2022\/08\/Este-martes-habra-una-768x768.jpg",768,768,true],"1536x1536":["https:\/\/experienciadevida.com.ar\/portalurbano\/wp-content\/uploads\/2022\/08\/Este-martes-habra-una.jpg",1080,1080,false],"2048x2048":["https:\/\/experienciadevida.com.ar\/portalurbano\/wp-content\/uploads\/2022\/08\/Este-martes-habra-una.jpg",1080,1080,false],"newsever-slider-full":["https:\/\/experienciadevida.com.ar\/portalurbano\/wp-content\/uploads\/2022\/08\/Este-martes-habra-una.jpg",845,845,false],"newsever-featured":["https:\/\/experienciadevida.com.ar\/portalurbano\/wp-content\/uploads\/2022\/08\/Este-martes-habra-una.jpg",1024,1024,false],"newsever-medium":["https:\/\/experienciadevida.com.ar\/portalurbano\/wp-content\/uploads\/2022\/08\/Este-martes-habra-una.jpg",475,475,false],"web-stories-poster-portrait":["https:\/\/experienciadevida.com.ar\/portalurbano\/wp-content\/uploads\/2022\/08\/Este-martes-habra-una-640x853.jpg",640,853,true],"web-stories-publisher-logo":["https:\/\/experienciadevida.com.ar\/portalurbano\/wp-content\/uploads\/2022\/08\/Este-martes-habra-una-96x96.jpg",96,96,true],"web-stories-thumbnail":["https:\/\/experienciadevida.com.ar\/portalurbano\/wp-content\/uploads\/2022\/08\/Este-martes-habra-una-150x150.jpg",150,150,true]},"author_info":{"display_name":"admpu17wp","author_link":"https:\/\/experienciadevida.com.ar\/portalurbano\/author\/admpu17wp\/"},"category_info":"<a href=\"https:\/\/experienciadevida.com.ar\/portalurbano\/category\/ciudad\/\" rel=\"category tag\">Ciudad<\/a>","tag_info":"Ciudad","comment_count":"0","amp_enabled":true,"_links":{"self":[{"href":"https:\/\/experienciadevida.com.ar\/portalurbano\/wp-json\/wp\/v2\/posts\/172527"}],"collection":[{"href":"https:\/\/experienciadevida.com.ar\/portalurbano\/wp-json\/wp\/v2\/posts"}],"about":[{"href":"https:\/\/experienciadevida.com.ar\/portalurbano\/wp-json\/wp\/v2\/types\/post"}],"author":[{"embeddable":true,"href":"https:\/\/experienciadevida.com.ar\/portalurbano\/wp-json\/wp\/v2\/users\/1"}],"replies":[{"embeddable":true,"href":"https:\/\/experienciadevida.com.ar\/portalurbano\/wp-json\/wp\/v2\/comments?post=172527"}],"version-history":[{"count":3,"href":"https:\/\/experienciadevida.com.ar\/portalurbano\/wp-json\/wp\/v2\/posts\/172527\/revisions"}],"predecessor-version":[{"id":172534,"href":"https:\/\/experienciadevida.com.ar\/portalurbano\/wp-json\/wp\/v2\/posts\/172527\/revisions\/172534"}],"wp:featuredmedia":[{"embeddable":true,"href":"https:\/\/experienciadevida.com.ar\/portalurbano\/wp-json\/wp\/v2\/media\/172528"}],"wp:attachment":[{"href":"https:\/\/experienciadevida.com.ar\/portalurbano\/wp-json\/wp\/v2\/media?parent=172527"}],"wp:term":[{"taxonomy":"category","embeddable":true,"href":"https:\/\/experienciadevida.com.ar\/portalurbano\/wp-json\/wp\/v2\/categories?post=172527"},{"taxonomy":"post_tag","embeddable":true,"href":"https:\/\/experienciadevida.com.ar\/portalurbano\/wp-json\/wp\/v2\/tags?post=172527"}],"curies":[{"name":"wp","href":"https:\/\/api.w.org\/{rel}","templated":true}]}}