{"id":172505,"date":"2022-08-01T18:14:53","date_gmt":"2022-08-01T21:14:53","guid":{"rendered":"https:\/\/experienciadevida.com.ar\/portalurbano\/?p=172505"},"modified":"2022-08-01T20:02:42","modified_gmt":"2022-08-01T23:02:42","slug":"el-programa-callejeada-participo-de-las-actividades-de-vacaciones-de-invierno","status":"publish","type":"post","link":"https:\/\/experienciadevida.com.ar\/portalurbano\/el-programa-callejeada-participo-de-las-actividades-de-vacaciones-de-invierno\/","title":{"rendered":"El programa Callejeada particip\u00f3 de las actividades de vacaciones de invierno"},"content":{"rendered":"<p>El programa Callejeada particip\u00f3 de las actividades de vacaciones de invierno, durante estas semanas de vacaciones de invierno, los chicos y chicas que participan del programa Callejeada participaron de las actividades propuestas en los diferentes espacios culturales municipales.<\/p>\n<p>En este contexto, recorrieron la muestra \u201cDe Mayor a Menor\u201d de Chanti (exposici\u00f3n l\u00fadica e interactiva), en el Centro Cultural Municipal \u201cSan Jos\u00e9\u201d. Asimismo, los integrantes de Callejeadas recibieron informaci\u00f3n acerca del origen del espacio donde se emplaza dicho Centro Cultural, all\u00e1 por el 1900, cuando comenz\u00f3 siendo sede de un Hogar de Ni\u00f1as y, con el correr del tiempo, fue recuperado por nuestro Municipio como espacio cultural, donde no faltan colores, naturaleza, arte, y sobre todo risas.<\/p>\n<p>Por otro lado, tambi\u00e9n visitaron el cuartel de Bomberos Voluntarios, donde conocieron y aprendieron sobre la tarea desinteresada que llevan a cabo para la comunidad.<\/p>\n<p>Participaron de tales propuestas las Callejeadas Bel\u00e9n, El Progreso, Lourdes y Alberdi.<\/p>\n<p>El Programa Municipal Callejeada es una pol\u00edtica de infancia, que depende de la Subsecretar\u00eda de Desarrollo Social de la Secretar\u00eda de Desarrollo Humano y Calidad de Vida municipal. Est\u00e1 orientado a ni\u00f1os, ni\u00f1as y adolescentes entre 8 a 18 a\u00f1os de edad. Funciona en ocho sedes, de lunes a viernes de 17:00 a 20:00 horas.<\/p>\n<p>El Progreso: Jacinto Gamondi 3864<br \/>\nLourdes: Fassina 1020<br \/>\nFacundo Quiroga: CIC -13 Bis 601 -.<br \/>\nAlberdi: Alberdi 2555<br \/>\nBel\u00e9n: Centro de D\u00eda \u2013 Av. Emiliozzi 6104-.<br \/>\nHinojo: Av. Crotto 2890<br \/>\nSierras Bayas: Julio A. Roca 2443<br \/>\nLoma Negra: Entre R\u00edos 1453<\/p>\n<p>Callejeada se implementa en Olavarr\u00eda desde hace dieciocho a\u00f1os. Brinda un espacio socioeducativo en el que, a partir de una propuesta did\u00e1ctica, se propone prioritariamente la contenci\u00f3n social de ni\u00f1os, ni\u00f1as y adolescentes del Partido.<\/p>\n","protected":false},"excerpt":{"rendered":"<p>El programa Callejeada particip\u00f3 de las actividades de vacaciones de invierno, durante estas semanas de&#8230;<\/p>\n","protected":false},"author":1,"featured_media":172506,"comment_status":"closed","ping_status":"closed","sticky":false,"template":"","format":"standard","meta":{"content-type":""},"categories":[27,64],"tags":[],"nelio_content":{"isAutoShareEnabled":false,"autoShareEndMode":"default","automationSources":{"useContentSentences":true,"useSocialTemplates":true,"useCustomSentences":false,"customSentences":[]},"followers":[1],"suggestedReferences":[],"includedReferences":[],"efiUrl":"","efiAlt":"","highlights":[]},"yoast_head":"<!-- This site is optimized with the Yoast SEO plugin v20.7 - https:\/\/yoast.com\/wordpress\/plugins\/seo\/ -->\n<title>El programa callejeada particip\u00f3 de las actividades de vacaciones<\/title>\n<meta name=\"description\" content=\"El programa Callejeada particip\u00f3 de las actividades de vacaciones de invierno, durante estas semanas de vacaciones de invierno\" \/>\n<meta name=\"robots\" content=\"index, follow, max-snippet:-1, max-image-preview:large, max-video-preview:-1\" \/>\n<link rel=\"canonical\" href=\"https:\/\/experienciadevida.com.ar\/portalurbano\/el-programa-callejeada-participo-de-las-actividades-de-vacaciones-de-invierno\/\" \/>\n<meta property=\"og:locale\" content=\"es_ES\" \/>\n<meta property=\"og:type\" content=\"article\" \/>\n<meta property=\"og:title\" content=\"El programa callejeada particip\u00f3 de las actividades de vacaciones\" \/>\n<meta property=\"og:description\" content=\"El programa Callejeada particip\u00f3 de las actividades de vacaciones de invierno, durante estas semanas de vacaciones de invierno\" \/>\n<meta property=\"og:url\" content=\"https:\/\/experienciadevida.com.ar\/portalurbano\/el-programa-callejeada-participo-de-las-actividades-de-vacaciones-de-invierno\/\" \/>\n<meta property=\"article:publisher\" content=\"https:\/\/www.facebook.com\/Portal-Urbano-171542830093757\/\" \/>\n<meta property=\"article:published_time\" content=\"2022-08-01T21:14:53+00:00\" \/>\n<meta property=\"article:modified_time\" content=\"2022-08-01T23:02:42+00:00\" \/>\n<meta property=\"og:image\" content=\"https:\/\/experienciadevida.com.ar\/portalurbano\/wp-content\/uploads\/2022\/08\/El-programa-Callejeada-participo.jpg\" \/>\n\t<meta property=\"og:image:width\" content=\"1772\" \/>\n\t<meta property=\"og:image:height\" content=\"1181\" \/>\n\t<meta property=\"og:image:type\" content=\"image\/jpeg\" \/>\n<meta name=\"author\" content=\"admpu17wp\" \/>\n<meta name=\"twitter:card\" content=\"summary_large_image\" \/>\n<meta name=\"twitter:creator\" content=\"@portalurbanook\" \/>\n<meta name=\"twitter:site\" content=\"@portalurbanook\" \/>\n<meta name=\"twitter:label1\" content=\"Escrito por\" \/>\n\t<meta name=\"twitter:data1\" content=\"admpu17wp\" \/>\n\t<meta name=\"twitter:label2\" content=\"Tiempo de lectura\" \/>\n\t<meta name=\"twitter:data2\" content=\"2 minutos\" \/>\n<script type=\"application\/ld+json\" class=\"yoast-schema-graph\">{\"@context\":\"https:\/\/schema.org\",\"@graph\":[{\"@type\":\"Article\",\"@id\":\"https:\/\/experienciadevida.com.ar\/portalurbano\/el-programa-callejeada-participo-de-las-actividades-de-vacaciones-de-invierno\/#article\",\"isPartOf\":{\"@id\":\"https:\/\/experienciadevida.com.ar\/portalurbano\/el-programa-callejeada-participo-de-las-actividades-de-vacaciones-de-invierno\/\"},\"author\":{\"name\":\"admpu17wp\",\"@id\":\"https:\/\/experienciadevida.com.ar\/portalurbano\/#\/schema\/person\/02dd326b1c4b056e9cc972486934a3a7\"},\"headline\":\"El programa Callejeada particip\u00f3 de las actividades de vacaciones de invierno\",\"datePublished\":\"2022-08-01T21:14:53+00:00\",\"dateModified\":\"2022-08-01T23:02:42+00:00\",\"mainEntityOfPage\":{\"@id\":\"https:\/\/experienciadevida.com.ar\/portalurbano\/el-programa-callejeada-participo-de-las-actividades-de-vacaciones-de-invierno\/\"},\"wordCount\":303,\"publisher\":{\"@id\":\"https:\/\/experienciadevida.com.ar\/portalurbano\/#organization\"},\"articleSection\":[\"Ciudad\",\"Destacadas 2\"],\"inLanguage\":\"es\"},{\"@type\":\"WebPage\",\"@id\":\"https:\/\/experienciadevida.com.ar\/portalurbano\/el-programa-callejeada-participo-de-las-actividades-de-vacaciones-de-invierno\/\",\"url\":\"https:\/\/experienciadevida.com.ar\/portalurbano\/el-programa-callejeada-participo-de-las-actividades-de-vacaciones-de-invierno\/\",\"name\":\"El programa callejeada particip\u00f3 de las actividades de vacaciones\",\"isPartOf\":{\"@id\":\"https:\/\/experienciadevida.com.ar\/portalurbano\/#website\"},\"datePublished\":\"2022-08-01T21:14:53+00:00\",\"dateModified\":\"2022-08-01T23:02:42+00:00\",\"description\":\"El programa Callejeada particip\u00f3 de las actividades de vacaciones de invierno, durante estas semanas de vacaciones de invierno\",\"breadcrumb\":{\"@id\":\"https:\/\/experienciadevida.com.ar\/portalurbano\/el-programa-callejeada-participo-de-las-actividades-de-vacaciones-de-invierno\/#breadcrumb\"},\"inLanguage\":\"es\",\"potentialAction\":[{\"@type\":\"ReadAction\",\"target\":[\"https:\/\/experienciadevida.com.ar\/portalurbano\/el-programa-callejeada-participo-de-las-actividades-de-vacaciones-de-invierno\/\"]}]},{\"@type\":\"BreadcrumbList\",\"@id\":\"https:\/\/experienciadevida.com.ar\/portalurbano\/el-programa-callejeada-participo-de-las-actividades-de-vacaciones-de-invierno\/#breadcrumb\",\"itemListElement\":[{\"@type\":\"ListItem\",\"position\":1,\"name\":\"Portada\",\"item\":\"https:\/\/experienciadevida.com.ar\/portalurbano\/\"},{\"@type\":\"ListItem\",\"position\":2,\"name\":\"El programa Callejeada particip\u00f3 de las actividades de vacaciones de invierno\"}]},{\"@type\":\"WebSite\",\"@id\":\"https:\/\/experienciadevida.com.ar\/portalurbano\/#website\",\"url\":\"https:\/\/experienciadevida.com.ar\/portalurbano\/\",\"name\":\"\",\"description\":\"\",\"publisher\":{\"@id\":\"https:\/\/experienciadevida.com.ar\/portalurbano\/#organization\"},\"potentialAction\":[{\"@type\":\"SearchAction\",\"target\":{\"@type\":\"EntryPoint\",\"urlTemplate\":\"https:\/\/experienciadevida.com.ar\/portalurbano\/?s={search_term_string}\"},\"query-input\":\"required name=search_term_string\"}],\"inLanguage\":\"es\"},{\"@type\":\"Organization\",\"@id\":\"https:\/\/experienciadevida.com.ar\/portalurbano\/#organization\",\"name\":\"Portal Urbano\",\"url\":\"https:\/\/experienciadevida.com.ar\/portalurbano\/\",\"logo\":{\"@type\":\"ImageObject\",\"inLanguage\":\"es\",\"@id\":\"https:\/\/experienciadevida.com.ar\/portalurbano\/#\/schema\/logo\/image\/\",\"url\":\"https:\/\/experienciadevida.com.ar\/portalurbano\/wp-content\/uploads\/2019\/09\/Logo-Original.png\",\"contentUrl\":\"https:\/\/experienciadevida.com.ar\/portalurbano\/wp-content\/uploads\/2019\/09\/Logo-Original.png\",\"width\":2236,\"height\":1216,\"caption\":\"Portal Urbano\"},\"image\":{\"@id\":\"https:\/\/experienciadevida.com.ar\/portalurbano\/#\/schema\/logo\/image\/\"},\"sameAs\":[\"https:\/\/www.facebook.com\/Portal-Urbano-171542830093757\/\",\"https:\/\/twitter.com\/portalurbanook\",\"https:\/\/www.instagram.com\/_portalurbano\/\",\"https:\/\/www.youtube.com\/channel\/UCXhagIfszH8KxFiOok79zbA?view_as=subscriber\"]},{\"@type\":\"Person\",\"@id\":\"https:\/\/experienciadevida.com.ar\/portalurbano\/#\/schema\/person\/02dd326b1c4b056e9cc972486934a3a7\",\"name\":\"admpu17wp\",\"image\":{\"@type\":\"ImageObject\",\"inLanguage\":\"es\",\"@id\":\"https:\/\/experienciadevida.com.ar\/portalurbano\/#\/schema\/person\/image\/\",\"url\":\"https:\/\/secure.gravatar.com\/avatar\/830d4c57adaae6630765e449a6908047?s=96&d=mm&r=g\",\"contentUrl\":\"https:\/\/secure.gravatar.com\/avatar\/830d4c57adaae6630765e449a6908047?s=96&d=mm&r=g\",\"caption\":\"admpu17wp\"}}]}<\/script>\n<!-- \/ Yoast SEO plugin. -->","yoast_head_json":{"title":"El programa callejeada particip\u00f3 de las actividades de vacaciones","description":"El programa Callejeada particip\u00f3 de las actividades de vacaciones de invierno, durante estas semanas de vacaciones de invierno","robots":{"index":"index","follow":"follow","max-snippet":"max-snippet:-1","max-image-preview":"max-image-preview:large","max-video-preview":"max-video-preview:-1"},"canonical":"https:\/\/experienciadevida.com.ar\/portalurbano\/el-programa-callejeada-participo-de-las-actividades-de-vacaciones-de-invierno\/","og_locale":"es_ES","og_type":"article","og_title":"El programa callejeada particip\u00f3 de las actividades de vacaciones","og_description":"El programa Callejeada particip\u00f3 de las actividades de vacaciones de invierno, durante estas semanas de vacaciones de invierno","og_url":"https:\/\/experienciadevida.com.ar\/portalurbano\/el-programa-callejeada-participo-de-las-actividades-de-vacaciones-de-invierno\/","article_publisher":"https:\/\/www.facebook.com\/Portal-Urbano-171542830093757\/","article_published_time":"2022-08-01T21:14:53+00:00","article_modified_time":"2022-08-01T23:02:42+00:00","og_image":[{"width":1772,"height":1181,"url":"https:\/\/experienciadevida.com.ar\/portalurbano\/wp-content\/uploads\/2022\/08\/El-programa-Callejeada-participo.jpg","type":"image\/jpeg"}],"author":"admpu17wp","twitter_card":"summary_large_image","twitter_creator":"@portalurbanook","twitter_site":"@portalurbanook","twitter_misc":{"Escrito por":"admpu17wp","Tiempo de lectura":"2 minutos"},"schema":{"@context":"https:\/\/schema.org","@graph":[{"@type":"Article","@id":"https:\/\/experienciadevida.com.ar\/portalurbano\/el-programa-callejeada-participo-de-las-actividades-de-vacaciones-de-invierno\/#article","isPartOf":{"@id":"https:\/\/experienciadevida.com.ar\/portalurbano\/el-programa-callejeada-participo-de-las-actividades-de-vacaciones-de-invierno\/"},"author":{"name":"admpu17wp","@id":"https:\/\/experienciadevida.com.ar\/portalurbano\/#\/schema\/person\/02dd326b1c4b056e9cc972486934a3a7"},"headline":"El programa Callejeada particip\u00f3 de las actividades de vacaciones de invierno","datePublished":"2022-08-01T21:14:53+00:00","dateModified":"2022-08-01T23:02:42+00:00","mainEntityOfPage":{"@id":"https:\/\/experienciadevida.com.ar\/portalurbano\/el-programa-callejeada-participo-de-las-actividades-de-vacaciones-de-invierno\/"},"wordCount":303,"publisher":{"@id":"https:\/\/experienciadevida.com.ar\/portalurbano\/#organization"},"articleSection":["Ciudad","Destacadas 2"],"inLanguage":"es"},{"@type":"WebPage","@id":"https:\/\/experienciadevida.com.ar\/portalurbano\/el-programa-callejeada-participo-de-las-actividades-de-vacaciones-de-invierno\/","url":"https:\/\/experienciadevida.com.ar\/portalurbano\/el-programa-callejeada-participo-de-las-actividades-de-vacaciones-de-invierno\/","name":"El programa callejeada particip\u00f3 de las actividades de vacaciones","isPartOf":{"@id":"https:\/\/experienciadevida.com.ar\/portalurbano\/#website"},"datePublished":"2022-08-01T21:14:53+00:00","dateModified":"2022-08-01T23:02:42+00:00","description":"El programa Callejeada particip\u00f3 de las actividades de vacaciones de invierno, durante estas semanas de vacaciones de invierno","breadcrumb":{"@id":"https:\/\/experienciadevida.com.ar\/portalurbano\/el-programa-callejeada-participo-de-las-actividades-de-vacaciones-de-invierno\/#breadcrumb"},"inLanguage":"es","potentialAction":[{"@type":"ReadAction","target":["https:\/\/experienciadevida.com.ar\/portalurbano\/el-programa-callejeada-participo-de-las-actividades-de-vacaciones-de-invierno\/"]}]},{"@type":"BreadcrumbList","@id":"https:\/\/experienciadevida.com.ar\/portalurbano\/el-programa-callejeada-participo-de-las-actividades-de-vacaciones-de-invierno\/#breadcrumb","itemListElement":[{"@type":"ListItem","position":1,"name":"Portada","item":"https:\/\/experienciadevida.com.ar\/portalurbano\/"},{"@type":"ListItem","position":2,"name":"El programa Callejeada particip\u00f3 de las actividades de vacaciones de invierno"}]},{"@type":"WebSite","@id":"https:\/\/experienciadevida.com.ar\/portalurbano\/#website","url":"https:\/\/experienciadevida.com.ar\/portalurbano\/","name":"","description":"","publisher":{"@id":"https:\/\/experienciadevida.com.ar\/portalurbano\/#organization"},"potentialAction":[{"@type":"SearchAction","target":{"@type":"EntryPoint","urlTemplate":"https:\/\/experienciadevida.com.ar\/portalurbano\/?s={search_term_string}"},"query-input":"required name=search_term_string"}],"inLanguage":"es"},{"@type":"Organization","@id":"https:\/\/experienciadevida.com.ar\/portalurbano\/#organization","name":"Portal Urbano","url":"https:\/\/experienciadevida.com.ar\/portalurbano\/","logo":{"@type":"ImageObject","inLanguage":"es","@id":"https:\/\/experienciadevida.com.ar\/portalurbano\/#\/schema\/logo\/image\/","url":"https:\/\/experienciadevida.com.ar\/portalurbano\/wp-content\/uploads\/2019\/09\/Logo-Original.png","contentUrl":"https:\/\/experienciadevida.com.ar\/portalurbano\/wp-content\/uploads\/2019\/09\/Logo-Original.png","width":2236,"height":1216,"caption":"Portal Urbano"},"image":{"@id":"https:\/\/experienciadevida.com.ar\/portalurbano\/#\/schema\/logo\/image\/"},"sameAs":["https:\/\/www.facebook.com\/Portal-Urbano-171542830093757\/","https:\/\/twitter.com\/portalurbanook","https:\/\/www.instagram.com\/_portalurbano\/","https:\/\/www.youtube.com\/channel\/UCXhagIfszH8KxFiOok79zbA?view_as=subscriber"]},{"@type":"Person","@id":"https:\/\/experienciadevida.com.ar\/portalurbano\/#\/schema\/person\/02dd326b1c4b056e9cc972486934a3a7","name":"admpu17wp","image":{"@type":"ImageObject","inLanguage":"es","@id":"https:\/\/experienciadevida.com.ar\/portalurbano\/#\/schema\/person\/image\/","url":"https:\/\/secure.gravatar.com\/avatar\/830d4c57adaae6630765e449a6908047?s=96&d=mm&r=g","contentUrl":"https:\/\/secure.gravatar.com\/avatar\/830d4c57adaae6630765e449a6908047?s=96&d=mm&r=g","caption":"admpu17wp"}}]}},"featured_image_urls":{"full":["https:\/\/experienciadevida.com.ar\/portalurbano\/wp-content\/uploads\/2022\/08\/El-programa-Callejeada-participo.jpg",1772,1181,false],"thumbnail":["https:\/\/experienciadevida.com.ar\/portalurbano\/wp-content\/uploads\/2022\/08\/El-programa-Callejeada-participo-150x150.jpg",150,150,true],"medium":["https:\/\/experienciadevida.com.ar\/portalurbano\/wp-content\/uploads\/2022\/08\/El-programa-Callejeada-participo-300x200.jpg",300,200,true],"medium_large":["https:\/\/experienciadevida.com.ar\/portalurbano\/wp-content\/uploads\/2022\/08\/El-programa-Callejeada-participo-768x512.jpg",640,427,true],"large":["https:\/\/experienciadevida.com.ar\/portalurbano\/wp-content\/uploads\/2022\/08\/El-programa-Callejeada-participo-1024x682.jpg",640,426,true],"ug_big":["https:\/\/experienciadevida.com.ar\/portalurbano\/wp-content\/uploads\/2022\/08\/El-programa-Callejeada-participo-768x512.jpg",768,512,true],"1536x1536":["https:\/\/experienciadevida.com.ar\/portalurbano\/wp-content\/uploads\/2022\/08\/El-programa-Callejeada-participo-1536x1024.jpg",1536,1024,true],"2048x2048":["https:\/\/experienciadevida.com.ar\/portalurbano\/wp-content\/uploads\/2022\/08\/El-programa-Callejeada-participo.jpg",1772,1181,false],"newsever-slider-full":["https:\/\/experienciadevida.com.ar\/portalurbano\/wp-content\/uploads\/2022\/08\/El-programa-Callejeada-participo.jpg",1268,845,false],"newsever-featured":["https:\/\/experienciadevida.com.ar\/portalurbano\/wp-content\/uploads\/2022\/08\/El-programa-Callejeada-participo.jpg",1024,682,false],"newsever-medium":["https:\/\/experienciadevida.com.ar\/portalurbano\/wp-content\/uploads\/2022\/08\/El-programa-Callejeada-participo.jpg",713,475,false],"web-stories-poster-portrait":["https:\/\/experienciadevida.com.ar\/portalurbano\/wp-content\/uploads\/2022\/08\/El-programa-Callejeada-participo-640x853.jpg",640,853,true],"web-stories-publisher-logo":["https:\/\/experienciadevida.com.ar\/portalurbano\/wp-content\/uploads\/2022\/08\/El-programa-Callejeada-participo-96x96.jpg",96,96,true],"web-stories-thumbnail":["https:\/\/experienciadevida.com.ar\/portalurbano\/wp-content\/uploads\/2022\/08\/El-programa-Callejeada-participo-150x100.jpg",150,100,true]},"author_info":{"display_name":"admpu17wp","author_link":"https:\/\/experienciadevida.com.ar\/portalurbano\/author\/admpu17wp\/"},"category_info":"<a href=\"https:\/\/experienciadevida.com.ar\/portalurbano\/category\/ciudad\/\" rel=\"category tag\">Ciudad<\/a> <a href=\"https:\/\/experienciadevida.com.ar\/portalurbano\/category\/destacadas-2\/\" rel=\"category tag\">Destacadas 2<\/a>","tag_info":"Destacadas 2","comment_count":"0","amp_enabled":true,"_links":{"self":[{"href":"https:\/\/experienciadevida.com.ar\/portalurbano\/wp-json\/wp\/v2\/posts\/172505"}],"collection":[{"href":"https:\/\/experienciadevida.com.ar\/portalurbano\/wp-json\/wp\/v2\/posts"}],"about":[{"href":"https:\/\/experienciadevida.com.ar\/portalurbano\/wp-json\/wp\/v2\/types\/post"}],"author":[{"embeddable":true,"href":"https:\/\/experienciadevida.com.ar\/portalurbano\/wp-json\/wp\/v2\/users\/1"}],"replies":[{"embeddable":true,"href":"https:\/\/experienciadevida.com.ar\/portalurbano\/wp-json\/wp\/v2\/comments?post=172505"}],"version-history":[{"count":1,"href":"https:\/\/experienciadevida.com.ar\/portalurbano\/wp-json\/wp\/v2\/posts\/172505\/revisions"}],"predecessor-version":[{"id":172507,"href":"https:\/\/experienciadevida.com.ar\/portalurbano\/wp-json\/wp\/v2\/posts\/172505\/revisions\/172507"}],"wp:featuredmedia":[{"embeddable":true,"href":"https:\/\/experienciadevida.com.ar\/portalurbano\/wp-json\/wp\/v2\/media\/172506"}],"wp:attachment":[{"href":"https:\/\/experienciadevida.com.ar\/portalurbano\/wp-json\/wp\/v2\/media?parent=172505"}],"wp:term":[{"taxonomy":"category","embeddable":true,"href":"https:\/\/experienciadevida.com.ar\/portalurbano\/wp-json\/wp\/v2\/categories?post=172505"},{"taxonomy":"post_tag","embeddable":true,"href":"https:\/\/experienciadevida.com.ar\/portalurbano\/wp-json\/wp\/v2\/tags?post=172505"}],"curies":[{"name":"wp","href":"https:\/\/api.w.org\/{rel}","templated":true}]}}