{"id":172487,"date":"2022-08-01T12:09:05","date_gmt":"2022-08-01T15:09:05","guid":{"rendered":"https:\/\/experienciadevida.com.ar\/portalurbano\/?p=172487"},"modified":"2022-08-01T12:11:13","modified_gmt":"2022-08-01T15:11:13","slug":"fines-2022-se-extiende-la-inscripcion-hasta-el-15-de-agosto","status":"publish","type":"post","link":"https:\/\/experienciadevida.com.ar\/portalurbano\/fines-2022-se-extiende-la-inscripcion-hasta-el-15-de-agosto\/","title":{"rendered":"FinEs 2022: se extiende la inscripci\u00f3n hasta el 15 de agosto"},"content":{"rendered":"<p>FinEs 2022: se extiende la inscripci\u00f3n hasta el 15 de agosto, hasta el 15 de agosto inclusive continuar\u00e1n las inscripciones para ingresar al segundo cuatrimestre del Programa FinEs que iniciar\u00e1 el dictado de clases presenciales el lunes 22 en la modalidad Trayecto Secundario.<\/p>\n<p>En el caso de Fines Deudores de Materias Pendientes la recepci\u00f3n de documentaci\u00f3n para el ingreso a las tutor\u00edas se extender\u00e1 hasta el 11 de septiembre inclusive, iniciando las actividades el lunes 19 del mismo mes.<\/p>\n<p>Quienes est\u00e9n interesados podr\u00e1n dirigirse a la oficina ubicada en EES N\u00b08, ingreso por Lavalle entre R. S. Pe\u00f1a e H. Yrigoyen (primer piso) los d\u00edas lunes y mi\u00e9rcoles de 18 a 21 hs. En todos los casos deber\u00e1n presentar fotocopia de partida de nacimiento, fotocopia de DNI y certificaci\u00f3n de estudios previos o fotocopia de anal\u00edtico parcial en folio A4.<\/p>\n<p>Adem\u00e1s, se invita a egresados y egresadas a concurrir a la oficina con el DNI y retirar su t\u00edtulo de bachiller com\u00fan, tanto de orientaci\u00f3n en Gesti\u00f3n y Administraci\u00f3n como en Ciencias Sociales.<\/p>\n<p>Es importante destacar que se deber\u00e1 presentar indefectiblemente toda la documentaci\u00f3n obligatoria. De esa manera el o la estudiante tendr\u00e1 un ingreso definitivo al a\u00f1o y comisi\u00f3n correspondiente y un legajo personalizado que acompa\u00f1ar\u00e1 su recorrido educativo.<\/p>\n<p>Recordamos que el programa FinEs posibilita a mayores de 18 a\u00f1os a finalizar sus estudios secundarios o rendir materias adeudadas de otras instituciones en forma semipresencial, en la sede m\u00e1s cercana a su domicilio y en horarios pre acordados.<\/p>\n<p>Adem\u00e1s, FinEs posee la compatibilidad de inscripci\u00f3n con las Becas Progresar que coordina Anses, de tal forma que se pueda acceder al cobro de una ayuda econ\u00f3mica mientras se lleva adelante la cursada.<\/p>\n","protected":false},"excerpt":{"rendered":"<p>FinEs 2022: se extiende la inscripci\u00f3n hasta el 15 de agosto, hasta el 15 de&#8230;<\/p>\n","protected":false},"author":1,"featured_media":172488,"comment_status":"closed","ping_status":"closed","sticky":false,"template":"","format":"standard","meta":{"content-type":""},"categories":[27,51],"tags":[],"nelio_content":{"isAutoShareEnabled":false,"autoShareEndMode":"default","automationSources":{"useContentSentences":true,"useSocialTemplates":true,"useCustomSentences":false,"customSentences":[]},"followers":[1],"suggestedReferences":[],"includedReferences":[],"efiUrl":"","efiAlt":"","highlights":[]},"yoast_head":"<!-- This site is optimized with the Yoast SEO plugin v20.7 - https:\/\/yoast.com\/wordpress\/plugins\/seo\/ -->\n<title>FinES 2022: se extiende la inscripci\u00f3n hasta el 15 de agosto<\/title>\n<meta name=\"description\" content=\"FinEs 2022: se extiende la inscripci\u00f3n hasta el 15 de agosto, hasta el 15 de agosto inclusive continuar\u00e1n las inscripciones\" \/>\n<meta name=\"robots\" content=\"index, follow, max-snippet:-1, max-image-preview:large, max-video-preview:-1\" \/>\n<link rel=\"canonical\" href=\"https:\/\/experienciadevida.com.ar\/portalurbano\/fines-2022-se-extiende-la-inscripcion-hasta-el-15-de-agosto\/\" \/>\n<meta property=\"og:locale\" content=\"es_ES\" \/>\n<meta property=\"og:type\" content=\"article\" \/>\n<meta property=\"og:title\" content=\"FinES 2022: se extiende la inscripci\u00f3n hasta el 15 de agosto\" \/>\n<meta property=\"og:description\" content=\"FinEs 2022: se extiende la inscripci\u00f3n hasta el 15 de agosto, hasta el 15 de agosto inclusive continuar\u00e1n las inscripciones\" \/>\n<meta property=\"og:url\" content=\"https:\/\/experienciadevida.com.ar\/portalurbano\/fines-2022-se-extiende-la-inscripcion-hasta-el-15-de-agosto\/\" \/>\n<meta property=\"article:publisher\" content=\"https:\/\/www.facebook.com\/Portal-Urbano-171542830093757\/\" \/>\n<meta property=\"article:published_time\" content=\"2022-08-01T15:09:05+00:00\" \/>\n<meta property=\"article:modified_time\" content=\"2022-08-01T15:11:13+00:00\" \/>\n<meta property=\"og:image\" content=\"https:\/\/experienciadevida.com.ar\/portalurbano\/wp-content\/uploads\/2022\/08\/FinEs-2022.jpg\" \/>\n\t<meta property=\"og:image:width\" content=\"1280\" \/>\n\t<meta property=\"og:image:height\" content=\"960\" \/>\n\t<meta property=\"og:image:type\" content=\"image\/jpeg\" \/>\n<meta name=\"author\" content=\"admpu17wp\" \/>\n<meta name=\"twitter:card\" content=\"summary_large_image\" \/>\n<meta name=\"twitter:creator\" content=\"@portalurbanook\" \/>\n<meta name=\"twitter:site\" content=\"@portalurbanook\" \/>\n<meta name=\"twitter:label1\" content=\"Escrito por\" \/>\n\t<meta name=\"twitter:data1\" content=\"admpu17wp\" \/>\n\t<meta name=\"twitter:label2\" content=\"Tiempo de lectura\" \/>\n\t<meta name=\"twitter:data2\" content=\"2 minutos\" \/>\n<script type=\"application\/ld+json\" class=\"yoast-schema-graph\">{\"@context\":\"https:\/\/schema.org\",\"@graph\":[{\"@type\":\"Article\",\"@id\":\"https:\/\/experienciadevida.com.ar\/portalurbano\/fines-2022-se-extiende-la-inscripcion-hasta-el-15-de-agosto\/#article\",\"isPartOf\":{\"@id\":\"https:\/\/experienciadevida.com.ar\/portalurbano\/fines-2022-se-extiende-la-inscripcion-hasta-el-15-de-agosto\/\"},\"author\":{\"name\":\"admpu17wp\",\"@id\":\"https:\/\/experienciadevida.com.ar\/portalurbano\/#\/schema\/person\/02dd326b1c4b056e9cc972486934a3a7\"},\"headline\":\"FinEs 2022: se extiende la inscripci\u00f3n hasta el 15 de agosto\",\"datePublished\":\"2022-08-01T15:09:05+00:00\",\"dateModified\":\"2022-08-01T15:11:13+00:00\",\"mainEntityOfPage\":{\"@id\":\"https:\/\/experienciadevida.com.ar\/portalurbano\/fines-2022-se-extiende-la-inscripcion-hasta-el-15-de-agosto\/\"},\"wordCount\":311,\"publisher\":{\"@id\":\"https:\/\/experienciadevida.com.ar\/portalurbano\/#organization\"},\"articleSection\":[\"Ciudad\",\"Destacadas\"],\"inLanguage\":\"es\"},{\"@type\":\"WebPage\",\"@id\":\"https:\/\/experienciadevida.com.ar\/portalurbano\/fines-2022-se-extiende-la-inscripcion-hasta-el-15-de-agosto\/\",\"url\":\"https:\/\/experienciadevida.com.ar\/portalurbano\/fines-2022-se-extiende-la-inscripcion-hasta-el-15-de-agosto\/\",\"name\":\"FinES 2022: se extiende la inscripci\u00f3n hasta el 15 de agosto\",\"isPartOf\":{\"@id\":\"https:\/\/experienciadevida.com.ar\/portalurbano\/#website\"},\"datePublished\":\"2022-08-01T15:09:05+00:00\",\"dateModified\":\"2022-08-01T15:11:13+00:00\",\"description\":\"FinEs 2022: se extiende la inscripci\u00f3n hasta el 15 de agosto, hasta el 15 de agosto inclusive continuar\u00e1n las inscripciones\",\"breadcrumb\":{\"@id\":\"https:\/\/experienciadevida.com.ar\/portalurbano\/fines-2022-se-extiende-la-inscripcion-hasta-el-15-de-agosto\/#breadcrumb\"},\"inLanguage\":\"es\",\"potentialAction\":[{\"@type\":\"ReadAction\",\"target\":[\"https:\/\/experienciadevida.com.ar\/portalurbano\/fines-2022-se-extiende-la-inscripcion-hasta-el-15-de-agosto\/\"]}]},{\"@type\":\"BreadcrumbList\",\"@id\":\"https:\/\/experienciadevida.com.ar\/portalurbano\/fines-2022-se-extiende-la-inscripcion-hasta-el-15-de-agosto\/#breadcrumb\",\"itemListElement\":[{\"@type\":\"ListItem\",\"position\":1,\"name\":\"Portada\",\"item\":\"https:\/\/experienciadevida.com.ar\/portalurbano\/\"},{\"@type\":\"ListItem\",\"position\":2,\"name\":\"FinEs 2022: se extiende la inscripci\u00f3n hasta el 15 de agosto\"}]},{\"@type\":\"WebSite\",\"@id\":\"https:\/\/experienciadevida.com.ar\/portalurbano\/#website\",\"url\":\"https:\/\/experienciadevida.com.ar\/portalurbano\/\",\"name\":\"\",\"description\":\"\",\"publisher\":{\"@id\":\"https:\/\/experienciadevida.com.ar\/portalurbano\/#organization\"},\"potentialAction\":[{\"@type\":\"SearchAction\",\"target\":{\"@type\":\"EntryPoint\",\"urlTemplate\":\"https:\/\/experienciadevida.com.ar\/portalurbano\/?s={search_term_string}\"},\"query-input\":\"required name=search_term_string\"}],\"inLanguage\":\"es\"},{\"@type\":\"Organization\",\"@id\":\"https:\/\/experienciadevida.com.ar\/portalurbano\/#organization\",\"name\":\"Portal Urbano\",\"url\":\"https:\/\/experienciadevida.com.ar\/portalurbano\/\",\"logo\":{\"@type\":\"ImageObject\",\"inLanguage\":\"es\",\"@id\":\"https:\/\/experienciadevida.com.ar\/portalurbano\/#\/schema\/logo\/image\/\",\"url\":\"https:\/\/experienciadevida.com.ar\/portalurbano\/wp-content\/uploads\/2019\/09\/Logo-Original.png\",\"contentUrl\":\"https:\/\/experienciadevida.com.ar\/portalurbano\/wp-content\/uploads\/2019\/09\/Logo-Original.png\",\"width\":2236,\"height\":1216,\"caption\":\"Portal Urbano\"},\"image\":{\"@id\":\"https:\/\/experienciadevida.com.ar\/portalurbano\/#\/schema\/logo\/image\/\"},\"sameAs\":[\"https:\/\/www.facebook.com\/Portal-Urbano-171542830093757\/\",\"https:\/\/twitter.com\/portalurbanook\",\"https:\/\/www.instagram.com\/_portalurbano\/\",\"https:\/\/www.youtube.com\/channel\/UCXhagIfszH8KxFiOok79zbA?view_as=subscriber\"]},{\"@type\":\"Person\",\"@id\":\"https:\/\/experienciadevida.com.ar\/portalurbano\/#\/schema\/person\/02dd326b1c4b056e9cc972486934a3a7\",\"name\":\"admpu17wp\",\"image\":{\"@type\":\"ImageObject\",\"inLanguage\":\"es\",\"@id\":\"https:\/\/experienciadevida.com.ar\/portalurbano\/#\/schema\/person\/image\/\",\"url\":\"https:\/\/secure.gravatar.com\/avatar\/830d4c57adaae6630765e449a6908047?s=96&d=mm&r=g\",\"contentUrl\":\"https:\/\/secure.gravatar.com\/avatar\/830d4c57adaae6630765e449a6908047?s=96&d=mm&r=g\",\"caption\":\"admpu17wp\"}}]}<\/script>\n<!-- \/ Yoast SEO plugin. -->","yoast_head_json":{"title":"FinES 2022: se extiende la inscripci\u00f3n hasta el 15 de agosto","description":"FinEs 2022: se extiende la inscripci\u00f3n hasta el 15 de agosto, hasta el 15 de agosto inclusive continuar\u00e1n las inscripciones","robots":{"index":"index","follow":"follow","max-snippet":"max-snippet:-1","max-image-preview":"max-image-preview:large","max-video-preview":"max-video-preview:-1"},"canonical":"https:\/\/experienciadevida.com.ar\/portalurbano\/fines-2022-se-extiende-la-inscripcion-hasta-el-15-de-agosto\/","og_locale":"es_ES","og_type":"article","og_title":"FinES 2022: se extiende la inscripci\u00f3n hasta el 15 de agosto","og_description":"FinEs 2022: se extiende la inscripci\u00f3n hasta el 15 de agosto, hasta el 15 de agosto inclusive continuar\u00e1n las inscripciones","og_url":"https:\/\/experienciadevida.com.ar\/portalurbano\/fines-2022-se-extiende-la-inscripcion-hasta-el-15-de-agosto\/","article_publisher":"https:\/\/www.facebook.com\/Portal-Urbano-171542830093757\/","article_published_time":"2022-08-01T15:09:05+00:00","article_modified_time":"2022-08-01T15:11:13+00:00","og_image":[{"width":1280,"height":960,"url":"https:\/\/experienciadevida.com.ar\/portalurbano\/wp-content\/uploads\/2022\/08\/FinEs-2022.jpg","type":"image\/jpeg"}],"author":"admpu17wp","twitter_card":"summary_large_image","twitter_creator":"@portalurbanook","twitter_site":"@portalurbanook","twitter_misc":{"Escrito por":"admpu17wp","Tiempo de lectura":"2 minutos"},"schema":{"@context":"https:\/\/schema.org","@graph":[{"@type":"Article","@id":"https:\/\/experienciadevida.com.ar\/portalurbano\/fines-2022-se-extiende-la-inscripcion-hasta-el-15-de-agosto\/#article","isPartOf":{"@id":"https:\/\/experienciadevida.com.ar\/portalurbano\/fines-2022-se-extiende-la-inscripcion-hasta-el-15-de-agosto\/"},"author":{"name":"admpu17wp","@id":"https:\/\/experienciadevida.com.ar\/portalurbano\/#\/schema\/person\/02dd326b1c4b056e9cc972486934a3a7"},"headline":"FinEs 2022: se extiende la inscripci\u00f3n hasta el 15 de agosto","datePublished":"2022-08-01T15:09:05+00:00","dateModified":"2022-08-01T15:11:13+00:00","mainEntityOfPage":{"@id":"https:\/\/experienciadevida.com.ar\/portalurbano\/fines-2022-se-extiende-la-inscripcion-hasta-el-15-de-agosto\/"},"wordCount":311,"publisher":{"@id":"https:\/\/experienciadevida.com.ar\/portalurbano\/#organization"},"articleSection":["Ciudad","Destacadas"],"inLanguage":"es"},{"@type":"WebPage","@id":"https:\/\/experienciadevida.com.ar\/portalurbano\/fines-2022-se-extiende-la-inscripcion-hasta-el-15-de-agosto\/","url":"https:\/\/experienciadevida.com.ar\/portalurbano\/fines-2022-se-extiende-la-inscripcion-hasta-el-15-de-agosto\/","name":"FinES 2022: se extiende la inscripci\u00f3n hasta el 15 de agosto","isPartOf":{"@id":"https:\/\/experienciadevida.com.ar\/portalurbano\/#website"},"datePublished":"2022-08-01T15:09:05+00:00","dateModified":"2022-08-01T15:11:13+00:00","description":"FinEs 2022: se extiende la inscripci\u00f3n hasta el 15 de agosto, hasta el 15 de agosto inclusive continuar\u00e1n las inscripciones","breadcrumb":{"@id":"https:\/\/experienciadevida.com.ar\/portalurbano\/fines-2022-se-extiende-la-inscripcion-hasta-el-15-de-agosto\/#breadcrumb"},"inLanguage":"es","potentialAction":[{"@type":"ReadAction","target":["https:\/\/experienciadevida.com.ar\/portalurbano\/fines-2022-se-extiende-la-inscripcion-hasta-el-15-de-agosto\/"]}]},{"@type":"BreadcrumbList","@id":"https:\/\/experienciadevida.com.ar\/portalurbano\/fines-2022-se-extiende-la-inscripcion-hasta-el-15-de-agosto\/#breadcrumb","itemListElement":[{"@type":"ListItem","position":1,"name":"Portada","item":"https:\/\/experienciadevida.com.ar\/portalurbano\/"},{"@type":"ListItem","position":2,"name":"FinEs 2022: se extiende la inscripci\u00f3n hasta el 15 de agosto"}]},{"@type":"WebSite","@id":"https:\/\/experienciadevida.com.ar\/portalurbano\/#website","url":"https:\/\/experienciadevida.com.ar\/portalurbano\/","name":"","description":"","publisher":{"@id":"https:\/\/experienciadevida.com.ar\/portalurbano\/#organization"},"potentialAction":[{"@type":"SearchAction","target":{"@type":"EntryPoint","urlTemplate":"https:\/\/experienciadevida.com.ar\/portalurbano\/?s={search_term_string}"},"query-input":"required name=search_term_string"}],"inLanguage":"es"},{"@type":"Organization","@id":"https:\/\/experienciadevida.com.ar\/portalurbano\/#organization","name":"Portal Urbano","url":"https:\/\/experienciadevida.com.ar\/portalurbano\/","logo":{"@type":"ImageObject","inLanguage":"es","@id":"https:\/\/experienciadevida.com.ar\/portalurbano\/#\/schema\/logo\/image\/","url":"https:\/\/experienciadevida.com.ar\/portalurbano\/wp-content\/uploads\/2019\/09\/Logo-Original.png","contentUrl":"https:\/\/experienciadevida.com.ar\/portalurbano\/wp-content\/uploads\/2019\/09\/Logo-Original.png","width":2236,"height":1216,"caption":"Portal Urbano"},"image":{"@id":"https:\/\/experienciadevida.com.ar\/portalurbano\/#\/schema\/logo\/image\/"},"sameAs":["https:\/\/www.facebook.com\/Portal-Urbano-171542830093757\/","https:\/\/twitter.com\/portalurbanook","https:\/\/www.instagram.com\/_portalurbano\/","https:\/\/www.youtube.com\/channel\/UCXhagIfszH8KxFiOok79zbA?view_as=subscriber"]},{"@type":"Person","@id":"https:\/\/experienciadevida.com.ar\/portalurbano\/#\/schema\/person\/02dd326b1c4b056e9cc972486934a3a7","name":"admpu17wp","image":{"@type":"ImageObject","inLanguage":"es","@id":"https:\/\/experienciadevida.com.ar\/portalurbano\/#\/schema\/person\/image\/","url":"https:\/\/secure.gravatar.com\/avatar\/830d4c57adaae6630765e449a6908047?s=96&d=mm&r=g","contentUrl":"https:\/\/secure.gravatar.com\/avatar\/830d4c57adaae6630765e449a6908047?s=96&d=mm&r=g","caption":"admpu17wp"}}]}},"featured_image_urls":{"full":["https:\/\/experienciadevida.com.ar\/portalurbano\/wp-content\/uploads\/2022\/08\/FinEs-2022.jpg",1280,960,false],"thumbnail":["https:\/\/experienciadevida.com.ar\/portalurbano\/wp-content\/uploads\/2022\/08\/FinEs-2022-150x150.jpg",150,150,true],"medium":["https:\/\/experienciadevida.com.ar\/portalurbano\/wp-content\/uploads\/2022\/08\/FinEs-2022-300x225.jpg",300,225,true],"medium_large":["https:\/\/experienciadevida.com.ar\/portalurbano\/wp-content\/uploads\/2022\/08\/FinEs-2022-768x576.jpg",640,480,true],"large":["https:\/\/experienciadevida.com.ar\/portalurbano\/wp-content\/uploads\/2022\/08\/FinEs-2022-1024x768.jpg",640,480,true],"ug_big":["https:\/\/experienciadevida.com.ar\/portalurbano\/wp-content\/uploads\/2022\/08\/FinEs-2022-768x576.jpg",768,576,true],"1536x1536":["https:\/\/experienciadevida.com.ar\/portalurbano\/wp-content\/uploads\/2022\/08\/FinEs-2022.jpg",1280,960,false],"2048x2048":["https:\/\/experienciadevida.com.ar\/portalurbano\/wp-content\/uploads\/2022\/08\/FinEs-2022.jpg",1280,960,false],"newsever-slider-full":["https:\/\/experienciadevida.com.ar\/portalurbano\/wp-content\/uploads\/2022\/08\/FinEs-2022.jpg",1127,845,false],"newsever-featured":["https:\/\/experienciadevida.com.ar\/portalurbano\/wp-content\/uploads\/2022\/08\/FinEs-2022.jpg",1024,768,false],"newsever-medium":["https:\/\/experienciadevida.com.ar\/portalurbano\/wp-content\/uploads\/2022\/08\/FinEs-2022.jpg",633,475,false],"web-stories-poster-portrait":["https:\/\/experienciadevida.com.ar\/portalurbano\/wp-content\/uploads\/2022\/08\/FinEs-2022-640x853.jpg",640,853,true],"web-stories-publisher-logo":["https:\/\/experienciadevida.com.ar\/portalurbano\/wp-content\/uploads\/2022\/08\/FinEs-2022-96x96.jpg",96,96,true],"web-stories-thumbnail":["https:\/\/experienciadevida.com.ar\/portalurbano\/wp-content\/uploads\/2022\/08\/FinEs-2022-150x113.jpg",150,113,true]},"author_info":{"display_name":"admpu17wp","author_link":"https:\/\/experienciadevida.com.ar\/portalurbano\/author\/admpu17wp\/"},"category_info":"<a href=\"https:\/\/experienciadevida.com.ar\/portalurbano\/category\/ciudad\/\" rel=\"category tag\">Ciudad<\/a> <a href=\"https:\/\/experienciadevida.com.ar\/portalurbano\/category\/destacadas\/\" rel=\"category tag\">Destacadas<\/a>","tag_info":"Destacadas","comment_count":"0","amp_enabled":true,"_links":{"self":[{"href":"https:\/\/experienciadevida.com.ar\/portalurbano\/wp-json\/wp\/v2\/posts\/172487"}],"collection":[{"href":"https:\/\/experienciadevida.com.ar\/portalurbano\/wp-json\/wp\/v2\/posts"}],"about":[{"href":"https:\/\/experienciadevida.com.ar\/portalurbano\/wp-json\/wp\/v2\/types\/post"}],"author":[{"embeddable":true,"href":"https:\/\/experienciadevida.com.ar\/portalurbano\/wp-json\/wp\/v2\/users\/1"}],"replies":[{"embeddable":true,"href":"https:\/\/experienciadevida.com.ar\/portalurbano\/wp-json\/wp\/v2\/comments?post=172487"}],"version-history":[{"count":1,"href":"https:\/\/experienciadevida.com.ar\/portalurbano\/wp-json\/wp\/v2\/posts\/172487\/revisions"}],"predecessor-version":[{"id":172489,"href":"https:\/\/experienciadevida.com.ar\/portalurbano\/wp-json\/wp\/v2\/posts\/172487\/revisions\/172489"}],"wp:featuredmedia":[{"embeddable":true,"href":"https:\/\/experienciadevida.com.ar\/portalurbano\/wp-json\/wp\/v2\/media\/172488"}],"wp:attachment":[{"href":"https:\/\/experienciadevida.com.ar\/portalurbano\/wp-json\/wp\/v2\/media?parent=172487"}],"wp:term":[{"taxonomy":"category","embeddable":true,"href":"https:\/\/experienciadevida.com.ar\/portalurbano\/wp-json\/wp\/v2\/categories?post=172487"},{"taxonomy":"post_tag","embeddable":true,"href":"https:\/\/experienciadevida.com.ar\/portalurbano\/wp-json\/wp\/v2\/tags?post=172487"}],"curies":[{"name":"wp","href":"https:\/\/api.w.org\/{rel}","templated":true}]}}