{"id":172482,"date":"2022-08-01T11:53:44","date_gmt":"2022-08-01T14:53:44","guid":{"rendered":"https:\/\/experienciadevida.com.ar\/portalurbano\/?p=172482"},"modified":"2022-08-01T11:55:49","modified_gmt":"2022-08-01T14:55:49","slug":"ultimos-dias-de-inscripcion-a-las-carreras-de-la-facultad-de-ciencias-sociales-2","status":"publish","type":"post","link":"https:\/\/experienciadevida.com.ar\/portalurbano\/ultimos-dias-de-inscripcion-a-las-carreras-de-la-facultad-de-ciencias-sociales-2\/","title":{"rendered":"\u00daltimos d\u00edas de inscripci\u00f3n a las carreras de la Facultad de Ciencias Sociales"},"content":{"rendered":"<p>\u00daltimos d\u00edas de inscripci\u00f3n a las carreras de la <a href=\"https:\/\/www.instagram.com\/facsounicen\/\">Facultad de Ciencias Sociales<\/a>, hasta el viernes 5 de agosto estar\u00e1 abierto el periodo de pre-inscripci\u00f3n para comenzar a estudiar las carreras de grado que ofrece la Facultad de Ciencias Sociales a partir de este mes.<\/p>\n<p>Las carreras que ofrece FACSO de la Universidad Nacional del Centro de la Provincia de Buenos Aires son elegidas para cursar sus estudios universitarios por j\u00f3venes de Olavarr\u00eda, de ciudades distintos puntos de la provincia de Buenos Aires y de provincias lim\u00edtrofes. La Facultad de Ciencias Sociales desde sus comienzos ha tenido una amplia visibilidad e inserci\u00f3n en la comunidad de Olavarr\u00eda y la regi\u00f3n, y en sus carreras siempre ha puesto \u00e9nfasis en la construcci\u00f3n cr\u00edtica del conocimiento y el compromiso social.<\/p>\n<p>Desde hace m\u00e1s de 30 a\u00f1os la Facultad de Ciencias Sociales ha formado a graduados\/as universitarios\/as de las carreras de Licenciatura en Comunicaci\u00f3n Social; Licenciatura en Antropolog\u00eda orientaci\u00f3n Social; Licenciatura en Antropolog\u00eda orientaci\u00f3n Arqueol\u00f3gica; Periodismo y Profesorados en Comunicaci\u00f3n Social y Antropolog\u00eda.<\/p>\n<p>El per\u00edodo de pre-inscripci\u00f3n a las carreras de grado que ofrece FACSO estar\u00e1 abierto hasta el viernes 5 de agosto de 2022. Para anotarse los\/as interesados\/as deber\u00e1n completar el formulario de pre-inscripci\u00f3n disponible en la web de Sociales. La documentaci\u00f3n impresa se recepcionar\u00e1 de manera presencial en la oficina de Alumnos de FACSO, y de esta manera se completar\u00e1 el tr\u00e1mite de inscripci\u00f3n.<\/p>\n<p>Pasos para realizar la inscripci\u00f3n<\/p>\n<p>Los pasos para realizar la inscripci\u00f3n a las carreras de grado son los siguientes:<\/p>\n<p>Paso 1: ingresar en la web a la opci\u00f3n Inscripci\u00f3n a carreras 2022 y completar el formulario de pre-inscripci\u00f3n. Una vez completo descargar el comprobante en archivo PDF (las cuatro planillas que genera el sistema) e imprimirlo.<\/p>\n<p>Paso 2: Reunir la siguiente documentaci\u00f3n (en papel):<\/p>\n<p>-t\u00edtulo secundario (fotocopia autenticada) o constancia de t\u00edtulo en tr\u00e1mite.<\/p>\n<p>-fotocopia de DNI (anverso y reverso).<\/p>\n<p>-foto carnet 4&#215;4.<\/p>\n<p>-partida de nacimiento.<\/p>\n<p>-En caso de adeudar materias del secundario, los\/as interesados podr\u00e1n inscribirse presentando certificado de alumno regular (con detalle de materias adeudadas).<\/p>\n<p>Paso 3: El comprobante de la pre-inscripci\u00f3n (impreso) m\u00e1s toda la documentaci\u00f3n (en papel) deber\u00e1 ser presentada de manera presencial en la ventanilla del Departamento de Alumnos de lunes a viernes, d\u00edas h\u00e1biles, en el horario de 10 a 17.<\/p>\n<p>Curso Introductorio a la Vida Universitaria (CIVU)<\/p>\n<p>Los\/as aspirantes al ingreso deber\u00e1n realizar el CIVU. El curso es obligatorio y tendr\u00e1 una duraci\u00f3n de una semana. El mismo se realizar\u00e1 desde el 8 al 12 de agosto. Para inscribirse deber\u00e1n completar el formulario disponible aqu\u00ed.<\/p>\n<p>Consultas<\/p>\n<p>Quienes est\u00e9n interesados\/as podr\u00e1n comunicarse al email inscripcioncarrerafacso@gmail.com, por tel\u00e9fono a la oficina de Alumnos (02284- 450115) int. 8041, en el horario de 10 a 17.<\/p>\n<p>Las consultas para obtener m\u00e1s informaci\u00f3n sobre las carreras deber\u00e1n realizarse por e-mail a futuros.estudiantes@soc.unicen.edu.ar o al celular 02284-15500331.<\/p>\n","protected":false},"excerpt":{"rendered":"<p>\u00daltimos d\u00edas de inscripci\u00f3n a las carreras de la Facultad de Ciencias Sociales, hasta el&#8230;<\/p>\n","protected":false},"author":1,"featured_media":172483,"comment_status":"closed","ping_status":"closed","sticky":false,"template":"","format":"standard","meta":{"content-type":""},"categories":[31],"tags":[],"nelio_content":{"isAutoShareEnabled":false,"autoShareEndMode":"default","automationSources":{"useContentSentences":true,"useSocialTemplates":true,"useCustomSentences":false,"customSentences":[]},"followers":[1],"suggestedReferences":[],"includedReferences":["https:\/\/www.instagram.com\/facsounicen\/"],"efiUrl":"","efiAlt":"","highlights":[]},"yoast_head":"<!-- This site is optimized with the Yoast SEO plugin v20.7 - https:\/\/yoast.com\/wordpress\/plugins\/seo\/ -->\n<title>\u00daltimos d\u00edas de inscripci\u00f3n a las carreras de la facultad de Sociales<\/title>\n<meta name=\"description\" content=\"\u00daltimos d\u00edas de inscripci\u00f3n a las carreras de la Facultad de Ciencias Sociales, hasta el viernes 5 de agosto estar\u00e1 abierto el periodo\" \/>\n<meta name=\"robots\" content=\"index, follow, max-snippet:-1, max-image-preview:large, max-video-preview:-1\" \/>\n<link rel=\"canonical\" href=\"https:\/\/experienciadevida.com.ar\/portalurbano\/ultimos-dias-de-inscripcion-a-las-carreras-de-la-facultad-de-ciencias-sociales-2\/\" \/>\n<meta property=\"og:locale\" content=\"es_ES\" \/>\n<meta property=\"og:type\" content=\"article\" \/>\n<meta property=\"og:title\" content=\"\u00daltimos d\u00edas de inscripci\u00f3n a las carreras de la facultad de Sociales\" \/>\n<meta property=\"og:description\" content=\"\u00daltimos d\u00edas de inscripci\u00f3n a las carreras de la Facultad de Ciencias Sociales, hasta el viernes 5 de agosto estar\u00e1 abierto el periodo\" \/>\n<meta property=\"og:url\" content=\"https:\/\/experienciadevida.com.ar\/portalurbano\/ultimos-dias-de-inscripcion-a-las-carreras-de-la-facultad-de-ciencias-sociales-2\/\" \/>\n<meta property=\"article:publisher\" content=\"https:\/\/www.facebook.com\/Portal-Urbano-171542830093757\/\" \/>\n<meta property=\"article:published_time\" content=\"2022-08-01T14:53:44+00:00\" \/>\n<meta property=\"article:modified_time\" content=\"2022-08-01T14:55:49+00:00\" \/>\n<meta property=\"og:image\" content=\"https:\/\/experienciadevida.com.ar\/portalurbano\/wp-content\/uploads\/2022\/08\/Ultimos-dias-de-inscripcion.jpg\" \/>\n\t<meta property=\"og:image:width\" content=\"1000\" \/>\n\t<meta property=\"og:image:height\" content=\"609\" \/>\n\t<meta property=\"og:image:type\" content=\"image\/jpeg\" \/>\n<meta name=\"author\" content=\"admpu17wp\" \/>\n<meta name=\"twitter:card\" content=\"summary_large_image\" \/>\n<meta name=\"twitter:creator\" content=\"@portalurbanook\" \/>\n<meta name=\"twitter:site\" content=\"@portalurbanook\" \/>\n<meta name=\"twitter:label1\" content=\"Escrito por\" \/>\n\t<meta name=\"twitter:data1\" content=\"admpu17wp\" \/>\n\t<meta name=\"twitter:label2\" content=\"Tiempo de lectura\" \/>\n\t<meta name=\"twitter:data2\" content=\"3 minutos\" \/>\n<script type=\"application\/ld+json\" class=\"yoast-schema-graph\">{\"@context\":\"https:\/\/schema.org\",\"@graph\":[{\"@type\":\"Article\",\"@id\":\"https:\/\/experienciadevida.com.ar\/portalurbano\/ultimos-dias-de-inscripcion-a-las-carreras-de-la-facultad-de-ciencias-sociales-2\/#article\",\"isPartOf\":{\"@id\":\"https:\/\/experienciadevida.com.ar\/portalurbano\/ultimos-dias-de-inscripcion-a-las-carreras-de-la-facultad-de-ciencias-sociales-2\/\"},\"author\":{\"name\":\"admpu17wp\",\"@id\":\"https:\/\/experienciadevida.com.ar\/portalurbano\/#\/schema\/person\/02dd326b1c4b056e9cc972486934a3a7\"},\"headline\":\"\u00daltimos d\u00edas de inscripci\u00f3n a las carreras de la Facultad de Ciencias Sociales\",\"datePublished\":\"2022-08-01T14:53:44+00:00\",\"dateModified\":\"2022-08-01T14:55:49+00:00\",\"mainEntityOfPage\":{\"@id\":\"https:\/\/experienciadevida.com.ar\/portalurbano\/ultimos-dias-de-inscripcion-a-las-carreras-de-la-facultad-de-ciencias-sociales-2\/\"},\"wordCount\":536,\"publisher\":{\"@id\":\"https:\/\/experienciadevida.com.ar\/portalurbano\/#organization\"},\"articleSection\":[\"Educaci\u00f3n\"],\"inLanguage\":\"es\"},{\"@type\":\"WebPage\",\"@id\":\"https:\/\/experienciadevida.com.ar\/portalurbano\/ultimos-dias-de-inscripcion-a-las-carreras-de-la-facultad-de-ciencias-sociales-2\/\",\"url\":\"https:\/\/experienciadevida.com.ar\/portalurbano\/ultimos-dias-de-inscripcion-a-las-carreras-de-la-facultad-de-ciencias-sociales-2\/\",\"name\":\"\u00daltimos d\u00edas de inscripci\u00f3n a las carreras de la facultad de Sociales\",\"isPartOf\":{\"@id\":\"https:\/\/experienciadevida.com.ar\/portalurbano\/#website\"},\"datePublished\":\"2022-08-01T14:53:44+00:00\",\"dateModified\":\"2022-08-01T14:55:49+00:00\",\"description\":\"\u00daltimos d\u00edas de inscripci\u00f3n a las carreras de la Facultad de Ciencias Sociales, hasta el viernes 5 de agosto estar\u00e1 abierto el periodo\",\"breadcrumb\":{\"@id\":\"https:\/\/experienciadevida.com.ar\/portalurbano\/ultimos-dias-de-inscripcion-a-las-carreras-de-la-facultad-de-ciencias-sociales-2\/#breadcrumb\"},\"inLanguage\":\"es\",\"potentialAction\":[{\"@type\":\"ReadAction\",\"target\":[\"https:\/\/experienciadevida.com.ar\/portalurbano\/ultimos-dias-de-inscripcion-a-las-carreras-de-la-facultad-de-ciencias-sociales-2\/\"]}]},{\"@type\":\"BreadcrumbList\",\"@id\":\"https:\/\/experienciadevida.com.ar\/portalurbano\/ultimos-dias-de-inscripcion-a-las-carreras-de-la-facultad-de-ciencias-sociales-2\/#breadcrumb\",\"itemListElement\":[{\"@type\":\"ListItem\",\"position\":1,\"name\":\"Portada\",\"item\":\"https:\/\/experienciadevida.com.ar\/portalurbano\/\"},{\"@type\":\"ListItem\",\"position\":2,\"name\":\"\u00daltimos d\u00edas de inscripci\u00f3n a las carreras de la Facultad de Ciencias Sociales\"}]},{\"@type\":\"WebSite\",\"@id\":\"https:\/\/experienciadevida.com.ar\/portalurbano\/#website\",\"url\":\"https:\/\/experienciadevida.com.ar\/portalurbano\/\",\"name\":\"\",\"description\":\"\",\"publisher\":{\"@id\":\"https:\/\/experienciadevida.com.ar\/portalurbano\/#organization\"},\"potentialAction\":[{\"@type\":\"SearchAction\",\"target\":{\"@type\":\"EntryPoint\",\"urlTemplate\":\"https:\/\/experienciadevida.com.ar\/portalurbano\/?s={search_term_string}\"},\"query-input\":\"required name=search_term_string\"}],\"inLanguage\":\"es\"},{\"@type\":\"Organization\",\"@id\":\"https:\/\/experienciadevida.com.ar\/portalurbano\/#organization\",\"name\":\"Portal Urbano\",\"url\":\"https:\/\/experienciadevida.com.ar\/portalurbano\/\",\"logo\":{\"@type\":\"ImageObject\",\"inLanguage\":\"es\",\"@id\":\"https:\/\/experienciadevida.com.ar\/portalurbano\/#\/schema\/logo\/image\/\",\"url\":\"https:\/\/experienciadevida.com.ar\/portalurbano\/wp-content\/uploads\/2019\/09\/Logo-Original.png\",\"contentUrl\":\"https:\/\/experienciadevida.com.ar\/portalurbano\/wp-content\/uploads\/2019\/09\/Logo-Original.png\",\"width\":2236,\"height\":1216,\"caption\":\"Portal Urbano\"},\"image\":{\"@id\":\"https:\/\/experienciadevida.com.ar\/portalurbano\/#\/schema\/logo\/image\/\"},\"sameAs\":[\"https:\/\/www.facebook.com\/Portal-Urbano-171542830093757\/\",\"https:\/\/twitter.com\/portalurbanook\",\"https:\/\/www.instagram.com\/_portalurbano\/\",\"https:\/\/www.youtube.com\/channel\/UCXhagIfszH8KxFiOok79zbA?view_as=subscriber\"]},{\"@type\":\"Person\",\"@id\":\"https:\/\/experienciadevida.com.ar\/portalurbano\/#\/schema\/person\/02dd326b1c4b056e9cc972486934a3a7\",\"name\":\"admpu17wp\",\"image\":{\"@type\":\"ImageObject\",\"inLanguage\":\"es\",\"@id\":\"https:\/\/experienciadevida.com.ar\/portalurbano\/#\/schema\/person\/image\/\",\"url\":\"https:\/\/secure.gravatar.com\/avatar\/830d4c57adaae6630765e449a6908047?s=96&d=mm&r=g\",\"contentUrl\":\"https:\/\/secure.gravatar.com\/avatar\/830d4c57adaae6630765e449a6908047?s=96&d=mm&r=g\",\"caption\":\"admpu17wp\"}}]}<\/script>\n<!-- \/ Yoast SEO plugin. -->","yoast_head_json":{"title":"\u00daltimos d\u00edas de inscripci\u00f3n a las carreras de la facultad de Sociales","description":"\u00daltimos d\u00edas de inscripci\u00f3n a las carreras de la Facultad de Ciencias Sociales, hasta el viernes 5 de agosto estar\u00e1 abierto el periodo","robots":{"index":"index","follow":"follow","max-snippet":"max-snippet:-1","max-image-preview":"max-image-preview:large","max-video-preview":"max-video-preview:-1"},"canonical":"https:\/\/experienciadevida.com.ar\/portalurbano\/ultimos-dias-de-inscripcion-a-las-carreras-de-la-facultad-de-ciencias-sociales-2\/","og_locale":"es_ES","og_type":"article","og_title":"\u00daltimos d\u00edas de inscripci\u00f3n a las carreras de la facultad de Sociales","og_description":"\u00daltimos d\u00edas de inscripci\u00f3n a las carreras de la Facultad de Ciencias Sociales, hasta el viernes 5 de agosto estar\u00e1 abierto el periodo","og_url":"https:\/\/experienciadevida.com.ar\/portalurbano\/ultimos-dias-de-inscripcion-a-las-carreras-de-la-facultad-de-ciencias-sociales-2\/","article_publisher":"https:\/\/www.facebook.com\/Portal-Urbano-171542830093757\/","article_published_time":"2022-08-01T14:53:44+00:00","article_modified_time":"2022-08-01T14:55:49+00:00","og_image":[{"width":1000,"height":609,"url":"https:\/\/experienciadevida.com.ar\/portalurbano\/wp-content\/uploads\/2022\/08\/Ultimos-dias-de-inscripcion.jpg","type":"image\/jpeg"}],"author":"admpu17wp","twitter_card":"summary_large_image","twitter_creator":"@portalurbanook","twitter_site":"@portalurbanook","twitter_misc":{"Escrito por":"admpu17wp","Tiempo de lectura":"3 minutos"},"schema":{"@context":"https:\/\/schema.org","@graph":[{"@type":"Article","@id":"https:\/\/experienciadevida.com.ar\/portalurbano\/ultimos-dias-de-inscripcion-a-las-carreras-de-la-facultad-de-ciencias-sociales-2\/#article","isPartOf":{"@id":"https:\/\/experienciadevida.com.ar\/portalurbano\/ultimos-dias-de-inscripcion-a-las-carreras-de-la-facultad-de-ciencias-sociales-2\/"},"author":{"name":"admpu17wp","@id":"https:\/\/experienciadevida.com.ar\/portalurbano\/#\/schema\/person\/02dd326b1c4b056e9cc972486934a3a7"},"headline":"\u00daltimos d\u00edas de inscripci\u00f3n a las carreras de la Facultad de Ciencias Sociales","datePublished":"2022-08-01T14:53:44+00:00","dateModified":"2022-08-01T14:55:49+00:00","mainEntityOfPage":{"@id":"https:\/\/experienciadevida.com.ar\/portalurbano\/ultimos-dias-de-inscripcion-a-las-carreras-de-la-facultad-de-ciencias-sociales-2\/"},"wordCount":536,"publisher":{"@id":"https:\/\/experienciadevida.com.ar\/portalurbano\/#organization"},"articleSection":["Educaci\u00f3n"],"inLanguage":"es"},{"@type":"WebPage","@id":"https:\/\/experienciadevida.com.ar\/portalurbano\/ultimos-dias-de-inscripcion-a-las-carreras-de-la-facultad-de-ciencias-sociales-2\/","url":"https:\/\/experienciadevida.com.ar\/portalurbano\/ultimos-dias-de-inscripcion-a-las-carreras-de-la-facultad-de-ciencias-sociales-2\/","name":"\u00daltimos d\u00edas de inscripci\u00f3n a las carreras de la facultad de Sociales","isPartOf":{"@id":"https:\/\/experienciadevida.com.ar\/portalurbano\/#website"},"datePublished":"2022-08-01T14:53:44+00:00","dateModified":"2022-08-01T14:55:49+00:00","description":"\u00daltimos d\u00edas de inscripci\u00f3n a las carreras de la Facultad de Ciencias Sociales, hasta el viernes 5 de agosto estar\u00e1 abierto el periodo","breadcrumb":{"@id":"https:\/\/experienciadevida.com.ar\/portalurbano\/ultimos-dias-de-inscripcion-a-las-carreras-de-la-facultad-de-ciencias-sociales-2\/#breadcrumb"},"inLanguage":"es","potentialAction":[{"@type":"ReadAction","target":["https:\/\/experienciadevida.com.ar\/portalurbano\/ultimos-dias-de-inscripcion-a-las-carreras-de-la-facultad-de-ciencias-sociales-2\/"]}]},{"@type":"BreadcrumbList","@id":"https:\/\/experienciadevida.com.ar\/portalurbano\/ultimos-dias-de-inscripcion-a-las-carreras-de-la-facultad-de-ciencias-sociales-2\/#breadcrumb","itemListElement":[{"@type":"ListItem","position":1,"name":"Portada","item":"https:\/\/experienciadevida.com.ar\/portalurbano\/"},{"@type":"ListItem","position":2,"name":"\u00daltimos d\u00edas de inscripci\u00f3n a las carreras de la Facultad de Ciencias Sociales"}]},{"@type":"WebSite","@id":"https:\/\/experienciadevida.com.ar\/portalurbano\/#website","url":"https:\/\/experienciadevida.com.ar\/portalurbano\/","name":"","description":"","publisher":{"@id":"https:\/\/experienciadevida.com.ar\/portalurbano\/#organization"},"potentialAction":[{"@type":"SearchAction","target":{"@type":"EntryPoint","urlTemplate":"https:\/\/experienciadevida.com.ar\/portalurbano\/?s={search_term_string}"},"query-input":"required name=search_term_string"}],"inLanguage":"es"},{"@type":"Organization","@id":"https:\/\/experienciadevida.com.ar\/portalurbano\/#organization","name":"Portal Urbano","url":"https:\/\/experienciadevida.com.ar\/portalurbano\/","logo":{"@type":"ImageObject","inLanguage":"es","@id":"https:\/\/experienciadevida.com.ar\/portalurbano\/#\/schema\/logo\/image\/","url":"https:\/\/experienciadevida.com.ar\/portalurbano\/wp-content\/uploads\/2019\/09\/Logo-Original.png","contentUrl":"https:\/\/experienciadevida.com.ar\/portalurbano\/wp-content\/uploads\/2019\/09\/Logo-Original.png","width":2236,"height":1216,"caption":"Portal Urbano"},"image":{"@id":"https:\/\/experienciadevida.com.ar\/portalurbano\/#\/schema\/logo\/image\/"},"sameAs":["https:\/\/www.facebook.com\/Portal-Urbano-171542830093757\/","https:\/\/twitter.com\/portalurbanook","https:\/\/www.instagram.com\/_portalurbano\/","https:\/\/www.youtube.com\/channel\/UCXhagIfszH8KxFiOok79zbA?view_as=subscriber"]},{"@type":"Person","@id":"https:\/\/experienciadevida.com.ar\/portalurbano\/#\/schema\/person\/02dd326b1c4b056e9cc972486934a3a7","name":"admpu17wp","image":{"@type":"ImageObject","inLanguage":"es","@id":"https:\/\/experienciadevida.com.ar\/portalurbano\/#\/schema\/person\/image\/","url":"https:\/\/secure.gravatar.com\/avatar\/830d4c57adaae6630765e449a6908047?s=96&d=mm&r=g","contentUrl":"https:\/\/secure.gravatar.com\/avatar\/830d4c57adaae6630765e449a6908047?s=96&d=mm&r=g","caption":"admpu17wp"}}]}},"featured_image_urls":{"full":["https:\/\/experienciadevida.com.ar\/portalurbano\/wp-content\/uploads\/2022\/08\/Ultimos-dias-de-inscripcion.jpg",1000,609,false],"thumbnail":["https:\/\/experienciadevida.com.ar\/portalurbano\/wp-content\/uploads\/2022\/08\/Ultimos-dias-de-inscripcion-150x150.jpg",150,150,true],"medium":["https:\/\/experienciadevida.com.ar\/portalurbano\/wp-content\/uploads\/2022\/08\/Ultimos-dias-de-inscripcion-300x183.jpg",300,183,true],"medium_large":["https:\/\/experienciadevida.com.ar\/portalurbano\/wp-content\/uploads\/2022\/08\/Ultimos-dias-de-inscripcion-768x468.jpg",640,390,true],"large":["https:\/\/experienciadevida.com.ar\/portalurbano\/wp-content\/uploads\/2022\/08\/Ultimos-dias-de-inscripcion.jpg",640,390,false],"ug_big":["https:\/\/experienciadevida.com.ar\/portalurbano\/wp-content\/uploads\/2022\/08\/Ultimos-dias-de-inscripcion-768x468.jpg",768,468,true],"1536x1536":["https:\/\/experienciadevida.com.ar\/portalurbano\/wp-content\/uploads\/2022\/08\/Ultimos-dias-de-inscripcion.jpg",1000,609,false],"2048x2048":["https:\/\/experienciadevida.com.ar\/portalurbano\/wp-content\/uploads\/2022\/08\/Ultimos-dias-de-inscripcion.jpg",1000,609,false],"newsever-slider-full":["https:\/\/experienciadevida.com.ar\/portalurbano\/wp-content\/uploads\/2022\/08\/Ultimos-dias-de-inscripcion.jpg",1000,609,false],"newsever-featured":["https:\/\/experienciadevida.com.ar\/portalurbano\/wp-content\/uploads\/2022\/08\/Ultimos-dias-de-inscripcion.jpg",1000,609,false],"newsever-medium":["https:\/\/experienciadevida.com.ar\/portalurbano\/wp-content\/uploads\/2022\/08\/Ultimos-dias-de-inscripcion.jpg",720,438,false],"web-stories-poster-portrait":["https:\/\/experienciadevida.com.ar\/portalurbano\/wp-content\/uploads\/2022\/08\/Ultimos-dias-de-inscripcion-640x609.jpg",640,609,true],"web-stories-publisher-logo":["https:\/\/experienciadevida.com.ar\/portalurbano\/wp-content\/uploads\/2022\/08\/Ultimos-dias-de-inscripcion-96x96.jpg",96,96,true],"web-stories-thumbnail":["https:\/\/experienciadevida.com.ar\/portalurbano\/wp-content\/uploads\/2022\/08\/Ultimos-dias-de-inscripcion-150x91.jpg",150,91,true]},"author_info":{"display_name":"admpu17wp","author_link":"https:\/\/experienciadevida.com.ar\/portalurbano\/author\/admpu17wp\/"},"category_info":"<a href=\"https:\/\/experienciadevida.com.ar\/portalurbano\/category\/ciudad\/educacion\/\" rel=\"category tag\">Educaci\u00f3n<\/a>","tag_info":"Educaci\u00f3n","comment_count":"0","amp_enabled":true,"_links":{"self":[{"href":"https:\/\/experienciadevida.com.ar\/portalurbano\/wp-json\/wp\/v2\/posts\/172482"}],"collection":[{"href":"https:\/\/experienciadevida.com.ar\/portalurbano\/wp-json\/wp\/v2\/posts"}],"about":[{"href":"https:\/\/experienciadevida.com.ar\/portalurbano\/wp-json\/wp\/v2\/types\/post"}],"author":[{"embeddable":true,"href":"https:\/\/experienciadevida.com.ar\/portalurbano\/wp-json\/wp\/v2\/users\/1"}],"replies":[{"embeddable":true,"href":"https:\/\/experienciadevida.com.ar\/portalurbano\/wp-json\/wp\/v2\/comments?post=172482"}],"version-history":[{"count":2,"href":"https:\/\/experienciadevida.com.ar\/portalurbano\/wp-json\/wp\/v2\/posts\/172482\/revisions"}],"predecessor-version":[{"id":172485,"href":"https:\/\/experienciadevida.com.ar\/portalurbano\/wp-json\/wp\/v2\/posts\/172482\/revisions\/172485"}],"wp:featuredmedia":[{"embeddable":true,"href":"https:\/\/experienciadevida.com.ar\/portalurbano\/wp-json\/wp\/v2\/media\/172483"}],"wp:attachment":[{"href":"https:\/\/experienciadevida.com.ar\/portalurbano\/wp-json\/wp\/v2\/media?parent=172482"}],"wp:term":[{"taxonomy":"category","embeddable":true,"href":"https:\/\/experienciadevida.com.ar\/portalurbano\/wp-json\/wp\/v2\/categories?post=172482"},{"taxonomy":"post_tag","embeddable":true,"href":"https:\/\/experienciadevida.com.ar\/portalurbano\/wp-json\/wp\/v2\/tags?post=172482"}],"curies":[{"name":"wp","href":"https:\/\/api.w.org\/{rel}","templated":true}]}}