{"id":172450,"date":"2022-08-01T09:55:09","date_gmt":"2022-08-01T12:55:09","guid":{"rendered":"https:\/\/experienciadevida.com.ar\/portalurbano\/?p=172450"},"modified":"2022-08-01T09:58:53","modified_gmt":"2022-08-01T12:58:53","slug":"politicas-de-genero-impulsa-una-jornada-integral-de-difusion-de-recursos-en-sierra-chica","status":"publish","type":"post","link":"https:\/\/experienciadevida.com.ar\/portalurbano\/politicas-de-genero-impulsa-una-jornada-integral-de-difusion-de-recursos-en-sierra-chica\/","title":{"rendered":"Pol\u00edticas de G\u00e9nero impulsa una jornada integral de difusi\u00f3n de recursos en Sierra Chica"},"content":{"rendered":"<p>Pol\u00edticas de G\u00e9nero impulsa una jornada integral de difusi\u00f3n de recursos en Sierra Chica, el <a href=\"https:\/\/www.instagram.com\/muniolav\/\">Municipio <\/a>de Olavarr\u00eda, a trav\u00e9s de la Direcci\u00f3n de Pol\u00edticas de G\u00e9nero, informa que el pr\u00f3ximo viernes 5 de agosto en diferentes puntos de Sierra Chica, se llevar\u00e1 a cabo una jornada de promoci\u00f3n de sus recursos institucionales y asesoramiento en materia de abordaje de violencias por motivos de g\u00e9nero.<\/p>\n<p>Esta propuesta se enmarca en las l\u00edneas de acci\u00f3n territoriales que la Direcci\u00f3n viene llevando adelante, y propone, a trav\u00e9s de distintas instancias, generar espacios de difusi\u00f3n de sus recursos de abordaje, intercambio con la ciudadan\u00eda y atenci\u00f3n personalizada del equipo t\u00e9cnico, para orientar intervenciones y articular demandas con las instituciones que integran el circuito de atenci\u00f3n integral.<\/p>\n<p>Las actividades se desarrollar\u00e1n de manera simult\u00e1nea en el horario de 9 a 13 horas, en el Club Atl\u00e9tico Sierra Chica y el CAPS de la localidad. Se pondr\u00e1n a disposici\u00f3n los recursos de las \u00e1reas de abordaje de Mujeres y Disidencias que atraviesan situaciones de violencia por motivos de g\u00e9nero, Masculinidades, Diversidad, Ley Micaela, y Programa Tejiendo Redes, con sus respectivos equipos profesionales.<\/p>\n<p>Las propuestas<\/p>\n<p>En instalaciones del Club Atl\u00e9tico, se dictar\u00e1 la charla dirigida a varones: \u00abMasculinidades en offside\u00bb, a cargo del equipo de Masculinidades, de la que participar\u00e1n agentes del Servicio Penitenciario Bonaerense, la Comisi\u00f3n Directiva del Club y el plantel deportivo; en paralelo, en otro espacio del Club, se desarrollar\u00e1n dos jornadas de capacitaci\u00f3n de Ley Micaela para personal estatal, tanto de la \u00f3rbita municipal, como de otras dependencias estatales que cuentan con oficinas de atenci\u00f3n ciudadana en el poblado.<\/p>\n<p>Por otra parte, profesionales del Ley Micaela en territorio brindar\u00e1n propuestas a las dos escuelas primarias, y a la escuela secundaria. Adem\u00e1s, el equipo de Tejiendo Redes llevar\u00e1 adelante el taller \u00abAvances en la construcci\u00f3n de la red territorial vinculada a g\u00e9neros en Sierra Chica\u00bb, en corresponsabilidad con las promotoras territoriales, destinado a referentes institucionales de las organizaciones y la comunidad en general.<\/p>\n<p>Por \u00faltimo, en la sede del centro de salud, las profesionales de abordaje atender\u00e1n situaciones a demanda, y se pondr\u00e1n a disposici\u00f3n para dudas, inquietudes o asesoramiento integral de quienes se acerquen.<\/p>\n<p>&nbsp;<\/p>\n","protected":false},"excerpt":{"rendered":"<p>Pol\u00edticas de G\u00e9nero impulsa una jornada integral de difusi\u00f3n de recursos en Sierra Chica, el&#8230;<\/p>\n","protected":false},"author":1,"featured_media":172451,"comment_status":"closed","ping_status":"closed","sticky":false,"template":"","format":"standard","meta":{"content-type":""},"categories":[27,64],"tags":[],"nelio_content":{"isAutoShareEnabled":false,"autoShareEndMode":"default","automationSources":{"useContentSentences":true,"useSocialTemplates":true,"useCustomSentences":false,"customSentences":[]},"followers":[1],"suggestedReferences":[],"includedReferences":[],"efiUrl":"","efiAlt":"","highlights":[]},"yoast_head":"<!-- This site is optimized with the Yoast SEO plugin v20.7 - https:\/\/yoast.com\/wordpress\/plugins\/seo\/ -->\n<title>Pol\u00edticas de g\u00e9nero impulsa una jornada integral de difusi\u00f3n<\/title>\n<meta name=\"description\" content=\"Pol\u00edticas de G\u00e9nero impulsa una jornada integral de difusi\u00f3n de recursos en Sierra Chica, el Municipio de Olavarr\u00eda, a trav\u00e9s\" \/>\n<meta name=\"robots\" content=\"index, follow, max-snippet:-1, max-image-preview:large, max-video-preview:-1\" \/>\n<link rel=\"canonical\" href=\"https:\/\/experienciadevida.com.ar\/portalurbano\/politicas-de-genero-impulsa-una-jornada-integral-de-difusion-de-recursos-en-sierra-chica\/\" \/>\n<meta property=\"og:locale\" content=\"es_ES\" \/>\n<meta property=\"og:type\" content=\"article\" \/>\n<meta property=\"og:title\" content=\"Pol\u00edticas de g\u00e9nero impulsa una jornada integral de difusi\u00f3n\" \/>\n<meta property=\"og:description\" content=\"Pol\u00edticas de G\u00e9nero impulsa una jornada integral de difusi\u00f3n de recursos en Sierra Chica, el Municipio de Olavarr\u00eda, a trav\u00e9s\" \/>\n<meta property=\"og:url\" content=\"https:\/\/experienciadevida.com.ar\/portalurbano\/politicas-de-genero-impulsa-una-jornada-integral-de-difusion-de-recursos-en-sierra-chica\/\" \/>\n<meta property=\"article:publisher\" content=\"https:\/\/www.facebook.com\/Portal-Urbano-171542830093757\/\" \/>\n<meta property=\"article:published_time\" content=\"2022-08-01T12:55:09+00:00\" \/>\n<meta property=\"article:modified_time\" content=\"2022-08-01T12:58:53+00:00\" \/>\n<meta property=\"og:image\" content=\"https:\/\/experienciadevida.com.ar\/portalurbano\/wp-content\/uploads\/2022\/08\/Politicas-de-Genero-impulsa.jpeg\" \/>\n\t<meta property=\"og:image:width\" content=\"450\" \/>\n\t<meta property=\"og:image:height\" content=\"338\" \/>\n\t<meta property=\"og:image:type\" content=\"image\/jpeg\" \/>\n<meta name=\"author\" content=\"admpu17wp\" \/>\n<meta name=\"twitter:card\" content=\"summary_large_image\" \/>\n<meta name=\"twitter:creator\" content=\"@portalurbanook\" \/>\n<meta name=\"twitter:site\" content=\"@portalurbanook\" \/>\n<meta name=\"twitter:label1\" content=\"Escrito por\" \/>\n\t<meta name=\"twitter:data1\" content=\"admpu17wp\" \/>\n\t<meta name=\"twitter:label2\" content=\"Tiempo de lectura\" \/>\n\t<meta name=\"twitter:data2\" content=\"2 minutos\" \/>\n<script type=\"application\/ld+json\" class=\"yoast-schema-graph\">{\"@context\":\"https:\/\/schema.org\",\"@graph\":[{\"@type\":\"Article\",\"@id\":\"https:\/\/experienciadevida.com.ar\/portalurbano\/politicas-de-genero-impulsa-una-jornada-integral-de-difusion-de-recursos-en-sierra-chica\/#article\",\"isPartOf\":{\"@id\":\"https:\/\/experienciadevida.com.ar\/portalurbano\/politicas-de-genero-impulsa-una-jornada-integral-de-difusion-de-recursos-en-sierra-chica\/\"},\"author\":{\"name\":\"admpu17wp\",\"@id\":\"https:\/\/experienciadevida.com.ar\/portalurbano\/#\/schema\/person\/02dd326b1c4b056e9cc972486934a3a7\"},\"headline\":\"Pol\u00edticas de G\u00e9nero impulsa una jornada integral de difusi\u00f3n de recursos en Sierra Chica\",\"datePublished\":\"2022-08-01T12:55:09+00:00\",\"dateModified\":\"2022-08-01T12:58:53+00:00\",\"mainEntityOfPage\":{\"@id\":\"https:\/\/experienciadevida.com.ar\/portalurbano\/politicas-de-genero-impulsa-una-jornada-integral-de-difusion-de-recursos-en-sierra-chica\/\"},\"wordCount\":416,\"publisher\":{\"@id\":\"https:\/\/experienciadevida.com.ar\/portalurbano\/#organization\"},\"articleSection\":[\"Ciudad\",\"Destacadas 2\"],\"inLanguage\":\"es\"},{\"@type\":\"WebPage\",\"@id\":\"https:\/\/experienciadevida.com.ar\/portalurbano\/politicas-de-genero-impulsa-una-jornada-integral-de-difusion-de-recursos-en-sierra-chica\/\",\"url\":\"https:\/\/experienciadevida.com.ar\/portalurbano\/politicas-de-genero-impulsa-una-jornada-integral-de-difusion-de-recursos-en-sierra-chica\/\",\"name\":\"Pol\u00edticas de g\u00e9nero impulsa una jornada integral de difusi\u00f3n\",\"isPartOf\":{\"@id\":\"https:\/\/experienciadevida.com.ar\/portalurbano\/#website\"},\"datePublished\":\"2022-08-01T12:55:09+00:00\",\"dateModified\":\"2022-08-01T12:58:53+00:00\",\"description\":\"Pol\u00edticas de G\u00e9nero impulsa una jornada integral de difusi\u00f3n de recursos en Sierra Chica, el Municipio de Olavarr\u00eda, a trav\u00e9s\",\"breadcrumb\":{\"@id\":\"https:\/\/experienciadevida.com.ar\/portalurbano\/politicas-de-genero-impulsa-una-jornada-integral-de-difusion-de-recursos-en-sierra-chica\/#breadcrumb\"},\"inLanguage\":\"es\",\"potentialAction\":[{\"@type\":\"ReadAction\",\"target\":[\"https:\/\/experienciadevida.com.ar\/portalurbano\/politicas-de-genero-impulsa-una-jornada-integral-de-difusion-de-recursos-en-sierra-chica\/\"]}]},{\"@type\":\"BreadcrumbList\",\"@id\":\"https:\/\/experienciadevida.com.ar\/portalurbano\/politicas-de-genero-impulsa-una-jornada-integral-de-difusion-de-recursos-en-sierra-chica\/#breadcrumb\",\"itemListElement\":[{\"@type\":\"ListItem\",\"position\":1,\"name\":\"Portada\",\"item\":\"https:\/\/experienciadevida.com.ar\/portalurbano\/\"},{\"@type\":\"ListItem\",\"position\":2,\"name\":\"Pol\u00edticas de G\u00e9nero impulsa una jornada integral de difusi\u00f3n de recursos en Sierra Chica\"}]},{\"@type\":\"WebSite\",\"@id\":\"https:\/\/experienciadevida.com.ar\/portalurbano\/#website\",\"url\":\"https:\/\/experienciadevida.com.ar\/portalurbano\/\",\"name\":\"\",\"description\":\"\",\"publisher\":{\"@id\":\"https:\/\/experienciadevida.com.ar\/portalurbano\/#organization\"},\"potentialAction\":[{\"@type\":\"SearchAction\",\"target\":{\"@type\":\"EntryPoint\",\"urlTemplate\":\"https:\/\/experienciadevida.com.ar\/portalurbano\/?s={search_term_string}\"},\"query-input\":\"required name=search_term_string\"}],\"inLanguage\":\"es\"},{\"@type\":\"Organization\",\"@id\":\"https:\/\/experienciadevida.com.ar\/portalurbano\/#organization\",\"name\":\"Portal Urbano\",\"url\":\"https:\/\/experienciadevida.com.ar\/portalurbano\/\",\"logo\":{\"@type\":\"ImageObject\",\"inLanguage\":\"es\",\"@id\":\"https:\/\/experienciadevida.com.ar\/portalurbano\/#\/schema\/logo\/image\/\",\"url\":\"https:\/\/experienciadevida.com.ar\/portalurbano\/wp-content\/uploads\/2019\/09\/Logo-Original.png\",\"contentUrl\":\"https:\/\/experienciadevida.com.ar\/portalurbano\/wp-content\/uploads\/2019\/09\/Logo-Original.png\",\"width\":2236,\"height\":1216,\"caption\":\"Portal Urbano\"},\"image\":{\"@id\":\"https:\/\/experienciadevida.com.ar\/portalurbano\/#\/schema\/logo\/image\/\"},\"sameAs\":[\"https:\/\/www.facebook.com\/Portal-Urbano-171542830093757\/\",\"https:\/\/twitter.com\/portalurbanook\",\"https:\/\/www.instagram.com\/_portalurbano\/\",\"https:\/\/www.youtube.com\/channel\/UCXhagIfszH8KxFiOok79zbA?view_as=subscriber\"]},{\"@type\":\"Person\",\"@id\":\"https:\/\/experienciadevida.com.ar\/portalurbano\/#\/schema\/person\/02dd326b1c4b056e9cc972486934a3a7\",\"name\":\"admpu17wp\",\"image\":{\"@type\":\"ImageObject\",\"inLanguage\":\"es\",\"@id\":\"https:\/\/experienciadevida.com.ar\/portalurbano\/#\/schema\/person\/image\/\",\"url\":\"https:\/\/secure.gravatar.com\/avatar\/830d4c57adaae6630765e449a6908047?s=96&d=mm&r=g\",\"contentUrl\":\"https:\/\/secure.gravatar.com\/avatar\/830d4c57adaae6630765e449a6908047?s=96&d=mm&r=g\",\"caption\":\"admpu17wp\"}}]}<\/script>\n<!-- \/ Yoast SEO plugin. -->","yoast_head_json":{"title":"Pol\u00edticas de g\u00e9nero impulsa una jornada integral de difusi\u00f3n","description":"Pol\u00edticas de G\u00e9nero impulsa una jornada integral de difusi\u00f3n de recursos en Sierra Chica, el Municipio de Olavarr\u00eda, a trav\u00e9s","robots":{"index":"index","follow":"follow","max-snippet":"max-snippet:-1","max-image-preview":"max-image-preview:large","max-video-preview":"max-video-preview:-1"},"canonical":"https:\/\/experienciadevida.com.ar\/portalurbano\/politicas-de-genero-impulsa-una-jornada-integral-de-difusion-de-recursos-en-sierra-chica\/","og_locale":"es_ES","og_type":"article","og_title":"Pol\u00edticas de g\u00e9nero impulsa una jornada integral de difusi\u00f3n","og_description":"Pol\u00edticas de G\u00e9nero impulsa una jornada integral de difusi\u00f3n de recursos en Sierra Chica, el Municipio de Olavarr\u00eda, a trav\u00e9s","og_url":"https:\/\/experienciadevida.com.ar\/portalurbano\/politicas-de-genero-impulsa-una-jornada-integral-de-difusion-de-recursos-en-sierra-chica\/","article_publisher":"https:\/\/www.facebook.com\/Portal-Urbano-171542830093757\/","article_published_time":"2022-08-01T12:55:09+00:00","article_modified_time":"2022-08-01T12:58:53+00:00","og_image":[{"width":450,"height":338,"url":"https:\/\/experienciadevida.com.ar\/portalurbano\/wp-content\/uploads\/2022\/08\/Politicas-de-Genero-impulsa.jpeg","type":"image\/jpeg"}],"author":"admpu17wp","twitter_card":"summary_large_image","twitter_creator":"@portalurbanook","twitter_site":"@portalurbanook","twitter_misc":{"Escrito por":"admpu17wp","Tiempo de lectura":"2 minutos"},"schema":{"@context":"https:\/\/schema.org","@graph":[{"@type":"Article","@id":"https:\/\/experienciadevida.com.ar\/portalurbano\/politicas-de-genero-impulsa-una-jornada-integral-de-difusion-de-recursos-en-sierra-chica\/#article","isPartOf":{"@id":"https:\/\/experienciadevida.com.ar\/portalurbano\/politicas-de-genero-impulsa-una-jornada-integral-de-difusion-de-recursos-en-sierra-chica\/"},"author":{"name":"admpu17wp","@id":"https:\/\/experienciadevida.com.ar\/portalurbano\/#\/schema\/person\/02dd326b1c4b056e9cc972486934a3a7"},"headline":"Pol\u00edticas de G\u00e9nero impulsa una jornada integral de difusi\u00f3n de recursos en Sierra Chica","datePublished":"2022-08-01T12:55:09+00:00","dateModified":"2022-08-01T12:58:53+00:00","mainEntityOfPage":{"@id":"https:\/\/experienciadevida.com.ar\/portalurbano\/politicas-de-genero-impulsa-una-jornada-integral-de-difusion-de-recursos-en-sierra-chica\/"},"wordCount":416,"publisher":{"@id":"https:\/\/experienciadevida.com.ar\/portalurbano\/#organization"},"articleSection":["Ciudad","Destacadas 2"],"inLanguage":"es"},{"@type":"WebPage","@id":"https:\/\/experienciadevida.com.ar\/portalurbano\/politicas-de-genero-impulsa-una-jornada-integral-de-difusion-de-recursos-en-sierra-chica\/","url":"https:\/\/experienciadevida.com.ar\/portalurbano\/politicas-de-genero-impulsa-una-jornada-integral-de-difusion-de-recursos-en-sierra-chica\/","name":"Pol\u00edticas de g\u00e9nero impulsa una jornada integral de difusi\u00f3n","isPartOf":{"@id":"https:\/\/experienciadevida.com.ar\/portalurbano\/#website"},"datePublished":"2022-08-01T12:55:09+00:00","dateModified":"2022-08-01T12:58:53+00:00","description":"Pol\u00edticas de G\u00e9nero impulsa una jornada integral de difusi\u00f3n de recursos en Sierra Chica, el Municipio de Olavarr\u00eda, a trav\u00e9s","breadcrumb":{"@id":"https:\/\/experienciadevida.com.ar\/portalurbano\/politicas-de-genero-impulsa-una-jornada-integral-de-difusion-de-recursos-en-sierra-chica\/#breadcrumb"},"inLanguage":"es","potentialAction":[{"@type":"ReadAction","target":["https:\/\/experienciadevida.com.ar\/portalurbano\/politicas-de-genero-impulsa-una-jornada-integral-de-difusion-de-recursos-en-sierra-chica\/"]}]},{"@type":"BreadcrumbList","@id":"https:\/\/experienciadevida.com.ar\/portalurbano\/politicas-de-genero-impulsa-una-jornada-integral-de-difusion-de-recursos-en-sierra-chica\/#breadcrumb","itemListElement":[{"@type":"ListItem","position":1,"name":"Portada","item":"https:\/\/experienciadevida.com.ar\/portalurbano\/"},{"@type":"ListItem","position":2,"name":"Pol\u00edticas de G\u00e9nero impulsa una jornada integral de difusi\u00f3n de recursos en Sierra Chica"}]},{"@type":"WebSite","@id":"https:\/\/experienciadevida.com.ar\/portalurbano\/#website","url":"https:\/\/experienciadevida.com.ar\/portalurbano\/","name":"","description":"","publisher":{"@id":"https:\/\/experienciadevida.com.ar\/portalurbano\/#organization"},"potentialAction":[{"@type":"SearchAction","target":{"@type":"EntryPoint","urlTemplate":"https:\/\/experienciadevida.com.ar\/portalurbano\/?s={search_term_string}"},"query-input":"required name=search_term_string"}],"inLanguage":"es"},{"@type":"Organization","@id":"https:\/\/experienciadevida.com.ar\/portalurbano\/#organization","name":"Portal Urbano","url":"https:\/\/experienciadevida.com.ar\/portalurbano\/","logo":{"@type":"ImageObject","inLanguage":"es","@id":"https:\/\/experienciadevida.com.ar\/portalurbano\/#\/schema\/logo\/image\/","url":"https:\/\/experienciadevida.com.ar\/portalurbano\/wp-content\/uploads\/2019\/09\/Logo-Original.png","contentUrl":"https:\/\/experienciadevida.com.ar\/portalurbano\/wp-content\/uploads\/2019\/09\/Logo-Original.png","width":2236,"height":1216,"caption":"Portal Urbano"},"image":{"@id":"https:\/\/experienciadevida.com.ar\/portalurbano\/#\/schema\/logo\/image\/"},"sameAs":["https:\/\/www.facebook.com\/Portal-Urbano-171542830093757\/","https:\/\/twitter.com\/portalurbanook","https:\/\/www.instagram.com\/_portalurbano\/","https:\/\/www.youtube.com\/channel\/UCXhagIfszH8KxFiOok79zbA?view_as=subscriber"]},{"@type":"Person","@id":"https:\/\/experienciadevida.com.ar\/portalurbano\/#\/schema\/person\/02dd326b1c4b056e9cc972486934a3a7","name":"admpu17wp","image":{"@type":"ImageObject","inLanguage":"es","@id":"https:\/\/experienciadevida.com.ar\/portalurbano\/#\/schema\/person\/image\/","url":"https:\/\/secure.gravatar.com\/avatar\/830d4c57adaae6630765e449a6908047?s=96&d=mm&r=g","contentUrl":"https:\/\/secure.gravatar.com\/avatar\/830d4c57adaae6630765e449a6908047?s=96&d=mm&r=g","caption":"admpu17wp"}}]}},"featured_image_urls":{"full":["https:\/\/experienciadevida.com.ar\/portalurbano\/wp-content\/uploads\/2022\/08\/Politicas-de-Genero-impulsa.jpeg",450,338,false],"thumbnail":["https:\/\/experienciadevida.com.ar\/portalurbano\/wp-content\/uploads\/2022\/08\/Politicas-de-Genero-impulsa-150x150.jpeg",150,150,true],"medium":["https:\/\/experienciadevida.com.ar\/portalurbano\/wp-content\/uploads\/2022\/08\/Politicas-de-Genero-impulsa-300x225.jpeg",300,225,true],"medium_large":["https:\/\/experienciadevida.com.ar\/portalurbano\/wp-content\/uploads\/2022\/08\/Politicas-de-Genero-impulsa.jpeg",450,338,false],"large":["https:\/\/experienciadevida.com.ar\/portalurbano\/wp-content\/uploads\/2022\/08\/Politicas-de-Genero-impulsa.jpeg",450,338,false],"ug_big":["https:\/\/experienciadevida.com.ar\/portalurbano\/wp-content\/uploads\/2022\/08\/Politicas-de-Genero-impulsa.jpeg",450,338,false],"1536x1536":["https:\/\/experienciadevida.com.ar\/portalurbano\/wp-content\/uploads\/2022\/08\/Politicas-de-Genero-impulsa.jpeg",450,338,false],"2048x2048":["https:\/\/experienciadevida.com.ar\/portalurbano\/wp-content\/uploads\/2022\/08\/Politicas-de-Genero-impulsa.jpeg",450,338,false],"newsever-slider-full":["https:\/\/experienciadevida.com.ar\/portalurbano\/wp-content\/uploads\/2022\/08\/Politicas-de-Genero-impulsa.jpeg",450,338,false],"newsever-featured":["https:\/\/experienciadevida.com.ar\/portalurbano\/wp-content\/uploads\/2022\/08\/Politicas-de-Genero-impulsa.jpeg",450,338,false],"newsever-medium":["https:\/\/experienciadevida.com.ar\/portalurbano\/wp-content\/uploads\/2022\/08\/Politicas-de-Genero-impulsa.jpeg",450,338,false],"web-stories-poster-portrait":["https:\/\/experienciadevida.com.ar\/portalurbano\/wp-content\/uploads\/2022\/08\/Politicas-de-Genero-impulsa.jpeg",450,338,false],"web-stories-publisher-logo":["https:\/\/experienciadevida.com.ar\/portalurbano\/wp-content\/uploads\/2022\/08\/Politicas-de-Genero-impulsa-96x96.jpeg",96,96,true],"web-stories-thumbnail":["https:\/\/experienciadevida.com.ar\/portalurbano\/wp-content\/uploads\/2022\/08\/Politicas-de-Genero-impulsa-150x113.jpeg",150,113,true]},"author_info":{"display_name":"admpu17wp","author_link":"https:\/\/experienciadevida.com.ar\/portalurbano\/author\/admpu17wp\/"},"category_info":"<a href=\"https:\/\/experienciadevida.com.ar\/portalurbano\/category\/ciudad\/\" rel=\"category tag\">Ciudad<\/a> <a href=\"https:\/\/experienciadevida.com.ar\/portalurbano\/category\/destacadas-2\/\" rel=\"category tag\">Destacadas 2<\/a>","tag_info":"Destacadas 2","comment_count":"0","amp_enabled":true,"_links":{"self":[{"href":"https:\/\/experienciadevida.com.ar\/portalurbano\/wp-json\/wp\/v2\/posts\/172450"}],"collection":[{"href":"https:\/\/experienciadevida.com.ar\/portalurbano\/wp-json\/wp\/v2\/posts"}],"about":[{"href":"https:\/\/experienciadevida.com.ar\/portalurbano\/wp-json\/wp\/v2\/types\/post"}],"author":[{"embeddable":true,"href":"https:\/\/experienciadevida.com.ar\/portalurbano\/wp-json\/wp\/v2\/users\/1"}],"replies":[{"embeddable":true,"href":"https:\/\/experienciadevida.com.ar\/portalurbano\/wp-json\/wp\/v2\/comments?post=172450"}],"version-history":[{"count":2,"href":"https:\/\/experienciadevida.com.ar\/portalurbano\/wp-json\/wp\/v2\/posts\/172450\/revisions"}],"predecessor-version":[{"id":172453,"href":"https:\/\/experienciadevida.com.ar\/portalurbano\/wp-json\/wp\/v2\/posts\/172450\/revisions\/172453"}],"wp:featuredmedia":[{"embeddable":true,"href":"https:\/\/experienciadevida.com.ar\/portalurbano\/wp-json\/wp\/v2\/media\/172451"}],"wp:attachment":[{"href":"https:\/\/experienciadevida.com.ar\/portalurbano\/wp-json\/wp\/v2\/media?parent=172450"}],"wp:term":[{"taxonomy":"category","embeddable":true,"href":"https:\/\/experienciadevida.com.ar\/portalurbano\/wp-json\/wp\/v2\/categories?post=172450"},{"taxonomy":"post_tag","embeddable":true,"href":"https:\/\/experienciadevida.com.ar\/portalurbano\/wp-json\/wp\/v2\/tags?post=172450"}],"curies":[{"name":"wp","href":"https:\/\/api.w.org\/{rel}","templated":true}]}}