{"id":172352,"date":"2022-07-29T12:44:29","date_gmt":"2022-07-29T15:44:29","guid":{"rendered":"https:\/\/experienciadevida.com.ar\/portalurbano\/?p=172352"},"modified":"2022-07-29T12:45:01","modified_gmt":"2022-07-29T15:45:01","slug":"el-intendente-ezequiel-galli-recorrio-el-inicio-de-obra-del-jardin-929","status":"publish","type":"post","link":"https:\/\/experienciadevida.com.ar\/portalurbano\/el-intendente-ezequiel-galli-recorrio-el-inicio-de-obra-del-jardin-929\/","title":{"rendered":"El Intendente Ezequiel Galli recorri\u00f3 el inicio de obra del Jard\u00edn 929"},"content":{"rendered":"<p>El <a href=\"https:\/\/www.instagram.com\/galliezequiel\/\">Intendente<\/a> Ezequiel Galli recorri\u00f3 el inicio de obra del Jard\u00edn 929, que se lleva a cabo sobre Vicente L\u00f3pez entre Hip\u00f3lito Yrigoyen y Roque S\u00e1enz Pe\u00f1a, en el barrio Roca Merlo. Lo hizo acompa\u00f1ado del secretario de Mantenimiento y Obras P\u00fablicas Julio Ferraro.<\/p>\n<p>\u201cMi prioridad es la educaci\u00f3n, invertir en infraestructura edilicia pone en valor la importante tarea transformadora que hacen los docentes d\u00eda a d\u00eda y el futuro de los alumnos\u201d, enfatiz\u00f3 el jefe comunal, cuando realiz\u00f3 el anuncio de la obra que demandar\u00e1 una inversi\u00f3n superior a los 50 millones de pesos.<\/p>\n<p>La licitaci\u00f3n se llev\u00f3 a cabo a inicios de mayo y participaron tres oferentes. De ese acto tambi\u00e9n tom\u00f3 parte la directora del establecimiento educativo, Magal\u00ed Correa, quien expres\u00f3 en ese entonces que \u201ces una emoci\u00f3n muy grande\u201d.<\/p>\n<p>El nuevo edificio tendr\u00e1 una superficie cubierta superior a los 600 m2, que se dividen de la siguiente forma: 192 m2 en planta baja, 218 m2 en primer piso y 118 m2 en la planta alta. Adem\u00e1s contar\u00e1 con una terraza de 100 m2.<\/p>\n<p>En planta baja se ubicar\u00e1 el hall de acceso, dos direcciones, sala de m\u00fasica con ba\u00f1o y dep\u00f3sito, cocina, ba\u00f1o para personas con movilidad reducida, ba\u00f1o de profesores, ascensor y sala de m\u00e1quinas.<\/p>\n<p>En el primer piso se distribuir\u00e1n cuatro aulas (con ba\u00f1os incluidos), preceptor\u00eda, sala para orientaci\u00f3n y sala de m\u00e1quinas. Mientras que en el segundo piso, habr\u00e1 un sal\u00f3n de usos m\u00faltiples con expansi\u00f3n a la terraza descubierta.<\/p>\n<p>El edificio cuenta con un espacio de circulaci\u00f3n compuesto por una escalera de hormig\u00f3n armado, de dos tramos y un ascensor hidr\u00e1ulico que recorre todos los pisos.<\/p>\n<p><a href=\"https:\/\/experienciadevida.com.ar\/portalurbano\/el-intendente-ezequiel-galli-recorrio-el-inicio-de-obra-del-jardin-929\/el-intendente-27\/\" rel=\"attachment wp-att-172354\"><img decoding=\"async\" class=\"alignnone size-large wp-image-172354\" src=\"https:\/\/experienciadevida.com.ar\/portalurbano\/wp-content\/uploads\/2022\/07\/El-Intendente-1-1024x684.jpg\" alt=\"El Intendente \" width=\"900\" height=\"601\" srcset=\"https:\/\/experienciadevida.com.ar\/portalurbano\/wp-content\/uploads\/2022\/07\/El-Intendente-1-1024x684.jpg 1024w, https:\/\/experienciadevida.com.ar\/portalurbano\/wp-content\/uploads\/2022\/07\/El-Intendente-1-300x201.jpg 300w, https:\/\/experienciadevida.com.ar\/portalurbano\/wp-content\/uploads\/2022\/07\/El-Intendente-1-768x513.jpg 768w, https:\/\/experienciadevida.com.ar\/portalurbano\/wp-content\/uploads\/2022\/07\/El-Intendente-1-1536x1027.jpg 1536w, https:\/\/experienciadevida.com.ar\/portalurbano\/wp-content\/uploads\/2022\/07\/El-Intendente-1-2048x1369.jpg 2048w, https:\/\/experienciadevida.com.ar\/portalurbano\/wp-content\/uploads\/2022\/07\/El-Intendente-1-150x100.jpg 150w\" sizes=\"(max-width: 900px) 100vw, 900px\" \/><\/a><\/p>\n","protected":false},"excerpt":{"rendered":"<p>El Intendente Ezequiel Galli recorri\u00f3 el inicio de obra del Jard\u00edn 929, que se lleva&#8230;<\/p>\n","protected":false},"author":1,"featured_media":172353,"comment_status":"closed","ping_status":"closed","sticky":false,"template":"","format":"standard","meta":{"content-type":""},"categories":[27],"tags":[],"nelio_content":{"isAutoShareEnabled":false,"autoShareEndMode":"default","automationSources":{"useContentSentences":true,"useSocialTemplates":true,"useCustomSentences":false,"customSentences":[]},"followers":[1],"suggestedReferences":[],"includedReferences":["https:\/\/www.instagram.com\/galliezequiel\/"],"efiUrl":"","efiAlt":"","highlights":[]},"yoast_head":"<!-- This site is optimized with the Yoast SEO plugin v20.7 - https:\/\/yoast.com\/wordpress\/plugins\/seo\/ -->\n<title>El Intendente Ezequiel Galli recorri\u00f3 el inicio de obra del Jard\u00edn 929<\/title>\n<meta name=\"description\" content=\"El Intendente Ezequiel Galli recorri\u00f3 el inicio de obra del Jard\u00edn 929, que se lleva a cabo sobre Vicente L\u00f3pez entre Hip\u00f3lito Yrigoyen\" \/>\n<meta name=\"robots\" content=\"index, follow, max-snippet:-1, max-image-preview:large, max-video-preview:-1\" \/>\n<link rel=\"canonical\" href=\"https:\/\/experienciadevida.com.ar\/portalurbano\/el-intendente-ezequiel-galli-recorrio-el-inicio-de-obra-del-jardin-929\/\" \/>\n<meta property=\"og:locale\" content=\"es_ES\" \/>\n<meta property=\"og:type\" content=\"article\" \/>\n<meta property=\"og:title\" content=\"El Intendente Ezequiel Galli recorri\u00f3 el inicio de obra del Jard\u00edn 929\" \/>\n<meta property=\"og:description\" content=\"El Intendente Ezequiel Galli recorri\u00f3 el inicio de obra del Jard\u00edn 929, que se lleva a cabo sobre Vicente L\u00f3pez entre Hip\u00f3lito Yrigoyen\" \/>\n<meta property=\"og:url\" content=\"https:\/\/experienciadevida.com.ar\/portalurbano\/el-intendente-ezequiel-galli-recorrio-el-inicio-de-obra-del-jardin-929\/\" \/>\n<meta property=\"article:publisher\" content=\"https:\/\/www.facebook.com\/Portal-Urbano-171542830093757\/\" \/>\n<meta property=\"article:published_time\" content=\"2022-07-29T15:44:29+00:00\" \/>\n<meta property=\"article:modified_time\" content=\"2022-07-29T15:45:01+00:00\" \/>\n<meta property=\"og:image\" content=\"https:\/\/experienciadevida.com.ar\/portalurbano\/wp-content\/uploads\/2022\/07\/El-Intendente-Ezequiel-Galli.jpg\" \/>\n\t<meta property=\"og:image:width\" content=\"2560\" \/>\n\t<meta property=\"og:image:height\" content=\"1711\" \/>\n\t<meta property=\"og:image:type\" content=\"image\/jpeg\" \/>\n<meta name=\"author\" content=\"admpu17wp\" \/>\n<meta name=\"twitter:card\" content=\"summary_large_image\" \/>\n<meta name=\"twitter:creator\" content=\"@portalurbanook\" \/>\n<meta name=\"twitter:site\" content=\"@portalurbanook\" \/>\n<meta name=\"twitter:label1\" content=\"Escrito por\" \/>\n\t<meta name=\"twitter:data1\" content=\"admpu17wp\" \/>\n\t<meta name=\"twitter:label2\" content=\"Tiempo de lectura\" \/>\n\t<meta name=\"twitter:data2\" content=\"2 minutos\" \/>\n<script type=\"application\/ld+json\" class=\"yoast-schema-graph\">{\"@context\":\"https:\/\/schema.org\",\"@graph\":[{\"@type\":\"Article\",\"@id\":\"https:\/\/experienciadevida.com.ar\/portalurbano\/el-intendente-ezequiel-galli-recorrio-el-inicio-de-obra-del-jardin-929\/#article\",\"isPartOf\":{\"@id\":\"https:\/\/experienciadevida.com.ar\/portalurbano\/el-intendente-ezequiel-galli-recorrio-el-inicio-de-obra-del-jardin-929\/\"},\"author\":{\"name\":\"admpu17wp\",\"@id\":\"https:\/\/experienciadevida.com.ar\/portalurbano\/#\/schema\/person\/02dd326b1c4b056e9cc972486934a3a7\"},\"headline\":\"El Intendente Ezequiel Galli recorri\u00f3 el inicio de obra del Jard\u00edn 929\",\"datePublished\":\"2022-07-29T15:44:29+00:00\",\"dateModified\":\"2022-07-29T15:45:01+00:00\",\"mainEntityOfPage\":{\"@id\":\"https:\/\/experienciadevida.com.ar\/portalurbano\/el-intendente-ezequiel-galli-recorrio-el-inicio-de-obra-del-jardin-929\/\"},\"wordCount\":311,\"publisher\":{\"@id\":\"https:\/\/experienciadevida.com.ar\/portalurbano\/#organization\"},\"articleSection\":[\"Ciudad\"],\"inLanguage\":\"es\"},{\"@type\":\"WebPage\",\"@id\":\"https:\/\/experienciadevida.com.ar\/portalurbano\/el-intendente-ezequiel-galli-recorrio-el-inicio-de-obra-del-jardin-929\/\",\"url\":\"https:\/\/experienciadevida.com.ar\/portalurbano\/el-intendente-ezequiel-galli-recorrio-el-inicio-de-obra-del-jardin-929\/\",\"name\":\"El Intendente Ezequiel Galli recorri\u00f3 el inicio de obra del Jard\u00edn 929\",\"isPartOf\":{\"@id\":\"https:\/\/experienciadevida.com.ar\/portalurbano\/#website\"},\"datePublished\":\"2022-07-29T15:44:29+00:00\",\"dateModified\":\"2022-07-29T15:45:01+00:00\",\"description\":\"El Intendente Ezequiel Galli recorri\u00f3 el inicio de obra del Jard\u00edn 929, que se lleva a cabo sobre Vicente L\u00f3pez entre Hip\u00f3lito Yrigoyen\",\"breadcrumb\":{\"@id\":\"https:\/\/experienciadevida.com.ar\/portalurbano\/el-intendente-ezequiel-galli-recorrio-el-inicio-de-obra-del-jardin-929\/#breadcrumb\"},\"inLanguage\":\"es\",\"potentialAction\":[{\"@type\":\"ReadAction\",\"target\":[\"https:\/\/experienciadevida.com.ar\/portalurbano\/el-intendente-ezequiel-galli-recorrio-el-inicio-de-obra-del-jardin-929\/\"]}]},{\"@type\":\"BreadcrumbList\",\"@id\":\"https:\/\/experienciadevida.com.ar\/portalurbano\/el-intendente-ezequiel-galli-recorrio-el-inicio-de-obra-del-jardin-929\/#breadcrumb\",\"itemListElement\":[{\"@type\":\"ListItem\",\"position\":1,\"name\":\"Portada\",\"item\":\"https:\/\/experienciadevida.com.ar\/portalurbano\/\"},{\"@type\":\"ListItem\",\"position\":2,\"name\":\"El Intendente Ezequiel Galli recorri\u00f3 el inicio de obra del Jard\u00edn 929\"}]},{\"@type\":\"WebSite\",\"@id\":\"https:\/\/experienciadevida.com.ar\/portalurbano\/#website\",\"url\":\"https:\/\/experienciadevida.com.ar\/portalurbano\/\",\"name\":\"\",\"description\":\"\",\"publisher\":{\"@id\":\"https:\/\/experienciadevida.com.ar\/portalurbano\/#organization\"},\"potentialAction\":[{\"@type\":\"SearchAction\",\"target\":{\"@type\":\"EntryPoint\",\"urlTemplate\":\"https:\/\/experienciadevida.com.ar\/portalurbano\/?s={search_term_string}\"},\"query-input\":\"required name=search_term_string\"}],\"inLanguage\":\"es\"},{\"@type\":\"Organization\",\"@id\":\"https:\/\/experienciadevida.com.ar\/portalurbano\/#organization\",\"name\":\"Portal Urbano\",\"url\":\"https:\/\/experienciadevida.com.ar\/portalurbano\/\",\"logo\":{\"@type\":\"ImageObject\",\"inLanguage\":\"es\",\"@id\":\"https:\/\/experienciadevida.com.ar\/portalurbano\/#\/schema\/logo\/image\/\",\"url\":\"https:\/\/experienciadevida.com.ar\/portalurbano\/wp-content\/uploads\/2019\/09\/Logo-Original.png\",\"contentUrl\":\"https:\/\/experienciadevida.com.ar\/portalurbano\/wp-content\/uploads\/2019\/09\/Logo-Original.png\",\"width\":2236,\"height\":1216,\"caption\":\"Portal Urbano\"},\"image\":{\"@id\":\"https:\/\/experienciadevida.com.ar\/portalurbano\/#\/schema\/logo\/image\/\"},\"sameAs\":[\"https:\/\/www.facebook.com\/Portal-Urbano-171542830093757\/\",\"https:\/\/twitter.com\/portalurbanook\",\"https:\/\/www.instagram.com\/_portalurbano\/\",\"https:\/\/www.youtube.com\/channel\/UCXhagIfszH8KxFiOok79zbA?view_as=subscriber\"]},{\"@type\":\"Person\",\"@id\":\"https:\/\/experienciadevida.com.ar\/portalurbano\/#\/schema\/person\/02dd326b1c4b056e9cc972486934a3a7\",\"name\":\"admpu17wp\",\"image\":{\"@type\":\"ImageObject\",\"inLanguage\":\"es\",\"@id\":\"https:\/\/experienciadevida.com.ar\/portalurbano\/#\/schema\/person\/image\/\",\"url\":\"https:\/\/secure.gravatar.com\/avatar\/830d4c57adaae6630765e449a6908047?s=96&d=mm&r=g\",\"contentUrl\":\"https:\/\/secure.gravatar.com\/avatar\/830d4c57adaae6630765e449a6908047?s=96&d=mm&r=g\",\"caption\":\"admpu17wp\"}}]}<\/script>\n<!-- \/ Yoast SEO plugin. -->","yoast_head_json":{"title":"El Intendente Ezequiel Galli recorri\u00f3 el inicio de obra del Jard\u00edn 929","description":"El Intendente Ezequiel Galli recorri\u00f3 el inicio de obra del Jard\u00edn 929, que se lleva a cabo sobre Vicente L\u00f3pez entre Hip\u00f3lito Yrigoyen","robots":{"index":"index","follow":"follow","max-snippet":"max-snippet:-1","max-image-preview":"max-image-preview:large","max-video-preview":"max-video-preview:-1"},"canonical":"https:\/\/experienciadevida.com.ar\/portalurbano\/el-intendente-ezequiel-galli-recorrio-el-inicio-de-obra-del-jardin-929\/","og_locale":"es_ES","og_type":"article","og_title":"El Intendente Ezequiel Galli recorri\u00f3 el inicio de obra del Jard\u00edn 929","og_description":"El Intendente Ezequiel Galli recorri\u00f3 el inicio de obra del Jard\u00edn 929, que se lleva a cabo sobre Vicente L\u00f3pez entre Hip\u00f3lito Yrigoyen","og_url":"https:\/\/experienciadevida.com.ar\/portalurbano\/el-intendente-ezequiel-galli-recorrio-el-inicio-de-obra-del-jardin-929\/","article_publisher":"https:\/\/www.facebook.com\/Portal-Urbano-171542830093757\/","article_published_time":"2022-07-29T15:44:29+00:00","article_modified_time":"2022-07-29T15:45:01+00:00","og_image":[{"width":2560,"height":1711,"url":"https:\/\/experienciadevida.com.ar\/portalurbano\/wp-content\/uploads\/2022\/07\/El-Intendente-Ezequiel-Galli.jpg","type":"image\/jpeg"}],"author":"admpu17wp","twitter_card":"summary_large_image","twitter_creator":"@portalurbanook","twitter_site":"@portalurbanook","twitter_misc":{"Escrito por":"admpu17wp","Tiempo de lectura":"2 minutos"},"schema":{"@context":"https:\/\/schema.org","@graph":[{"@type":"Article","@id":"https:\/\/experienciadevida.com.ar\/portalurbano\/el-intendente-ezequiel-galli-recorrio-el-inicio-de-obra-del-jardin-929\/#article","isPartOf":{"@id":"https:\/\/experienciadevida.com.ar\/portalurbano\/el-intendente-ezequiel-galli-recorrio-el-inicio-de-obra-del-jardin-929\/"},"author":{"name":"admpu17wp","@id":"https:\/\/experienciadevida.com.ar\/portalurbano\/#\/schema\/person\/02dd326b1c4b056e9cc972486934a3a7"},"headline":"El Intendente Ezequiel Galli recorri\u00f3 el inicio de obra del Jard\u00edn 929","datePublished":"2022-07-29T15:44:29+00:00","dateModified":"2022-07-29T15:45:01+00:00","mainEntityOfPage":{"@id":"https:\/\/experienciadevida.com.ar\/portalurbano\/el-intendente-ezequiel-galli-recorrio-el-inicio-de-obra-del-jardin-929\/"},"wordCount":311,"publisher":{"@id":"https:\/\/experienciadevida.com.ar\/portalurbano\/#organization"},"articleSection":["Ciudad"],"inLanguage":"es"},{"@type":"WebPage","@id":"https:\/\/experienciadevida.com.ar\/portalurbano\/el-intendente-ezequiel-galli-recorrio-el-inicio-de-obra-del-jardin-929\/","url":"https:\/\/experienciadevida.com.ar\/portalurbano\/el-intendente-ezequiel-galli-recorrio-el-inicio-de-obra-del-jardin-929\/","name":"El Intendente Ezequiel Galli recorri\u00f3 el inicio de obra del Jard\u00edn 929","isPartOf":{"@id":"https:\/\/experienciadevida.com.ar\/portalurbano\/#website"},"datePublished":"2022-07-29T15:44:29+00:00","dateModified":"2022-07-29T15:45:01+00:00","description":"El Intendente Ezequiel Galli recorri\u00f3 el inicio de obra del Jard\u00edn 929, que se lleva a cabo sobre Vicente L\u00f3pez entre Hip\u00f3lito Yrigoyen","breadcrumb":{"@id":"https:\/\/experienciadevida.com.ar\/portalurbano\/el-intendente-ezequiel-galli-recorrio-el-inicio-de-obra-del-jardin-929\/#breadcrumb"},"inLanguage":"es","potentialAction":[{"@type":"ReadAction","target":["https:\/\/experienciadevida.com.ar\/portalurbano\/el-intendente-ezequiel-galli-recorrio-el-inicio-de-obra-del-jardin-929\/"]}]},{"@type":"BreadcrumbList","@id":"https:\/\/experienciadevida.com.ar\/portalurbano\/el-intendente-ezequiel-galli-recorrio-el-inicio-de-obra-del-jardin-929\/#breadcrumb","itemListElement":[{"@type":"ListItem","position":1,"name":"Portada","item":"https:\/\/experienciadevida.com.ar\/portalurbano\/"},{"@type":"ListItem","position":2,"name":"El Intendente Ezequiel Galli recorri\u00f3 el inicio de obra del Jard\u00edn 929"}]},{"@type":"WebSite","@id":"https:\/\/experienciadevida.com.ar\/portalurbano\/#website","url":"https:\/\/experienciadevida.com.ar\/portalurbano\/","name":"","description":"","publisher":{"@id":"https:\/\/experienciadevida.com.ar\/portalurbano\/#organization"},"potentialAction":[{"@type":"SearchAction","target":{"@type":"EntryPoint","urlTemplate":"https:\/\/experienciadevida.com.ar\/portalurbano\/?s={search_term_string}"},"query-input":"required name=search_term_string"}],"inLanguage":"es"},{"@type":"Organization","@id":"https:\/\/experienciadevida.com.ar\/portalurbano\/#organization","name":"Portal Urbano","url":"https:\/\/experienciadevida.com.ar\/portalurbano\/","logo":{"@type":"ImageObject","inLanguage":"es","@id":"https:\/\/experienciadevida.com.ar\/portalurbano\/#\/schema\/logo\/image\/","url":"https:\/\/experienciadevida.com.ar\/portalurbano\/wp-content\/uploads\/2019\/09\/Logo-Original.png","contentUrl":"https:\/\/experienciadevida.com.ar\/portalurbano\/wp-content\/uploads\/2019\/09\/Logo-Original.png","width":2236,"height":1216,"caption":"Portal Urbano"},"image":{"@id":"https:\/\/experienciadevida.com.ar\/portalurbano\/#\/schema\/logo\/image\/"},"sameAs":["https:\/\/www.facebook.com\/Portal-Urbano-171542830093757\/","https:\/\/twitter.com\/portalurbanook","https:\/\/www.instagram.com\/_portalurbano\/","https:\/\/www.youtube.com\/channel\/UCXhagIfszH8KxFiOok79zbA?view_as=subscriber"]},{"@type":"Person","@id":"https:\/\/experienciadevida.com.ar\/portalurbano\/#\/schema\/person\/02dd326b1c4b056e9cc972486934a3a7","name":"admpu17wp","image":{"@type":"ImageObject","inLanguage":"es","@id":"https:\/\/experienciadevida.com.ar\/portalurbano\/#\/schema\/person\/image\/","url":"https:\/\/secure.gravatar.com\/avatar\/830d4c57adaae6630765e449a6908047?s=96&d=mm&r=g","contentUrl":"https:\/\/secure.gravatar.com\/avatar\/830d4c57adaae6630765e449a6908047?s=96&d=mm&r=g","caption":"admpu17wp"}}]}},"featured_image_urls":{"full":["https:\/\/experienciadevida.com.ar\/portalurbano\/wp-content\/uploads\/2022\/07\/El-Intendente-Ezequiel-Galli.jpg",2560,1711,false],"thumbnail":["https:\/\/experienciadevida.com.ar\/portalurbano\/wp-content\/uploads\/2022\/07\/El-Intendente-Ezequiel-Galli-150x150.jpg",150,150,true],"medium":["https:\/\/experienciadevida.com.ar\/portalurbano\/wp-content\/uploads\/2022\/07\/El-Intendente-Ezequiel-Galli-300x201.jpg",300,201,true],"medium_large":["https:\/\/experienciadevida.com.ar\/portalurbano\/wp-content\/uploads\/2022\/07\/El-Intendente-Ezequiel-Galli-768x513.jpg",640,428,true],"large":["https:\/\/experienciadevida.com.ar\/portalurbano\/wp-content\/uploads\/2022\/07\/El-Intendente-Ezequiel-Galli-1024x684.jpg",640,428,true],"ug_big":["https:\/\/experienciadevida.com.ar\/portalurbano\/wp-content\/uploads\/2022\/07\/El-Intendente-Ezequiel-Galli-768x513.jpg",768,513,true],"1536x1536":["https:\/\/experienciadevida.com.ar\/portalurbano\/wp-content\/uploads\/2022\/07\/El-Intendente-Ezequiel-Galli-1536x1027.jpg",1536,1027,true],"2048x2048":["https:\/\/experienciadevida.com.ar\/portalurbano\/wp-content\/uploads\/2022\/07\/El-Intendente-Ezequiel-Galli-2048x1369.jpg",2048,1369,true],"newsever-slider-full":["https:\/\/experienciadevida.com.ar\/portalurbano\/wp-content\/uploads\/2022\/07\/El-Intendente-Ezequiel-Galli.jpg",1264,845,false],"newsever-featured":["https:\/\/experienciadevida.com.ar\/portalurbano\/wp-content\/uploads\/2022\/07\/El-Intendente-Ezequiel-Galli.jpg",1024,684,false],"newsever-medium":["https:\/\/experienciadevida.com.ar\/portalurbano\/wp-content\/uploads\/2022\/07\/El-Intendente-Ezequiel-Galli.jpg",711,475,false],"web-stories-poster-portrait":["https:\/\/experienciadevida.com.ar\/portalurbano\/wp-content\/uploads\/2022\/07\/El-Intendente-Ezequiel-Galli-640x853.jpg",640,853,true],"web-stories-publisher-logo":["https:\/\/experienciadevida.com.ar\/portalurbano\/wp-content\/uploads\/2022\/07\/El-Intendente-Ezequiel-Galli-96x96.jpg",96,96,true],"web-stories-thumbnail":["https:\/\/experienciadevida.com.ar\/portalurbano\/wp-content\/uploads\/2022\/07\/El-Intendente-Ezequiel-Galli-150x100.jpg",150,100,true]},"author_info":{"display_name":"admpu17wp","author_link":"https:\/\/experienciadevida.com.ar\/portalurbano\/author\/admpu17wp\/"},"category_info":"<a href=\"https:\/\/experienciadevida.com.ar\/portalurbano\/category\/ciudad\/\" rel=\"category tag\">Ciudad<\/a>","tag_info":"Ciudad","comment_count":"0","amp_enabled":true,"_links":{"self":[{"href":"https:\/\/experienciadevida.com.ar\/portalurbano\/wp-json\/wp\/v2\/posts\/172352"}],"collection":[{"href":"https:\/\/experienciadevida.com.ar\/portalurbano\/wp-json\/wp\/v2\/posts"}],"about":[{"href":"https:\/\/experienciadevida.com.ar\/portalurbano\/wp-json\/wp\/v2\/types\/post"}],"author":[{"embeddable":true,"href":"https:\/\/experienciadevida.com.ar\/portalurbano\/wp-json\/wp\/v2\/users\/1"}],"replies":[{"embeddable":true,"href":"https:\/\/experienciadevida.com.ar\/portalurbano\/wp-json\/wp\/v2\/comments?post=172352"}],"version-history":[{"count":3,"href":"https:\/\/experienciadevida.com.ar\/portalurbano\/wp-json\/wp\/v2\/posts\/172352\/revisions"}],"predecessor-version":[{"id":172357,"href":"https:\/\/experienciadevida.com.ar\/portalurbano\/wp-json\/wp\/v2\/posts\/172352\/revisions\/172357"}],"wp:featuredmedia":[{"embeddable":true,"href":"https:\/\/experienciadevida.com.ar\/portalurbano\/wp-json\/wp\/v2\/media\/172353"}],"wp:attachment":[{"href":"https:\/\/experienciadevida.com.ar\/portalurbano\/wp-json\/wp\/v2\/media?parent=172352"}],"wp:term":[{"taxonomy":"category","embeddable":true,"href":"https:\/\/experienciadevida.com.ar\/portalurbano\/wp-json\/wp\/v2\/categories?post=172352"},{"taxonomy":"post_tag","embeddable":true,"href":"https:\/\/experienciadevida.com.ar\/portalurbano\/wp-json\/wp\/v2\/tags?post=172352"}],"curies":[{"name":"wp","href":"https:\/\/api.w.org\/{rel}","templated":true}]}}