{"id":172340,"date":"2022-07-29T12:34:57","date_gmt":"2022-07-29T15:34:57","guid":{"rendered":"https:\/\/experienciadevida.com.ar\/portalurbano\/?p=172340"},"modified":"2022-07-29T12:37:17","modified_gmt":"2022-07-29T15:37:17","slug":"martin-tetaz-tambien-se-suma-a-la-cena-de-la-ucr","status":"publish","type":"post","link":"https:\/\/experienciadevida.com.ar\/portalurbano\/martin-tetaz-tambien-se-suma-a-la-cena-de-la-ucr\/","title":{"rendered":"Mart\u00edn Tetaz tambi\u00e9n se suma a la cena de la UCR"},"content":{"rendered":"<p><a href=\"https:\/\/www.instagram.com\/martintetazok\/\">Mart\u00edn Tetaz<\/a> tambi\u00e9n se suma a la cena de la UCR, el reconocido economista y Diputado Nacional confirm\u00f3 su presencia en la \u201cCena por la Reconstrucci\u00f3n\u201d del 13 de agosto en Pueblo Nuevo, organizada por la conducci\u00f3n de la Uni\u00f3n C\u00edvica Radical de Olavarr\u00eda. Adem\u00e1s de recaudar fondos para la recuperaci\u00f3n del Comit\u00e9, el encuentro est\u00e1 sumando una gran cantidad de adhesiones de peso.<\/p>\n<p><a href=\"https:\/\/experienciadevida.com.ar\/portalurbano\/martin-tetaz-tambien-se-suma-a-la-cena-de-la-ucr\/martin-3\/\" rel=\"attachment wp-att-172344\"><img decoding=\"async\" class=\"alignnone size-large wp-image-172344\" src=\"https:\/\/experienciadevida.com.ar\/portalurbano\/wp-content\/uploads\/2022\/07\/Martin-1024x575.jpg\" alt=\"Mart\u00edn \" width=\"900\" height=\"505\" srcset=\"https:\/\/experienciadevida.com.ar\/portalurbano\/wp-content\/uploads\/2022\/07\/Martin-1024x575.jpg 1024w, https:\/\/experienciadevida.com.ar\/portalurbano\/wp-content\/uploads\/2022\/07\/Martin-300x168.jpg 300w, https:\/\/experienciadevida.com.ar\/portalurbano\/wp-content\/uploads\/2022\/07\/Martin-768x431.jpg 768w, https:\/\/experienciadevida.com.ar\/portalurbano\/wp-content\/uploads\/2022\/07\/Martin-1536x862.jpg 1536w, https:\/\/experienciadevida.com.ar\/portalurbano\/wp-content\/uploads\/2022\/07\/Martin-2048x1150.jpg 2048w, https:\/\/experienciadevida.com.ar\/portalurbano\/wp-content\/uploads\/2022\/07\/Martin-150x84.jpg 150w\" sizes=\"(max-width: 900px) 100vw, 900px\" \/><\/a><\/p>\n<p>Cada vez est\u00e1 m\u00e1s cerca la gran cena del radicalismo local, y con el correr de los d\u00edas son m\u00e1s las figuras pol\u00edticas nacionales que se suman al encuentro. Hace pocos d\u00edas lo hizo el Gobernador de la provincia de Jujuy y actual titular de la UCR, Gerardo Morales, a quien se sumaron el Diputado Provincial Pablo Domenichini, la Diputada Nacional Danya Tavela y el Senador por la s\u00e9ptima secci\u00f3n Alejandro Cellillo.<\/p>\n<p>En esta ocasi\u00f3n es Mart\u00edn Tetaz, una figura con activa participaci\u00f3n medi\u00e1tica y fuente de consulta permanente en todo lo referido a econom\u00eda pol\u00edtica, qui\u00e9n confirma su presencia e invita a la comunidad a ser parte. Hace pocos meses Tetaz estuvo en Olavarr\u00eda, lo cual remarca el fuerte apoyo a la labor que viene desarrollando el radicalismo de nuestra ciudad y el peso pol\u00edtico que tendr\u00e1 la velada del 13 agosto.<\/p>\n<p>Seg\u00fan confiaron desde la organizaci\u00f3n, quedan pocas tarjetas a la venta, las cuales tienen un valor de $3000 y pueden ser encargadas a los tel\u00e9fonos 2284 590563 &#8211; 2284 516770 &#8211; 2284 603406. El men\u00fa estar\u00e1 compuesto por:<br \/>\nentrada, plato principal, postre, mesa de dulces, bebidas varias; y contar\u00e1 con el show de DIAMANTE ROJO.<\/p>\n","protected":false},"excerpt":{"rendered":"<p>Mart\u00edn Tetaz tambi\u00e9n se suma a la cena de la UCR, el reconocido economista y&#8230;<\/p>\n","protected":false},"author":1,"featured_media":172341,"comment_status":"closed","ping_status":"closed","sticky":false,"template":"","format":"standard","meta":{"content-type":""},"categories":[27,64],"tags":[],"nelio_content":{"isAutoShareEnabled":false,"autoShareEndMode":"default","automationSources":{"useContentSentences":true,"useSocialTemplates":true,"useCustomSentences":false,"customSentences":[]},"followers":[1],"suggestedReferences":[],"includedReferences":[],"efiUrl":"","efiAlt":"","highlights":[]},"yoast_head":"<!-- This site is optimized with the Yoast SEO plugin v20.7 - https:\/\/yoast.com\/wordpress\/plugins\/seo\/ -->\n<title>Mart\u00edn Tetaz tambi\u00e9n se suma a la cena de la UCR<\/title>\n<meta name=\"description\" content=\"Mart\u00edn Tetaz tambi\u00e9n se suma a la cena de la UCR, el reconocido economista y Diputado Nacional confirm\u00f3 su presencia en la cena\" \/>\n<meta name=\"robots\" content=\"index, follow, max-snippet:-1, max-image-preview:large, max-video-preview:-1\" \/>\n<link rel=\"canonical\" href=\"https:\/\/experienciadevida.com.ar\/portalurbano\/martin-tetaz-tambien-se-suma-a-la-cena-de-la-ucr\/\" \/>\n<meta property=\"og:locale\" content=\"es_ES\" \/>\n<meta property=\"og:type\" content=\"article\" \/>\n<meta property=\"og:title\" content=\"Mart\u00edn Tetaz tambi\u00e9n se suma a la cena de la UCR\" \/>\n<meta property=\"og:description\" content=\"Mart\u00edn Tetaz tambi\u00e9n se suma a la cena de la UCR, el reconocido economista y Diputado Nacional confirm\u00f3 su presencia en la cena\" \/>\n<meta property=\"og:url\" content=\"https:\/\/experienciadevida.com.ar\/portalurbano\/martin-tetaz-tambien-se-suma-a-la-cena-de-la-ucr\/\" \/>\n<meta property=\"article:publisher\" content=\"https:\/\/www.facebook.com\/Portal-Urbano-171542830093757\/\" \/>\n<meta property=\"article:published_time\" content=\"2022-07-29T15:34:57+00:00\" \/>\n<meta property=\"article:modified_time\" content=\"2022-07-29T15:37:17+00:00\" \/>\n<meta property=\"og:image\" content=\"https:\/\/experienciadevida.com.ar\/portalurbano\/wp-content\/uploads\/2022\/07\/Martin-Tetaz-tambien-se-scaled.jpg\" \/>\n\t<meta property=\"og:image:width\" content=\"2560\" \/>\n\t<meta property=\"og:image:height\" content=\"1437\" \/>\n\t<meta property=\"og:image:type\" content=\"image\/jpeg\" \/>\n<meta name=\"author\" content=\"admpu17wp\" \/>\n<meta name=\"twitter:card\" content=\"summary_large_image\" \/>\n<meta name=\"twitter:creator\" content=\"@portalurbanook\" \/>\n<meta name=\"twitter:site\" content=\"@portalurbanook\" \/>\n<meta name=\"twitter:label1\" content=\"Escrito por\" \/>\n\t<meta name=\"twitter:data1\" content=\"admpu17wp\" \/>\n\t<meta name=\"twitter:label2\" content=\"Tiempo de lectura\" \/>\n\t<meta name=\"twitter:data2\" content=\"2 minutos\" \/>\n<script type=\"application\/ld+json\" class=\"yoast-schema-graph\">{\"@context\":\"https:\/\/schema.org\",\"@graph\":[{\"@type\":\"Article\",\"@id\":\"https:\/\/experienciadevida.com.ar\/portalurbano\/martin-tetaz-tambien-se-suma-a-la-cena-de-la-ucr\/#article\",\"isPartOf\":{\"@id\":\"https:\/\/experienciadevida.com.ar\/portalurbano\/martin-tetaz-tambien-se-suma-a-la-cena-de-la-ucr\/\"},\"author\":{\"name\":\"admpu17wp\",\"@id\":\"https:\/\/experienciadevida.com.ar\/portalurbano\/#\/schema\/person\/02dd326b1c4b056e9cc972486934a3a7\"},\"headline\":\"Mart\u00edn Tetaz tambi\u00e9n se suma a la cena de la UCR\",\"datePublished\":\"2022-07-29T15:34:57+00:00\",\"dateModified\":\"2022-07-29T15:37:17+00:00\",\"mainEntityOfPage\":{\"@id\":\"https:\/\/experienciadevida.com.ar\/portalurbano\/martin-tetaz-tambien-se-suma-a-la-cena-de-la-ucr\/\"},\"wordCount\":294,\"publisher\":{\"@id\":\"https:\/\/experienciadevida.com.ar\/portalurbano\/#organization\"},\"articleSection\":[\"Ciudad\",\"Destacadas 2\"],\"inLanguage\":\"es\"},{\"@type\":\"WebPage\",\"@id\":\"https:\/\/experienciadevida.com.ar\/portalurbano\/martin-tetaz-tambien-se-suma-a-la-cena-de-la-ucr\/\",\"url\":\"https:\/\/experienciadevida.com.ar\/portalurbano\/martin-tetaz-tambien-se-suma-a-la-cena-de-la-ucr\/\",\"name\":\"Mart\u00edn Tetaz tambi\u00e9n se suma a la cena de la UCR\",\"isPartOf\":{\"@id\":\"https:\/\/experienciadevida.com.ar\/portalurbano\/#website\"},\"datePublished\":\"2022-07-29T15:34:57+00:00\",\"dateModified\":\"2022-07-29T15:37:17+00:00\",\"description\":\"Mart\u00edn Tetaz tambi\u00e9n se suma a la cena de la UCR, el reconocido economista y Diputado Nacional confirm\u00f3 su presencia en la cena\",\"breadcrumb\":{\"@id\":\"https:\/\/experienciadevida.com.ar\/portalurbano\/martin-tetaz-tambien-se-suma-a-la-cena-de-la-ucr\/#breadcrumb\"},\"inLanguage\":\"es\",\"potentialAction\":[{\"@type\":\"ReadAction\",\"target\":[\"https:\/\/experienciadevida.com.ar\/portalurbano\/martin-tetaz-tambien-se-suma-a-la-cena-de-la-ucr\/\"]}]},{\"@type\":\"BreadcrumbList\",\"@id\":\"https:\/\/experienciadevida.com.ar\/portalurbano\/martin-tetaz-tambien-se-suma-a-la-cena-de-la-ucr\/#breadcrumb\",\"itemListElement\":[{\"@type\":\"ListItem\",\"position\":1,\"name\":\"Portada\",\"item\":\"https:\/\/experienciadevida.com.ar\/portalurbano\/\"},{\"@type\":\"ListItem\",\"position\":2,\"name\":\"Mart\u00edn Tetaz tambi\u00e9n se suma a la cena de la UCR\"}]},{\"@type\":\"WebSite\",\"@id\":\"https:\/\/experienciadevida.com.ar\/portalurbano\/#website\",\"url\":\"https:\/\/experienciadevida.com.ar\/portalurbano\/\",\"name\":\"\",\"description\":\"\",\"publisher\":{\"@id\":\"https:\/\/experienciadevida.com.ar\/portalurbano\/#organization\"},\"potentialAction\":[{\"@type\":\"SearchAction\",\"target\":{\"@type\":\"EntryPoint\",\"urlTemplate\":\"https:\/\/experienciadevida.com.ar\/portalurbano\/?s={search_term_string}\"},\"query-input\":\"required name=search_term_string\"}],\"inLanguage\":\"es\"},{\"@type\":\"Organization\",\"@id\":\"https:\/\/experienciadevida.com.ar\/portalurbano\/#organization\",\"name\":\"Portal Urbano\",\"url\":\"https:\/\/experienciadevida.com.ar\/portalurbano\/\",\"logo\":{\"@type\":\"ImageObject\",\"inLanguage\":\"es\",\"@id\":\"https:\/\/experienciadevida.com.ar\/portalurbano\/#\/schema\/logo\/image\/\",\"url\":\"https:\/\/experienciadevida.com.ar\/portalurbano\/wp-content\/uploads\/2019\/09\/Logo-Original.png\",\"contentUrl\":\"https:\/\/experienciadevida.com.ar\/portalurbano\/wp-content\/uploads\/2019\/09\/Logo-Original.png\",\"width\":2236,\"height\":1216,\"caption\":\"Portal Urbano\"},\"image\":{\"@id\":\"https:\/\/experienciadevida.com.ar\/portalurbano\/#\/schema\/logo\/image\/\"},\"sameAs\":[\"https:\/\/www.facebook.com\/Portal-Urbano-171542830093757\/\",\"https:\/\/twitter.com\/portalurbanook\",\"https:\/\/www.instagram.com\/_portalurbano\/\",\"https:\/\/www.youtube.com\/channel\/UCXhagIfszH8KxFiOok79zbA?view_as=subscriber\"]},{\"@type\":\"Person\",\"@id\":\"https:\/\/experienciadevida.com.ar\/portalurbano\/#\/schema\/person\/02dd326b1c4b056e9cc972486934a3a7\",\"name\":\"admpu17wp\",\"image\":{\"@type\":\"ImageObject\",\"inLanguage\":\"es\",\"@id\":\"https:\/\/experienciadevida.com.ar\/portalurbano\/#\/schema\/person\/image\/\",\"url\":\"https:\/\/secure.gravatar.com\/avatar\/830d4c57adaae6630765e449a6908047?s=96&d=mm&r=g\",\"contentUrl\":\"https:\/\/secure.gravatar.com\/avatar\/830d4c57adaae6630765e449a6908047?s=96&d=mm&r=g\",\"caption\":\"admpu17wp\"}}]}<\/script>\n<!-- \/ Yoast SEO plugin. -->","yoast_head_json":{"title":"Mart\u00edn Tetaz tambi\u00e9n se suma a la cena de la UCR","description":"Mart\u00edn Tetaz tambi\u00e9n se suma a la cena de la UCR, el reconocido economista y Diputado Nacional confirm\u00f3 su presencia en la cena","robots":{"index":"index","follow":"follow","max-snippet":"max-snippet:-1","max-image-preview":"max-image-preview:large","max-video-preview":"max-video-preview:-1"},"canonical":"https:\/\/experienciadevida.com.ar\/portalurbano\/martin-tetaz-tambien-se-suma-a-la-cena-de-la-ucr\/","og_locale":"es_ES","og_type":"article","og_title":"Mart\u00edn Tetaz tambi\u00e9n se suma a la cena de la UCR","og_description":"Mart\u00edn Tetaz tambi\u00e9n se suma a la cena de la UCR, el reconocido economista y Diputado Nacional confirm\u00f3 su presencia en la cena","og_url":"https:\/\/experienciadevida.com.ar\/portalurbano\/martin-tetaz-tambien-se-suma-a-la-cena-de-la-ucr\/","article_publisher":"https:\/\/www.facebook.com\/Portal-Urbano-171542830093757\/","article_published_time":"2022-07-29T15:34:57+00:00","article_modified_time":"2022-07-29T15:37:17+00:00","og_image":[{"width":2560,"height":1437,"url":"https:\/\/experienciadevida.com.ar\/portalurbano\/wp-content\/uploads\/2022\/07\/Martin-Tetaz-tambien-se-scaled.jpg","type":"image\/jpeg"}],"author":"admpu17wp","twitter_card":"summary_large_image","twitter_creator":"@portalurbanook","twitter_site":"@portalurbanook","twitter_misc":{"Escrito por":"admpu17wp","Tiempo de lectura":"2 minutos"},"schema":{"@context":"https:\/\/schema.org","@graph":[{"@type":"Article","@id":"https:\/\/experienciadevida.com.ar\/portalurbano\/martin-tetaz-tambien-se-suma-a-la-cena-de-la-ucr\/#article","isPartOf":{"@id":"https:\/\/experienciadevida.com.ar\/portalurbano\/martin-tetaz-tambien-se-suma-a-la-cena-de-la-ucr\/"},"author":{"name":"admpu17wp","@id":"https:\/\/experienciadevida.com.ar\/portalurbano\/#\/schema\/person\/02dd326b1c4b056e9cc972486934a3a7"},"headline":"Mart\u00edn Tetaz tambi\u00e9n se suma a la cena de la UCR","datePublished":"2022-07-29T15:34:57+00:00","dateModified":"2022-07-29T15:37:17+00:00","mainEntityOfPage":{"@id":"https:\/\/experienciadevida.com.ar\/portalurbano\/martin-tetaz-tambien-se-suma-a-la-cena-de-la-ucr\/"},"wordCount":294,"publisher":{"@id":"https:\/\/experienciadevida.com.ar\/portalurbano\/#organization"},"articleSection":["Ciudad","Destacadas 2"],"inLanguage":"es"},{"@type":"WebPage","@id":"https:\/\/experienciadevida.com.ar\/portalurbano\/martin-tetaz-tambien-se-suma-a-la-cena-de-la-ucr\/","url":"https:\/\/experienciadevida.com.ar\/portalurbano\/martin-tetaz-tambien-se-suma-a-la-cena-de-la-ucr\/","name":"Mart\u00edn Tetaz tambi\u00e9n se suma a la cena de la UCR","isPartOf":{"@id":"https:\/\/experienciadevida.com.ar\/portalurbano\/#website"},"datePublished":"2022-07-29T15:34:57+00:00","dateModified":"2022-07-29T15:37:17+00:00","description":"Mart\u00edn Tetaz tambi\u00e9n se suma a la cena de la UCR, el reconocido economista y Diputado Nacional confirm\u00f3 su presencia en la cena","breadcrumb":{"@id":"https:\/\/experienciadevida.com.ar\/portalurbano\/martin-tetaz-tambien-se-suma-a-la-cena-de-la-ucr\/#breadcrumb"},"inLanguage":"es","potentialAction":[{"@type":"ReadAction","target":["https:\/\/experienciadevida.com.ar\/portalurbano\/martin-tetaz-tambien-se-suma-a-la-cena-de-la-ucr\/"]}]},{"@type":"BreadcrumbList","@id":"https:\/\/experienciadevida.com.ar\/portalurbano\/martin-tetaz-tambien-se-suma-a-la-cena-de-la-ucr\/#breadcrumb","itemListElement":[{"@type":"ListItem","position":1,"name":"Portada","item":"https:\/\/experienciadevida.com.ar\/portalurbano\/"},{"@type":"ListItem","position":2,"name":"Mart\u00edn Tetaz tambi\u00e9n se suma a la cena de la UCR"}]},{"@type":"WebSite","@id":"https:\/\/experienciadevida.com.ar\/portalurbano\/#website","url":"https:\/\/experienciadevida.com.ar\/portalurbano\/","name":"","description":"","publisher":{"@id":"https:\/\/experienciadevida.com.ar\/portalurbano\/#organization"},"potentialAction":[{"@type":"SearchAction","target":{"@type":"EntryPoint","urlTemplate":"https:\/\/experienciadevida.com.ar\/portalurbano\/?s={search_term_string}"},"query-input":"required name=search_term_string"}],"inLanguage":"es"},{"@type":"Organization","@id":"https:\/\/experienciadevida.com.ar\/portalurbano\/#organization","name":"Portal Urbano","url":"https:\/\/experienciadevida.com.ar\/portalurbano\/","logo":{"@type":"ImageObject","inLanguage":"es","@id":"https:\/\/experienciadevida.com.ar\/portalurbano\/#\/schema\/logo\/image\/","url":"https:\/\/experienciadevida.com.ar\/portalurbano\/wp-content\/uploads\/2019\/09\/Logo-Original.png","contentUrl":"https:\/\/experienciadevida.com.ar\/portalurbano\/wp-content\/uploads\/2019\/09\/Logo-Original.png","width":2236,"height":1216,"caption":"Portal Urbano"},"image":{"@id":"https:\/\/experienciadevida.com.ar\/portalurbano\/#\/schema\/logo\/image\/"},"sameAs":["https:\/\/www.facebook.com\/Portal-Urbano-171542830093757\/","https:\/\/twitter.com\/portalurbanook","https:\/\/www.instagram.com\/_portalurbano\/","https:\/\/www.youtube.com\/channel\/UCXhagIfszH8KxFiOok79zbA?view_as=subscriber"]},{"@type":"Person","@id":"https:\/\/experienciadevida.com.ar\/portalurbano\/#\/schema\/person\/02dd326b1c4b056e9cc972486934a3a7","name":"admpu17wp","image":{"@type":"ImageObject","inLanguage":"es","@id":"https:\/\/experienciadevida.com.ar\/portalurbano\/#\/schema\/person\/image\/","url":"https:\/\/secure.gravatar.com\/avatar\/830d4c57adaae6630765e449a6908047?s=96&d=mm&r=g","contentUrl":"https:\/\/secure.gravatar.com\/avatar\/830d4c57adaae6630765e449a6908047?s=96&d=mm&r=g","caption":"admpu17wp"}}]}},"featured_image_urls":{"full":["https:\/\/experienciadevida.com.ar\/portalurbano\/wp-content\/uploads\/2022\/07\/Martin-Tetaz-tambien-se-scaled.jpg",2560,1437,false],"thumbnail":["https:\/\/experienciadevida.com.ar\/portalurbano\/wp-content\/uploads\/2022\/07\/Martin-Tetaz-tambien-se-150x150.jpg",150,150,true],"medium":["https:\/\/experienciadevida.com.ar\/portalurbano\/wp-content\/uploads\/2022\/07\/Martin-Tetaz-tambien-se-300x168.jpg",300,168,true],"medium_large":["https:\/\/experienciadevida.com.ar\/portalurbano\/wp-content\/uploads\/2022\/07\/Martin-Tetaz-tambien-se-768x431.jpg",640,359,true],"large":["https:\/\/experienciadevida.com.ar\/portalurbano\/wp-content\/uploads\/2022\/07\/Martin-Tetaz-tambien-se-1024x575.jpg",640,359,true],"ug_big":["https:\/\/experienciadevida.com.ar\/portalurbano\/wp-content\/uploads\/2022\/07\/Martin-Tetaz-tambien-se-768x431.jpg",768,431,true],"1536x1536":["https:\/\/experienciadevida.com.ar\/portalurbano\/wp-content\/uploads\/2022\/07\/Martin-Tetaz-tambien-se-1536x862.jpg",1536,862,true],"2048x2048":["https:\/\/experienciadevida.com.ar\/portalurbano\/wp-content\/uploads\/2022\/07\/Martin-Tetaz-tambien-se-2048x1150.jpg",2048,1150,true],"newsever-slider-full":["https:\/\/experienciadevida.com.ar\/portalurbano\/wp-content\/uploads\/2022\/07\/Martin-Tetaz-tambien-se-scaled.jpg",1280,719,false],"newsever-featured":["https:\/\/experienciadevida.com.ar\/portalurbano\/wp-content\/uploads\/2022\/07\/Martin-Tetaz-tambien-se-scaled.jpg",1024,575,false],"newsever-medium":["https:\/\/experienciadevida.com.ar\/portalurbano\/wp-content\/uploads\/2022\/07\/Martin-Tetaz-tambien-se-scaled.jpg",720,404,false],"web-stories-poster-portrait":["https:\/\/experienciadevida.com.ar\/portalurbano\/wp-content\/uploads\/2022\/07\/Martin-Tetaz-tambien-se-640x853.jpg",640,853,true],"web-stories-publisher-logo":["https:\/\/experienciadevida.com.ar\/portalurbano\/wp-content\/uploads\/2022\/07\/Martin-Tetaz-tambien-se-96x96.jpg",96,96,true],"web-stories-thumbnail":["https:\/\/experienciadevida.com.ar\/portalurbano\/wp-content\/uploads\/2022\/07\/Martin-Tetaz-tambien-se-150x84.jpg",150,84,true]},"author_info":{"display_name":"admpu17wp","author_link":"https:\/\/experienciadevida.com.ar\/portalurbano\/author\/admpu17wp\/"},"category_info":"<a href=\"https:\/\/experienciadevida.com.ar\/portalurbano\/category\/ciudad\/\" rel=\"category tag\">Ciudad<\/a> <a href=\"https:\/\/experienciadevida.com.ar\/portalurbano\/category\/destacadas-2\/\" rel=\"category tag\">Destacadas 2<\/a>","tag_info":"Destacadas 2","comment_count":"0","amp_enabled":true,"_links":{"self":[{"href":"https:\/\/experienciadevida.com.ar\/portalurbano\/wp-json\/wp\/v2\/posts\/172340"}],"collection":[{"href":"https:\/\/experienciadevida.com.ar\/portalurbano\/wp-json\/wp\/v2\/posts"}],"about":[{"href":"https:\/\/experienciadevida.com.ar\/portalurbano\/wp-json\/wp\/v2\/types\/post"}],"author":[{"embeddable":true,"href":"https:\/\/experienciadevida.com.ar\/portalurbano\/wp-json\/wp\/v2\/users\/1"}],"replies":[{"embeddable":true,"href":"https:\/\/experienciadevida.com.ar\/portalurbano\/wp-json\/wp\/v2\/comments?post=172340"}],"version-history":[{"count":3,"href":"https:\/\/experienciadevida.com.ar\/portalurbano\/wp-json\/wp\/v2\/posts\/172340\/revisions"}],"predecessor-version":[{"id":172345,"href":"https:\/\/experienciadevida.com.ar\/portalurbano\/wp-json\/wp\/v2\/posts\/172340\/revisions\/172345"}],"wp:featuredmedia":[{"embeddable":true,"href":"https:\/\/experienciadevida.com.ar\/portalurbano\/wp-json\/wp\/v2\/media\/172341"}],"wp:attachment":[{"href":"https:\/\/experienciadevida.com.ar\/portalurbano\/wp-json\/wp\/v2\/media?parent=172340"}],"wp:term":[{"taxonomy":"category","embeddable":true,"href":"https:\/\/experienciadevida.com.ar\/portalurbano\/wp-json\/wp\/v2\/categories?post=172340"},{"taxonomy":"post_tag","embeddable":true,"href":"https:\/\/experienciadevida.com.ar\/portalurbano\/wp-json\/wp\/v2\/tags?post=172340"}],"curies":[{"name":"wp","href":"https:\/\/api.w.org\/{rel}","templated":true}]}}