{"id":172302,"date":"2022-07-28T18:52:33","date_gmt":"2022-07-28T21:52:33","guid":{"rendered":"https:\/\/experienciadevida.com.ar\/portalurbano\/?p=172302"},"modified":"2022-07-28T18:57:15","modified_gmt":"2022-07-28T21:57:15","slug":"la-provincia-financia-mejoras-de-instalaciones-electricas-para-beneficiar-a-mas-de-40-familias-del-barrio-matadero","status":"publish","type":"post","link":"https:\/\/experienciadevida.com.ar\/portalurbano\/la-provincia-financia-mejoras-de-instalaciones-electricas-para-beneficiar-a-mas-de-40-familias-del-barrio-matadero\/","title":{"rendered":"La Provincia financia mejoras de instalaciones el\u00e9ctricas para beneficiar a m\u00e1s de 40 familias del barrio Matadero"},"content":{"rendered":"<p>La Provincia financia mejoras de instalaciones el\u00e9ctricas para beneficiar a m\u00e1s de 40 familias del barrio Matadero, en la jornada de este jueves se llev\u00f3 a cabo la firma del Acta de Inicio de obra entre el Organismo Provincial de Integraci\u00f3n Social y Urbana (OPISU) y la Asociaci\u00f3n Mutual Carlos Alberto Moreno (Suteba-CTA), quien est\u00e1 a cargo de ejecutar la obra en el Barrio Matadero. La iniciativa consiste en la renovaci\u00f3n de las instalaciones el\u00e9ctricas de los hogares de barrios populares.<\/p>\n<p><a href=\"https:\/\/experienciadevida.com.ar\/portalurbano\/la-provincia-financia-mejoras-de-instalaciones-electricas-para-beneficiar-a-mas-de-40-familias-del-barrio-matadero\/la-22\/\" rel=\"attachment wp-att-172305\"><img decoding=\"async\" class=\"alignnone size-large wp-image-172305\" src=\"https:\/\/experienciadevida.com.ar\/portalurbano\/wp-content\/uploads\/2022\/07\/La-1024x682.jpg\" alt=\"La \" width=\"900\" height=\"599\" srcset=\"https:\/\/experienciadevida.com.ar\/portalurbano\/wp-content\/uploads\/2022\/07\/La-1024x682.jpg 1024w, https:\/\/experienciadevida.com.ar\/portalurbano\/wp-content\/uploads\/2022\/07\/La-300x200.jpg 300w, https:\/\/experienciadevida.com.ar\/portalurbano\/wp-content\/uploads\/2022\/07\/La-768x512.jpg 768w, https:\/\/experienciadevida.com.ar\/portalurbano\/wp-content\/uploads\/2022\/07\/La-150x100.jpg 150w, https:\/\/experienciadevida.com.ar\/portalurbano\/wp-content\/uploads\/2022\/07\/La.jpg 1280w\" sizes=\"(max-width: 900px) 100vw, 900px\" \/><\/a><\/p>\n<p>Se trata de una pol\u00edtica p\u00fablica habitacional, a trav\u00e9s de un trabajo articulado entre el gobierno de la provincia Buenos Aires, con Asociaci\u00f3n Mutual Carlos Alberto Moreno y el acompa\u00f1amiento de distintas organizaciones, el cual permitir\u00e1 que en el barrio Matadero 40 familias puedan acceder al mejoramiento de las instalaciones el\u00e9ctricas intradomiciliarias.<\/p>\n<p>De la firma participaron Romina Barrios (Directora Ejecutiva de la OPISU), Emiliano Recalde (Director Provincial de Integraci\u00f3n Productiva), C\u00e9sar Valicenti (Diputado provincial y Presidente del Bloque del Frente de Todos), Hosanna Cazola (Comisi\u00f3n Directiva de la Mutual y referente de Movimiento Mayo) y Maximiliano Wesner (Director de ANSES). Tambi\u00e9n se encontraban presentes vecinos y vecinas, referentes de diferentes organizaciones y concejales Frente de Todos.<\/p>\n<p>\u201cEstamos muy contentos de avanzar en obras que benefician la calidad de vida de vecinos y vecinas de esta ciudad. En el barrio Matadero vamos a empezar por 40 viviendas, ya est\u00e1n todas las condiciones dadas para que podamos hacerlo, se trabaj\u00f3 con Registro de Barrios Populares (RENABAP)\u201d, indic\u00f3 Romina Barrios.<\/p>\n<p>Sobre el organismo su titular destac\u00f3: \u201cLa OPISU se cre\u00f3 por decisi\u00f3n de nuestro gobernador e integra el Ministerio de H\u00e1bitat y Desarrollo Urbano, es el primero que tiene la provincia Buenos Aires en su historia y es una manera de reconocer la problem\u00e1tica del h\u00e1bitat, que hay que atender de manera espec\u00edfica,por eso es muy importante el acompa\u00f1amiento de las organizaciones y de quienes trabajan habitualmente en los barrios. Trabajamos en obras de todo tipo, d\u00f3nde es necesario que lleguen los servicios p\u00fablicos como el caso de la electricidad, agua, cloaca o hay problemas de anegamiento\u201d.<\/p>\n<p>Por su parte Hosanna Cazola, agreg\u00f3: \u201c Conformamos una cuadrilla de trabajadores que articularnos con el Centro de Formaci\u00f3n Profesional Carlos Alberto Moreno, son los electricistas que llevan adelante la obra y en el barrio pudimos articular con alba\u00f1iles, oficiales, ayudantes. Tambi\u00e9n nos ocupamos de hacer un trabajo de relevamiento y jerarquizaci\u00f3n de los problemas que nos vamos encontrando\u201d.<\/p>\n<p>Del mismo modo, el diputado provincial C\u00e9sar Valicenti sobre las necesidades del barrio y las gestiones realizadas indic\u00f3: \u201cOlavarr\u00eda tiene 7 barrios populares, la OPISU viene con un desarrollo importante en toda la provincia de buenos aires y con fuertes inversiones en los lugares donde hace m\u00e1s falta. Ac\u00e1 si recorren el barrio se van a dar cuenta que hay una falta de infraestructura terrible y hay un abandono hist\u00f3rico, este barrio cuyo nombre habla tambi\u00e9n que se perdi\u00f3 la principal fuente de trabajo que ten\u00edan que era el Matadero Municipal que funcionaba, nos encontramos con que es un barrio que tiene una larga historia en Olavarr\u00eda y todav\u00eda no tiene un tendido el\u00e9ctrico como corresponde. Estamos haciendo un esfuerzo muy importante para que desde la provincia y la naci\u00f3n se intervenga\u201d.<\/p>\n<p><a href=\"https:\/\/experienciadevida.com.ar\/portalurbano\/la-provincia-financia-mejoras-de-instalaciones-electricas-para-beneficiar-a-mas-de-40-familias-del-barrio-matadero\/provincia-12\/\" rel=\"attachment wp-att-172306\"><img decoding=\"async\" class=\"alignnone size-large wp-image-172306\" src=\"https:\/\/experienciadevida.com.ar\/portalurbano\/wp-content\/uploads\/2022\/07\/Provincia-1024x638.jpg\" alt=\"Provincia \" width=\"900\" height=\"561\" srcset=\"https:\/\/experienciadevida.com.ar\/portalurbano\/wp-content\/uploads\/2022\/07\/Provincia-1024x638.jpg 1024w, https:\/\/experienciadevida.com.ar\/portalurbano\/wp-content\/uploads\/2022\/07\/Provincia-300x187.jpg 300w, https:\/\/experienciadevida.com.ar\/portalurbano\/wp-content\/uploads\/2022\/07\/Provincia-768x479.jpg 768w, https:\/\/experienciadevida.com.ar\/portalurbano\/wp-content\/uploads\/2022\/07\/Provincia-150x94.jpg 150w, https:\/\/experienciadevida.com.ar\/portalurbano\/wp-content\/uploads\/2022\/07\/Provincia.jpg 1280w\" sizes=\"(max-width: 900px) 100vw, 900px\" \/><\/a><\/p>\n","protected":false},"excerpt":{"rendered":"<p>La Provincia financia mejoras de instalaciones el\u00e9ctricas para beneficiar a m\u00e1s de 40 familias del&#8230;<\/p>\n","protected":false},"author":1,"featured_media":172303,"comment_status":"closed","ping_status":"closed","sticky":false,"template":"","format":"standard","meta":{"content-type":""},"categories":[27,51],"tags":[],"nelio_content":{"isAutoShareEnabled":false,"autoShareEndMode":"default","automationSources":{"useContentSentences":true,"useSocialTemplates":true,"useCustomSentences":false,"customSentences":[]},"followers":[1],"suggestedReferences":[],"includedReferences":[],"efiUrl":"","efiAlt":"","highlights":[]},"yoast_head":"<!-- This site is optimized with the Yoast SEO plugin v20.7 - https:\/\/yoast.com\/wordpress\/plugins\/seo\/ -->\n<title>La Provincia financia mejoras de instalaciones el\u00e9ctricas<\/title>\n<meta name=\"description\" content=\"La Provincia financia mejoras de instalaciones el\u00e9ctricas para beneficiar a m\u00e1s de 40 familias del barrio Matadero, en la jornada\" \/>\n<meta name=\"robots\" content=\"index, follow, max-snippet:-1, max-image-preview:large, max-video-preview:-1\" \/>\n<link rel=\"canonical\" href=\"https:\/\/experienciadevida.com.ar\/portalurbano\/la-provincia-financia-mejoras-de-instalaciones-electricas-para-beneficiar-a-mas-de-40-familias-del-barrio-matadero\/\" \/>\n<meta property=\"og:locale\" content=\"es_ES\" \/>\n<meta property=\"og:type\" content=\"article\" \/>\n<meta property=\"og:title\" content=\"La Provincia financia mejoras de instalaciones el\u00e9ctricas\" \/>\n<meta property=\"og:description\" content=\"La Provincia financia mejoras de instalaciones el\u00e9ctricas para beneficiar a m\u00e1s de 40 familias del barrio Matadero, en la jornada\" \/>\n<meta property=\"og:url\" content=\"https:\/\/experienciadevida.com.ar\/portalurbano\/la-provincia-financia-mejoras-de-instalaciones-electricas-para-beneficiar-a-mas-de-40-familias-del-barrio-matadero\/\" \/>\n<meta property=\"article:publisher\" content=\"https:\/\/www.facebook.com\/Portal-Urbano-171542830093757\/\" \/>\n<meta property=\"article:published_time\" content=\"2022-07-28T21:52:33+00:00\" \/>\n<meta property=\"article:modified_time\" content=\"2022-07-28T21:57:15+00:00\" \/>\n<meta property=\"og:image\" content=\"https:\/\/experienciadevida.com.ar\/portalurbano\/wp-content\/uploads\/2022\/07\/La-Provincia-financia-mejoras.jpg\" \/>\n\t<meta property=\"og:image:width\" content=\"1280\" \/>\n\t<meta property=\"og:image:height\" content=\"838\" \/>\n\t<meta property=\"og:image:type\" content=\"image\/jpeg\" \/>\n<meta name=\"author\" content=\"admpu17wp\" \/>\n<meta name=\"twitter:card\" content=\"summary_large_image\" \/>\n<meta name=\"twitter:creator\" content=\"@portalurbanook\" \/>\n<meta name=\"twitter:site\" content=\"@portalurbanook\" \/>\n<meta name=\"twitter:label1\" content=\"Escrito por\" \/>\n\t<meta name=\"twitter:data1\" content=\"admpu17wp\" \/>\n\t<meta name=\"twitter:label2\" content=\"Tiempo de lectura\" \/>\n\t<meta name=\"twitter:data2\" content=\"3 minutos\" \/>\n<script type=\"application\/ld+json\" class=\"yoast-schema-graph\">{\"@context\":\"https:\/\/schema.org\",\"@graph\":[{\"@type\":\"Article\",\"@id\":\"https:\/\/experienciadevida.com.ar\/portalurbano\/la-provincia-financia-mejoras-de-instalaciones-electricas-para-beneficiar-a-mas-de-40-familias-del-barrio-matadero\/#article\",\"isPartOf\":{\"@id\":\"https:\/\/experienciadevida.com.ar\/portalurbano\/la-provincia-financia-mejoras-de-instalaciones-electricas-para-beneficiar-a-mas-de-40-familias-del-barrio-matadero\/\"},\"author\":{\"name\":\"admpu17wp\",\"@id\":\"https:\/\/experienciadevida.com.ar\/portalurbano\/#\/schema\/person\/02dd326b1c4b056e9cc972486934a3a7\"},\"headline\":\"La Provincia financia mejoras de instalaciones el\u00e9ctricas para beneficiar a m\u00e1s de 40 familias del barrio Matadero\",\"datePublished\":\"2022-07-28T21:52:33+00:00\",\"dateModified\":\"2022-07-28T21:57:15+00:00\",\"mainEntityOfPage\":{\"@id\":\"https:\/\/experienciadevida.com.ar\/portalurbano\/la-provincia-financia-mejoras-de-instalaciones-electricas-para-beneficiar-a-mas-de-40-familias-del-barrio-matadero\/\"},\"wordCount\":589,\"publisher\":{\"@id\":\"https:\/\/experienciadevida.com.ar\/portalurbano\/#organization\"},\"articleSection\":[\"Ciudad\",\"Destacadas\"],\"inLanguage\":\"es\"},{\"@type\":\"WebPage\",\"@id\":\"https:\/\/experienciadevida.com.ar\/portalurbano\/la-provincia-financia-mejoras-de-instalaciones-electricas-para-beneficiar-a-mas-de-40-familias-del-barrio-matadero\/\",\"url\":\"https:\/\/experienciadevida.com.ar\/portalurbano\/la-provincia-financia-mejoras-de-instalaciones-electricas-para-beneficiar-a-mas-de-40-familias-del-barrio-matadero\/\",\"name\":\"La Provincia financia mejoras de instalaciones el\u00e9ctricas\",\"isPartOf\":{\"@id\":\"https:\/\/experienciadevida.com.ar\/portalurbano\/#website\"},\"datePublished\":\"2022-07-28T21:52:33+00:00\",\"dateModified\":\"2022-07-28T21:57:15+00:00\",\"description\":\"La Provincia financia mejoras de instalaciones el\u00e9ctricas para beneficiar a m\u00e1s de 40 familias del barrio Matadero, en la jornada\",\"breadcrumb\":{\"@id\":\"https:\/\/experienciadevida.com.ar\/portalurbano\/la-provincia-financia-mejoras-de-instalaciones-electricas-para-beneficiar-a-mas-de-40-familias-del-barrio-matadero\/#breadcrumb\"},\"inLanguage\":\"es\",\"potentialAction\":[{\"@type\":\"ReadAction\",\"target\":[\"https:\/\/experienciadevida.com.ar\/portalurbano\/la-provincia-financia-mejoras-de-instalaciones-electricas-para-beneficiar-a-mas-de-40-familias-del-barrio-matadero\/\"]}]},{\"@type\":\"BreadcrumbList\",\"@id\":\"https:\/\/experienciadevida.com.ar\/portalurbano\/la-provincia-financia-mejoras-de-instalaciones-electricas-para-beneficiar-a-mas-de-40-familias-del-barrio-matadero\/#breadcrumb\",\"itemListElement\":[{\"@type\":\"ListItem\",\"position\":1,\"name\":\"Portada\",\"item\":\"https:\/\/experienciadevida.com.ar\/portalurbano\/\"},{\"@type\":\"ListItem\",\"position\":2,\"name\":\"La Provincia financia mejoras de instalaciones el\u00e9ctricas para beneficiar a m\u00e1s de 40 familias del barrio Matadero\"}]},{\"@type\":\"WebSite\",\"@id\":\"https:\/\/experienciadevida.com.ar\/portalurbano\/#website\",\"url\":\"https:\/\/experienciadevida.com.ar\/portalurbano\/\",\"name\":\"\",\"description\":\"\",\"publisher\":{\"@id\":\"https:\/\/experienciadevida.com.ar\/portalurbano\/#organization\"},\"potentialAction\":[{\"@type\":\"SearchAction\",\"target\":{\"@type\":\"EntryPoint\",\"urlTemplate\":\"https:\/\/experienciadevida.com.ar\/portalurbano\/?s={search_term_string}\"},\"query-input\":\"required name=search_term_string\"}],\"inLanguage\":\"es\"},{\"@type\":\"Organization\",\"@id\":\"https:\/\/experienciadevida.com.ar\/portalurbano\/#organization\",\"name\":\"Portal Urbano\",\"url\":\"https:\/\/experienciadevida.com.ar\/portalurbano\/\",\"logo\":{\"@type\":\"ImageObject\",\"inLanguage\":\"es\",\"@id\":\"https:\/\/experienciadevida.com.ar\/portalurbano\/#\/schema\/logo\/image\/\",\"url\":\"https:\/\/experienciadevida.com.ar\/portalurbano\/wp-content\/uploads\/2019\/09\/Logo-Original.png\",\"contentUrl\":\"https:\/\/experienciadevida.com.ar\/portalurbano\/wp-content\/uploads\/2019\/09\/Logo-Original.png\",\"width\":2236,\"height\":1216,\"caption\":\"Portal Urbano\"},\"image\":{\"@id\":\"https:\/\/experienciadevida.com.ar\/portalurbano\/#\/schema\/logo\/image\/\"},\"sameAs\":[\"https:\/\/www.facebook.com\/Portal-Urbano-171542830093757\/\",\"https:\/\/twitter.com\/portalurbanook\",\"https:\/\/www.instagram.com\/_portalurbano\/\",\"https:\/\/www.youtube.com\/channel\/UCXhagIfszH8KxFiOok79zbA?view_as=subscriber\"]},{\"@type\":\"Person\",\"@id\":\"https:\/\/experienciadevida.com.ar\/portalurbano\/#\/schema\/person\/02dd326b1c4b056e9cc972486934a3a7\",\"name\":\"admpu17wp\",\"image\":{\"@type\":\"ImageObject\",\"inLanguage\":\"es\",\"@id\":\"https:\/\/experienciadevida.com.ar\/portalurbano\/#\/schema\/person\/image\/\",\"url\":\"https:\/\/secure.gravatar.com\/avatar\/830d4c57adaae6630765e449a6908047?s=96&d=mm&r=g\",\"contentUrl\":\"https:\/\/secure.gravatar.com\/avatar\/830d4c57adaae6630765e449a6908047?s=96&d=mm&r=g\",\"caption\":\"admpu17wp\"}}]}<\/script>\n<!-- \/ Yoast SEO plugin. -->","yoast_head_json":{"title":"La Provincia financia mejoras de instalaciones el\u00e9ctricas","description":"La Provincia financia mejoras de instalaciones el\u00e9ctricas para beneficiar a m\u00e1s de 40 familias del barrio Matadero, en la jornada","robots":{"index":"index","follow":"follow","max-snippet":"max-snippet:-1","max-image-preview":"max-image-preview:large","max-video-preview":"max-video-preview:-1"},"canonical":"https:\/\/experienciadevida.com.ar\/portalurbano\/la-provincia-financia-mejoras-de-instalaciones-electricas-para-beneficiar-a-mas-de-40-familias-del-barrio-matadero\/","og_locale":"es_ES","og_type":"article","og_title":"La Provincia financia mejoras de instalaciones el\u00e9ctricas","og_description":"La Provincia financia mejoras de instalaciones el\u00e9ctricas para beneficiar a m\u00e1s de 40 familias del barrio Matadero, en la jornada","og_url":"https:\/\/experienciadevida.com.ar\/portalurbano\/la-provincia-financia-mejoras-de-instalaciones-electricas-para-beneficiar-a-mas-de-40-familias-del-barrio-matadero\/","article_publisher":"https:\/\/www.facebook.com\/Portal-Urbano-171542830093757\/","article_published_time":"2022-07-28T21:52:33+00:00","article_modified_time":"2022-07-28T21:57:15+00:00","og_image":[{"width":1280,"height":838,"url":"https:\/\/experienciadevida.com.ar\/portalurbano\/wp-content\/uploads\/2022\/07\/La-Provincia-financia-mejoras.jpg","type":"image\/jpeg"}],"author":"admpu17wp","twitter_card":"summary_large_image","twitter_creator":"@portalurbanook","twitter_site":"@portalurbanook","twitter_misc":{"Escrito por":"admpu17wp","Tiempo de lectura":"3 minutos"},"schema":{"@context":"https:\/\/schema.org","@graph":[{"@type":"Article","@id":"https:\/\/experienciadevida.com.ar\/portalurbano\/la-provincia-financia-mejoras-de-instalaciones-electricas-para-beneficiar-a-mas-de-40-familias-del-barrio-matadero\/#article","isPartOf":{"@id":"https:\/\/experienciadevida.com.ar\/portalurbano\/la-provincia-financia-mejoras-de-instalaciones-electricas-para-beneficiar-a-mas-de-40-familias-del-barrio-matadero\/"},"author":{"name":"admpu17wp","@id":"https:\/\/experienciadevida.com.ar\/portalurbano\/#\/schema\/person\/02dd326b1c4b056e9cc972486934a3a7"},"headline":"La Provincia financia mejoras de instalaciones el\u00e9ctricas para beneficiar a m\u00e1s de 40 familias del barrio Matadero","datePublished":"2022-07-28T21:52:33+00:00","dateModified":"2022-07-28T21:57:15+00:00","mainEntityOfPage":{"@id":"https:\/\/experienciadevida.com.ar\/portalurbano\/la-provincia-financia-mejoras-de-instalaciones-electricas-para-beneficiar-a-mas-de-40-familias-del-barrio-matadero\/"},"wordCount":589,"publisher":{"@id":"https:\/\/experienciadevida.com.ar\/portalurbano\/#organization"},"articleSection":["Ciudad","Destacadas"],"inLanguage":"es"},{"@type":"WebPage","@id":"https:\/\/experienciadevida.com.ar\/portalurbano\/la-provincia-financia-mejoras-de-instalaciones-electricas-para-beneficiar-a-mas-de-40-familias-del-barrio-matadero\/","url":"https:\/\/experienciadevida.com.ar\/portalurbano\/la-provincia-financia-mejoras-de-instalaciones-electricas-para-beneficiar-a-mas-de-40-familias-del-barrio-matadero\/","name":"La Provincia financia mejoras de instalaciones el\u00e9ctricas","isPartOf":{"@id":"https:\/\/experienciadevida.com.ar\/portalurbano\/#website"},"datePublished":"2022-07-28T21:52:33+00:00","dateModified":"2022-07-28T21:57:15+00:00","description":"La Provincia financia mejoras de instalaciones el\u00e9ctricas para beneficiar a m\u00e1s de 40 familias del barrio Matadero, en la jornada","breadcrumb":{"@id":"https:\/\/experienciadevida.com.ar\/portalurbano\/la-provincia-financia-mejoras-de-instalaciones-electricas-para-beneficiar-a-mas-de-40-familias-del-barrio-matadero\/#breadcrumb"},"inLanguage":"es","potentialAction":[{"@type":"ReadAction","target":["https:\/\/experienciadevida.com.ar\/portalurbano\/la-provincia-financia-mejoras-de-instalaciones-electricas-para-beneficiar-a-mas-de-40-familias-del-barrio-matadero\/"]}]},{"@type":"BreadcrumbList","@id":"https:\/\/experienciadevida.com.ar\/portalurbano\/la-provincia-financia-mejoras-de-instalaciones-electricas-para-beneficiar-a-mas-de-40-familias-del-barrio-matadero\/#breadcrumb","itemListElement":[{"@type":"ListItem","position":1,"name":"Portada","item":"https:\/\/experienciadevida.com.ar\/portalurbano\/"},{"@type":"ListItem","position":2,"name":"La Provincia financia mejoras de instalaciones el\u00e9ctricas para beneficiar a m\u00e1s de 40 familias del barrio Matadero"}]},{"@type":"WebSite","@id":"https:\/\/experienciadevida.com.ar\/portalurbano\/#website","url":"https:\/\/experienciadevida.com.ar\/portalurbano\/","name":"","description":"","publisher":{"@id":"https:\/\/experienciadevida.com.ar\/portalurbano\/#organization"},"potentialAction":[{"@type":"SearchAction","target":{"@type":"EntryPoint","urlTemplate":"https:\/\/experienciadevida.com.ar\/portalurbano\/?s={search_term_string}"},"query-input":"required name=search_term_string"}],"inLanguage":"es"},{"@type":"Organization","@id":"https:\/\/experienciadevida.com.ar\/portalurbano\/#organization","name":"Portal Urbano","url":"https:\/\/experienciadevida.com.ar\/portalurbano\/","logo":{"@type":"ImageObject","inLanguage":"es","@id":"https:\/\/experienciadevida.com.ar\/portalurbano\/#\/schema\/logo\/image\/","url":"https:\/\/experienciadevida.com.ar\/portalurbano\/wp-content\/uploads\/2019\/09\/Logo-Original.png","contentUrl":"https:\/\/experienciadevida.com.ar\/portalurbano\/wp-content\/uploads\/2019\/09\/Logo-Original.png","width":2236,"height":1216,"caption":"Portal Urbano"},"image":{"@id":"https:\/\/experienciadevida.com.ar\/portalurbano\/#\/schema\/logo\/image\/"},"sameAs":["https:\/\/www.facebook.com\/Portal-Urbano-171542830093757\/","https:\/\/twitter.com\/portalurbanook","https:\/\/www.instagram.com\/_portalurbano\/","https:\/\/www.youtube.com\/channel\/UCXhagIfszH8KxFiOok79zbA?view_as=subscriber"]},{"@type":"Person","@id":"https:\/\/experienciadevida.com.ar\/portalurbano\/#\/schema\/person\/02dd326b1c4b056e9cc972486934a3a7","name":"admpu17wp","image":{"@type":"ImageObject","inLanguage":"es","@id":"https:\/\/experienciadevida.com.ar\/portalurbano\/#\/schema\/person\/image\/","url":"https:\/\/secure.gravatar.com\/avatar\/830d4c57adaae6630765e449a6908047?s=96&d=mm&r=g","contentUrl":"https:\/\/secure.gravatar.com\/avatar\/830d4c57adaae6630765e449a6908047?s=96&d=mm&r=g","caption":"admpu17wp"}}]}},"featured_image_urls":{"full":["https:\/\/experienciadevida.com.ar\/portalurbano\/wp-content\/uploads\/2022\/07\/La-Provincia-financia-mejoras.jpg",1280,838,false],"thumbnail":["https:\/\/experienciadevida.com.ar\/portalurbano\/wp-content\/uploads\/2022\/07\/La-Provincia-financia-mejoras-150x150.jpg",150,150,true],"medium":["https:\/\/experienciadevida.com.ar\/portalurbano\/wp-content\/uploads\/2022\/07\/La-Provincia-financia-mejoras-300x196.jpg",300,196,true],"medium_large":["https:\/\/experienciadevida.com.ar\/portalurbano\/wp-content\/uploads\/2022\/07\/La-Provincia-financia-mejoras-768x503.jpg",640,419,true],"large":["https:\/\/experienciadevida.com.ar\/portalurbano\/wp-content\/uploads\/2022\/07\/La-Provincia-financia-mejoras-1024x670.jpg",640,419,true],"ug_big":["https:\/\/experienciadevida.com.ar\/portalurbano\/wp-content\/uploads\/2022\/07\/La-Provincia-financia-mejoras-768x503.jpg",768,503,true],"1536x1536":["https:\/\/experienciadevida.com.ar\/portalurbano\/wp-content\/uploads\/2022\/07\/La-Provincia-financia-mejoras.jpg",1280,838,false],"2048x2048":["https:\/\/experienciadevida.com.ar\/portalurbano\/wp-content\/uploads\/2022\/07\/La-Provincia-financia-mejoras.jpg",1280,838,false],"newsever-slider-full":["https:\/\/experienciadevida.com.ar\/portalurbano\/wp-content\/uploads\/2022\/07\/La-Provincia-financia-mejoras.jpg",1280,838,false],"newsever-featured":["https:\/\/experienciadevida.com.ar\/portalurbano\/wp-content\/uploads\/2022\/07\/La-Provincia-financia-mejoras.jpg",1024,670,false],"newsever-medium":["https:\/\/experienciadevida.com.ar\/portalurbano\/wp-content\/uploads\/2022\/07\/La-Provincia-financia-mejoras.jpg",720,471,false],"web-stories-poster-portrait":["https:\/\/experienciadevida.com.ar\/portalurbano\/wp-content\/uploads\/2022\/07\/La-Provincia-financia-mejoras-640x838.jpg",640,838,true],"web-stories-publisher-logo":["https:\/\/experienciadevida.com.ar\/portalurbano\/wp-content\/uploads\/2022\/07\/La-Provincia-financia-mejoras-96x96.jpg",96,96,true],"web-stories-thumbnail":["https:\/\/experienciadevida.com.ar\/portalurbano\/wp-content\/uploads\/2022\/07\/La-Provincia-financia-mejoras-150x98.jpg",150,98,true]},"author_info":{"display_name":"admpu17wp","author_link":"https:\/\/experienciadevida.com.ar\/portalurbano\/author\/admpu17wp\/"},"category_info":"<a href=\"https:\/\/experienciadevida.com.ar\/portalurbano\/category\/ciudad\/\" rel=\"category tag\">Ciudad<\/a> <a href=\"https:\/\/experienciadevida.com.ar\/portalurbano\/category\/destacadas\/\" rel=\"category tag\">Destacadas<\/a>","tag_info":"Destacadas","comment_count":"0","amp_enabled":true,"_links":{"self":[{"href":"https:\/\/experienciadevida.com.ar\/portalurbano\/wp-json\/wp\/v2\/posts\/172302"}],"collection":[{"href":"https:\/\/experienciadevida.com.ar\/portalurbano\/wp-json\/wp\/v2\/posts"}],"about":[{"href":"https:\/\/experienciadevida.com.ar\/portalurbano\/wp-json\/wp\/v2\/types\/post"}],"author":[{"embeddable":true,"href":"https:\/\/experienciadevida.com.ar\/portalurbano\/wp-json\/wp\/v2\/users\/1"}],"replies":[{"embeddable":true,"href":"https:\/\/experienciadevida.com.ar\/portalurbano\/wp-json\/wp\/v2\/comments?post=172302"}],"version-history":[{"count":2,"href":"https:\/\/experienciadevida.com.ar\/portalurbano\/wp-json\/wp\/v2\/posts\/172302\/revisions"}],"predecessor-version":[{"id":172307,"href":"https:\/\/experienciadevida.com.ar\/portalurbano\/wp-json\/wp\/v2\/posts\/172302\/revisions\/172307"}],"wp:featuredmedia":[{"embeddable":true,"href":"https:\/\/experienciadevida.com.ar\/portalurbano\/wp-json\/wp\/v2\/media\/172303"}],"wp:attachment":[{"href":"https:\/\/experienciadevida.com.ar\/portalurbano\/wp-json\/wp\/v2\/media?parent=172302"}],"wp:term":[{"taxonomy":"category","embeddable":true,"href":"https:\/\/experienciadevida.com.ar\/portalurbano\/wp-json\/wp\/v2\/categories?post=172302"},{"taxonomy":"post_tag","embeddable":true,"href":"https:\/\/experienciadevida.com.ar\/portalurbano\/wp-json\/wp\/v2\/tags?post=172302"}],"curies":[{"name":"wp","href":"https:\/\/api.w.org\/{rel}","templated":true}]}}