{"id":172284,"date":"2022-07-28T13:58:42","date_gmt":"2022-07-28T16:58:42","guid":{"rendered":"https:\/\/experienciadevida.com.ar\/portalurbano\/?p=172284"},"modified":"2022-07-28T14:01:49","modified_gmt":"2022-07-28T17:01:49","slug":"el-fol-tambien-marcho-en-nuestra-ciudad-contra-el-ajuste","status":"publish","type":"post","link":"https:\/\/experienciadevida.com.ar\/portalurbano\/el-fol-tambien-marcho-en-nuestra-ciudad-contra-el-ajuste\/","title":{"rendered":"El FOL tambi\u00e9n march\u00f3 en nuestra ciudad contra el ajuste"},"content":{"rendered":"<p>El FOL tambi\u00e9n march\u00f3 en nuestra ciudad contra el ajuste, al igual que sucede en diferentes puntos del pa\u00eds, reclaman por la defensa del salario y el trabajo genuino y el rechazo a la criminalizaci\u00f3n de la protesta social, entre otros puntos.<\/p>\n<p><a href=\"https:\/\/experienciadevida.com.ar\/portalurbano\/el-fol-tambien-marcho-en-nuestra-ciudad-contra-el-ajuste\/el-33\/\" rel=\"attachment wp-att-172288\"><img decoding=\"async\" class=\"alignnone size-full wp-image-172288\" src=\"https:\/\/experienciadevida.com.ar\/portalurbano\/wp-content\/uploads\/2022\/07\/El-4.jpg\" alt=\"El \" width=\"960\" height=\"720\" srcset=\"https:\/\/experienciadevida.com.ar\/portalurbano\/wp-content\/uploads\/2022\/07\/El-4.jpg 960w, https:\/\/experienciadevida.com.ar\/portalurbano\/wp-content\/uploads\/2022\/07\/El-4-300x225.jpg 300w, https:\/\/experienciadevida.com.ar\/portalurbano\/wp-content\/uploads\/2022\/07\/El-4-768x576.jpg 768w, https:\/\/experienciadevida.com.ar\/portalurbano\/wp-content\/uploads\/2022\/07\/El-4-150x113.jpg 150w\" sizes=\"(max-width: 960px) 100vw, 960px\" \/><\/a><\/p>\n<p>Organizaciones sociales se movilizaron en Tribunales de nuestra ciudad y posteriormente se dirigieron hacia el Paseo Jes\u00fas Mend\u00eda, en consonancia con las marchas que se realizan a nivel nacional. Una jornada de protestas que incluye demandas diversas que van desde \u201cla defensa del salario y el trabajo genuino\u201d hasta el rechazo a la \u201ccriminalizaci\u00f3n de la protesta social\u201d.<\/p>\n<p>En las \u00faltimas horas el Gobierno confirm\u00f3 un bono de $11.000 destinado los beneficiarios del programa Potenciar Trabajo, medida que no logr\u00f3 modificar el cronograma de protestas.<\/p>\n<p>Frente a tribunales reclamaron contra la criminalizaci\u00f3n de la protesta, y pidieron que el salario m\u00ednimo vital y m\u00f3vil llegue a los niveles de la canasta b\u00e1sica y en el Ministerio de Desarrollo Social que entreguen alimentos y herramientas para los proyectos del potenciar trabajo.<\/p>\n<p><a href=\"https:\/\/experienciadevida.com.ar\/portalurbano\/el-fol-tambien-marcho-en-nuestra-ciudad-contra-el-ajuste\/fol\/\" rel=\"attachment wp-att-172289\"><img decoding=\"async\" class=\"alignnone size-full wp-image-172289\" src=\"https:\/\/experienciadevida.com.ar\/portalurbano\/wp-content\/uploads\/2022\/07\/FOL.jpg\" alt=\"FOL \" width=\"960\" height=\"720\" srcset=\"https:\/\/experienciadevida.com.ar\/portalurbano\/wp-content\/uploads\/2022\/07\/FOL.jpg 960w, https:\/\/experienciadevida.com.ar\/portalurbano\/wp-content\/uploads\/2022\/07\/FOL-300x225.jpg 300w, https:\/\/experienciadevida.com.ar\/portalurbano\/wp-content\/uploads\/2022\/07\/FOL-768x576.jpg 768w, https:\/\/experienciadevida.com.ar\/portalurbano\/wp-content\/uploads\/2022\/07\/FOL-150x113.jpg 150w\" sizes=\"(max-width: 960px) 100vw, 960px\" \/><\/a><\/p>\n<p><a href=\"https:\/\/experienciadevida.com.ar\/portalurbano\/el-fol-tambien-marcho-en-nuestra-ciudad-contra-el-ajuste\/295315794_167656075797805_7554764640207981939_n\/\" rel=\"attachment wp-att-172290\"><img decoding=\"async\" class=\"alignnone size-full wp-image-172290\" src=\"https:\/\/experienciadevida.com.ar\/portalurbano\/wp-content\/uploads\/2022\/07\/295315794_167656075797805_7554764640207981939_n.jpg\" alt=\"\" width=\"960\" height=\"720\" srcset=\"https:\/\/experienciadevida.com.ar\/portalurbano\/wp-content\/uploads\/2022\/07\/295315794_167656075797805_7554764640207981939_n.jpg 960w, https:\/\/experienciadevida.com.ar\/portalurbano\/wp-content\/uploads\/2022\/07\/295315794_167656075797805_7554764640207981939_n-300x225.jpg 300w, https:\/\/experienciadevida.com.ar\/portalurbano\/wp-content\/uploads\/2022\/07\/295315794_167656075797805_7554764640207981939_n-768x576.jpg 768w, https:\/\/experienciadevida.com.ar\/portalurbano\/wp-content\/uploads\/2022\/07\/295315794_167656075797805_7554764640207981939_n-150x113.jpg 150w\" sizes=\"(max-width: 960px) 100vw, 960px\" \/><\/a><\/p>\n<p><a href=\"https:\/\/experienciadevida.com.ar\/portalurbano\/el-fol-tambien-marcho-en-nuestra-ciudad-contra-el-ajuste\/295989708_167655875797825_5484355997772575699_n\/\" rel=\"attachment wp-att-172291\"><img decoding=\"async\" class=\"alignnone size-full wp-image-172291\" src=\"https:\/\/experienciadevida.com.ar\/portalurbano\/wp-content\/uploads\/2022\/07\/295989708_167655875797825_5484355997772575699_n.jpg\" alt=\"\" width=\"960\" height=\"720\" srcset=\"https:\/\/experienciadevida.com.ar\/portalurbano\/wp-content\/uploads\/2022\/07\/295989708_167655875797825_5484355997772575699_n.jpg 960w, https:\/\/experienciadevida.com.ar\/portalurbano\/wp-content\/uploads\/2022\/07\/295989708_167655875797825_5484355997772575699_n-300x225.jpg 300w, https:\/\/experienciadevida.com.ar\/portalurbano\/wp-content\/uploads\/2022\/07\/295989708_167655875797825_5484355997772575699_n-768x576.jpg 768w, https:\/\/experienciadevida.com.ar\/portalurbano\/wp-content\/uploads\/2022\/07\/295989708_167655875797825_5484355997772575699_n-150x113.jpg 150w\" sizes=\"(max-width: 960px) 100vw, 960px\" \/><\/a><\/p>\n<p><a href=\"https:\/\/experienciadevida.com.ar\/portalurbano\/el-fol-tambien-marcho-en-nuestra-ciudad-contra-el-ajuste\/296170988_167655912464488_5668603382107555610_n\/\" rel=\"attachment wp-att-172292\"><img decoding=\"async\" class=\"alignnone size-full wp-image-172292\" src=\"https:\/\/experienciadevida.com.ar\/portalurbano\/wp-content\/uploads\/2022\/07\/296170988_167655912464488_5668603382107555610_n.jpg\" alt=\"\" width=\"960\" height=\"720\" srcset=\"https:\/\/experienciadevida.com.ar\/portalurbano\/wp-content\/uploads\/2022\/07\/296170988_167655912464488_5668603382107555610_n.jpg 960w, https:\/\/experienciadevida.com.ar\/portalurbano\/wp-content\/uploads\/2022\/07\/296170988_167655912464488_5668603382107555610_n-300x225.jpg 300w, https:\/\/experienciadevida.com.ar\/portalurbano\/wp-content\/uploads\/2022\/07\/296170988_167655912464488_5668603382107555610_n-768x576.jpg 768w, https:\/\/experienciadevida.com.ar\/portalurbano\/wp-content\/uploads\/2022\/07\/296170988_167655912464488_5668603382107555610_n-150x113.jpg 150w\" sizes=\"(max-width: 960px) 100vw, 960px\" \/><\/a><\/p>\n","protected":false},"excerpt":{"rendered":"<p>El FOL tambi\u00e9n march\u00f3 en nuestra ciudad contra el ajuste, al igual que sucede en&#8230;<\/p>\n","protected":false},"author":1,"featured_media":172285,"comment_status":"closed","ping_status":"closed","sticky":false,"template":"","format":"standard","meta":{"content-type":""},"categories":[27,64],"tags":[],"nelio_content":{"isAutoShareEnabled":false,"autoShareEndMode":"default","automationSources":{"useContentSentences":true,"useSocialTemplates":true,"useCustomSentences":false,"customSentences":[]},"followers":[1],"suggestedReferences":[],"includedReferences":[],"efiUrl":"","efiAlt":"","highlights":[]},"yoast_head":"<!-- This site is optimized with the Yoast SEO plugin v20.7 - https:\/\/yoast.com\/wordpress\/plugins\/seo\/ -->\n<title>El FOL tambi\u00e9n march\u00f3 en nuestra ciudad contra el ajuste<\/title>\n<meta name=\"description\" content=\"El FOL tambi\u00e9n march\u00f3 en nuestra ciudad contra el ajuste, al igual que sucede en diferentes puntos del pa\u00eds, reclaman por la defensa\" \/>\n<meta name=\"robots\" content=\"index, follow, max-snippet:-1, max-image-preview:large, max-video-preview:-1\" \/>\n<link rel=\"canonical\" href=\"https:\/\/experienciadevida.com.ar\/portalurbano\/el-fol-tambien-marcho-en-nuestra-ciudad-contra-el-ajuste\/\" \/>\n<meta property=\"og:locale\" content=\"es_ES\" \/>\n<meta property=\"og:type\" content=\"article\" \/>\n<meta property=\"og:title\" content=\"El FOL tambi\u00e9n march\u00f3 en nuestra ciudad contra el ajuste\" \/>\n<meta property=\"og:description\" content=\"El FOL tambi\u00e9n march\u00f3 en nuestra ciudad contra el ajuste, al igual que sucede en diferentes puntos del pa\u00eds, reclaman por la defensa\" \/>\n<meta property=\"og:url\" content=\"https:\/\/experienciadevida.com.ar\/portalurbano\/el-fol-tambien-marcho-en-nuestra-ciudad-contra-el-ajuste\/\" \/>\n<meta property=\"article:publisher\" content=\"https:\/\/www.facebook.com\/Portal-Urbano-171542830093757\/\" \/>\n<meta property=\"article:published_time\" content=\"2022-07-28T16:58:42+00:00\" \/>\n<meta property=\"article:modified_time\" content=\"2022-07-28T17:01:49+00:00\" \/>\n<meta property=\"og:image\" content=\"https:\/\/experienciadevida.com.ar\/portalurbano\/wp-content\/uploads\/2022\/07\/El-FOL-tambien-marcho.jpg\" \/>\n\t<meta property=\"og:image:width\" content=\"960\" \/>\n\t<meta property=\"og:image:height\" content=\"720\" \/>\n\t<meta property=\"og:image:type\" content=\"image\/jpeg\" \/>\n<meta name=\"author\" content=\"admpu17wp\" \/>\n<meta name=\"twitter:card\" content=\"summary_large_image\" \/>\n<meta name=\"twitter:creator\" content=\"@portalurbanook\" \/>\n<meta name=\"twitter:site\" content=\"@portalurbanook\" \/>\n<meta name=\"twitter:label1\" content=\"Escrito por\" \/>\n\t<meta name=\"twitter:data1\" content=\"admpu17wp\" \/>\n\t<meta name=\"twitter:label2\" content=\"Tiempo de lectura\" \/>\n\t<meta name=\"twitter:data2\" content=\"2 minutos\" \/>\n<script type=\"application\/ld+json\" class=\"yoast-schema-graph\">{\"@context\":\"https:\/\/schema.org\",\"@graph\":[{\"@type\":\"Article\",\"@id\":\"https:\/\/experienciadevida.com.ar\/portalurbano\/el-fol-tambien-marcho-en-nuestra-ciudad-contra-el-ajuste\/#article\",\"isPartOf\":{\"@id\":\"https:\/\/experienciadevida.com.ar\/portalurbano\/el-fol-tambien-marcho-en-nuestra-ciudad-contra-el-ajuste\/\"},\"author\":{\"name\":\"admpu17wp\",\"@id\":\"https:\/\/experienciadevida.com.ar\/portalurbano\/#\/schema\/person\/02dd326b1c4b056e9cc972486934a3a7\"},\"headline\":\"El FOL tambi\u00e9n march\u00f3 en nuestra ciudad contra el ajuste\",\"datePublished\":\"2022-07-28T16:58:42+00:00\",\"dateModified\":\"2022-07-28T17:01:49+00:00\",\"mainEntityOfPage\":{\"@id\":\"https:\/\/experienciadevida.com.ar\/portalurbano\/el-fol-tambien-marcho-en-nuestra-ciudad-contra-el-ajuste\/\"},\"wordCount\":192,\"publisher\":{\"@id\":\"https:\/\/experienciadevida.com.ar\/portalurbano\/#organization\"},\"articleSection\":[\"Ciudad\",\"Destacadas 2\"],\"inLanguage\":\"es\"},{\"@type\":\"WebPage\",\"@id\":\"https:\/\/experienciadevida.com.ar\/portalurbano\/el-fol-tambien-marcho-en-nuestra-ciudad-contra-el-ajuste\/\",\"url\":\"https:\/\/experienciadevida.com.ar\/portalurbano\/el-fol-tambien-marcho-en-nuestra-ciudad-contra-el-ajuste\/\",\"name\":\"El FOL tambi\u00e9n march\u00f3 en nuestra ciudad contra el ajuste\",\"isPartOf\":{\"@id\":\"https:\/\/experienciadevida.com.ar\/portalurbano\/#website\"},\"datePublished\":\"2022-07-28T16:58:42+00:00\",\"dateModified\":\"2022-07-28T17:01:49+00:00\",\"description\":\"El FOL tambi\u00e9n march\u00f3 en nuestra ciudad contra el ajuste, al igual que sucede en diferentes puntos del pa\u00eds, reclaman por la defensa\",\"breadcrumb\":{\"@id\":\"https:\/\/experienciadevida.com.ar\/portalurbano\/el-fol-tambien-marcho-en-nuestra-ciudad-contra-el-ajuste\/#breadcrumb\"},\"inLanguage\":\"es\",\"potentialAction\":[{\"@type\":\"ReadAction\",\"target\":[\"https:\/\/experienciadevida.com.ar\/portalurbano\/el-fol-tambien-marcho-en-nuestra-ciudad-contra-el-ajuste\/\"]}]},{\"@type\":\"BreadcrumbList\",\"@id\":\"https:\/\/experienciadevida.com.ar\/portalurbano\/el-fol-tambien-marcho-en-nuestra-ciudad-contra-el-ajuste\/#breadcrumb\",\"itemListElement\":[{\"@type\":\"ListItem\",\"position\":1,\"name\":\"Portada\",\"item\":\"https:\/\/experienciadevida.com.ar\/portalurbano\/\"},{\"@type\":\"ListItem\",\"position\":2,\"name\":\"El FOL tambi\u00e9n march\u00f3 en nuestra ciudad contra el ajuste\"}]},{\"@type\":\"WebSite\",\"@id\":\"https:\/\/experienciadevida.com.ar\/portalurbano\/#website\",\"url\":\"https:\/\/experienciadevida.com.ar\/portalurbano\/\",\"name\":\"\",\"description\":\"\",\"publisher\":{\"@id\":\"https:\/\/experienciadevida.com.ar\/portalurbano\/#organization\"},\"potentialAction\":[{\"@type\":\"SearchAction\",\"target\":{\"@type\":\"EntryPoint\",\"urlTemplate\":\"https:\/\/experienciadevida.com.ar\/portalurbano\/?s={search_term_string}\"},\"query-input\":\"required name=search_term_string\"}],\"inLanguage\":\"es\"},{\"@type\":\"Organization\",\"@id\":\"https:\/\/experienciadevida.com.ar\/portalurbano\/#organization\",\"name\":\"Portal Urbano\",\"url\":\"https:\/\/experienciadevida.com.ar\/portalurbano\/\",\"logo\":{\"@type\":\"ImageObject\",\"inLanguage\":\"es\",\"@id\":\"https:\/\/experienciadevida.com.ar\/portalurbano\/#\/schema\/logo\/image\/\",\"url\":\"https:\/\/experienciadevida.com.ar\/portalurbano\/wp-content\/uploads\/2019\/09\/Logo-Original.png\",\"contentUrl\":\"https:\/\/experienciadevida.com.ar\/portalurbano\/wp-content\/uploads\/2019\/09\/Logo-Original.png\",\"width\":2236,\"height\":1216,\"caption\":\"Portal Urbano\"},\"image\":{\"@id\":\"https:\/\/experienciadevida.com.ar\/portalurbano\/#\/schema\/logo\/image\/\"},\"sameAs\":[\"https:\/\/www.facebook.com\/Portal-Urbano-171542830093757\/\",\"https:\/\/twitter.com\/portalurbanook\",\"https:\/\/www.instagram.com\/_portalurbano\/\",\"https:\/\/www.youtube.com\/channel\/UCXhagIfszH8KxFiOok79zbA?view_as=subscriber\"]},{\"@type\":\"Person\",\"@id\":\"https:\/\/experienciadevida.com.ar\/portalurbano\/#\/schema\/person\/02dd326b1c4b056e9cc972486934a3a7\",\"name\":\"admpu17wp\",\"image\":{\"@type\":\"ImageObject\",\"inLanguage\":\"es\",\"@id\":\"https:\/\/experienciadevida.com.ar\/portalurbano\/#\/schema\/person\/image\/\",\"url\":\"https:\/\/secure.gravatar.com\/avatar\/830d4c57adaae6630765e449a6908047?s=96&d=mm&r=g\",\"contentUrl\":\"https:\/\/secure.gravatar.com\/avatar\/830d4c57adaae6630765e449a6908047?s=96&d=mm&r=g\",\"caption\":\"admpu17wp\"}}]}<\/script>\n<!-- \/ Yoast SEO plugin. -->","yoast_head_json":{"title":"El FOL tambi\u00e9n march\u00f3 en nuestra ciudad contra el ajuste","description":"El FOL tambi\u00e9n march\u00f3 en nuestra ciudad contra el ajuste, al igual que sucede en diferentes puntos del pa\u00eds, reclaman por la defensa","robots":{"index":"index","follow":"follow","max-snippet":"max-snippet:-1","max-image-preview":"max-image-preview:large","max-video-preview":"max-video-preview:-1"},"canonical":"https:\/\/experienciadevida.com.ar\/portalurbano\/el-fol-tambien-marcho-en-nuestra-ciudad-contra-el-ajuste\/","og_locale":"es_ES","og_type":"article","og_title":"El FOL tambi\u00e9n march\u00f3 en nuestra ciudad contra el ajuste","og_description":"El FOL tambi\u00e9n march\u00f3 en nuestra ciudad contra el ajuste, al igual que sucede en diferentes puntos del pa\u00eds, reclaman por la defensa","og_url":"https:\/\/experienciadevida.com.ar\/portalurbano\/el-fol-tambien-marcho-en-nuestra-ciudad-contra-el-ajuste\/","article_publisher":"https:\/\/www.facebook.com\/Portal-Urbano-171542830093757\/","article_published_time":"2022-07-28T16:58:42+00:00","article_modified_time":"2022-07-28T17:01:49+00:00","og_image":[{"width":960,"height":720,"url":"https:\/\/experienciadevida.com.ar\/portalurbano\/wp-content\/uploads\/2022\/07\/El-FOL-tambien-marcho.jpg","type":"image\/jpeg"}],"author":"admpu17wp","twitter_card":"summary_large_image","twitter_creator":"@portalurbanook","twitter_site":"@portalurbanook","twitter_misc":{"Escrito por":"admpu17wp","Tiempo de lectura":"2 minutos"},"schema":{"@context":"https:\/\/schema.org","@graph":[{"@type":"Article","@id":"https:\/\/experienciadevida.com.ar\/portalurbano\/el-fol-tambien-marcho-en-nuestra-ciudad-contra-el-ajuste\/#article","isPartOf":{"@id":"https:\/\/experienciadevida.com.ar\/portalurbano\/el-fol-tambien-marcho-en-nuestra-ciudad-contra-el-ajuste\/"},"author":{"name":"admpu17wp","@id":"https:\/\/experienciadevida.com.ar\/portalurbano\/#\/schema\/person\/02dd326b1c4b056e9cc972486934a3a7"},"headline":"El FOL tambi\u00e9n march\u00f3 en nuestra ciudad contra el ajuste","datePublished":"2022-07-28T16:58:42+00:00","dateModified":"2022-07-28T17:01:49+00:00","mainEntityOfPage":{"@id":"https:\/\/experienciadevida.com.ar\/portalurbano\/el-fol-tambien-marcho-en-nuestra-ciudad-contra-el-ajuste\/"},"wordCount":192,"publisher":{"@id":"https:\/\/experienciadevida.com.ar\/portalurbano\/#organization"},"articleSection":["Ciudad","Destacadas 2"],"inLanguage":"es"},{"@type":"WebPage","@id":"https:\/\/experienciadevida.com.ar\/portalurbano\/el-fol-tambien-marcho-en-nuestra-ciudad-contra-el-ajuste\/","url":"https:\/\/experienciadevida.com.ar\/portalurbano\/el-fol-tambien-marcho-en-nuestra-ciudad-contra-el-ajuste\/","name":"El FOL tambi\u00e9n march\u00f3 en nuestra ciudad contra el ajuste","isPartOf":{"@id":"https:\/\/experienciadevida.com.ar\/portalurbano\/#website"},"datePublished":"2022-07-28T16:58:42+00:00","dateModified":"2022-07-28T17:01:49+00:00","description":"El FOL tambi\u00e9n march\u00f3 en nuestra ciudad contra el ajuste, al igual que sucede en diferentes puntos del pa\u00eds, reclaman por la defensa","breadcrumb":{"@id":"https:\/\/experienciadevida.com.ar\/portalurbano\/el-fol-tambien-marcho-en-nuestra-ciudad-contra-el-ajuste\/#breadcrumb"},"inLanguage":"es","potentialAction":[{"@type":"ReadAction","target":["https:\/\/experienciadevida.com.ar\/portalurbano\/el-fol-tambien-marcho-en-nuestra-ciudad-contra-el-ajuste\/"]}]},{"@type":"BreadcrumbList","@id":"https:\/\/experienciadevida.com.ar\/portalurbano\/el-fol-tambien-marcho-en-nuestra-ciudad-contra-el-ajuste\/#breadcrumb","itemListElement":[{"@type":"ListItem","position":1,"name":"Portada","item":"https:\/\/experienciadevida.com.ar\/portalurbano\/"},{"@type":"ListItem","position":2,"name":"El FOL tambi\u00e9n march\u00f3 en nuestra ciudad contra el ajuste"}]},{"@type":"WebSite","@id":"https:\/\/experienciadevida.com.ar\/portalurbano\/#website","url":"https:\/\/experienciadevida.com.ar\/portalurbano\/","name":"","description":"","publisher":{"@id":"https:\/\/experienciadevida.com.ar\/portalurbano\/#organization"},"potentialAction":[{"@type":"SearchAction","target":{"@type":"EntryPoint","urlTemplate":"https:\/\/experienciadevida.com.ar\/portalurbano\/?s={search_term_string}"},"query-input":"required name=search_term_string"}],"inLanguage":"es"},{"@type":"Organization","@id":"https:\/\/experienciadevida.com.ar\/portalurbano\/#organization","name":"Portal Urbano","url":"https:\/\/experienciadevida.com.ar\/portalurbano\/","logo":{"@type":"ImageObject","inLanguage":"es","@id":"https:\/\/experienciadevida.com.ar\/portalurbano\/#\/schema\/logo\/image\/","url":"https:\/\/experienciadevida.com.ar\/portalurbano\/wp-content\/uploads\/2019\/09\/Logo-Original.png","contentUrl":"https:\/\/experienciadevida.com.ar\/portalurbano\/wp-content\/uploads\/2019\/09\/Logo-Original.png","width":2236,"height":1216,"caption":"Portal Urbano"},"image":{"@id":"https:\/\/experienciadevida.com.ar\/portalurbano\/#\/schema\/logo\/image\/"},"sameAs":["https:\/\/www.facebook.com\/Portal-Urbano-171542830093757\/","https:\/\/twitter.com\/portalurbanook","https:\/\/www.instagram.com\/_portalurbano\/","https:\/\/www.youtube.com\/channel\/UCXhagIfszH8KxFiOok79zbA?view_as=subscriber"]},{"@type":"Person","@id":"https:\/\/experienciadevida.com.ar\/portalurbano\/#\/schema\/person\/02dd326b1c4b056e9cc972486934a3a7","name":"admpu17wp","image":{"@type":"ImageObject","inLanguage":"es","@id":"https:\/\/experienciadevida.com.ar\/portalurbano\/#\/schema\/person\/image\/","url":"https:\/\/secure.gravatar.com\/avatar\/830d4c57adaae6630765e449a6908047?s=96&d=mm&r=g","contentUrl":"https:\/\/secure.gravatar.com\/avatar\/830d4c57adaae6630765e449a6908047?s=96&d=mm&r=g","caption":"admpu17wp"}}]}},"featured_image_urls":{"full":["https:\/\/experienciadevida.com.ar\/portalurbano\/wp-content\/uploads\/2022\/07\/El-FOL-tambien-marcho.jpg",960,720,false],"thumbnail":["https:\/\/experienciadevida.com.ar\/portalurbano\/wp-content\/uploads\/2022\/07\/El-FOL-tambien-marcho-150x150.jpg",150,150,true],"medium":["https:\/\/experienciadevida.com.ar\/portalurbano\/wp-content\/uploads\/2022\/07\/El-FOL-tambien-marcho-300x225.jpg",300,225,true],"medium_large":["https:\/\/experienciadevida.com.ar\/portalurbano\/wp-content\/uploads\/2022\/07\/El-FOL-tambien-marcho-768x576.jpg",640,480,true],"large":["https:\/\/experienciadevida.com.ar\/portalurbano\/wp-content\/uploads\/2022\/07\/El-FOL-tambien-marcho.jpg",640,480,false],"ug_big":["https:\/\/experienciadevida.com.ar\/portalurbano\/wp-content\/uploads\/2022\/07\/El-FOL-tambien-marcho-768x576.jpg",768,576,true],"1536x1536":["https:\/\/experienciadevida.com.ar\/portalurbano\/wp-content\/uploads\/2022\/07\/El-FOL-tambien-marcho.jpg",960,720,false],"2048x2048":["https:\/\/experienciadevida.com.ar\/portalurbano\/wp-content\/uploads\/2022\/07\/El-FOL-tambien-marcho.jpg",960,720,false],"newsever-slider-full":["https:\/\/experienciadevida.com.ar\/portalurbano\/wp-content\/uploads\/2022\/07\/El-FOL-tambien-marcho.jpg",960,720,false],"newsever-featured":["https:\/\/experienciadevida.com.ar\/portalurbano\/wp-content\/uploads\/2022\/07\/El-FOL-tambien-marcho.jpg",960,720,false],"newsever-medium":["https:\/\/experienciadevida.com.ar\/portalurbano\/wp-content\/uploads\/2022\/07\/El-FOL-tambien-marcho.jpg",633,475,false],"web-stories-poster-portrait":["https:\/\/experienciadevida.com.ar\/portalurbano\/wp-content\/uploads\/2022\/07\/El-FOL-tambien-marcho-640x720.jpg",640,720,true],"web-stories-publisher-logo":["https:\/\/experienciadevida.com.ar\/portalurbano\/wp-content\/uploads\/2022\/07\/El-FOL-tambien-marcho-96x96.jpg",96,96,true],"web-stories-thumbnail":["https:\/\/experienciadevida.com.ar\/portalurbano\/wp-content\/uploads\/2022\/07\/El-FOL-tambien-marcho-150x113.jpg",150,113,true]},"author_info":{"display_name":"admpu17wp","author_link":"https:\/\/experienciadevida.com.ar\/portalurbano\/author\/admpu17wp\/"},"category_info":"<a href=\"https:\/\/experienciadevida.com.ar\/portalurbano\/category\/ciudad\/\" rel=\"category tag\">Ciudad<\/a> <a href=\"https:\/\/experienciadevida.com.ar\/portalurbano\/category\/destacadas-2\/\" rel=\"category tag\">Destacadas 2<\/a>","tag_info":"Destacadas 2","comment_count":"0","amp_enabled":true,"_links":{"self":[{"href":"https:\/\/experienciadevida.com.ar\/portalurbano\/wp-json\/wp\/v2\/posts\/172284"}],"collection":[{"href":"https:\/\/experienciadevida.com.ar\/portalurbano\/wp-json\/wp\/v2\/posts"}],"about":[{"href":"https:\/\/experienciadevida.com.ar\/portalurbano\/wp-json\/wp\/v2\/types\/post"}],"author":[{"embeddable":true,"href":"https:\/\/experienciadevida.com.ar\/portalurbano\/wp-json\/wp\/v2\/users\/1"}],"replies":[{"embeddable":true,"href":"https:\/\/experienciadevida.com.ar\/portalurbano\/wp-json\/wp\/v2\/comments?post=172284"}],"version-history":[{"count":3,"href":"https:\/\/experienciadevida.com.ar\/portalurbano\/wp-json\/wp\/v2\/posts\/172284\/revisions"}],"predecessor-version":[{"id":172293,"href":"https:\/\/experienciadevida.com.ar\/portalurbano\/wp-json\/wp\/v2\/posts\/172284\/revisions\/172293"}],"wp:featuredmedia":[{"embeddable":true,"href":"https:\/\/experienciadevida.com.ar\/portalurbano\/wp-json\/wp\/v2\/media\/172285"}],"wp:attachment":[{"href":"https:\/\/experienciadevida.com.ar\/portalurbano\/wp-json\/wp\/v2\/media?parent=172284"}],"wp:term":[{"taxonomy":"category","embeddable":true,"href":"https:\/\/experienciadevida.com.ar\/portalurbano\/wp-json\/wp\/v2\/categories?post=172284"},{"taxonomy":"post_tag","embeddable":true,"href":"https:\/\/experienciadevida.com.ar\/portalurbano\/wp-json\/wp\/v2\/tags?post=172284"}],"curies":[{"name":"wp","href":"https:\/\/api.w.org\/{rel}","templated":true}]}}