{"id":172280,"date":"2022-07-28T13:51:10","date_gmt":"2022-07-28T16:51:10","guid":{"rendered":"https:\/\/experienciadevida.com.ar\/portalurbano\/?p=172280"},"modified":"2022-07-28T13:51:30","modified_gmt":"2022-07-28T16:51:30","slug":"parroquia-san-cayetano-con-una-novena-se-inician-las-fiestas-patronales-2022","status":"publish","type":"post","link":"https:\/\/experienciadevida.com.ar\/portalurbano\/parroquia-san-cayetano-con-una-novena-se-inician-las-fiestas-patronales-2022\/","title":{"rendered":"Parroquia San Cayetano: Con una Novena se inician las Fiestas Patronales 2022"},"content":{"rendered":"<p>Parroquia San Cayetano: Con una Novena se inician las Fiestas Patronales 2022, la Parroquia San Cayetano ubicada en el barrio CECO anunci\u00f3 el inicio de una Novena para preparar la Fiestas Patronales que se realizar\u00e1n el pr\u00f3ximo domingo 7 de agosto. La Novena se inicia ma\u00f1ana viernes 29.<\/p>\n<p>Este a\u00f1o el lema de las Fiestas Patronales de San Cayetano en Olavarr\u00eda es \u201cPaz, pan y trabajo. Por favor esc\u00fachanos\u201d.<br \/>\nCronograma<br \/>\nViernes 29 de julio<br \/>\n\u2022 18.00 hs. Novena y Misa. Rezamos Por los laicos. Se invita a los servidores del templo<br \/>\nS\u00e1bado 30 de julio<br \/>\n\u2022 18 hs. Novena y Misa<br \/>\nRezamos Por la paz y la justicia<br \/>\n\u2022 19 hs. canto y rezo: \u201cDe San Cayetano a los M\u00e1rtires Riojanos.\u201d, con m\u00fasicos locales invitados<br \/>\nDomingo 31 de julio<br \/>\n\u2022 10.30 hs. Novena y Misa<br \/>\nRezamos por los catequistas y las familias de la catequesis.<br \/>\n\u2022 18.00 hs. Novena y Misa<br \/>\nRezamos por los abuelos y personas mayores<br \/>\nPreside el padre Enrique Germade<br \/>\nLunes 1 de agosto<br \/>\n\u2022 18 hs Novena Y Misa<br \/>\nSan Cayetano cercano a los pobres<br \/>\nPreside padre Estanislao Fari\u00f1a<br \/>\nMartes 2 de agosto<br \/>\n\u2022 18 hs Novena y Misa<br \/>\nRezamos por los Difuntos<br \/>\nPreside padre Sebasti\u00e1n Briscioli<\/p>\n<p>Mi\u00e9rcoles 3 de agosto<br \/>\n\u2022 18 hs Novena y Misa<br \/>\nPor las instituciones educativas, vecinales, deportivas, comunitarias del barrio y la ciudad.<br \/>\nPreside padre H\u00e9ctor Vallejo<br \/>\nJueves 4 de agosto<br \/>\n\u2022 18 hs Novena y Misa Por los sacerdotes, por las vocaciones, por los seminaristas y consagradas.<br \/>\n\u2022 20 hs. Cena a la canasta abierta a la comunidad<br \/>\nViernes 5 de agosto<br \/>\n\u2022 18.00 hs. Novena y Misa<br \/>\nPor los enfermos. Se administrar\u00e1 la SANTA UNCI\u00d3N<br \/>\nPreside padre Jos\u00e9 Mar\u00eda Quatrocchio<br \/>\nS\u00e1bado 6 de agosto<br \/>\n\u2022 14.30 Bicicleteada de la catequesis. Chicos y sus familias. Salimos de San Cayetano y pasamos por las capillas San Antonio y Perpetuo Socorro.<br \/>\n\u2022 17 hs Misa en capilla San Antonio<br \/>\nRezamos por la Patria Grande Latinoamericana. Junto al centro de residentes bolivianos celebramos a la Virgen de Copacabana.<br \/>\n\u2022 17.45 marcha hacia la sede de la Asociaci\u00f3n de Residentes Bolivianos en Olavarr\u00eda (Santa Cruz y pelegrino).<br \/>\nDomingo 7: Festividad de San Cayetano<br \/>\n10.30 hs. Santa Misa presidida por el obispo Hugo Manuel Salaberry<br \/>\n14.00 hs. Santa Misa<br \/>\n15.00 hs. Procesi\u00f3n. Salimos de la plaza junto al CIC del barrio Luz y Fuerza<br \/>\n16.00 hs. Santa Misa<br \/>\n19.00 hs. Santa Misa<br \/>\nRezo del rosario, bendiciones y confesiones durante todo el d\u00eda<br \/>\n\u2022 Feria del plato<br \/>\n\u2022 Pollada (entrega a las 13 hs) Se requiere reservar tarjeta previamente<br \/>\n\u2022 De 10 a 17 hs. Feria de C\u00e1ritas<br \/>\nM\u00e1s informaci\u00f3n en la Parroquia San Cayetano (Rossi 5025, barrio CECO) tel\u00e9fono 450122.<\/p>\n","protected":false},"excerpt":{"rendered":"<p>Parroquia San Cayetano: Con una Novena se inician las Fiestas Patronales 2022, la Parroquia San&#8230;<\/p>\n","protected":false},"author":1,"featured_media":172281,"comment_status":"closed","ping_status":"closed","sticky":false,"template":"","format":"standard","meta":{"content-type":""},"categories":[27],"tags":[],"nelio_content":{"isAutoShareEnabled":false,"autoShareEndMode":"default","automationSources":{"useContentSentences":true,"useSocialTemplates":true,"useCustomSentences":false,"customSentences":[]},"followers":[1],"suggestedReferences":[],"includedReferences":[],"efiUrl":"","efiAlt":"","highlights":[]},"yoast_head":"<!-- This site is optimized with the Yoast SEO plugin v20.7 - https:\/\/yoast.com\/wordpress\/plugins\/seo\/ -->\n<title>Parroquia San Cayetano: Con una novena se inician las fiestas<\/title>\n<meta name=\"description\" content=\"Parroquia San Cayetano: Con una Novena se inician las Fiestas Patronales 2022, la Parroquia San Cayetano ubicada en el barrio CECO\" \/>\n<meta name=\"robots\" content=\"index, follow, max-snippet:-1, max-image-preview:large, max-video-preview:-1\" \/>\n<link rel=\"canonical\" href=\"https:\/\/experienciadevida.com.ar\/portalurbano\/parroquia-san-cayetano-con-una-novena-se-inician-las-fiestas-patronales-2022\/\" \/>\n<meta property=\"og:locale\" content=\"es_ES\" \/>\n<meta property=\"og:type\" content=\"article\" \/>\n<meta property=\"og:title\" content=\"Parroquia San Cayetano: Con una novena se inician las fiestas\" \/>\n<meta property=\"og:description\" content=\"Parroquia San Cayetano: Con una Novena se inician las Fiestas Patronales 2022, la Parroquia San Cayetano ubicada en el barrio CECO\" \/>\n<meta property=\"og:url\" content=\"https:\/\/experienciadevida.com.ar\/portalurbano\/parroquia-san-cayetano-con-una-novena-se-inician-las-fiestas-patronales-2022\/\" \/>\n<meta property=\"article:publisher\" content=\"https:\/\/www.facebook.com\/Portal-Urbano-171542830093757\/\" \/>\n<meta property=\"article:published_time\" content=\"2022-07-28T16:51:10+00:00\" \/>\n<meta property=\"article:modified_time\" content=\"2022-07-28T16:51:30+00:00\" \/>\n<meta property=\"og:image\" content=\"https:\/\/experienciadevida.com.ar\/portalurbano\/wp-content\/uploads\/2022\/07\/Parroquia-San-Cayetano.jpeg\" \/>\n\t<meta property=\"og:image:width\" content=\"888\" \/>\n\t<meta property=\"og:image:height\" content=\"548\" \/>\n\t<meta property=\"og:image:type\" content=\"image\/jpeg\" \/>\n<meta name=\"author\" content=\"admpu17wp\" \/>\n<meta name=\"twitter:card\" content=\"summary_large_image\" \/>\n<meta name=\"twitter:creator\" content=\"@portalurbanook\" \/>\n<meta name=\"twitter:site\" content=\"@portalurbanook\" \/>\n<meta name=\"twitter:label1\" content=\"Escrito por\" \/>\n\t<meta name=\"twitter:data1\" content=\"admpu17wp\" \/>\n\t<meta name=\"twitter:label2\" content=\"Tiempo de lectura\" \/>\n\t<meta name=\"twitter:data2\" content=\"3 minutos\" \/>\n<script type=\"application\/ld+json\" class=\"yoast-schema-graph\">{\"@context\":\"https:\/\/schema.org\",\"@graph\":[{\"@type\":\"Article\",\"@id\":\"https:\/\/experienciadevida.com.ar\/portalurbano\/parroquia-san-cayetano-con-una-novena-se-inician-las-fiestas-patronales-2022\/#article\",\"isPartOf\":{\"@id\":\"https:\/\/experienciadevida.com.ar\/portalurbano\/parroquia-san-cayetano-con-una-novena-se-inician-las-fiestas-patronales-2022\/\"},\"author\":{\"name\":\"admpu17wp\",\"@id\":\"https:\/\/experienciadevida.com.ar\/portalurbano\/#\/schema\/person\/02dd326b1c4b056e9cc972486934a3a7\"},\"headline\":\"Parroquia San Cayetano: Con una Novena se inician las Fiestas Patronales 2022\",\"datePublished\":\"2022-07-28T16:51:10+00:00\",\"dateModified\":\"2022-07-28T16:51:30+00:00\",\"mainEntityOfPage\":{\"@id\":\"https:\/\/experienciadevida.com.ar\/portalurbano\/parroquia-san-cayetano-con-una-novena-se-inician-las-fiestas-patronales-2022\/\"},\"wordCount\":427,\"publisher\":{\"@id\":\"https:\/\/experienciadevida.com.ar\/portalurbano\/#organization\"},\"articleSection\":[\"Ciudad\"],\"inLanguage\":\"es\"},{\"@type\":\"WebPage\",\"@id\":\"https:\/\/experienciadevida.com.ar\/portalurbano\/parroquia-san-cayetano-con-una-novena-se-inician-las-fiestas-patronales-2022\/\",\"url\":\"https:\/\/experienciadevida.com.ar\/portalurbano\/parroquia-san-cayetano-con-una-novena-se-inician-las-fiestas-patronales-2022\/\",\"name\":\"Parroquia San Cayetano: Con una novena se inician las fiestas\",\"isPartOf\":{\"@id\":\"https:\/\/experienciadevida.com.ar\/portalurbano\/#website\"},\"datePublished\":\"2022-07-28T16:51:10+00:00\",\"dateModified\":\"2022-07-28T16:51:30+00:00\",\"description\":\"Parroquia San Cayetano: Con una Novena se inician las Fiestas Patronales 2022, la Parroquia San Cayetano ubicada en el barrio CECO\",\"breadcrumb\":{\"@id\":\"https:\/\/experienciadevida.com.ar\/portalurbano\/parroquia-san-cayetano-con-una-novena-se-inician-las-fiestas-patronales-2022\/#breadcrumb\"},\"inLanguage\":\"es\",\"potentialAction\":[{\"@type\":\"ReadAction\",\"target\":[\"https:\/\/experienciadevida.com.ar\/portalurbano\/parroquia-san-cayetano-con-una-novena-se-inician-las-fiestas-patronales-2022\/\"]}]},{\"@type\":\"BreadcrumbList\",\"@id\":\"https:\/\/experienciadevida.com.ar\/portalurbano\/parroquia-san-cayetano-con-una-novena-se-inician-las-fiestas-patronales-2022\/#breadcrumb\",\"itemListElement\":[{\"@type\":\"ListItem\",\"position\":1,\"name\":\"Portada\",\"item\":\"https:\/\/experienciadevida.com.ar\/portalurbano\/\"},{\"@type\":\"ListItem\",\"position\":2,\"name\":\"Parroquia San Cayetano: Con una Novena se inician las Fiestas Patronales 2022\"}]},{\"@type\":\"WebSite\",\"@id\":\"https:\/\/experienciadevida.com.ar\/portalurbano\/#website\",\"url\":\"https:\/\/experienciadevida.com.ar\/portalurbano\/\",\"name\":\"\",\"description\":\"\",\"publisher\":{\"@id\":\"https:\/\/experienciadevida.com.ar\/portalurbano\/#organization\"},\"potentialAction\":[{\"@type\":\"SearchAction\",\"target\":{\"@type\":\"EntryPoint\",\"urlTemplate\":\"https:\/\/experienciadevida.com.ar\/portalurbano\/?s={search_term_string}\"},\"query-input\":\"required name=search_term_string\"}],\"inLanguage\":\"es\"},{\"@type\":\"Organization\",\"@id\":\"https:\/\/experienciadevida.com.ar\/portalurbano\/#organization\",\"name\":\"Portal Urbano\",\"url\":\"https:\/\/experienciadevida.com.ar\/portalurbano\/\",\"logo\":{\"@type\":\"ImageObject\",\"inLanguage\":\"es\",\"@id\":\"https:\/\/experienciadevida.com.ar\/portalurbano\/#\/schema\/logo\/image\/\",\"url\":\"https:\/\/experienciadevida.com.ar\/portalurbano\/wp-content\/uploads\/2019\/09\/Logo-Original.png\",\"contentUrl\":\"https:\/\/experienciadevida.com.ar\/portalurbano\/wp-content\/uploads\/2019\/09\/Logo-Original.png\",\"width\":2236,\"height\":1216,\"caption\":\"Portal Urbano\"},\"image\":{\"@id\":\"https:\/\/experienciadevida.com.ar\/portalurbano\/#\/schema\/logo\/image\/\"},\"sameAs\":[\"https:\/\/www.facebook.com\/Portal-Urbano-171542830093757\/\",\"https:\/\/twitter.com\/portalurbanook\",\"https:\/\/www.instagram.com\/_portalurbano\/\",\"https:\/\/www.youtube.com\/channel\/UCXhagIfszH8KxFiOok79zbA?view_as=subscriber\"]},{\"@type\":\"Person\",\"@id\":\"https:\/\/experienciadevida.com.ar\/portalurbano\/#\/schema\/person\/02dd326b1c4b056e9cc972486934a3a7\",\"name\":\"admpu17wp\",\"image\":{\"@type\":\"ImageObject\",\"inLanguage\":\"es\",\"@id\":\"https:\/\/experienciadevida.com.ar\/portalurbano\/#\/schema\/person\/image\/\",\"url\":\"https:\/\/secure.gravatar.com\/avatar\/830d4c57adaae6630765e449a6908047?s=96&d=mm&r=g\",\"contentUrl\":\"https:\/\/secure.gravatar.com\/avatar\/830d4c57adaae6630765e449a6908047?s=96&d=mm&r=g\",\"caption\":\"admpu17wp\"}}]}<\/script>\n<!-- \/ Yoast SEO plugin. -->","yoast_head_json":{"title":"Parroquia San Cayetano: Con una novena se inician las fiestas","description":"Parroquia San Cayetano: Con una Novena se inician las Fiestas Patronales 2022, la Parroquia San Cayetano ubicada en el barrio CECO","robots":{"index":"index","follow":"follow","max-snippet":"max-snippet:-1","max-image-preview":"max-image-preview:large","max-video-preview":"max-video-preview:-1"},"canonical":"https:\/\/experienciadevida.com.ar\/portalurbano\/parroquia-san-cayetano-con-una-novena-se-inician-las-fiestas-patronales-2022\/","og_locale":"es_ES","og_type":"article","og_title":"Parroquia San Cayetano: Con una novena se inician las fiestas","og_description":"Parroquia San Cayetano: Con una Novena se inician las Fiestas Patronales 2022, la Parroquia San Cayetano ubicada en el barrio CECO","og_url":"https:\/\/experienciadevida.com.ar\/portalurbano\/parroquia-san-cayetano-con-una-novena-se-inician-las-fiestas-patronales-2022\/","article_publisher":"https:\/\/www.facebook.com\/Portal-Urbano-171542830093757\/","article_published_time":"2022-07-28T16:51:10+00:00","article_modified_time":"2022-07-28T16:51:30+00:00","og_image":[{"width":888,"height":548,"url":"https:\/\/experienciadevida.com.ar\/portalurbano\/wp-content\/uploads\/2022\/07\/Parroquia-San-Cayetano.jpeg","type":"image\/jpeg"}],"author":"admpu17wp","twitter_card":"summary_large_image","twitter_creator":"@portalurbanook","twitter_site":"@portalurbanook","twitter_misc":{"Escrito por":"admpu17wp","Tiempo de lectura":"3 minutos"},"schema":{"@context":"https:\/\/schema.org","@graph":[{"@type":"Article","@id":"https:\/\/experienciadevida.com.ar\/portalurbano\/parroquia-san-cayetano-con-una-novena-se-inician-las-fiestas-patronales-2022\/#article","isPartOf":{"@id":"https:\/\/experienciadevida.com.ar\/portalurbano\/parroquia-san-cayetano-con-una-novena-se-inician-las-fiestas-patronales-2022\/"},"author":{"name":"admpu17wp","@id":"https:\/\/experienciadevida.com.ar\/portalurbano\/#\/schema\/person\/02dd326b1c4b056e9cc972486934a3a7"},"headline":"Parroquia San Cayetano: Con una Novena se inician las Fiestas Patronales 2022","datePublished":"2022-07-28T16:51:10+00:00","dateModified":"2022-07-28T16:51:30+00:00","mainEntityOfPage":{"@id":"https:\/\/experienciadevida.com.ar\/portalurbano\/parroquia-san-cayetano-con-una-novena-se-inician-las-fiestas-patronales-2022\/"},"wordCount":427,"publisher":{"@id":"https:\/\/experienciadevida.com.ar\/portalurbano\/#organization"},"articleSection":["Ciudad"],"inLanguage":"es"},{"@type":"WebPage","@id":"https:\/\/experienciadevida.com.ar\/portalurbano\/parroquia-san-cayetano-con-una-novena-se-inician-las-fiestas-patronales-2022\/","url":"https:\/\/experienciadevida.com.ar\/portalurbano\/parroquia-san-cayetano-con-una-novena-se-inician-las-fiestas-patronales-2022\/","name":"Parroquia San Cayetano: Con una novena se inician las fiestas","isPartOf":{"@id":"https:\/\/experienciadevida.com.ar\/portalurbano\/#website"},"datePublished":"2022-07-28T16:51:10+00:00","dateModified":"2022-07-28T16:51:30+00:00","description":"Parroquia San Cayetano: Con una Novena se inician las Fiestas Patronales 2022, la Parroquia San Cayetano ubicada en el barrio CECO","breadcrumb":{"@id":"https:\/\/experienciadevida.com.ar\/portalurbano\/parroquia-san-cayetano-con-una-novena-se-inician-las-fiestas-patronales-2022\/#breadcrumb"},"inLanguage":"es","potentialAction":[{"@type":"ReadAction","target":["https:\/\/experienciadevida.com.ar\/portalurbano\/parroquia-san-cayetano-con-una-novena-se-inician-las-fiestas-patronales-2022\/"]}]},{"@type":"BreadcrumbList","@id":"https:\/\/experienciadevida.com.ar\/portalurbano\/parroquia-san-cayetano-con-una-novena-se-inician-las-fiestas-patronales-2022\/#breadcrumb","itemListElement":[{"@type":"ListItem","position":1,"name":"Portada","item":"https:\/\/experienciadevida.com.ar\/portalurbano\/"},{"@type":"ListItem","position":2,"name":"Parroquia San Cayetano: Con una Novena se inician las Fiestas Patronales 2022"}]},{"@type":"WebSite","@id":"https:\/\/experienciadevida.com.ar\/portalurbano\/#website","url":"https:\/\/experienciadevida.com.ar\/portalurbano\/","name":"","description":"","publisher":{"@id":"https:\/\/experienciadevida.com.ar\/portalurbano\/#organization"},"potentialAction":[{"@type":"SearchAction","target":{"@type":"EntryPoint","urlTemplate":"https:\/\/experienciadevida.com.ar\/portalurbano\/?s={search_term_string}"},"query-input":"required name=search_term_string"}],"inLanguage":"es"},{"@type":"Organization","@id":"https:\/\/experienciadevida.com.ar\/portalurbano\/#organization","name":"Portal Urbano","url":"https:\/\/experienciadevida.com.ar\/portalurbano\/","logo":{"@type":"ImageObject","inLanguage":"es","@id":"https:\/\/experienciadevida.com.ar\/portalurbano\/#\/schema\/logo\/image\/","url":"https:\/\/experienciadevida.com.ar\/portalurbano\/wp-content\/uploads\/2019\/09\/Logo-Original.png","contentUrl":"https:\/\/experienciadevida.com.ar\/portalurbano\/wp-content\/uploads\/2019\/09\/Logo-Original.png","width":2236,"height":1216,"caption":"Portal Urbano"},"image":{"@id":"https:\/\/experienciadevida.com.ar\/portalurbano\/#\/schema\/logo\/image\/"},"sameAs":["https:\/\/www.facebook.com\/Portal-Urbano-171542830093757\/","https:\/\/twitter.com\/portalurbanook","https:\/\/www.instagram.com\/_portalurbano\/","https:\/\/www.youtube.com\/channel\/UCXhagIfszH8KxFiOok79zbA?view_as=subscriber"]},{"@type":"Person","@id":"https:\/\/experienciadevida.com.ar\/portalurbano\/#\/schema\/person\/02dd326b1c4b056e9cc972486934a3a7","name":"admpu17wp","image":{"@type":"ImageObject","inLanguage":"es","@id":"https:\/\/experienciadevida.com.ar\/portalurbano\/#\/schema\/person\/image\/","url":"https:\/\/secure.gravatar.com\/avatar\/830d4c57adaae6630765e449a6908047?s=96&d=mm&r=g","contentUrl":"https:\/\/secure.gravatar.com\/avatar\/830d4c57adaae6630765e449a6908047?s=96&d=mm&r=g","caption":"admpu17wp"}}]}},"featured_image_urls":{"full":["https:\/\/experienciadevida.com.ar\/portalurbano\/wp-content\/uploads\/2022\/07\/Parroquia-San-Cayetano.jpeg",888,548,false],"thumbnail":["https:\/\/experienciadevida.com.ar\/portalurbano\/wp-content\/uploads\/2022\/07\/Parroquia-San-Cayetano-150x150.jpeg",150,150,true],"medium":["https:\/\/experienciadevida.com.ar\/portalurbano\/wp-content\/uploads\/2022\/07\/Parroquia-San-Cayetano-300x185.jpeg",300,185,true],"medium_large":["https:\/\/experienciadevida.com.ar\/portalurbano\/wp-content\/uploads\/2022\/07\/Parroquia-San-Cayetano-768x474.jpeg",640,395,true],"large":["https:\/\/experienciadevida.com.ar\/portalurbano\/wp-content\/uploads\/2022\/07\/Parroquia-San-Cayetano.jpeg",640,395,false],"ug_big":["https:\/\/experienciadevida.com.ar\/portalurbano\/wp-content\/uploads\/2022\/07\/Parroquia-San-Cayetano-768x474.jpeg",768,474,true],"1536x1536":["https:\/\/experienciadevida.com.ar\/portalurbano\/wp-content\/uploads\/2022\/07\/Parroquia-San-Cayetano.jpeg",888,548,false],"2048x2048":["https:\/\/experienciadevida.com.ar\/portalurbano\/wp-content\/uploads\/2022\/07\/Parroquia-San-Cayetano.jpeg",888,548,false],"newsever-slider-full":["https:\/\/experienciadevida.com.ar\/portalurbano\/wp-content\/uploads\/2022\/07\/Parroquia-San-Cayetano.jpeg",888,548,false],"newsever-featured":["https:\/\/experienciadevida.com.ar\/portalurbano\/wp-content\/uploads\/2022\/07\/Parroquia-San-Cayetano.jpeg",888,548,false],"newsever-medium":["https:\/\/experienciadevida.com.ar\/portalurbano\/wp-content\/uploads\/2022\/07\/Parroquia-San-Cayetano.jpeg",720,444,false],"web-stories-poster-portrait":["https:\/\/experienciadevida.com.ar\/portalurbano\/wp-content\/uploads\/2022\/07\/Parroquia-San-Cayetano-640x548.jpeg",640,548,true],"web-stories-publisher-logo":["https:\/\/experienciadevida.com.ar\/portalurbano\/wp-content\/uploads\/2022\/07\/Parroquia-San-Cayetano-96x96.jpeg",96,96,true],"web-stories-thumbnail":["https:\/\/experienciadevida.com.ar\/portalurbano\/wp-content\/uploads\/2022\/07\/Parroquia-San-Cayetano-150x93.jpeg",150,93,true]},"author_info":{"display_name":"admpu17wp","author_link":"https:\/\/experienciadevida.com.ar\/portalurbano\/author\/admpu17wp\/"},"category_info":"<a href=\"https:\/\/experienciadevida.com.ar\/portalurbano\/category\/ciudad\/\" rel=\"category tag\">Ciudad<\/a>","tag_info":"Ciudad","comment_count":"0","amp_enabled":true,"_links":{"self":[{"href":"https:\/\/experienciadevida.com.ar\/portalurbano\/wp-json\/wp\/v2\/posts\/172280"}],"collection":[{"href":"https:\/\/experienciadevida.com.ar\/portalurbano\/wp-json\/wp\/v2\/posts"}],"about":[{"href":"https:\/\/experienciadevida.com.ar\/portalurbano\/wp-json\/wp\/v2\/types\/post"}],"author":[{"embeddable":true,"href":"https:\/\/experienciadevida.com.ar\/portalurbano\/wp-json\/wp\/v2\/users\/1"}],"replies":[{"embeddable":true,"href":"https:\/\/experienciadevida.com.ar\/portalurbano\/wp-json\/wp\/v2\/comments?post=172280"}],"version-history":[{"count":2,"href":"https:\/\/experienciadevida.com.ar\/portalurbano\/wp-json\/wp\/v2\/posts\/172280\/revisions"}],"predecessor-version":[{"id":172283,"href":"https:\/\/experienciadevida.com.ar\/portalurbano\/wp-json\/wp\/v2\/posts\/172280\/revisions\/172283"}],"wp:featuredmedia":[{"embeddable":true,"href":"https:\/\/experienciadevida.com.ar\/portalurbano\/wp-json\/wp\/v2\/media\/172281"}],"wp:attachment":[{"href":"https:\/\/experienciadevida.com.ar\/portalurbano\/wp-json\/wp\/v2\/media?parent=172280"}],"wp:term":[{"taxonomy":"category","embeddable":true,"href":"https:\/\/experienciadevida.com.ar\/portalurbano\/wp-json\/wp\/v2\/categories?post=172280"},{"taxonomy":"post_tag","embeddable":true,"href":"https:\/\/experienciadevida.com.ar\/portalurbano\/wp-json\/wp\/v2\/tags?post=172280"}],"curies":[{"name":"wp","href":"https:\/\/api.w.org\/{rel}","templated":true}]}}