{"id":172259,"date":"2022-07-28T12:51:59","date_gmt":"2022-07-28T15:51:59","guid":{"rendered":"https:\/\/experienciadevida.com.ar\/portalurbano\/?p=172259"},"modified":"2022-07-28T12:56:15","modified_gmt":"2022-07-28T15:56:15","slug":"sumate-al-giromovil-y-vivi-la-experienciagiro","status":"publish","type":"post","link":"https:\/\/experienciadevida.com.ar\/portalurbano\/sumate-al-giromovil-y-vivi-la-experienciagiro\/","title":{"rendered":"Sumate al #GIROM\u00f3vil y viv\u00ed la #ExperienciaGIRO"},"content":{"rendered":"<p>Sumate al #GIROM\u00f3vil y viv\u00ed la #ExperienciaGIRO, desde el Programa GIRO, dependiente de la Direcci\u00f3n de Desarrollo Sustentable de la Municipalidad de Olavarr\u00eda, se anunci\u00f3 la puesta en marcha del GIROM\u00f3vil, un banco de recepci\u00f3n itinerante de materiales reciclables y compostables, que tendr\u00e1 su primera edici\u00f3n el pr\u00f3ximo s\u00e1bado 6 de agosto, de 14 a 17 horas, en el Club Atl\u00e9tico Estudiantes (Av. Del Valle y Lavalle).<\/p>\n<p>Se enfatiz\u00f3 que con esta iniciativa se buscar\u00e1 acercar la #ExperienciaGIRO a los vecinos de todos los barrios y localidades de Olavarr\u00eda que todav\u00eda no fueron alcanzados por el Programa, con el objetivo de incentivar la separaci\u00f3n de residuos a trav\u00e9s de las diferentes estaciones que propone el GIROM\u00f3vil, que se vinculan con el esquema de los 3 pasos para una ciudad m\u00e1s sustentable.<\/p>\n<p>El GIROM\u00f3vil solo funcionar\u00e1 con residuos reciclables y compostables separados, es decir, que, si no se carga de estos materiales, no podr\u00e1 arrancar para cumplir el recorrido. Por eso, para que pueda llegar a su destino, ser\u00e1 muy importante la participaci\u00f3n de la comunidad, sean adultos, j\u00f3venes o ni\u00f1os.<\/p>\n<p>La primera Estaci\u00f3n ser\u00e1 \u201cSepar\u00e1 tus residuos\u201d, por lo que los vecinos participantes tendr\u00e1n que separar en sus hogares o comercios los residuos en tres corrientes: reciclables, compostables y basura. Reciclables y compostables se aceptar\u00e1n en el GIROM\u00f3vil, mientras que la basura quedar\u00e1 en casa.<\/p>\n<p>Pueden reciclarse envoltorios, potes y envases pl\u00e1sticos, latas (aluminio y conservas), botellas de pl\u00e1stico, papeles y cart\u00f3n, bolsas de nylon, retazos de tela, aerosoles, tetrabrik, telgopor y vidrios. En los residuos org\u00e1nicos ir\u00e1n c\u00e1scaras y restos de verduras y frutas, pastos y restos de poda peque\u00f1os, c\u00e1scaras de huevo, yerba, caf\u00e9 y t\u00e9.<\/p>\n<p>Para la separaci\u00f3n en el hogar se sugiere organizar los espacios de manera f\u00e1cil y sencilla a trav\u00e9s de la utilizaci\u00f3n de elementos que se tienen a mano y que pueden servir como recipientes de reciclables y compostables. Adem\u00e1s, esta organizaci\u00f3n resultar\u00e1 c\u00f3moda al momento de acercar los residuos al GIROM\u00f3vil y cumplir con el objetivo de la primera Estaci\u00f3n.<\/p>\n<p>Sumate al #GIROM\u00f3vil y viv\u00ed la #ExperienciaGIRO, el d\u00eda del evento, desde GIRO y con la participaci\u00f3n de integrantes del Club, no s\u00f3lo se recibir\u00e1n materiales, sino que adem\u00e1s se compartir\u00e1 una charla, ocasi\u00f3n en la que se podr\u00e1n escuchar inquietudes y responder dudas sobre el reciclaje a trav\u00e9s de materiales did\u00e1cticos. Asimismo, se entregar\u00e1n stickers, folletos y ecobolsas de GIRO para seguir acompa\u00f1ando la separaci\u00f3n de quienes se acerquen con sus materiales.<\/p>\n<p>Pueden acercarse en familia, con amigos, con sus vecinos o solos; en auto, en moto, en bicicleta, en monopat\u00edn, en rollers, caminando, \u00a1en lo que tengan ganas! Se espera que todos puedan vivir esta jornada de reciclaje para lograr una ciudad m\u00e1s sustentable y ayudar a que el GIROM\u00f3vil complete su recorrido hacia la pr\u00f3xima Estaci\u00f3n: las \u201cPlantas de clasificaci\u00f3n y compostaje\u201d.<\/p>\n<p>Para m\u00e1s informaci\u00f3n sobre la actividad, pueden comunicarse con la Direcci\u00f3n de Desarrollo Sustentable dependiente de la Secretaria de Desarrollo Econ\u00f3mico del municipio al 412600. Correo electr\u00f3nico: gestionambiental@olavarria.gov.ar. Redes sociales: @desarrollosustentableolavarria @giro.olavarria<\/p>\n","protected":false},"excerpt":{"rendered":"<p>Sumate al #GIROM\u00f3vil y viv\u00ed la #ExperienciaGIRO, desde el Programa GIRO, dependiente de la Direcci\u00f3n&#8230;<\/p>\n","protected":false},"author":1,"featured_media":172260,"comment_status":"closed","ping_status":"closed","sticky":false,"template":"","format":"standard","meta":{"content-type":""},"categories":[27,64],"tags":[],"nelio_content":{"isAutoShareEnabled":false,"autoShareEndMode":"default","automationSources":{"useContentSentences":true,"useSocialTemplates":true,"useCustomSentences":false,"customSentences":[]},"followers":[1],"suggestedReferences":[],"includedReferences":[],"efiUrl":"","efiAlt":"","highlights":[]},"yoast_head":"<!-- This site is optimized with the Yoast SEO plugin v20.7 - https:\/\/yoast.com\/wordpress\/plugins\/seo\/ -->\n<title>Sumate al #GIROM\u00f3vil y viv\u00ed la #ExperienciaGIRO<\/title>\n<meta name=\"description\" content=\"Sumate al #GIROM\u00f3vil y viv\u00ed la #ExperienciaGIRO, desde el Programa GIRO, dependiente de la Direcci\u00f3n de Desarrollo\" \/>\n<meta name=\"robots\" content=\"index, follow, max-snippet:-1, max-image-preview:large, max-video-preview:-1\" \/>\n<link rel=\"canonical\" href=\"https:\/\/experienciadevida.com.ar\/portalurbano\/sumate-al-giromovil-y-vivi-la-experienciagiro\/\" \/>\n<meta property=\"og:locale\" content=\"es_ES\" \/>\n<meta property=\"og:type\" content=\"article\" \/>\n<meta property=\"og:title\" content=\"Sumate al #GIROM\u00f3vil y viv\u00ed la #ExperienciaGIRO\" \/>\n<meta property=\"og:description\" content=\"Sumate al #GIROM\u00f3vil y viv\u00ed la #ExperienciaGIRO, desde el Programa GIRO, dependiente de la Direcci\u00f3n de Desarrollo\" \/>\n<meta property=\"og:url\" content=\"https:\/\/experienciadevida.com.ar\/portalurbano\/sumate-al-giromovil-y-vivi-la-experienciagiro\/\" \/>\n<meta property=\"article:publisher\" content=\"https:\/\/www.facebook.com\/Portal-Urbano-171542830093757\/\" \/>\n<meta property=\"article:published_time\" content=\"2022-07-28T15:51:59+00:00\" \/>\n<meta property=\"article:modified_time\" content=\"2022-07-28T15:56:15+00:00\" \/>\n<meta property=\"og:image\" content=\"https:\/\/experienciadevida.com.ar\/portalurbano\/wp-content\/uploads\/2022\/07\/Sumate-al.jpg\" \/>\n\t<meta property=\"og:image:width\" content=\"1024\" \/>\n\t<meta property=\"og:image:height\" content=\"682\" \/>\n\t<meta property=\"og:image:type\" content=\"image\/jpeg\" \/>\n<meta name=\"author\" content=\"admpu17wp\" \/>\n<meta name=\"twitter:card\" content=\"summary_large_image\" \/>\n<meta name=\"twitter:creator\" content=\"@portalurbanook\" \/>\n<meta name=\"twitter:site\" content=\"@portalurbanook\" \/>\n<meta name=\"twitter:label1\" content=\"Escrito por\" \/>\n\t<meta name=\"twitter:data1\" content=\"admpu17wp\" \/>\n\t<meta name=\"twitter:label2\" content=\"Tiempo de lectura\" \/>\n\t<meta name=\"twitter:data2\" content=\"3 minutos\" \/>\n<script type=\"application\/ld+json\" class=\"yoast-schema-graph\">{\"@context\":\"https:\/\/schema.org\",\"@graph\":[{\"@type\":\"Article\",\"@id\":\"https:\/\/experienciadevida.com.ar\/portalurbano\/sumate-al-giromovil-y-vivi-la-experienciagiro\/#article\",\"isPartOf\":{\"@id\":\"https:\/\/experienciadevida.com.ar\/portalurbano\/sumate-al-giromovil-y-vivi-la-experienciagiro\/\"},\"author\":{\"name\":\"admpu17wp\",\"@id\":\"https:\/\/experienciadevida.com.ar\/portalurbano\/#\/schema\/person\/02dd326b1c4b056e9cc972486934a3a7\"},\"headline\":\"Sumate al #GIROM\u00f3vil y viv\u00ed la #ExperienciaGIRO\",\"datePublished\":\"2022-07-28T15:51:59+00:00\",\"dateModified\":\"2022-07-28T15:56:15+00:00\",\"mainEntityOfPage\":{\"@id\":\"https:\/\/experienciadevida.com.ar\/portalurbano\/sumate-al-giromovil-y-vivi-la-experienciagiro\/\"},\"wordCount\":576,\"publisher\":{\"@id\":\"https:\/\/experienciadevida.com.ar\/portalurbano\/#organization\"},\"articleSection\":[\"Ciudad\",\"Destacadas 2\"],\"inLanguage\":\"es\"},{\"@type\":\"WebPage\",\"@id\":\"https:\/\/experienciadevida.com.ar\/portalurbano\/sumate-al-giromovil-y-vivi-la-experienciagiro\/\",\"url\":\"https:\/\/experienciadevida.com.ar\/portalurbano\/sumate-al-giromovil-y-vivi-la-experienciagiro\/\",\"name\":\"Sumate al #GIROM\u00f3vil y viv\u00ed la #ExperienciaGIRO\",\"isPartOf\":{\"@id\":\"https:\/\/experienciadevida.com.ar\/portalurbano\/#website\"},\"datePublished\":\"2022-07-28T15:51:59+00:00\",\"dateModified\":\"2022-07-28T15:56:15+00:00\",\"description\":\"Sumate al #GIROM\u00f3vil y viv\u00ed la #ExperienciaGIRO, desde el Programa GIRO, dependiente de la Direcci\u00f3n de Desarrollo\",\"breadcrumb\":{\"@id\":\"https:\/\/experienciadevida.com.ar\/portalurbano\/sumate-al-giromovil-y-vivi-la-experienciagiro\/#breadcrumb\"},\"inLanguage\":\"es\",\"potentialAction\":[{\"@type\":\"ReadAction\",\"target\":[\"https:\/\/experienciadevida.com.ar\/portalurbano\/sumate-al-giromovil-y-vivi-la-experienciagiro\/\"]}]},{\"@type\":\"BreadcrumbList\",\"@id\":\"https:\/\/experienciadevida.com.ar\/portalurbano\/sumate-al-giromovil-y-vivi-la-experienciagiro\/#breadcrumb\",\"itemListElement\":[{\"@type\":\"ListItem\",\"position\":1,\"name\":\"Portada\",\"item\":\"https:\/\/experienciadevida.com.ar\/portalurbano\/\"},{\"@type\":\"ListItem\",\"position\":2,\"name\":\"Sumate al #GIROM\u00f3vil y viv\u00ed la #ExperienciaGIRO\"}]},{\"@type\":\"WebSite\",\"@id\":\"https:\/\/experienciadevida.com.ar\/portalurbano\/#website\",\"url\":\"https:\/\/experienciadevida.com.ar\/portalurbano\/\",\"name\":\"\",\"description\":\"\",\"publisher\":{\"@id\":\"https:\/\/experienciadevida.com.ar\/portalurbano\/#organization\"},\"potentialAction\":[{\"@type\":\"SearchAction\",\"target\":{\"@type\":\"EntryPoint\",\"urlTemplate\":\"https:\/\/experienciadevida.com.ar\/portalurbano\/?s={search_term_string}\"},\"query-input\":\"required name=search_term_string\"}],\"inLanguage\":\"es\"},{\"@type\":\"Organization\",\"@id\":\"https:\/\/experienciadevida.com.ar\/portalurbano\/#organization\",\"name\":\"Portal Urbano\",\"url\":\"https:\/\/experienciadevida.com.ar\/portalurbano\/\",\"logo\":{\"@type\":\"ImageObject\",\"inLanguage\":\"es\",\"@id\":\"https:\/\/experienciadevida.com.ar\/portalurbano\/#\/schema\/logo\/image\/\",\"url\":\"https:\/\/experienciadevida.com.ar\/portalurbano\/wp-content\/uploads\/2019\/09\/Logo-Original.png\",\"contentUrl\":\"https:\/\/experienciadevida.com.ar\/portalurbano\/wp-content\/uploads\/2019\/09\/Logo-Original.png\",\"width\":2236,\"height\":1216,\"caption\":\"Portal Urbano\"},\"image\":{\"@id\":\"https:\/\/experienciadevida.com.ar\/portalurbano\/#\/schema\/logo\/image\/\"},\"sameAs\":[\"https:\/\/www.facebook.com\/Portal-Urbano-171542830093757\/\",\"https:\/\/twitter.com\/portalurbanook\",\"https:\/\/www.instagram.com\/_portalurbano\/\",\"https:\/\/www.youtube.com\/channel\/UCXhagIfszH8KxFiOok79zbA?view_as=subscriber\"]},{\"@type\":\"Person\",\"@id\":\"https:\/\/experienciadevida.com.ar\/portalurbano\/#\/schema\/person\/02dd326b1c4b056e9cc972486934a3a7\",\"name\":\"admpu17wp\",\"image\":{\"@type\":\"ImageObject\",\"inLanguage\":\"es\",\"@id\":\"https:\/\/experienciadevida.com.ar\/portalurbano\/#\/schema\/person\/image\/\",\"url\":\"https:\/\/secure.gravatar.com\/avatar\/830d4c57adaae6630765e449a6908047?s=96&d=mm&r=g\",\"contentUrl\":\"https:\/\/secure.gravatar.com\/avatar\/830d4c57adaae6630765e449a6908047?s=96&d=mm&r=g\",\"caption\":\"admpu17wp\"}}]}<\/script>\n<!-- \/ Yoast SEO plugin. -->","yoast_head_json":{"title":"Sumate al #GIROM\u00f3vil y viv\u00ed la #ExperienciaGIRO","description":"Sumate al #GIROM\u00f3vil y viv\u00ed la #ExperienciaGIRO, desde el Programa GIRO, dependiente de la Direcci\u00f3n de Desarrollo","robots":{"index":"index","follow":"follow","max-snippet":"max-snippet:-1","max-image-preview":"max-image-preview:large","max-video-preview":"max-video-preview:-1"},"canonical":"https:\/\/experienciadevida.com.ar\/portalurbano\/sumate-al-giromovil-y-vivi-la-experienciagiro\/","og_locale":"es_ES","og_type":"article","og_title":"Sumate al #GIROM\u00f3vil y viv\u00ed la #ExperienciaGIRO","og_description":"Sumate al #GIROM\u00f3vil y viv\u00ed la #ExperienciaGIRO, desde el Programa GIRO, dependiente de la Direcci\u00f3n de Desarrollo","og_url":"https:\/\/experienciadevida.com.ar\/portalurbano\/sumate-al-giromovil-y-vivi-la-experienciagiro\/","article_publisher":"https:\/\/www.facebook.com\/Portal-Urbano-171542830093757\/","article_published_time":"2022-07-28T15:51:59+00:00","article_modified_time":"2022-07-28T15:56:15+00:00","og_image":[{"width":1024,"height":682,"url":"https:\/\/experienciadevida.com.ar\/portalurbano\/wp-content\/uploads\/2022\/07\/Sumate-al.jpg","type":"image\/jpeg"}],"author":"admpu17wp","twitter_card":"summary_large_image","twitter_creator":"@portalurbanook","twitter_site":"@portalurbanook","twitter_misc":{"Escrito por":"admpu17wp","Tiempo de lectura":"3 minutos"},"schema":{"@context":"https:\/\/schema.org","@graph":[{"@type":"Article","@id":"https:\/\/experienciadevida.com.ar\/portalurbano\/sumate-al-giromovil-y-vivi-la-experienciagiro\/#article","isPartOf":{"@id":"https:\/\/experienciadevida.com.ar\/portalurbano\/sumate-al-giromovil-y-vivi-la-experienciagiro\/"},"author":{"name":"admpu17wp","@id":"https:\/\/experienciadevida.com.ar\/portalurbano\/#\/schema\/person\/02dd326b1c4b056e9cc972486934a3a7"},"headline":"Sumate al #GIROM\u00f3vil y viv\u00ed la #ExperienciaGIRO","datePublished":"2022-07-28T15:51:59+00:00","dateModified":"2022-07-28T15:56:15+00:00","mainEntityOfPage":{"@id":"https:\/\/experienciadevida.com.ar\/portalurbano\/sumate-al-giromovil-y-vivi-la-experienciagiro\/"},"wordCount":576,"publisher":{"@id":"https:\/\/experienciadevida.com.ar\/portalurbano\/#organization"},"articleSection":["Ciudad","Destacadas 2"],"inLanguage":"es"},{"@type":"WebPage","@id":"https:\/\/experienciadevida.com.ar\/portalurbano\/sumate-al-giromovil-y-vivi-la-experienciagiro\/","url":"https:\/\/experienciadevida.com.ar\/portalurbano\/sumate-al-giromovil-y-vivi-la-experienciagiro\/","name":"Sumate al #GIROM\u00f3vil y viv\u00ed la #ExperienciaGIRO","isPartOf":{"@id":"https:\/\/experienciadevida.com.ar\/portalurbano\/#website"},"datePublished":"2022-07-28T15:51:59+00:00","dateModified":"2022-07-28T15:56:15+00:00","description":"Sumate al #GIROM\u00f3vil y viv\u00ed la #ExperienciaGIRO, desde el Programa GIRO, dependiente de la Direcci\u00f3n de Desarrollo","breadcrumb":{"@id":"https:\/\/experienciadevida.com.ar\/portalurbano\/sumate-al-giromovil-y-vivi-la-experienciagiro\/#breadcrumb"},"inLanguage":"es","potentialAction":[{"@type":"ReadAction","target":["https:\/\/experienciadevida.com.ar\/portalurbano\/sumate-al-giromovil-y-vivi-la-experienciagiro\/"]}]},{"@type":"BreadcrumbList","@id":"https:\/\/experienciadevida.com.ar\/portalurbano\/sumate-al-giromovil-y-vivi-la-experienciagiro\/#breadcrumb","itemListElement":[{"@type":"ListItem","position":1,"name":"Portada","item":"https:\/\/experienciadevida.com.ar\/portalurbano\/"},{"@type":"ListItem","position":2,"name":"Sumate al #GIROM\u00f3vil y viv\u00ed la #ExperienciaGIRO"}]},{"@type":"WebSite","@id":"https:\/\/experienciadevida.com.ar\/portalurbano\/#website","url":"https:\/\/experienciadevida.com.ar\/portalurbano\/","name":"","description":"","publisher":{"@id":"https:\/\/experienciadevida.com.ar\/portalurbano\/#organization"},"potentialAction":[{"@type":"SearchAction","target":{"@type":"EntryPoint","urlTemplate":"https:\/\/experienciadevida.com.ar\/portalurbano\/?s={search_term_string}"},"query-input":"required name=search_term_string"}],"inLanguage":"es"},{"@type":"Organization","@id":"https:\/\/experienciadevida.com.ar\/portalurbano\/#organization","name":"Portal Urbano","url":"https:\/\/experienciadevida.com.ar\/portalurbano\/","logo":{"@type":"ImageObject","inLanguage":"es","@id":"https:\/\/experienciadevida.com.ar\/portalurbano\/#\/schema\/logo\/image\/","url":"https:\/\/experienciadevida.com.ar\/portalurbano\/wp-content\/uploads\/2019\/09\/Logo-Original.png","contentUrl":"https:\/\/experienciadevida.com.ar\/portalurbano\/wp-content\/uploads\/2019\/09\/Logo-Original.png","width":2236,"height":1216,"caption":"Portal Urbano"},"image":{"@id":"https:\/\/experienciadevida.com.ar\/portalurbano\/#\/schema\/logo\/image\/"},"sameAs":["https:\/\/www.facebook.com\/Portal-Urbano-171542830093757\/","https:\/\/twitter.com\/portalurbanook","https:\/\/www.instagram.com\/_portalurbano\/","https:\/\/www.youtube.com\/channel\/UCXhagIfszH8KxFiOok79zbA?view_as=subscriber"]},{"@type":"Person","@id":"https:\/\/experienciadevida.com.ar\/portalurbano\/#\/schema\/person\/02dd326b1c4b056e9cc972486934a3a7","name":"admpu17wp","image":{"@type":"ImageObject","inLanguage":"es","@id":"https:\/\/experienciadevida.com.ar\/portalurbano\/#\/schema\/person\/image\/","url":"https:\/\/secure.gravatar.com\/avatar\/830d4c57adaae6630765e449a6908047?s=96&d=mm&r=g","contentUrl":"https:\/\/secure.gravatar.com\/avatar\/830d4c57adaae6630765e449a6908047?s=96&d=mm&r=g","caption":"admpu17wp"}}]}},"featured_image_urls":{"full":["https:\/\/experienciadevida.com.ar\/portalurbano\/wp-content\/uploads\/2022\/07\/Sumate-al.jpg",1024,682,false],"thumbnail":["https:\/\/experienciadevida.com.ar\/portalurbano\/wp-content\/uploads\/2022\/07\/Sumate-al-150x150.jpg",150,150,true],"medium":["https:\/\/experienciadevida.com.ar\/portalurbano\/wp-content\/uploads\/2022\/07\/Sumate-al-300x200.jpg",300,200,true],"medium_large":["https:\/\/experienciadevida.com.ar\/portalurbano\/wp-content\/uploads\/2022\/07\/Sumate-al-768x512.jpg",640,427,true],"large":["https:\/\/experienciadevida.com.ar\/portalurbano\/wp-content\/uploads\/2022\/07\/Sumate-al.jpg",640,426,false],"ug_big":["https:\/\/experienciadevida.com.ar\/portalurbano\/wp-content\/uploads\/2022\/07\/Sumate-al-768x512.jpg",768,512,true],"1536x1536":["https:\/\/experienciadevida.com.ar\/portalurbano\/wp-content\/uploads\/2022\/07\/Sumate-al.jpg",1024,682,false],"2048x2048":["https:\/\/experienciadevida.com.ar\/portalurbano\/wp-content\/uploads\/2022\/07\/Sumate-al.jpg",1024,682,false],"newsever-slider-full":["https:\/\/experienciadevida.com.ar\/portalurbano\/wp-content\/uploads\/2022\/07\/Sumate-al.jpg",1024,682,false],"newsever-featured":["https:\/\/experienciadevida.com.ar\/portalurbano\/wp-content\/uploads\/2022\/07\/Sumate-al.jpg",1024,682,false],"newsever-medium":["https:\/\/experienciadevida.com.ar\/portalurbano\/wp-content\/uploads\/2022\/07\/Sumate-al.jpg",713,475,false],"web-stories-poster-portrait":["https:\/\/experienciadevida.com.ar\/portalurbano\/wp-content\/uploads\/2022\/07\/Sumate-al-640x682.jpg",640,682,true],"web-stories-publisher-logo":["https:\/\/experienciadevida.com.ar\/portalurbano\/wp-content\/uploads\/2022\/07\/Sumate-al-96x96.jpg",96,96,true],"web-stories-thumbnail":["https:\/\/experienciadevida.com.ar\/portalurbano\/wp-content\/uploads\/2022\/07\/Sumate-al-150x100.jpg",150,100,true]},"author_info":{"display_name":"admpu17wp","author_link":"https:\/\/experienciadevida.com.ar\/portalurbano\/author\/admpu17wp\/"},"category_info":"<a href=\"https:\/\/experienciadevida.com.ar\/portalurbano\/category\/ciudad\/\" rel=\"category tag\">Ciudad<\/a> <a href=\"https:\/\/experienciadevida.com.ar\/portalurbano\/category\/destacadas-2\/\" rel=\"category tag\">Destacadas 2<\/a>","tag_info":"Destacadas 2","comment_count":"0","amp_enabled":true,"_links":{"self":[{"href":"https:\/\/experienciadevida.com.ar\/portalurbano\/wp-json\/wp\/v2\/posts\/172259"}],"collection":[{"href":"https:\/\/experienciadevida.com.ar\/portalurbano\/wp-json\/wp\/v2\/posts"}],"about":[{"href":"https:\/\/experienciadevida.com.ar\/portalurbano\/wp-json\/wp\/v2\/types\/post"}],"author":[{"embeddable":true,"href":"https:\/\/experienciadevida.com.ar\/portalurbano\/wp-json\/wp\/v2\/users\/1"}],"replies":[{"embeddable":true,"href":"https:\/\/experienciadevida.com.ar\/portalurbano\/wp-json\/wp\/v2\/comments?post=172259"}],"version-history":[{"count":2,"href":"https:\/\/experienciadevida.com.ar\/portalurbano\/wp-json\/wp\/v2\/posts\/172259\/revisions"}],"predecessor-version":[{"id":172262,"href":"https:\/\/experienciadevida.com.ar\/portalurbano\/wp-json\/wp\/v2\/posts\/172259\/revisions\/172262"}],"wp:featuredmedia":[{"embeddable":true,"href":"https:\/\/experienciadevida.com.ar\/portalurbano\/wp-json\/wp\/v2\/media\/172260"}],"wp:attachment":[{"href":"https:\/\/experienciadevida.com.ar\/portalurbano\/wp-json\/wp\/v2\/media?parent=172259"}],"wp:term":[{"taxonomy":"category","embeddable":true,"href":"https:\/\/experienciadevida.com.ar\/portalurbano\/wp-json\/wp\/v2\/categories?post=172259"},{"taxonomy":"post_tag","embeddable":true,"href":"https:\/\/experienciadevida.com.ar\/portalurbano\/wp-json\/wp\/v2\/tags?post=172259"}],"curies":[{"name":"wp","href":"https:\/\/api.w.org\/{rel}","templated":true}]}}