{"id":172254,"date":"2022-07-28T10:20:06","date_gmt":"2022-07-28T13:20:06","guid":{"rendered":"https:\/\/experienciadevida.com.ar\/portalurbano\/?p=172254"},"modified":"2022-07-28T11:08:04","modified_gmt":"2022-07-28T14:08:04","slug":"llega-la-directora-ejecutiva-del-organismo-provincial-de-integracion-social-y-urbana","status":"publish","type":"post","link":"https:\/\/experienciadevida.com.ar\/portalurbano\/llega-la-directora-ejecutiva-del-organismo-provincial-de-integracion-social-y-urbana\/","title":{"rendered":"Llega la Directora Ejecutiva del Organismo Provincial de Integraci\u00f3n social y urbana"},"content":{"rendered":"<p>Llega la Directora Ejecutiva del Organismo Provincial de Integraci\u00f3n social y urbana, del Ministerio de H\u00e1bitat y Desarrollo Urbano de la Provincia, estar\u00e1n en Olavarr\u00eda.<\/p>\n<p>Se llevar\u00e1 a cabo la firma del Acta de Inicio de obra que est\u00e1 ejecutando la Asociaci\u00f3n Mutual Carlos Alberto Moreno (Suteba-CTA), en el Barrio Matadero. La misma consta del mejoramiento de las instalaciones el\u00e9ctricas intradomiciliarias para los vecinos y las vecinas del barrio.<\/p>\n<p>Esta obra surge a partir de un convenio entre la OPISU y la CTA, e involucra a diferentes distritos de la Provincia de Buenos Aires.<\/p>\n<p>Cronograma estimativo:<br \/>\n&#8211; 12:20 hs. Encuentro en el barrio. Recorrida de los hogares en los que se realizaron las primeras conexiones, ya finalizadas.<br \/>\n&#8211; 13:00 hs. Charla con vecinos y vecinas, en la vivienda de Fanny L\u00f3pez (Calle 120 N\u00b03285).<br \/>\n&#8211; 13:30 hs. Firma de Acta de Inicio de Obra (OPISU- Asociaci\u00f3n Mutual Carlos Alberto Moreno).<br \/>\n&#8211; 14:00 hs. Recorrida por el barrio hasta el espacio comunitario en construcci\u00f3n.<\/p>\n<p>La actividad comenzar\u00e1 al mediod\u00eda y van a estar presentes: Romina Barrios (Directora Ejecutiva de la OPISU), C\u00e9sar Valicenti (Diputado provincial y Presidente del Bloque del Frente de Todos), Hosanna Cazola (Comisi\u00f3n Directiva de la Mutual y referente de Movimiento Mayo), Ver\u00f3nica Danelli (Secretaria General de Suteba), Mar\u00eda de los \u00c1ngeles Rodr\u00edguez (Nuestram\u00e9rica), Jorgelina Piccinini (Secretaria General CTA Olavarr\u00eda), Bruno Ferrante (Directivo del Centro de Formaci\u00f3n Profesional 402), Fernanda Casas (Ministerio de las Mujeres, Pol\u00edticas de G\u00e9nero y Diversidad Sexual de Pcia &#8211; Regi\u00f3n S\u00e9ptima) y concejales del Frente de Todos.<\/p>\n","protected":false},"excerpt":{"rendered":"<p>Llega la Directora Ejecutiva del Organismo Provincial de Integraci\u00f3n social y urbana, del Ministerio de&#8230;<\/p>\n","protected":false},"author":1,"featured_media":172255,"comment_status":"closed","ping_status":"closed","sticky":false,"template":"","format":"standard","meta":{"content-type":""},"categories":[27,64],"tags":[],"nelio_content":{"isAutoShareEnabled":false,"autoShareEndMode":"default","automationSources":{"useContentSentences":true,"useSocialTemplates":true,"useCustomSentences":false,"customSentences":[]},"followers":[1],"suggestedReferences":[],"includedReferences":[],"efiUrl":"","efiAlt":"","highlights":[]},"yoast_head":"<!-- This site is optimized with the Yoast SEO plugin v20.7 - https:\/\/yoast.com\/wordpress\/plugins\/seo\/ -->\n<title>Llega la Directora ejecutiva del organismo provincial de integraci\u00f3n<\/title>\n<meta name=\"description\" content=\"Llega la Directora Ejecutiva del Organismo Provincial de Integraci\u00f3n social y urbana, del Ministerio de H\u00e1bitat y Desarrollo Urbano\" \/>\n<meta name=\"robots\" content=\"index, follow, max-snippet:-1, max-image-preview:large, max-video-preview:-1\" \/>\n<link rel=\"canonical\" href=\"https:\/\/experienciadevida.com.ar\/portalurbano\/llega-la-directora-ejecutiva-del-organismo-provincial-de-integracion-social-y-urbana\/\" \/>\n<meta property=\"og:locale\" content=\"es_ES\" \/>\n<meta property=\"og:type\" content=\"article\" \/>\n<meta property=\"og:title\" content=\"Llega la Directora ejecutiva del organismo provincial de integraci\u00f3n\" \/>\n<meta property=\"og:description\" content=\"Llega la Directora Ejecutiva del Organismo Provincial de Integraci\u00f3n social y urbana, del Ministerio de H\u00e1bitat y Desarrollo Urbano\" \/>\n<meta property=\"og:url\" content=\"https:\/\/experienciadevida.com.ar\/portalurbano\/llega-la-directora-ejecutiva-del-organismo-provincial-de-integracion-social-y-urbana\/\" \/>\n<meta property=\"article:publisher\" content=\"https:\/\/www.facebook.com\/Portal-Urbano-171542830093757\/\" \/>\n<meta property=\"article:published_time\" content=\"2022-07-28T13:20:06+00:00\" \/>\n<meta property=\"article:modified_time\" content=\"2022-07-28T14:08:04+00:00\" \/>\n<meta property=\"og:image\" content=\"https:\/\/experienciadevida.com.ar\/portalurbano\/wp-content\/uploads\/2022\/07\/Llega-la-Directora-Ejecutiva.jpg\" \/>\n\t<meta property=\"og:image:width\" content=\"1280\" \/>\n\t<meta property=\"og:image:height\" content=\"904\" \/>\n\t<meta property=\"og:image:type\" content=\"image\/jpeg\" \/>\n<meta name=\"author\" content=\"admpu17wp\" \/>\n<meta name=\"twitter:card\" content=\"summary_large_image\" \/>\n<meta name=\"twitter:creator\" content=\"@portalurbanook\" \/>\n<meta name=\"twitter:site\" content=\"@portalurbanook\" \/>\n<meta name=\"twitter:label1\" content=\"Escrito por\" \/>\n\t<meta name=\"twitter:data1\" content=\"admpu17wp\" \/>\n\t<meta name=\"twitter:label2\" content=\"Tiempo de lectura\" \/>\n\t<meta name=\"twitter:data2\" content=\"2 minutos\" \/>\n<script type=\"application\/ld+json\" class=\"yoast-schema-graph\">{\"@context\":\"https:\/\/schema.org\",\"@graph\":[{\"@type\":\"Article\",\"@id\":\"https:\/\/experienciadevida.com.ar\/portalurbano\/llega-la-directora-ejecutiva-del-organismo-provincial-de-integracion-social-y-urbana\/#article\",\"isPartOf\":{\"@id\":\"https:\/\/experienciadevida.com.ar\/portalurbano\/llega-la-directora-ejecutiva-del-organismo-provincial-de-integracion-social-y-urbana\/\"},\"author\":{\"name\":\"admpu17wp\",\"@id\":\"https:\/\/experienciadevida.com.ar\/portalurbano\/#\/schema\/person\/02dd326b1c4b056e9cc972486934a3a7\"},\"headline\":\"Llega la Directora Ejecutiva del Organismo Provincial de Integraci\u00f3n social y urbana\",\"datePublished\":\"2022-07-28T13:20:06+00:00\",\"dateModified\":\"2022-07-28T14:08:04+00:00\",\"mainEntityOfPage\":{\"@id\":\"https:\/\/experienciadevida.com.ar\/portalurbano\/llega-la-directora-ejecutiva-del-organismo-provincial-de-integracion-social-y-urbana\/\"},\"wordCount\":283,\"publisher\":{\"@id\":\"https:\/\/experienciadevida.com.ar\/portalurbano\/#organization\"},\"articleSection\":[\"Ciudad\",\"Destacadas 2\"],\"inLanguage\":\"es\"},{\"@type\":\"WebPage\",\"@id\":\"https:\/\/experienciadevida.com.ar\/portalurbano\/llega-la-directora-ejecutiva-del-organismo-provincial-de-integracion-social-y-urbana\/\",\"url\":\"https:\/\/experienciadevida.com.ar\/portalurbano\/llega-la-directora-ejecutiva-del-organismo-provincial-de-integracion-social-y-urbana\/\",\"name\":\"Llega la Directora ejecutiva del organismo provincial de integraci\u00f3n\",\"isPartOf\":{\"@id\":\"https:\/\/experienciadevida.com.ar\/portalurbano\/#website\"},\"datePublished\":\"2022-07-28T13:20:06+00:00\",\"dateModified\":\"2022-07-28T14:08:04+00:00\",\"description\":\"Llega la Directora Ejecutiva del Organismo Provincial de Integraci\u00f3n social y urbana, del Ministerio de H\u00e1bitat y Desarrollo Urbano\",\"breadcrumb\":{\"@id\":\"https:\/\/experienciadevida.com.ar\/portalurbano\/llega-la-directora-ejecutiva-del-organismo-provincial-de-integracion-social-y-urbana\/#breadcrumb\"},\"inLanguage\":\"es\",\"potentialAction\":[{\"@type\":\"ReadAction\",\"target\":[\"https:\/\/experienciadevida.com.ar\/portalurbano\/llega-la-directora-ejecutiva-del-organismo-provincial-de-integracion-social-y-urbana\/\"]}]},{\"@type\":\"BreadcrumbList\",\"@id\":\"https:\/\/experienciadevida.com.ar\/portalurbano\/llega-la-directora-ejecutiva-del-organismo-provincial-de-integracion-social-y-urbana\/#breadcrumb\",\"itemListElement\":[{\"@type\":\"ListItem\",\"position\":1,\"name\":\"Portada\",\"item\":\"https:\/\/experienciadevida.com.ar\/portalurbano\/\"},{\"@type\":\"ListItem\",\"position\":2,\"name\":\"Llega la Directora Ejecutiva del Organismo Provincial de Integraci\u00f3n social y urbana\"}]},{\"@type\":\"WebSite\",\"@id\":\"https:\/\/experienciadevida.com.ar\/portalurbano\/#website\",\"url\":\"https:\/\/experienciadevida.com.ar\/portalurbano\/\",\"name\":\"\",\"description\":\"\",\"publisher\":{\"@id\":\"https:\/\/experienciadevida.com.ar\/portalurbano\/#organization\"},\"potentialAction\":[{\"@type\":\"SearchAction\",\"target\":{\"@type\":\"EntryPoint\",\"urlTemplate\":\"https:\/\/experienciadevida.com.ar\/portalurbano\/?s={search_term_string}\"},\"query-input\":\"required name=search_term_string\"}],\"inLanguage\":\"es\"},{\"@type\":\"Organization\",\"@id\":\"https:\/\/experienciadevida.com.ar\/portalurbano\/#organization\",\"name\":\"Portal Urbano\",\"url\":\"https:\/\/experienciadevida.com.ar\/portalurbano\/\",\"logo\":{\"@type\":\"ImageObject\",\"inLanguage\":\"es\",\"@id\":\"https:\/\/experienciadevida.com.ar\/portalurbano\/#\/schema\/logo\/image\/\",\"url\":\"https:\/\/experienciadevida.com.ar\/portalurbano\/wp-content\/uploads\/2019\/09\/Logo-Original.png\",\"contentUrl\":\"https:\/\/experienciadevida.com.ar\/portalurbano\/wp-content\/uploads\/2019\/09\/Logo-Original.png\",\"width\":2236,\"height\":1216,\"caption\":\"Portal Urbano\"},\"image\":{\"@id\":\"https:\/\/experienciadevida.com.ar\/portalurbano\/#\/schema\/logo\/image\/\"},\"sameAs\":[\"https:\/\/www.facebook.com\/Portal-Urbano-171542830093757\/\",\"https:\/\/twitter.com\/portalurbanook\",\"https:\/\/www.instagram.com\/_portalurbano\/\",\"https:\/\/www.youtube.com\/channel\/UCXhagIfszH8KxFiOok79zbA?view_as=subscriber\"]},{\"@type\":\"Person\",\"@id\":\"https:\/\/experienciadevida.com.ar\/portalurbano\/#\/schema\/person\/02dd326b1c4b056e9cc972486934a3a7\",\"name\":\"admpu17wp\",\"image\":{\"@type\":\"ImageObject\",\"inLanguage\":\"es\",\"@id\":\"https:\/\/experienciadevida.com.ar\/portalurbano\/#\/schema\/person\/image\/\",\"url\":\"https:\/\/secure.gravatar.com\/avatar\/830d4c57adaae6630765e449a6908047?s=96&d=mm&r=g\",\"contentUrl\":\"https:\/\/secure.gravatar.com\/avatar\/830d4c57adaae6630765e449a6908047?s=96&d=mm&r=g\",\"caption\":\"admpu17wp\"}}]}<\/script>\n<!-- \/ Yoast SEO plugin. -->","yoast_head_json":{"title":"Llega la Directora ejecutiva del organismo provincial de integraci\u00f3n","description":"Llega la Directora Ejecutiva del Organismo Provincial de Integraci\u00f3n social y urbana, del Ministerio de H\u00e1bitat y Desarrollo Urbano","robots":{"index":"index","follow":"follow","max-snippet":"max-snippet:-1","max-image-preview":"max-image-preview:large","max-video-preview":"max-video-preview:-1"},"canonical":"https:\/\/experienciadevida.com.ar\/portalurbano\/llega-la-directora-ejecutiva-del-organismo-provincial-de-integracion-social-y-urbana\/","og_locale":"es_ES","og_type":"article","og_title":"Llega la Directora ejecutiva del organismo provincial de integraci\u00f3n","og_description":"Llega la Directora Ejecutiva del Organismo Provincial de Integraci\u00f3n social y urbana, del Ministerio de H\u00e1bitat y Desarrollo Urbano","og_url":"https:\/\/experienciadevida.com.ar\/portalurbano\/llega-la-directora-ejecutiva-del-organismo-provincial-de-integracion-social-y-urbana\/","article_publisher":"https:\/\/www.facebook.com\/Portal-Urbano-171542830093757\/","article_published_time":"2022-07-28T13:20:06+00:00","article_modified_time":"2022-07-28T14:08:04+00:00","og_image":[{"width":1280,"height":904,"url":"https:\/\/experienciadevida.com.ar\/portalurbano\/wp-content\/uploads\/2022\/07\/Llega-la-Directora-Ejecutiva.jpg","type":"image\/jpeg"}],"author":"admpu17wp","twitter_card":"summary_large_image","twitter_creator":"@portalurbanook","twitter_site":"@portalurbanook","twitter_misc":{"Escrito por":"admpu17wp","Tiempo de lectura":"2 minutos"},"schema":{"@context":"https:\/\/schema.org","@graph":[{"@type":"Article","@id":"https:\/\/experienciadevida.com.ar\/portalurbano\/llega-la-directora-ejecutiva-del-organismo-provincial-de-integracion-social-y-urbana\/#article","isPartOf":{"@id":"https:\/\/experienciadevida.com.ar\/portalurbano\/llega-la-directora-ejecutiva-del-organismo-provincial-de-integracion-social-y-urbana\/"},"author":{"name":"admpu17wp","@id":"https:\/\/experienciadevida.com.ar\/portalurbano\/#\/schema\/person\/02dd326b1c4b056e9cc972486934a3a7"},"headline":"Llega la Directora Ejecutiva del Organismo Provincial de Integraci\u00f3n social y urbana","datePublished":"2022-07-28T13:20:06+00:00","dateModified":"2022-07-28T14:08:04+00:00","mainEntityOfPage":{"@id":"https:\/\/experienciadevida.com.ar\/portalurbano\/llega-la-directora-ejecutiva-del-organismo-provincial-de-integracion-social-y-urbana\/"},"wordCount":283,"publisher":{"@id":"https:\/\/experienciadevida.com.ar\/portalurbano\/#organization"},"articleSection":["Ciudad","Destacadas 2"],"inLanguage":"es"},{"@type":"WebPage","@id":"https:\/\/experienciadevida.com.ar\/portalurbano\/llega-la-directora-ejecutiva-del-organismo-provincial-de-integracion-social-y-urbana\/","url":"https:\/\/experienciadevida.com.ar\/portalurbano\/llega-la-directora-ejecutiva-del-organismo-provincial-de-integracion-social-y-urbana\/","name":"Llega la Directora ejecutiva del organismo provincial de integraci\u00f3n","isPartOf":{"@id":"https:\/\/experienciadevida.com.ar\/portalurbano\/#website"},"datePublished":"2022-07-28T13:20:06+00:00","dateModified":"2022-07-28T14:08:04+00:00","description":"Llega la Directora Ejecutiva del Organismo Provincial de Integraci\u00f3n social y urbana, del Ministerio de H\u00e1bitat y Desarrollo Urbano","breadcrumb":{"@id":"https:\/\/experienciadevida.com.ar\/portalurbano\/llega-la-directora-ejecutiva-del-organismo-provincial-de-integracion-social-y-urbana\/#breadcrumb"},"inLanguage":"es","potentialAction":[{"@type":"ReadAction","target":["https:\/\/experienciadevida.com.ar\/portalurbano\/llega-la-directora-ejecutiva-del-organismo-provincial-de-integracion-social-y-urbana\/"]}]},{"@type":"BreadcrumbList","@id":"https:\/\/experienciadevida.com.ar\/portalurbano\/llega-la-directora-ejecutiva-del-organismo-provincial-de-integracion-social-y-urbana\/#breadcrumb","itemListElement":[{"@type":"ListItem","position":1,"name":"Portada","item":"https:\/\/experienciadevida.com.ar\/portalurbano\/"},{"@type":"ListItem","position":2,"name":"Llega la Directora Ejecutiva del Organismo Provincial de Integraci\u00f3n social y urbana"}]},{"@type":"WebSite","@id":"https:\/\/experienciadevida.com.ar\/portalurbano\/#website","url":"https:\/\/experienciadevida.com.ar\/portalurbano\/","name":"","description":"","publisher":{"@id":"https:\/\/experienciadevida.com.ar\/portalurbano\/#organization"},"potentialAction":[{"@type":"SearchAction","target":{"@type":"EntryPoint","urlTemplate":"https:\/\/experienciadevida.com.ar\/portalurbano\/?s={search_term_string}"},"query-input":"required name=search_term_string"}],"inLanguage":"es"},{"@type":"Organization","@id":"https:\/\/experienciadevida.com.ar\/portalurbano\/#organization","name":"Portal Urbano","url":"https:\/\/experienciadevida.com.ar\/portalurbano\/","logo":{"@type":"ImageObject","inLanguage":"es","@id":"https:\/\/experienciadevida.com.ar\/portalurbano\/#\/schema\/logo\/image\/","url":"https:\/\/experienciadevida.com.ar\/portalurbano\/wp-content\/uploads\/2019\/09\/Logo-Original.png","contentUrl":"https:\/\/experienciadevida.com.ar\/portalurbano\/wp-content\/uploads\/2019\/09\/Logo-Original.png","width":2236,"height":1216,"caption":"Portal Urbano"},"image":{"@id":"https:\/\/experienciadevida.com.ar\/portalurbano\/#\/schema\/logo\/image\/"},"sameAs":["https:\/\/www.facebook.com\/Portal-Urbano-171542830093757\/","https:\/\/twitter.com\/portalurbanook","https:\/\/www.instagram.com\/_portalurbano\/","https:\/\/www.youtube.com\/channel\/UCXhagIfszH8KxFiOok79zbA?view_as=subscriber"]},{"@type":"Person","@id":"https:\/\/experienciadevida.com.ar\/portalurbano\/#\/schema\/person\/02dd326b1c4b056e9cc972486934a3a7","name":"admpu17wp","image":{"@type":"ImageObject","inLanguage":"es","@id":"https:\/\/experienciadevida.com.ar\/portalurbano\/#\/schema\/person\/image\/","url":"https:\/\/secure.gravatar.com\/avatar\/830d4c57adaae6630765e449a6908047?s=96&d=mm&r=g","contentUrl":"https:\/\/secure.gravatar.com\/avatar\/830d4c57adaae6630765e449a6908047?s=96&d=mm&r=g","caption":"admpu17wp"}}]}},"featured_image_urls":{"full":["https:\/\/experienciadevida.com.ar\/portalurbano\/wp-content\/uploads\/2022\/07\/Llega-la-Directora-Ejecutiva.jpg",1280,904,false],"thumbnail":["https:\/\/experienciadevida.com.ar\/portalurbano\/wp-content\/uploads\/2022\/07\/Llega-la-Directora-Ejecutiva-150x150.jpg",150,150,true],"medium":["https:\/\/experienciadevida.com.ar\/portalurbano\/wp-content\/uploads\/2022\/07\/Llega-la-Directora-Ejecutiva-300x212.jpg",300,212,true],"medium_large":["https:\/\/experienciadevida.com.ar\/portalurbano\/wp-content\/uploads\/2022\/07\/Llega-la-Directora-Ejecutiva-768x542.jpg",640,452,true],"large":["https:\/\/experienciadevida.com.ar\/portalurbano\/wp-content\/uploads\/2022\/07\/Llega-la-Directora-Ejecutiva-1024x723.jpg",640,452,true],"ug_big":["https:\/\/experienciadevida.com.ar\/portalurbano\/wp-content\/uploads\/2022\/07\/Llega-la-Directora-Ejecutiva-768x542.jpg",768,542,true],"1536x1536":["https:\/\/experienciadevida.com.ar\/portalurbano\/wp-content\/uploads\/2022\/07\/Llega-la-Directora-Ejecutiva.jpg",1280,904,false],"2048x2048":["https:\/\/experienciadevida.com.ar\/portalurbano\/wp-content\/uploads\/2022\/07\/Llega-la-Directora-Ejecutiva.jpg",1280,904,false],"newsever-slider-full":["https:\/\/experienciadevida.com.ar\/portalurbano\/wp-content\/uploads\/2022\/07\/Llega-la-Directora-Ejecutiva.jpg",1196,845,false],"newsever-featured":["https:\/\/experienciadevida.com.ar\/portalurbano\/wp-content\/uploads\/2022\/07\/Llega-la-Directora-Ejecutiva.jpg",1024,723,false],"newsever-medium":["https:\/\/experienciadevida.com.ar\/portalurbano\/wp-content\/uploads\/2022\/07\/Llega-la-Directora-Ejecutiva.jpg",673,475,false],"web-stories-poster-portrait":["https:\/\/experienciadevida.com.ar\/portalurbano\/wp-content\/uploads\/2022\/07\/Llega-la-Directora-Ejecutiva-640x853.jpg",640,853,true],"web-stories-publisher-logo":["https:\/\/experienciadevida.com.ar\/portalurbano\/wp-content\/uploads\/2022\/07\/Llega-la-Directora-Ejecutiva-96x96.jpg",96,96,true],"web-stories-thumbnail":["https:\/\/experienciadevida.com.ar\/portalurbano\/wp-content\/uploads\/2022\/07\/Llega-la-Directora-Ejecutiva-150x106.jpg",150,106,true]},"author_info":{"display_name":"admpu17wp","author_link":"https:\/\/experienciadevida.com.ar\/portalurbano\/author\/admpu17wp\/"},"category_info":"<a href=\"https:\/\/experienciadevida.com.ar\/portalurbano\/category\/ciudad\/\" rel=\"category tag\">Ciudad<\/a> <a href=\"https:\/\/experienciadevida.com.ar\/portalurbano\/category\/destacadas-2\/\" rel=\"category tag\">Destacadas 2<\/a>","tag_info":"Destacadas 2","comment_count":"0","amp_enabled":true,"_links":{"self":[{"href":"https:\/\/experienciadevida.com.ar\/portalurbano\/wp-json\/wp\/v2\/posts\/172254"}],"collection":[{"href":"https:\/\/experienciadevida.com.ar\/portalurbano\/wp-json\/wp\/v2\/posts"}],"about":[{"href":"https:\/\/experienciadevida.com.ar\/portalurbano\/wp-json\/wp\/v2\/types\/post"}],"author":[{"embeddable":true,"href":"https:\/\/experienciadevida.com.ar\/portalurbano\/wp-json\/wp\/v2\/users\/1"}],"replies":[{"embeddable":true,"href":"https:\/\/experienciadevida.com.ar\/portalurbano\/wp-json\/wp\/v2\/comments?post=172254"}],"version-history":[{"count":2,"href":"https:\/\/experienciadevida.com.ar\/portalurbano\/wp-json\/wp\/v2\/posts\/172254\/revisions"}],"predecessor-version":[{"id":172257,"href":"https:\/\/experienciadevida.com.ar\/portalurbano\/wp-json\/wp\/v2\/posts\/172254\/revisions\/172257"}],"wp:featuredmedia":[{"embeddable":true,"href":"https:\/\/experienciadevida.com.ar\/portalurbano\/wp-json\/wp\/v2\/media\/172255"}],"wp:attachment":[{"href":"https:\/\/experienciadevida.com.ar\/portalurbano\/wp-json\/wp\/v2\/media?parent=172254"}],"wp:term":[{"taxonomy":"category","embeddable":true,"href":"https:\/\/experienciadevida.com.ar\/portalurbano\/wp-json\/wp\/v2\/categories?post=172254"},{"taxonomy":"post_tag","embeddable":true,"href":"https:\/\/experienciadevida.com.ar\/portalurbano\/wp-json\/wp\/v2\/tags?post=172254"}],"curies":[{"name":"wp","href":"https:\/\/api.w.org\/{rel}","templated":true}]}}