{"id":172221,"date":"2022-07-27T18:25:08","date_gmt":"2022-07-27T21:25:08","guid":{"rendered":"https:\/\/experienciadevida.com.ar\/portalurbano\/?p=172221"},"modified":"2022-07-27T18:29:41","modified_gmt":"2022-07-27T21:29:41","slug":"olavarria-recibio-composteras-y-contenedores-para-residuos-compostables","status":"publish","type":"post","link":"https:\/\/experienciadevida.com.ar\/portalurbano\/olavarria-recibio-composteras-y-contenedores-para-residuos-compostables\/","title":{"rendered":"Olavarr\u00eda recibi\u00f3 composteras y contenedores para residuos compostables"},"content":{"rendered":"<p>Olavarr\u00eda recibi\u00f3 composteras y contenedores para residuos compostables, la Municipalidad de Olavarr\u00eda, a trav\u00e9s de la Direcci\u00f3n de Desarrollo Sustentable, recibi\u00f3 en las \u00faltimas horas 12 composteras con n\u00facleos de lombrices y 12 contenedores para residuos compostables. La adquisici\u00f3n fue a partir de la donaci\u00f3n llevada a cabo desde la Red Argentina de Municipios frente al Cambio Clim\u00e1tico.<\/p>\n<p>La novedad surge a partir del denominado Sello RAMCC Huella de Carbono, y mediante el aporte de la empresa Milicic, que se financi\u00f3 la compra tanto de las composteras como de los contenedores, con el objetivo de impulsar el programa Olavarr\u00eda Composta, lanzado por la Municipalidad de Olavarr\u00eda en el a\u00f1o 2016.<\/p>\n<p>Se explic\u00f3 que el Sello de la Red Argentina de Municipios frente al Cambio Clim\u00e1tico \u201cposee una caracter\u00edstica particular e innovadora, donde de la totalidad del monto facturado a cada empresa por el servicio del c\u00e1lculo de la Huella de Carbono, hasta el 50% es reinvertido en proyectos clim\u00e1ticos de triple impacto en un municipio miembro de la RAMCC\u201d.<\/p>\n<p>La directora de Desarrollo Sustentable y subsecretaria de Empresas e Inversiones del municipio Emilia D\u00edaz explic\u00f3 que estas nuevas herramientas ser\u00e1n entregadas a la comunidad en el marco de talleres y eventos que se realizar\u00e1n pr\u00f3ximamente. En ese sentido, se a\u00f1adi\u00f3 que la intenci\u00f3n es llevar adelante sorteos entre aquellas personas que participen en las distintas propuestas que se realizan desde el \u00e1rea.<\/p>\n<p>\u201cEs imprescindible potenciar la articulaci\u00f3n p\u00fablico-privada en tem\u00e1ticas ambientales y en acciones concretas en territorio orientadas al impulso de proyectos de ciudad\u201d, expres\u00f3 al respecto la funcionaria municipal.<\/p>\n<p>Por \u00faltimo, se enfatiz\u00f3 que tanto con las composteras como con los contenedores se sigue avanzando en la posibilidad de que m\u00e1s hogares puedan llevar adelante el compostaje domiciliario y de esa manera contribuir a disminuir la cantidad de basura generada.<\/p>\n<p><a href=\"https:\/\/experienciadevida.com.ar\/portalurbano\/olavarria-recibio-composteras-y-contenedores-para-residuos-compostables\/olavarria-recibio\/\" rel=\"attachment wp-att-172225\"><img decoding=\"async\" class=\"alignnone size-large wp-image-172225\" src=\"https:\/\/experienciadevida.com.ar\/portalurbano\/wp-content\/uploads\/2022\/07\/Olavarria-recibio-1024x682.jpg\" alt=\"Olavarr\u00eda recibi\u00f3\" width=\"900\" height=\"599\" srcset=\"https:\/\/experienciadevida.com.ar\/portalurbano\/wp-content\/uploads\/2022\/07\/Olavarria-recibio-1024x682.jpg 1024w, https:\/\/experienciadevida.com.ar\/portalurbano\/wp-content\/uploads\/2022\/07\/Olavarria-recibio-300x200.jpg 300w, https:\/\/experienciadevida.com.ar\/portalurbano\/wp-content\/uploads\/2022\/07\/Olavarria-recibio-768x512.jpg 768w, https:\/\/experienciadevida.com.ar\/portalurbano\/wp-content\/uploads\/2022\/07\/Olavarria-recibio-1536x1024.jpg 1536w, https:\/\/experienciadevida.com.ar\/portalurbano\/wp-content\/uploads\/2022\/07\/Olavarria-recibio-150x100.jpg 150w, https:\/\/experienciadevida.com.ar\/portalurbano\/wp-content\/uploads\/2022\/07\/Olavarria-recibio.jpg 1772w\" sizes=\"(max-width: 900px) 100vw, 900px\" \/><\/a><\/p>\n","protected":false},"excerpt":{"rendered":"<p>Olavarr\u00eda recibi\u00f3 composteras y contenedores para residuos compostables, la Municipalidad de Olavarr\u00eda, a trav\u00e9s de&#8230;<\/p>\n","protected":false},"author":1,"featured_media":172222,"comment_status":"closed","ping_status":"closed","sticky":false,"template":"","format":"standard","meta":{"content-type":""},"categories":[27,64],"tags":[],"nelio_content":{"isAutoShareEnabled":false,"autoShareEndMode":"default","automationSources":{"useContentSentences":true,"useSocialTemplates":true,"useCustomSentences":false,"customSentences":[]},"followers":[1],"suggestedReferences":[],"includedReferences":[],"efiUrl":"","efiAlt":"","highlights":[]},"yoast_head":"<!-- This site is optimized with the Yoast SEO plugin v20.7 - https:\/\/yoast.com\/wordpress\/plugins\/seo\/ -->\n<title>Olavarr\u00eda recibi\u00f3 composteras y contenedores para residuos<\/title>\n<meta name=\"description\" content=\"Olavarr\u00eda recibi\u00f3 composteras y contenedores para residuos compostables, la Municipalidad de Olavarr\u00eda, a trav\u00e9s de la Direcci\u00f3n\" \/>\n<meta name=\"robots\" content=\"index, follow, max-snippet:-1, max-image-preview:large, max-video-preview:-1\" \/>\n<link rel=\"canonical\" href=\"https:\/\/experienciadevida.com.ar\/portalurbano\/olavarria-recibio-composteras-y-contenedores-para-residuos-compostables\/\" \/>\n<meta property=\"og:locale\" content=\"es_ES\" \/>\n<meta property=\"og:type\" content=\"article\" \/>\n<meta property=\"og:title\" content=\"Olavarr\u00eda recibi\u00f3 composteras y contenedores para residuos\" \/>\n<meta property=\"og:description\" content=\"Olavarr\u00eda recibi\u00f3 composteras y contenedores para residuos compostables, la Municipalidad de Olavarr\u00eda, a trav\u00e9s de la Direcci\u00f3n\" \/>\n<meta property=\"og:url\" content=\"https:\/\/experienciadevida.com.ar\/portalurbano\/olavarria-recibio-composteras-y-contenedores-para-residuos-compostables\/\" \/>\n<meta property=\"article:publisher\" content=\"https:\/\/www.facebook.com\/Portal-Urbano-171542830093757\/\" \/>\n<meta property=\"article:published_time\" content=\"2022-07-27T21:25:08+00:00\" \/>\n<meta property=\"article:modified_time\" content=\"2022-07-27T21:29:41+00:00\" \/>\n<meta property=\"og:image\" content=\"https:\/\/experienciadevida.com.ar\/portalurbano\/wp-content\/uploads\/2022\/07\/Olavarria-recibio-composteras-y.jpg\" \/>\n\t<meta property=\"og:image:width\" content=\"1772\" \/>\n\t<meta property=\"og:image:height\" content=\"1181\" \/>\n\t<meta property=\"og:image:type\" content=\"image\/jpeg\" \/>\n<meta name=\"author\" content=\"admpu17wp\" \/>\n<meta name=\"twitter:card\" content=\"summary_large_image\" \/>\n<meta name=\"twitter:creator\" content=\"@portalurbanook\" \/>\n<meta name=\"twitter:site\" content=\"@portalurbanook\" \/>\n<meta name=\"twitter:label1\" content=\"Escrito por\" \/>\n\t<meta name=\"twitter:data1\" content=\"admpu17wp\" \/>\n\t<meta name=\"twitter:label2\" content=\"Tiempo de lectura\" \/>\n\t<meta name=\"twitter:data2\" content=\"2 minutos\" \/>\n<script type=\"application\/ld+json\" class=\"yoast-schema-graph\">{\"@context\":\"https:\/\/schema.org\",\"@graph\":[{\"@type\":\"Article\",\"@id\":\"https:\/\/experienciadevida.com.ar\/portalurbano\/olavarria-recibio-composteras-y-contenedores-para-residuos-compostables\/#article\",\"isPartOf\":{\"@id\":\"https:\/\/experienciadevida.com.ar\/portalurbano\/olavarria-recibio-composteras-y-contenedores-para-residuos-compostables\/\"},\"author\":{\"name\":\"admpu17wp\",\"@id\":\"https:\/\/experienciadevida.com.ar\/portalurbano\/#\/schema\/person\/02dd326b1c4b056e9cc972486934a3a7\"},\"headline\":\"Olavarr\u00eda recibi\u00f3 composteras y contenedores para residuos compostables\",\"datePublished\":\"2022-07-27T21:25:08+00:00\",\"dateModified\":\"2022-07-27T21:29:41+00:00\",\"mainEntityOfPage\":{\"@id\":\"https:\/\/experienciadevida.com.ar\/portalurbano\/olavarria-recibio-composteras-y-contenedores-para-residuos-compostables\/\"},\"wordCount\":331,\"publisher\":{\"@id\":\"https:\/\/experienciadevida.com.ar\/portalurbano\/#organization\"},\"articleSection\":[\"Ciudad\",\"Destacadas 2\"],\"inLanguage\":\"es\"},{\"@type\":\"WebPage\",\"@id\":\"https:\/\/experienciadevida.com.ar\/portalurbano\/olavarria-recibio-composteras-y-contenedores-para-residuos-compostables\/\",\"url\":\"https:\/\/experienciadevida.com.ar\/portalurbano\/olavarria-recibio-composteras-y-contenedores-para-residuos-compostables\/\",\"name\":\"Olavarr\u00eda recibi\u00f3 composteras y contenedores para residuos\",\"isPartOf\":{\"@id\":\"https:\/\/experienciadevida.com.ar\/portalurbano\/#website\"},\"datePublished\":\"2022-07-27T21:25:08+00:00\",\"dateModified\":\"2022-07-27T21:29:41+00:00\",\"description\":\"Olavarr\u00eda recibi\u00f3 composteras y contenedores para residuos compostables, la Municipalidad de Olavarr\u00eda, a trav\u00e9s de la Direcci\u00f3n\",\"breadcrumb\":{\"@id\":\"https:\/\/experienciadevida.com.ar\/portalurbano\/olavarria-recibio-composteras-y-contenedores-para-residuos-compostables\/#breadcrumb\"},\"inLanguage\":\"es\",\"potentialAction\":[{\"@type\":\"ReadAction\",\"target\":[\"https:\/\/experienciadevida.com.ar\/portalurbano\/olavarria-recibio-composteras-y-contenedores-para-residuos-compostables\/\"]}]},{\"@type\":\"BreadcrumbList\",\"@id\":\"https:\/\/experienciadevida.com.ar\/portalurbano\/olavarria-recibio-composteras-y-contenedores-para-residuos-compostables\/#breadcrumb\",\"itemListElement\":[{\"@type\":\"ListItem\",\"position\":1,\"name\":\"Portada\",\"item\":\"https:\/\/experienciadevida.com.ar\/portalurbano\/\"},{\"@type\":\"ListItem\",\"position\":2,\"name\":\"Olavarr\u00eda recibi\u00f3 composteras y contenedores para residuos compostables\"}]},{\"@type\":\"WebSite\",\"@id\":\"https:\/\/experienciadevida.com.ar\/portalurbano\/#website\",\"url\":\"https:\/\/experienciadevida.com.ar\/portalurbano\/\",\"name\":\"\",\"description\":\"\",\"publisher\":{\"@id\":\"https:\/\/experienciadevida.com.ar\/portalurbano\/#organization\"},\"potentialAction\":[{\"@type\":\"SearchAction\",\"target\":{\"@type\":\"EntryPoint\",\"urlTemplate\":\"https:\/\/experienciadevida.com.ar\/portalurbano\/?s={search_term_string}\"},\"query-input\":\"required name=search_term_string\"}],\"inLanguage\":\"es\"},{\"@type\":\"Organization\",\"@id\":\"https:\/\/experienciadevida.com.ar\/portalurbano\/#organization\",\"name\":\"Portal Urbano\",\"url\":\"https:\/\/experienciadevida.com.ar\/portalurbano\/\",\"logo\":{\"@type\":\"ImageObject\",\"inLanguage\":\"es\",\"@id\":\"https:\/\/experienciadevida.com.ar\/portalurbano\/#\/schema\/logo\/image\/\",\"url\":\"https:\/\/experienciadevida.com.ar\/portalurbano\/wp-content\/uploads\/2019\/09\/Logo-Original.png\",\"contentUrl\":\"https:\/\/experienciadevida.com.ar\/portalurbano\/wp-content\/uploads\/2019\/09\/Logo-Original.png\",\"width\":2236,\"height\":1216,\"caption\":\"Portal Urbano\"},\"image\":{\"@id\":\"https:\/\/experienciadevida.com.ar\/portalurbano\/#\/schema\/logo\/image\/\"},\"sameAs\":[\"https:\/\/www.facebook.com\/Portal-Urbano-171542830093757\/\",\"https:\/\/twitter.com\/portalurbanook\",\"https:\/\/www.instagram.com\/_portalurbano\/\",\"https:\/\/www.youtube.com\/channel\/UCXhagIfszH8KxFiOok79zbA?view_as=subscriber\"]},{\"@type\":\"Person\",\"@id\":\"https:\/\/experienciadevida.com.ar\/portalurbano\/#\/schema\/person\/02dd326b1c4b056e9cc972486934a3a7\",\"name\":\"admpu17wp\",\"image\":{\"@type\":\"ImageObject\",\"inLanguage\":\"es\",\"@id\":\"https:\/\/experienciadevida.com.ar\/portalurbano\/#\/schema\/person\/image\/\",\"url\":\"https:\/\/secure.gravatar.com\/avatar\/830d4c57adaae6630765e449a6908047?s=96&d=mm&r=g\",\"contentUrl\":\"https:\/\/secure.gravatar.com\/avatar\/830d4c57adaae6630765e449a6908047?s=96&d=mm&r=g\",\"caption\":\"admpu17wp\"}}]}<\/script>\n<!-- \/ Yoast SEO plugin. -->","yoast_head_json":{"title":"Olavarr\u00eda recibi\u00f3 composteras y contenedores para residuos","description":"Olavarr\u00eda recibi\u00f3 composteras y contenedores para residuos compostables, la Municipalidad de Olavarr\u00eda, a trav\u00e9s de la Direcci\u00f3n","robots":{"index":"index","follow":"follow","max-snippet":"max-snippet:-1","max-image-preview":"max-image-preview:large","max-video-preview":"max-video-preview:-1"},"canonical":"https:\/\/experienciadevida.com.ar\/portalurbano\/olavarria-recibio-composteras-y-contenedores-para-residuos-compostables\/","og_locale":"es_ES","og_type":"article","og_title":"Olavarr\u00eda recibi\u00f3 composteras y contenedores para residuos","og_description":"Olavarr\u00eda recibi\u00f3 composteras y contenedores para residuos compostables, la Municipalidad de Olavarr\u00eda, a trav\u00e9s de la Direcci\u00f3n","og_url":"https:\/\/experienciadevida.com.ar\/portalurbano\/olavarria-recibio-composteras-y-contenedores-para-residuos-compostables\/","article_publisher":"https:\/\/www.facebook.com\/Portal-Urbano-171542830093757\/","article_published_time":"2022-07-27T21:25:08+00:00","article_modified_time":"2022-07-27T21:29:41+00:00","og_image":[{"width":1772,"height":1181,"url":"https:\/\/experienciadevida.com.ar\/portalurbano\/wp-content\/uploads\/2022\/07\/Olavarria-recibio-composteras-y.jpg","type":"image\/jpeg"}],"author":"admpu17wp","twitter_card":"summary_large_image","twitter_creator":"@portalurbanook","twitter_site":"@portalurbanook","twitter_misc":{"Escrito por":"admpu17wp","Tiempo de lectura":"2 minutos"},"schema":{"@context":"https:\/\/schema.org","@graph":[{"@type":"Article","@id":"https:\/\/experienciadevida.com.ar\/portalurbano\/olavarria-recibio-composteras-y-contenedores-para-residuos-compostables\/#article","isPartOf":{"@id":"https:\/\/experienciadevida.com.ar\/portalurbano\/olavarria-recibio-composteras-y-contenedores-para-residuos-compostables\/"},"author":{"name":"admpu17wp","@id":"https:\/\/experienciadevida.com.ar\/portalurbano\/#\/schema\/person\/02dd326b1c4b056e9cc972486934a3a7"},"headline":"Olavarr\u00eda recibi\u00f3 composteras y contenedores para residuos compostables","datePublished":"2022-07-27T21:25:08+00:00","dateModified":"2022-07-27T21:29:41+00:00","mainEntityOfPage":{"@id":"https:\/\/experienciadevida.com.ar\/portalurbano\/olavarria-recibio-composteras-y-contenedores-para-residuos-compostables\/"},"wordCount":331,"publisher":{"@id":"https:\/\/experienciadevida.com.ar\/portalurbano\/#organization"},"articleSection":["Ciudad","Destacadas 2"],"inLanguage":"es"},{"@type":"WebPage","@id":"https:\/\/experienciadevida.com.ar\/portalurbano\/olavarria-recibio-composteras-y-contenedores-para-residuos-compostables\/","url":"https:\/\/experienciadevida.com.ar\/portalurbano\/olavarria-recibio-composteras-y-contenedores-para-residuos-compostables\/","name":"Olavarr\u00eda recibi\u00f3 composteras y contenedores para residuos","isPartOf":{"@id":"https:\/\/experienciadevida.com.ar\/portalurbano\/#website"},"datePublished":"2022-07-27T21:25:08+00:00","dateModified":"2022-07-27T21:29:41+00:00","description":"Olavarr\u00eda recibi\u00f3 composteras y contenedores para residuos compostables, la Municipalidad de Olavarr\u00eda, a trav\u00e9s de la Direcci\u00f3n","breadcrumb":{"@id":"https:\/\/experienciadevida.com.ar\/portalurbano\/olavarria-recibio-composteras-y-contenedores-para-residuos-compostables\/#breadcrumb"},"inLanguage":"es","potentialAction":[{"@type":"ReadAction","target":["https:\/\/experienciadevida.com.ar\/portalurbano\/olavarria-recibio-composteras-y-contenedores-para-residuos-compostables\/"]}]},{"@type":"BreadcrumbList","@id":"https:\/\/experienciadevida.com.ar\/portalurbano\/olavarria-recibio-composteras-y-contenedores-para-residuos-compostables\/#breadcrumb","itemListElement":[{"@type":"ListItem","position":1,"name":"Portada","item":"https:\/\/experienciadevida.com.ar\/portalurbano\/"},{"@type":"ListItem","position":2,"name":"Olavarr\u00eda recibi\u00f3 composteras y contenedores para residuos compostables"}]},{"@type":"WebSite","@id":"https:\/\/experienciadevida.com.ar\/portalurbano\/#website","url":"https:\/\/experienciadevida.com.ar\/portalurbano\/","name":"","description":"","publisher":{"@id":"https:\/\/experienciadevida.com.ar\/portalurbano\/#organization"},"potentialAction":[{"@type":"SearchAction","target":{"@type":"EntryPoint","urlTemplate":"https:\/\/experienciadevida.com.ar\/portalurbano\/?s={search_term_string}"},"query-input":"required name=search_term_string"}],"inLanguage":"es"},{"@type":"Organization","@id":"https:\/\/experienciadevida.com.ar\/portalurbano\/#organization","name":"Portal Urbano","url":"https:\/\/experienciadevida.com.ar\/portalurbano\/","logo":{"@type":"ImageObject","inLanguage":"es","@id":"https:\/\/experienciadevida.com.ar\/portalurbano\/#\/schema\/logo\/image\/","url":"https:\/\/experienciadevida.com.ar\/portalurbano\/wp-content\/uploads\/2019\/09\/Logo-Original.png","contentUrl":"https:\/\/experienciadevida.com.ar\/portalurbano\/wp-content\/uploads\/2019\/09\/Logo-Original.png","width":2236,"height":1216,"caption":"Portal Urbano"},"image":{"@id":"https:\/\/experienciadevida.com.ar\/portalurbano\/#\/schema\/logo\/image\/"},"sameAs":["https:\/\/www.facebook.com\/Portal-Urbano-171542830093757\/","https:\/\/twitter.com\/portalurbanook","https:\/\/www.instagram.com\/_portalurbano\/","https:\/\/www.youtube.com\/channel\/UCXhagIfszH8KxFiOok79zbA?view_as=subscriber"]},{"@type":"Person","@id":"https:\/\/experienciadevida.com.ar\/portalurbano\/#\/schema\/person\/02dd326b1c4b056e9cc972486934a3a7","name":"admpu17wp","image":{"@type":"ImageObject","inLanguage":"es","@id":"https:\/\/experienciadevida.com.ar\/portalurbano\/#\/schema\/person\/image\/","url":"https:\/\/secure.gravatar.com\/avatar\/830d4c57adaae6630765e449a6908047?s=96&d=mm&r=g","contentUrl":"https:\/\/secure.gravatar.com\/avatar\/830d4c57adaae6630765e449a6908047?s=96&d=mm&r=g","caption":"admpu17wp"}}]}},"featured_image_urls":{"full":["https:\/\/experienciadevida.com.ar\/portalurbano\/wp-content\/uploads\/2022\/07\/Olavarria-recibio-composteras-y.jpg",1772,1181,false],"thumbnail":["https:\/\/experienciadevida.com.ar\/portalurbano\/wp-content\/uploads\/2022\/07\/Olavarria-recibio-composteras-y-150x150.jpg",150,150,true],"medium":["https:\/\/experienciadevida.com.ar\/portalurbano\/wp-content\/uploads\/2022\/07\/Olavarria-recibio-composteras-y-300x200.jpg",300,200,true],"medium_large":["https:\/\/experienciadevida.com.ar\/portalurbano\/wp-content\/uploads\/2022\/07\/Olavarria-recibio-composteras-y-768x512.jpg",640,427,true],"large":["https:\/\/experienciadevida.com.ar\/portalurbano\/wp-content\/uploads\/2022\/07\/Olavarria-recibio-composteras-y-1024x682.jpg",640,426,true],"ug_big":["https:\/\/experienciadevida.com.ar\/portalurbano\/wp-content\/uploads\/2022\/07\/Olavarria-recibio-composteras-y-768x512.jpg",768,512,true],"1536x1536":["https:\/\/experienciadevida.com.ar\/portalurbano\/wp-content\/uploads\/2022\/07\/Olavarria-recibio-composteras-y-1536x1024.jpg",1536,1024,true],"2048x2048":["https:\/\/experienciadevida.com.ar\/portalurbano\/wp-content\/uploads\/2022\/07\/Olavarria-recibio-composteras-y.jpg",1772,1181,false],"newsever-slider-full":["https:\/\/experienciadevida.com.ar\/portalurbano\/wp-content\/uploads\/2022\/07\/Olavarria-recibio-composteras-y.jpg",1268,845,false],"newsever-featured":["https:\/\/experienciadevida.com.ar\/portalurbano\/wp-content\/uploads\/2022\/07\/Olavarria-recibio-composteras-y.jpg",1024,682,false],"newsever-medium":["https:\/\/experienciadevida.com.ar\/portalurbano\/wp-content\/uploads\/2022\/07\/Olavarria-recibio-composteras-y.jpg",713,475,false],"web-stories-poster-portrait":["https:\/\/experienciadevida.com.ar\/portalurbano\/wp-content\/uploads\/2022\/07\/Olavarria-recibio-composteras-y-640x853.jpg",640,853,true],"web-stories-publisher-logo":["https:\/\/experienciadevida.com.ar\/portalurbano\/wp-content\/uploads\/2022\/07\/Olavarria-recibio-composteras-y-96x96.jpg",96,96,true],"web-stories-thumbnail":["https:\/\/experienciadevida.com.ar\/portalurbano\/wp-content\/uploads\/2022\/07\/Olavarria-recibio-composteras-y-150x100.jpg",150,100,true]},"author_info":{"display_name":"admpu17wp","author_link":"https:\/\/experienciadevida.com.ar\/portalurbano\/author\/admpu17wp\/"},"category_info":"<a href=\"https:\/\/experienciadevida.com.ar\/portalurbano\/category\/ciudad\/\" rel=\"category tag\">Ciudad<\/a> <a href=\"https:\/\/experienciadevida.com.ar\/portalurbano\/category\/destacadas-2\/\" rel=\"category tag\">Destacadas 2<\/a>","tag_info":"Destacadas 2","comment_count":"0","amp_enabled":true,"_links":{"self":[{"href":"https:\/\/experienciadevida.com.ar\/portalurbano\/wp-json\/wp\/v2\/posts\/172221"}],"collection":[{"href":"https:\/\/experienciadevida.com.ar\/portalurbano\/wp-json\/wp\/v2\/posts"}],"about":[{"href":"https:\/\/experienciadevida.com.ar\/portalurbano\/wp-json\/wp\/v2\/types\/post"}],"author":[{"embeddable":true,"href":"https:\/\/experienciadevida.com.ar\/portalurbano\/wp-json\/wp\/v2\/users\/1"}],"replies":[{"embeddable":true,"href":"https:\/\/experienciadevida.com.ar\/portalurbano\/wp-json\/wp\/v2\/comments?post=172221"}],"version-history":[{"count":3,"href":"https:\/\/experienciadevida.com.ar\/portalurbano\/wp-json\/wp\/v2\/posts\/172221\/revisions"}],"predecessor-version":[{"id":172226,"href":"https:\/\/experienciadevida.com.ar\/portalurbano\/wp-json\/wp\/v2\/posts\/172221\/revisions\/172226"}],"wp:featuredmedia":[{"embeddable":true,"href":"https:\/\/experienciadevida.com.ar\/portalurbano\/wp-json\/wp\/v2\/media\/172222"}],"wp:attachment":[{"href":"https:\/\/experienciadevida.com.ar\/portalurbano\/wp-json\/wp\/v2\/media?parent=172221"}],"wp:term":[{"taxonomy":"category","embeddable":true,"href":"https:\/\/experienciadevida.com.ar\/portalurbano\/wp-json\/wp\/v2\/categories?post=172221"},{"taxonomy":"post_tag","embeddable":true,"href":"https:\/\/experienciadevida.com.ar\/portalurbano\/wp-json\/wp\/v2\/tags?post=172221"}],"curies":[{"name":"wp","href":"https:\/\/api.w.org\/{rel}","templated":true}]}}