{"id":172201,"date":"2022-07-27T09:53:39","date_gmt":"2022-07-27T12:53:39","guid":{"rendered":"https:\/\/experienciadevida.com.ar\/portalurbano\/?p=172201"},"modified":"2022-07-27T09:55:29","modified_gmt":"2022-07-27T12:55:29","slug":"gerardo-morales-dira-presente-en-la-cena-del-radicalismo-local","status":"publish","type":"post","link":"https:\/\/experienciadevida.com.ar\/portalurbano\/gerardo-morales-dira-presente-en-la-cena-del-radicalismo-local\/","title":{"rendered":"Gerardo Morales dir\u00e1 presente en la cena del radicalismo local"},"content":{"rendered":"<p>Gerardo Morales dir\u00e1 presente en la cena del radicalismo local, seg\u00fan lo \u00a0confirmado por el dirigente radical Franco <a href=\"https:\/\/www.instagram.com\/francocominotto\/\">Cominotto<\/a>, el gobernador de Jujuy y actual presidente de la Uni\u00f3n C\u00edvica Radical, arribar\u00e1 a Olavarr\u00eda el 13 de agosto para ser parte de la \u201cCena por la Reconstrucci\u00f3n\u201d impulsada desde el Comit\u00e9 local. Se espera una gran<br \/>\nconcurrencia de dirigentes, simpatizantes y vecinos para la hist\u00f3rica velada.<\/p>\n<p>El evento organizado desde la UCR local promete \u201chacer ruido\u201d. En las \u00faltimas horas Franco Cominotto inform\u00f3 que luego de un encuentro que mantuvieron, Gerardo Morales comprometi\u00f3 su presencia en la cena de Pueblo Nuevo, y aparenta sumar muchas m\u00e1s adhesiones nacionales de peso. Dicho encuentro, adem\u00e1s de querer reunir fondos para la reconstrucci\u00f3n del Comit\u00e9 incendiado en el 2013, tendr\u00e1 un importante peso pol\u00edtico.<\/p>\n<p>Desde hace a\u00f1os, quienes conducen la UCR local vienen trabajando con mucho esfuerzo en la recuperaci\u00f3n de la hist\u00f3rica casa, entendiendo lo dif\u00edcil que se presenta llevar adelante una construcci\u00f3n de estas dimensiones. Las<br \/>\nadhesiones que vienen sumando, parecen ser un claro reconocimiento a ello, y a la necesidad de dar un claro mensaje de poner en valor la \u201cDemocracia y la tolerancia\u201d.<\/p>\n<p>Respecto a la cena propiamente dicha, se inform\u00f3 que el men\u00fa estar\u00e1 compuesto por: entrada, plato principal, postre, mesa de dulces, bebidas varias; y contar\u00e1 con el show de DIAMANTE ROJO. Seg\u00fan indicaron, las<br \/>\ntarjetas se est\u00e1n vendiendo a buen ritmo, por lo que piden a los interesados confirmar cuanto antes su reserva. Las mismas tienen un valor de $3000 y pueden ser encargadas a los tel\u00e9fonos 2284 590563 &#8211; 2284 516770<br \/>\n&#8211; 2284 603406.<\/p>\n","protected":false},"excerpt":{"rendered":"<p>Gerardo Morales dir\u00e1 presente en la cena del radicalismo local, seg\u00fan lo \u00a0confirmado por el&#8230;<\/p>\n","protected":false},"author":1,"featured_media":172202,"comment_status":"closed","ping_status":"closed","sticky":false,"template":"","format":"standard","meta":{"content-type":""},"categories":[27,51],"tags":[],"nelio_content":{"isAutoShareEnabled":false,"autoShareEndMode":"default","automationSources":{"useContentSentences":true,"useSocialTemplates":true,"useCustomSentences":false,"customSentences":[]},"followers":[1],"suggestedReferences":[],"includedReferences":[],"efiUrl":"","efiAlt":"","highlights":[]},"yoast_head":"<!-- This site is optimized with the Yoast SEO plugin v20.7 - https:\/\/yoast.com\/wordpress\/plugins\/seo\/ -->\n<title>Gerardo Morales dir\u00e1 presente en la cena del radicalismo local<\/title>\n<meta name=\"description\" content=\"Gerardo Morales dir\u00e1 presente en la cena del radicalismo local, seg\u00fan lo \u00a0confirmado por el dirigente radical Franco Cominotto,\" \/>\n<meta name=\"robots\" content=\"index, follow, max-snippet:-1, max-image-preview:large, max-video-preview:-1\" \/>\n<link rel=\"canonical\" href=\"https:\/\/experienciadevida.com.ar\/portalurbano\/gerardo-morales-dira-presente-en-la-cena-del-radicalismo-local\/\" \/>\n<meta property=\"og:locale\" content=\"es_ES\" \/>\n<meta property=\"og:type\" content=\"article\" \/>\n<meta property=\"og:title\" content=\"Gerardo Morales dir\u00e1 presente en la cena del radicalismo local\" \/>\n<meta property=\"og:description\" content=\"Gerardo Morales dir\u00e1 presente en la cena del radicalismo local, seg\u00fan lo \u00a0confirmado por el dirigente radical Franco Cominotto,\" \/>\n<meta property=\"og:url\" content=\"https:\/\/experienciadevida.com.ar\/portalurbano\/gerardo-morales-dira-presente-en-la-cena-del-radicalismo-local\/\" \/>\n<meta property=\"article:publisher\" content=\"https:\/\/www.facebook.com\/Portal-Urbano-171542830093757\/\" \/>\n<meta property=\"article:published_time\" content=\"2022-07-27T12:53:39+00:00\" \/>\n<meta property=\"article:modified_time\" content=\"2022-07-27T12:55:29+00:00\" \/>\n<meta property=\"og:image\" content=\"https:\/\/experienciadevida.com.ar\/portalurbano\/wp-content\/uploads\/2022\/07\/Gerardo-Morales-dira-presente-scaled.jpg\" \/>\n\t<meta property=\"og:image:width\" content=\"2560\" \/>\n\t<meta property=\"og:image:height\" content=\"2043\" \/>\n\t<meta property=\"og:image:type\" content=\"image\/jpeg\" \/>\n<meta name=\"author\" content=\"admpu17wp\" \/>\n<meta name=\"twitter:card\" content=\"summary_large_image\" \/>\n<meta name=\"twitter:creator\" content=\"@portalurbanook\" \/>\n<meta name=\"twitter:site\" content=\"@portalurbanook\" \/>\n<meta name=\"twitter:label1\" content=\"Escrito por\" \/>\n\t<meta name=\"twitter:data1\" content=\"admpu17wp\" \/>\n\t<meta name=\"twitter:label2\" content=\"Tiempo de lectura\" \/>\n\t<meta name=\"twitter:data2\" content=\"2 minutos\" \/>\n<script type=\"application\/ld+json\" class=\"yoast-schema-graph\">{\"@context\":\"https:\/\/schema.org\",\"@graph\":[{\"@type\":\"Article\",\"@id\":\"https:\/\/experienciadevida.com.ar\/portalurbano\/gerardo-morales-dira-presente-en-la-cena-del-radicalismo-local\/#article\",\"isPartOf\":{\"@id\":\"https:\/\/experienciadevida.com.ar\/portalurbano\/gerardo-morales-dira-presente-en-la-cena-del-radicalismo-local\/\"},\"author\":{\"name\":\"admpu17wp\",\"@id\":\"https:\/\/experienciadevida.com.ar\/portalurbano\/#\/schema\/person\/02dd326b1c4b056e9cc972486934a3a7\"},\"headline\":\"Gerardo Morales dir\u00e1 presente en la cena del radicalismo local\",\"datePublished\":\"2022-07-27T12:53:39+00:00\",\"dateModified\":\"2022-07-27T12:55:29+00:00\",\"mainEntityOfPage\":{\"@id\":\"https:\/\/experienciadevida.com.ar\/portalurbano\/gerardo-morales-dira-presente-en-la-cena-del-radicalismo-local\/\"},\"wordCount\":288,\"publisher\":{\"@id\":\"https:\/\/experienciadevida.com.ar\/portalurbano\/#organization\"},\"articleSection\":[\"Ciudad\",\"Destacadas\"],\"inLanguage\":\"es\"},{\"@type\":\"WebPage\",\"@id\":\"https:\/\/experienciadevida.com.ar\/portalurbano\/gerardo-morales-dira-presente-en-la-cena-del-radicalismo-local\/\",\"url\":\"https:\/\/experienciadevida.com.ar\/portalurbano\/gerardo-morales-dira-presente-en-la-cena-del-radicalismo-local\/\",\"name\":\"Gerardo Morales dir\u00e1 presente en la cena del radicalismo local\",\"isPartOf\":{\"@id\":\"https:\/\/experienciadevida.com.ar\/portalurbano\/#website\"},\"datePublished\":\"2022-07-27T12:53:39+00:00\",\"dateModified\":\"2022-07-27T12:55:29+00:00\",\"description\":\"Gerardo Morales dir\u00e1 presente en la cena del radicalismo local, seg\u00fan lo \u00a0confirmado por el dirigente radical Franco Cominotto,\",\"breadcrumb\":{\"@id\":\"https:\/\/experienciadevida.com.ar\/portalurbano\/gerardo-morales-dira-presente-en-la-cena-del-radicalismo-local\/#breadcrumb\"},\"inLanguage\":\"es\",\"potentialAction\":[{\"@type\":\"ReadAction\",\"target\":[\"https:\/\/experienciadevida.com.ar\/portalurbano\/gerardo-morales-dira-presente-en-la-cena-del-radicalismo-local\/\"]}]},{\"@type\":\"BreadcrumbList\",\"@id\":\"https:\/\/experienciadevida.com.ar\/portalurbano\/gerardo-morales-dira-presente-en-la-cena-del-radicalismo-local\/#breadcrumb\",\"itemListElement\":[{\"@type\":\"ListItem\",\"position\":1,\"name\":\"Portada\",\"item\":\"https:\/\/experienciadevida.com.ar\/portalurbano\/\"},{\"@type\":\"ListItem\",\"position\":2,\"name\":\"Gerardo Morales dir\u00e1 presente en la cena del radicalismo local\"}]},{\"@type\":\"WebSite\",\"@id\":\"https:\/\/experienciadevida.com.ar\/portalurbano\/#website\",\"url\":\"https:\/\/experienciadevida.com.ar\/portalurbano\/\",\"name\":\"\",\"description\":\"\",\"publisher\":{\"@id\":\"https:\/\/experienciadevida.com.ar\/portalurbano\/#organization\"},\"potentialAction\":[{\"@type\":\"SearchAction\",\"target\":{\"@type\":\"EntryPoint\",\"urlTemplate\":\"https:\/\/experienciadevida.com.ar\/portalurbano\/?s={search_term_string}\"},\"query-input\":\"required name=search_term_string\"}],\"inLanguage\":\"es\"},{\"@type\":\"Organization\",\"@id\":\"https:\/\/experienciadevida.com.ar\/portalurbano\/#organization\",\"name\":\"Portal Urbano\",\"url\":\"https:\/\/experienciadevida.com.ar\/portalurbano\/\",\"logo\":{\"@type\":\"ImageObject\",\"inLanguage\":\"es\",\"@id\":\"https:\/\/experienciadevida.com.ar\/portalurbano\/#\/schema\/logo\/image\/\",\"url\":\"https:\/\/experienciadevida.com.ar\/portalurbano\/wp-content\/uploads\/2019\/09\/Logo-Original.png\",\"contentUrl\":\"https:\/\/experienciadevida.com.ar\/portalurbano\/wp-content\/uploads\/2019\/09\/Logo-Original.png\",\"width\":2236,\"height\":1216,\"caption\":\"Portal Urbano\"},\"image\":{\"@id\":\"https:\/\/experienciadevida.com.ar\/portalurbano\/#\/schema\/logo\/image\/\"},\"sameAs\":[\"https:\/\/www.facebook.com\/Portal-Urbano-171542830093757\/\",\"https:\/\/twitter.com\/portalurbanook\",\"https:\/\/www.instagram.com\/_portalurbano\/\",\"https:\/\/www.youtube.com\/channel\/UCXhagIfszH8KxFiOok79zbA?view_as=subscriber\"]},{\"@type\":\"Person\",\"@id\":\"https:\/\/experienciadevida.com.ar\/portalurbano\/#\/schema\/person\/02dd326b1c4b056e9cc972486934a3a7\",\"name\":\"admpu17wp\",\"image\":{\"@type\":\"ImageObject\",\"inLanguage\":\"es\",\"@id\":\"https:\/\/experienciadevida.com.ar\/portalurbano\/#\/schema\/person\/image\/\",\"url\":\"https:\/\/secure.gravatar.com\/avatar\/830d4c57adaae6630765e449a6908047?s=96&d=mm&r=g\",\"contentUrl\":\"https:\/\/secure.gravatar.com\/avatar\/830d4c57adaae6630765e449a6908047?s=96&d=mm&r=g\",\"caption\":\"admpu17wp\"}}]}<\/script>\n<!-- \/ Yoast SEO plugin. -->","yoast_head_json":{"title":"Gerardo Morales dir\u00e1 presente en la cena del radicalismo local","description":"Gerardo Morales dir\u00e1 presente en la cena del radicalismo local, seg\u00fan lo \u00a0confirmado por el dirigente radical Franco Cominotto,","robots":{"index":"index","follow":"follow","max-snippet":"max-snippet:-1","max-image-preview":"max-image-preview:large","max-video-preview":"max-video-preview:-1"},"canonical":"https:\/\/experienciadevida.com.ar\/portalurbano\/gerardo-morales-dira-presente-en-la-cena-del-radicalismo-local\/","og_locale":"es_ES","og_type":"article","og_title":"Gerardo Morales dir\u00e1 presente en la cena del radicalismo local","og_description":"Gerardo Morales dir\u00e1 presente en la cena del radicalismo local, seg\u00fan lo \u00a0confirmado por el dirigente radical Franco Cominotto,","og_url":"https:\/\/experienciadevida.com.ar\/portalurbano\/gerardo-morales-dira-presente-en-la-cena-del-radicalismo-local\/","article_publisher":"https:\/\/www.facebook.com\/Portal-Urbano-171542830093757\/","article_published_time":"2022-07-27T12:53:39+00:00","article_modified_time":"2022-07-27T12:55:29+00:00","og_image":[{"width":2560,"height":2043,"url":"https:\/\/experienciadevida.com.ar\/portalurbano\/wp-content\/uploads\/2022\/07\/Gerardo-Morales-dira-presente-scaled.jpg","type":"image\/jpeg"}],"author":"admpu17wp","twitter_card":"summary_large_image","twitter_creator":"@portalurbanook","twitter_site":"@portalurbanook","twitter_misc":{"Escrito por":"admpu17wp","Tiempo de lectura":"2 minutos"},"schema":{"@context":"https:\/\/schema.org","@graph":[{"@type":"Article","@id":"https:\/\/experienciadevida.com.ar\/portalurbano\/gerardo-morales-dira-presente-en-la-cena-del-radicalismo-local\/#article","isPartOf":{"@id":"https:\/\/experienciadevida.com.ar\/portalurbano\/gerardo-morales-dira-presente-en-la-cena-del-radicalismo-local\/"},"author":{"name":"admpu17wp","@id":"https:\/\/experienciadevida.com.ar\/portalurbano\/#\/schema\/person\/02dd326b1c4b056e9cc972486934a3a7"},"headline":"Gerardo Morales dir\u00e1 presente en la cena del radicalismo local","datePublished":"2022-07-27T12:53:39+00:00","dateModified":"2022-07-27T12:55:29+00:00","mainEntityOfPage":{"@id":"https:\/\/experienciadevida.com.ar\/portalurbano\/gerardo-morales-dira-presente-en-la-cena-del-radicalismo-local\/"},"wordCount":288,"publisher":{"@id":"https:\/\/experienciadevida.com.ar\/portalurbano\/#organization"},"articleSection":["Ciudad","Destacadas"],"inLanguage":"es"},{"@type":"WebPage","@id":"https:\/\/experienciadevida.com.ar\/portalurbano\/gerardo-morales-dira-presente-en-la-cena-del-radicalismo-local\/","url":"https:\/\/experienciadevida.com.ar\/portalurbano\/gerardo-morales-dira-presente-en-la-cena-del-radicalismo-local\/","name":"Gerardo Morales dir\u00e1 presente en la cena del radicalismo local","isPartOf":{"@id":"https:\/\/experienciadevida.com.ar\/portalurbano\/#website"},"datePublished":"2022-07-27T12:53:39+00:00","dateModified":"2022-07-27T12:55:29+00:00","description":"Gerardo Morales dir\u00e1 presente en la cena del radicalismo local, seg\u00fan lo \u00a0confirmado por el dirigente radical Franco Cominotto,","breadcrumb":{"@id":"https:\/\/experienciadevida.com.ar\/portalurbano\/gerardo-morales-dira-presente-en-la-cena-del-radicalismo-local\/#breadcrumb"},"inLanguage":"es","potentialAction":[{"@type":"ReadAction","target":["https:\/\/experienciadevida.com.ar\/portalurbano\/gerardo-morales-dira-presente-en-la-cena-del-radicalismo-local\/"]}]},{"@type":"BreadcrumbList","@id":"https:\/\/experienciadevida.com.ar\/portalurbano\/gerardo-morales-dira-presente-en-la-cena-del-radicalismo-local\/#breadcrumb","itemListElement":[{"@type":"ListItem","position":1,"name":"Portada","item":"https:\/\/experienciadevida.com.ar\/portalurbano\/"},{"@type":"ListItem","position":2,"name":"Gerardo Morales dir\u00e1 presente en la cena del radicalismo local"}]},{"@type":"WebSite","@id":"https:\/\/experienciadevida.com.ar\/portalurbano\/#website","url":"https:\/\/experienciadevida.com.ar\/portalurbano\/","name":"","description":"","publisher":{"@id":"https:\/\/experienciadevida.com.ar\/portalurbano\/#organization"},"potentialAction":[{"@type":"SearchAction","target":{"@type":"EntryPoint","urlTemplate":"https:\/\/experienciadevida.com.ar\/portalurbano\/?s={search_term_string}"},"query-input":"required name=search_term_string"}],"inLanguage":"es"},{"@type":"Organization","@id":"https:\/\/experienciadevida.com.ar\/portalurbano\/#organization","name":"Portal Urbano","url":"https:\/\/experienciadevida.com.ar\/portalurbano\/","logo":{"@type":"ImageObject","inLanguage":"es","@id":"https:\/\/experienciadevida.com.ar\/portalurbano\/#\/schema\/logo\/image\/","url":"https:\/\/experienciadevida.com.ar\/portalurbano\/wp-content\/uploads\/2019\/09\/Logo-Original.png","contentUrl":"https:\/\/experienciadevida.com.ar\/portalurbano\/wp-content\/uploads\/2019\/09\/Logo-Original.png","width":2236,"height":1216,"caption":"Portal Urbano"},"image":{"@id":"https:\/\/experienciadevida.com.ar\/portalurbano\/#\/schema\/logo\/image\/"},"sameAs":["https:\/\/www.facebook.com\/Portal-Urbano-171542830093757\/","https:\/\/twitter.com\/portalurbanook","https:\/\/www.instagram.com\/_portalurbano\/","https:\/\/www.youtube.com\/channel\/UCXhagIfszH8KxFiOok79zbA?view_as=subscriber"]},{"@type":"Person","@id":"https:\/\/experienciadevida.com.ar\/portalurbano\/#\/schema\/person\/02dd326b1c4b056e9cc972486934a3a7","name":"admpu17wp","image":{"@type":"ImageObject","inLanguage":"es","@id":"https:\/\/experienciadevida.com.ar\/portalurbano\/#\/schema\/person\/image\/","url":"https:\/\/secure.gravatar.com\/avatar\/830d4c57adaae6630765e449a6908047?s=96&d=mm&r=g","contentUrl":"https:\/\/secure.gravatar.com\/avatar\/830d4c57adaae6630765e449a6908047?s=96&d=mm&r=g","caption":"admpu17wp"}}]}},"featured_image_urls":{"full":["https:\/\/experienciadevida.com.ar\/portalurbano\/wp-content\/uploads\/2022\/07\/Gerardo-Morales-dira-presente-scaled.jpg",2560,2043,false],"thumbnail":["https:\/\/experienciadevida.com.ar\/portalurbano\/wp-content\/uploads\/2022\/07\/Gerardo-Morales-dira-presente-150x150.jpg",150,150,true],"medium":["https:\/\/experienciadevida.com.ar\/portalurbano\/wp-content\/uploads\/2022\/07\/Gerardo-Morales-dira-presente-300x239.jpg",300,239,true],"medium_large":["https:\/\/experienciadevida.com.ar\/portalurbano\/wp-content\/uploads\/2022\/07\/Gerardo-Morales-dira-presente-768x613.jpg",640,511,true],"large":["https:\/\/experienciadevida.com.ar\/portalurbano\/wp-content\/uploads\/2022\/07\/Gerardo-Morales-dira-presente-1024x817.jpg",640,511,true],"ug_big":["https:\/\/experienciadevida.com.ar\/portalurbano\/wp-content\/uploads\/2022\/07\/Gerardo-Morales-dira-presente-768x613.jpg",768,613,true],"1536x1536":["https:\/\/experienciadevida.com.ar\/portalurbano\/wp-content\/uploads\/2022\/07\/Gerardo-Morales-dira-presente-1536x1226.jpg",1536,1226,true],"2048x2048":["https:\/\/experienciadevida.com.ar\/portalurbano\/wp-content\/uploads\/2022\/07\/Gerardo-Morales-dira-presente-2048x1634.jpg",2048,1634,true],"newsever-slider-full":["https:\/\/experienciadevida.com.ar\/portalurbano\/wp-content\/uploads\/2022\/07\/Gerardo-Morales-dira-presente-scaled.jpg",1059,845,false],"newsever-featured":["https:\/\/experienciadevida.com.ar\/portalurbano\/wp-content\/uploads\/2022\/07\/Gerardo-Morales-dira-presente-scaled.jpg",1024,817,false],"newsever-medium":["https:\/\/experienciadevida.com.ar\/portalurbano\/wp-content\/uploads\/2022\/07\/Gerardo-Morales-dira-presente-scaled.jpg",595,475,false],"web-stories-poster-portrait":["https:\/\/experienciadevida.com.ar\/portalurbano\/wp-content\/uploads\/2022\/07\/Gerardo-Morales-dira-presente-640x853.jpg",640,853,true],"web-stories-publisher-logo":["https:\/\/experienciadevida.com.ar\/portalurbano\/wp-content\/uploads\/2022\/07\/Gerardo-Morales-dira-presente-96x96.jpg",96,96,true],"web-stories-thumbnail":["https:\/\/experienciadevida.com.ar\/portalurbano\/wp-content\/uploads\/2022\/07\/Gerardo-Morales-dira-presente-150x120.jpg",150,120,true]},"author_info":{"display_name":"admpu17wp","author_link":"https:\/\/experienciadevida.com.ar\/portalurbano\/author\/admpu17wp\/"},"category_info":"<a href=\"https:\/\/experienciadevida.com.ar\/portalurbano\/category\/ciudad\/\" rel=\"category tag\">Ciudad<\/a> <a href=\"https:\/\/experienciadevida.com.ar\/portalurbano\/category\/destacadas\/\" rel=\"category tag\">Destacadas<\/a>","tag_info":"Destacadas","comment_count":"0","amp_enabled":true,"_links":{"self":[{"href":"https:\/\/experienciadevida.com.ar\/portalurbano\/wp-json\/wp\/v2\/posts\/172201"}],"collection":[{"href":"https:\/\/experienciadevida.com.ar\/portalurbano\/wp-json\/wp\/v2\/posts"}],"about":[{"href":"https:\/\/experienciadevida.com.ar\/portalurbano\/wp-json\/wp\/v2\/types\/post"}],"author":[{"embeddable":true,"href":"https:\/\/experienciadevida.com.ar\/portalurbano\/wp-json\/wp\/v2\/users\/1"}],"replies":[{"embeddable":true,"href":"https:\/\/experienciadevida.com.ar\/portalurbano\/wp-json\/wp\/v2\/comments?post=172201"}],"version-history":[{"count":3,"href":"https:\/\/experienciadevida.com.ar\/portalurbano\/wp-json\/wp\/v2\/posts\/172201\/revisions"}],"predecessor-version":[{"id":172205,"href":"https:\/\/experienciadevida.com.ar\/portalurbano\/wp-json\/wp\/v2\/posts\/172201\/revisions\/172205"}],"wp:featuredmedia":[{"embeddable":true,"href":"https:\/\/experienciadevida.com.ar\/portalurbano\/wp-json\/wp\/v2\/media\/172202"}],"wp:attachment":[{"href":"https:\/\/experienciadevida.com.ar\/portalurbano\/wp-json\/wp\/v2\/media?parent=172201"}],"wp:term":[{"taxonomy":"category","embeddable":true,"href":"https:\/\/experienciadevida.com.ar\/portalurbano\/wp-json\/wp\/v2\/categories?post=172201"},{"taxonomy":"post_tag","embeddable":true,"href":"https:\/\/experienciadevida.com.ar\/portalurbano\/wp-json\/wp\/v2\/tags?post=172201"}],"curies":[{"name":"wp","href":"https:\/\/api.w.org\/{rel}","templated":true}]}}