{"id":172162,"date":"2022-07-26T12:24:43","date_gmt":"2022-07-26T15:24:43","guid":{"rendered":"https:\/\/experienciadevida.com.ar\/portalurbano\/?p=172162"},"modified":"2022-07-26T12:25:13","modified_gmt":"2022-07-26T15:25:13","slug":"desarrollo-economico-reunion-de-trabajo-en-la-escuela-tecnica-n-1","status":"publish","type":"post","link":"https:\/\/experienciadevida.com.ar\/portalurbano\/desarrollo-economico-reunion-de-trabajo-en-la-escuela-tecnica-n-1\/","title":{"rendered":"Desarrollo Econ\u00f3mico: Reuni\u00f3n de trabajo en la Escuela T\u00e9cnica N\u00b0 1"},"content":{"rendered":"<p>Desarrollo Econ\u00f3mico: Reuni\u00f3n de trabajo en la Escuela T\u00e9cnica N\u00b0 1, el pasado viernes se concret\u00f3 una reuni\u00f3n de trabajo en la sede de la Escuela T\u00e9cnica N\u00b0 1 \u201cRene Favaloro\u201d, en donde participaron funcionarios de la Secretar\u00eda de Desarrollo Econ\u00f3mico Municipal.<\/p>\n<p>Diego Cunioli, director del establecimiento educativo, y las ingenieras Alejandra Crozes y Lorena Mu\u00f1oz, ambas docentes de la instituci\u00f3n, recibieron al secretario de Desarrollo Econ\u00f3mico Julio Valetutto Petronio y la subsecretaria de Empresas e Inversiones, la ingeniera Emilia D\u00edaz, quienes concurrieron acompa\u00f1ados de su equipo de trabajo.<\/p>\n<p>El motivo del encuentro fue explicar en detalle un interesante proyecto que se desarrolla en el colegio, el cual est\u00e1 vinculado con la producci\u00f3n de pl\u00e1sticos biodegradables. Los docentes, junto a los alumnos del Departamento de Qu\u00edmica, han realizado en el laboratorio de la instituci\u00f3n biopl\u00e1sticos a partir de almid\u00f3n de ma\u00edz y de papa, inicialmente comerciales, pero con el objetivo de obtener el almid\u00f3n a partir de los residuos de c\u00e1scaras de papa que se generan en el comedor de la escuela.<\/p>\n<p>Se a\u00f1adi\u00f3 que se desarrollaron las formulaciones \u00f3ptimas para poder realizar l\u00e1minas de biopl\u00e1sticos, que ser\u00e1n utilizados para el armado de bolsas y platos de un solo uso. El material obtenido es compostable y se espera que en 40 d\u00edas pueda ser degradado en su totalidad.<\/p>\n<p>Se proyecta continuar con m\u00e1s aplicaciones para los pl\u00e1sticos biodegradables obtenidos, como ser un mejor laminado y la posibilidad de hilarlo para su posterior aplicaci\u00f3n como insumo en impresoras 3D.<\/p>\n<p>Otros proyectos en v\u00edas de desarrollo desde el mismo departamento de Qu\u00edmica son: la caracterizaci\u00f3n y tratamiento de aguas residuales, la elaboraci\u00f3n de productos arom\u00e1ticos, la obtenci\u00f3n de bioetanol a partir de c\u00e1scaras de naranja y banana, y la obtenci\u00f3n de combustibles a partir de la pirolisis de pl\u00e1sticos.<\/p>\n","protected":false},"excerpt":{"rendered":"<p>Desarrollo Econ\u00f3mico: Reuni\u00f3n de trabajo en la Escuela T\u00e9cnica N\u00b0 1, el pasado viernes se&#8230;<\/p>\n","protected":false},"author":1,"featured_media":172163,"comment_status":"closed","ping_status":"closed","sticky":false,"template":"","format":"standard","meta":{"content-type":""},"categories":[27,64],"tags":[],"nelio_content":{"isAutoShareEnabled":false,"autoShareEndMode":"default","automationSources":{"useContentSentences":true,"useSocialTemplates":true,"useCustomSentences":false,"customSentences":[]},"followers":[1],"suggestedReferences":[],"includedReferences":[],"efiUrl":"","efiAlt":"","highlights":[]},"yoast_head":"<!-- This site is optimized with the Yoast SEO plugin v20.7 - https:\/\/yoast.com\/wordpress\/plugins\/seo\/ -->\n<title>Desarrollo Econ\u00f3mico: Reuni\u00f3n de trabajo en la Escuela n\u00b01<\/title>\n<meta name=\"description\" content=\"Desarrollo Econ\u00f3mico: Reuni\u00f3n de trabajo en la Escuela T\u00e9cnica N\u00b0 1, el pasado viernes se concret\u00f3 una reuni\u00f3n de trabajo en la sede\" \/>\n<meta name=\"robots\" content=\"index, follow, max-snippet:-1, max-image-preview:large, max-video-preview:-1\" \/>\n<link rel=\"canonical\" href=\"https:\/\/experienciadevida.com.ar\/portalurbano\/desarrollo-economico-reunion-de-trabajo-en-la-escuela-tecnica-n-1\/\" \/>\n<meta property=\"og:locale\" content=\"es_ES\" \/>\n<meta property=\"og:type\" content=\"article\" \/>\n<meta property=\"og:title\" content=\"Desarrollo Econ\u00f3mico: Reuni\u00f3n de trabajo en la Escuela n\u00b01\" \/>\n<meta property=\"og:description\" content=\"Desarrollo Econ\u00f3mico: Reuni\u00f3n de trabajo en la Escuela T\u00e9cnica N\u00b0 1, el pasado viernes se concret\u00f3 una reuni\u00f3n de trabajo en la sede\" \/>\n<meta property=\"og:url\" content=\"https:\/\/experienciadevida.com.ar\/portalurbano\/desarrollo-economico-reunion-de-trabajo-en-la-escuela-tecnica-n-1\/\" \/>\n<meta property=\"article:publisher\" content=\"https:\/\/www.facebook.com\/Portal-Urbano-171542830093757\/\" \/>\n<meta property=\"article:published_time\" content=\"2022-07-26T15:24:43+00:00\" \/>\n<meta property=\"article:modified_time\" content=\"2022-07-26T15:25:13+00:00\" \/>\n<meta property=\"og:image\" content=\"https:\/\/experienciadevida.com.ar\/portalurbano\/wp-content\/uploads\/2022\/07\/Desorrollo-economico.jpg\" \/>\n\t<meta property=\"og:image:width\" content=\"1024\" \/>\n\t<meta property=\"og:image:height\" content=\"682\" \/>\n\t<meta property=\"og:image:type\" content=\"image\/jpeg\" \/>\n<meta name=\"author\" content=\"admpu17wp\" \/>\n<meta name=\"twitter:card\" content=\"summary_large_image\" \/>\n<meta name=\"twitter:creator\" content=\"@portalurbanook\" \/>\n<meta name=\"twitter:site\" content=\"@portalurbanook\" \/>\n<meta name=\"twitter:label1\" content=\"Escrito por\" \/>\n\t<meta name=\"twitter:data1\" content=\"admpu17wp\" \/>\n\t<meta name=\"twitter:label2\" content=\"Tiempo de lectura\" \/>\n\t<meta name=\"twitter:data2\" content=\"2 minutos\" \/>\n<script type=\"application\/ld+json\" class=\"yoast-schema-graph\">{\"@context\":\"https:\/\/schema.org\",\"@graph\":[{\"@type\":\"Article\",\"@id\":\"https:\/\/experienciadevida.com.ar\/portalurbano\/desarrollo-economico-reunion-de-trabajo-en-la-escuela-tecnica-n-1\/#article\",\"isPartOf\":{\"@id\":\"https:\/\/experienciadevida.com.ar\/portalurbano\/desarrollo-economico-reunion-de-trabajo-en-la-escuela-tecnica-n-1\/\"},\"author\":{\"name\":\"admpu17wp\",\"@id\":\"https:\/\/experienciadevida.com.ar\/portalurbano\/#\/schema\/person\/02dd326b1c4b056e9cc972486934a3a7\"},\"headline\":\"Desarrollo Econ\u00f3mico: Reuni\u00f3n de trabajo en la Escuela T\u00e9cnica N\u00b0 1\",\"datePublished\":\"2022-07-26T15:24:43+00:00\",\"dateModified\":\"2022-07-26T15:25:13+00:00\",\"mainEntityOfPage\":{\"@id\":\"https:\/\/experienciadevida.com.ar\/portalurbano\/desarrollo-economico-reunion-de-trabajo-en-la-escuela-tecnica-n-1\/\"},\"wordCount\":345,\"publisher\":{\"@id\":\"https:\/\/experienciadevida.com.ar\/portalurbano\/#organization\"},\"articleSection\":[\"Ciudad\",\"Destacadas 2\"],\"inLanguage\":\"es\"},{\"@type\":\"WebPage\",\"@id\":\"https:\/\/experienciadevida.com.ar\/portalurbano\/desarrollo-economico-reunion-de-trabajo-en-la-escuela-tecnica-n-1\/\",\"url\":\"https:\/\/experienciadevida.com.ar\/portalurbano\/desarrollo-economico-reunion-de-trabajo-en-la-escuela-tecnica-n-1\/\",\"name\":\"Desarrollo Econ\u00f3mico: Reuni\u00f3n de trabajo en la Escuela n\u00b01\",\"isPartOf\":{\"@id\":\"https:\/\/experienciadevida.com.ar\/portalurbano\/#website\"},\"datePublished\":\"2022-07-26T15:24:43+00:00\",\"dateModified\":\"2022-07-26T15:25:13+00:00\",\"description\":\"Desarrollo Econ\u00f3mico: Reuni\u00f3n de trabajo en la Escuela T\u00e9cnica N\u00b0 1, el pasado viernes se concret\u00f3 una reuni\u00f3n de trabajo en la sede\",\"breadcrumb\":{\"@id\":\"https:\/\/experienciadevida.com.ar\/portalurbano\/desarrollo-economico-reunion-de-trabajo-en-la-escuela-tecnica-n-1\/#breadcrumb\"},\"inLanguage\":\"es\",\"potentialAction\":[{\"@type\":\"ReadAction\",\"target\":[\"https:\/\/experienciadevida.com.ar\/portalurbano\/desarrollo-economico-reunion-de-trabajo-en-la-escuela-tecnica-n-1\/\"]}]},{\"@type\":\"BreadcrumbList\",\"@id\":\"https:\/\/experienciadevida.com.ar\/portalurbano\/desarrollo-economico-reunion-de-trabajo-en-la-escuela-tecnica-n-1\/#breadcrumb\",\"itemListElement\":[{\"@type\":\"ListItem\",\"position\":1,\"name\":\"Portada\",\"item\":\"https:\/\/experienciadevida.com.ar\/portalurbano\/\"},{\"@type\":\"ListItem\",\"position\":2,\"name\":\"Desarrollo Econ\u00f3mico: Reuni\u00f3n de trabajo en la Escuela T\u00e9cnica N\u00b0 1\"}]},{\"@type\":\"WebSite\",\"@id\":\"https:\/\/experienciadevida.com.ar\/portalurbano\/#website\",\"url\":\"https:\/\/experienciadevida.com.ar\/portalurbano\/\",\"name\":\"\",\"description\":\"\",\"publisher\":{\"@id\":\"https:\/\/experienciadevida.com.ar\/portalurbano\/#organization\"},\"potentialAction\":[{\"@type\":\"SearchAction\",\"target\":{\"@type\":\"EntryPoint\",\"urlTemplate\":\"https:\/\/experienciadevida.com.ar\/portalurbano\/?s={search_term_string}\"},\"query-input\":\"required name=search_term_string\"}],\"inLanguage\":\"es\"},{\"@type\":\"Organization\",\"@id\":\"https:\/\/experienciadevida.com.ar\/portalurbano\/#organization\",\"name\":\"Portal Urbano\",\"url\":\"https:\/\/experienciadevida.com.ar\/portalurbano\/\",\"logo\":{\"@type\":\"ImageObject\",\"inLanguage\":\"es\",\"@id\":\"https:\/\/experienciadevida.com.ar\/portalurbano\/#\/schema\/logo\/image\/\",\"url\":\"https:\/\/experienciadevida.com.ar\/portalurbano\/wp-content\/uploads\/2019\/09\/Logo-Original.png\",\"contentUrl\":\"https:\/\/experienciadevida.com.ar\/portalurbano\/wp-content\/uploads\/2019\/09\/Logo-Original.png\",\"width\":2236,\"height\":1216,\"caption\":\"Portal Urbano\"},\"image\":{\"@id\":\"https:\/\/experienciadevida.com.ar\/portalurbano\/#\/schema\/logo\/image\/\"},\"sameAs\":[\"https:\/\/www.facebook.com\/Portal-Urbano-171542830093757\/\",\"https:\/\/twitter.com\/portalurbanook\",\"https:\/\/www.instagram.com\/_portalurbano\/\",\"https:\/\/www.youtube.com\/channel\/UCXhagIfszH8KxFiOok79zbA?view_as=subscriber\"]},{\"@type\":\"Person\",\"@id\":\"https:\/\/experienciadevida.com.ar\/portalurbano\/#\/schema\/person\/02dd326b1c4b056e9cc972486934a3a7\",\"name\":\"admpu17wp\",\"image\":{\"@type\":\"ImageObject\",\"inLanguage\":\"es\",\"@id\":\"https:\/\/experienciadevida.com.ar\/portalurbano\/#\/schema\/person\/image\/\",\"url\":\"https:\/\/secure.gravatar.com\/avatar\/830d4c57adaae6630765e449a6908047?s=96&d=mm&r=g\",\"contentUrl\":\"https:\/\/secure.gravatar.com\/avatar\/830d4c57adaae6630765e449a6908047?s=96&d=mm&r=g\",\"caption\":\"admpu17wp\"}}]}<\/script>\n<!-- \/ Yoast SEO plugin. -->","yoast_head_json":{"title":"Desarrollo Econ\u00f3mico: Reuni\u00f3n de trabajo en la Escuela n\u00b01","description":"Desarrollo Econ\u00f3mico: Reuni\u00f3n de trabajo en la Escuela T\u00e9cnica N\u00b0 1, el pasado viernes se concret\u00f3 una reuni\u00f3n de trabajo en la sede","robots":{"index":"index","follow":"follow","max-snippet":"max-snippet:-1","max-image-preview":"max-image-preview:large","max-video-preview":"max-video-preview:-1"},"canonical":"https:\/\/experienciadevida.com.ar\/portalurbano\/desarrollo-economico-reunion-de-trabajo-en-la-escuela-tecnica-n-1\/","og_locale":"es_ES","og_type":"article","og_title":"Desarrollo Econ\u00f3mico: Reuni\u00f3n de trabajo en la Escuela n\u00b01","og_description":"Desarrollo Econ\u00f3mico: Reuni\u00f3n de trabajo en la Escuela T\u00e9cnica N\u00b0 1, el pasado viernes se concret\u00f3 una reuni\u00f3n de trabajo en la sede","og_url":"https:\/\/experienciadevida.com.ar\/portalurbano\/desarrollo-economico-reunion-de-trabajo-en-la-escuela-tecnica-n-1\/","article_publisher":"https:\/\/www.facebook.com\/Portal-Urbano-171542830093757\/","article_published_time":"2022-07-26T15:24:43+00:00","article_modified_time":"2022-07-26T15:25:13+00:00","og_image":[{"width":1024,"height":682,"url":"https:\/\/experienciadevida.com.ar\/portalurbano\/wp-content\/uploads\/2022\/07\/Desorrollo-economico.jpg","type":"image\/jpeg"}],"author":"admpu17wp","twitter_card":"summary_large_image","twitter_creator":"@portalurbanook","twitter_site":"@portalurbanook","twitter_misc":{"Escrito por":"admpu17wp","Tiempo de lectura":"2 minutos"},"schema":{"@context":"https:\/\/schema.org","@graph":[{"@type":"Article","@id":"https:\/\/experienciadevida.com.ar\/portalurbano\/desarrollo-economico-reunion-de-trabajo-en-la-escuela-tecnica-n-1\/#article","isPartOf":{"@id":"https:\/\/experienciadevida.com.ar\/portalurbano\/desarrollo-economico-reunion-de-trabajo-en-la-escuela-tecnica-n-1\/"},"author":{"name":"admpu17wp","@id":"https:\/\/experienciadevida.com.ar\/portalurbano\/#\/schema\/person\/02dd326b1c4b056e9cc972486934a3a7"},"headline":"Desarrollo Econ\u00f3mico: Reuni\u00f3n de trabajo en la Escuela T\u00e9cnica N\u00b0 1","datePublished":"2022-07-26T15:24:43+00:00","dateModified":"2022-07-26T15:25:13+00:00","mainEntityOfPage":{"@id":"https:\/\/experienciadevida.com.ar\/portalurbano\/desarrollo-economico-reunion-de-trabajo-en-la-escuela-tecnica-n-1\/"},"wordCount":345,"publisher":{"@id":"https:\/\/experienciadevida.com.ar\/portalurbano\/#organization"},"articleSection":["Ciudad","Destacadas 2"],"inLanguage":"es"},{"@type":"WebPage","@id":"https:\/\/experienciadevida.com.ar\/portalurbano\/desarrollo-economico-reunion-de-trabajo-en-la-escuela-tecnica-n-1\/","url":"https:\/\/experienciadevida.com.ar\/portalurbano\/desarrollo-economico-reunion-de-trabajo-en-la-escuela-tecnica-n-1\/","name":"Desarrollo Econ\u00f3mico: Reuni\u00f3n de trabajo en la Escuela n\u00b01","isPartOf":{"@id":"https:\/\/experienciadevida.com.ar\/portalurbano\/#website"},"datePublished":"2022-07-26T15:24:43+00:00","dateModified":"2022-07-26T15:25:13+00:00","description":"Desarrollo Econ\u00f3mico: Reuni\u00f3n de trabajo en la Escuela T\u00e9cnica N\u00b0 1, el pasado viernes se concret\u00f3 una reuni\u00f3n de trabajo en la sede","breadcrumb":{"@id":"https:\/\/experienciadevida.com.ar\/portalurbano\/desarrollo-economico-reunion-de-trabajo-en-la-escuela-tecnica-n-1\/#breadcrumb"},"inLanguage":"es","potentialAction":[{"@type":"ReadAction","target":["https:\/\/experienciadevida.com.ar\/portalurbano\/desarrollo-economico-reunion-de-trabajo-en-la-escuela-tecnica-n-1\/"]}]},{"@type":"BreadcrumbList","@id":"https:\/\/experienciadevida.com.ar\/portalurbano\/desarrollo-economico-reunion-de-trabajo-en-la-escuela-tecnica-n-1\/#breadcrumb","itemListElement":[{"@type":"ListItem","position":1,"name":"Portada","item":"https:\/\/experienciadevida.com.ar\/portalurbano\/"},{"@type":"ListItem","position":2,"name":"Desarrollo Econ\u00f3mico: Reuni\u00f3n de trabajo en la Escuela T\u00e9cnica N\u00b0 1"}]},{"@type":"WebSite","@id":"https:\/\/experienciadevida.com.ar\/portalurbano\/#website","url":"https:\/\/experienciadevida.com.ar\/portalurbano\/","name":"","description":"","publisher":{"@id":"https:\/\/experienciadevida.com.ar\/portalurbano\/#organization"},"potentialAction":[{"@type":"SearchAction","target":{"@type":"EntryPoint","urlTemplate":"https:\/\/experienciadevida.com.ar\/portalurbano\/?s={search_term_string}"},"query-input":"required name=search_term_string"}],"inLanguage":"es"},{"@type":"Organization","@id":"https:\/\/experienciadevida.com.ar\/portalurbano\/#organization","name":"Portal Urbano","url":"https:\/\/experienciadevida.com.ar\/portalurbano\/","logo":{"@type":"ImageObject","inLanguage":"es","@id":"https:\/\/experienciadevida.com.ar\/portalurbano\/#\/schema\/logo\/image\/","url":"https:\/\/experienciadevida.com.ar\/portalurbano\/wp-content\/uploads\/2019\/09\/Logo-Original.png","contentUrl":"https:\/\/experienciadevida.com.ar\/portalurbano\/wp-content\/uploads\/2019\/09\/Logo-Original.png","width":2236,"height":1216,"caption":"Portal Urbano"},"image":{"@id":"https:\/\/experienciadevida.com.ar\/portalurbano\/#\/schema\/logo\/image\/"},"sameAs":["https:\/\/www.facebook.com\/Portal-Urbano-171542830093757\/","https:\/\/twitter.com\/portalurbanook","https:\/\/www.instagram.com\/_portalurbano\/","https:\/\/www.youtube.com\/channel\/UCXhagIfszH8KxFiOok79zbA?view_as=subscriber"]},{"@type":"Person","@id":"https:\/\/experienciadevida.com.ar\/portalurbano\/#\/schema\/person\/02dd326b1c4b056e9cc972486934a3a7","name":"admpu17wp","image":{"@type":"ImageObject","inLanguage":"es","@id":"https:\/\/experienciadevida.com.ar\/portalurbano\/#\/schema\/person\/image\/","url":"https:\/\/secure.gravatar.com\/avatar\/830d4c57adaae6630765e449a6908047?s=96&d=mm&r=g","contentUrl":"https:\/\/secure.gravatar.com\/avatar\/830d4c57adaae6630765e449a6908047?s=96&d=mm&r=g","caption":"admpu17wp"}}]}},"featured_image_urls":{"full":["https:\/\/experienciadevida.com.ar\/portalurbano\/wp-content\/uploads\/2022\/07\/Desorrollo-economico.jpg",1024,682,false],"thumbnail":["https:\/\/experienciadevida.com.ar\/portalurbano\/wp-content\/uploads\/2022\/07\/Desorrollo-economico-150x150.jpg",150,150,true],"medium":["https:\/\/experienciadevida.com.ar\/portalurbano\/wp-content\/uploads\/2022\/07\/Desorrollo-economico-300x200.jpg",300,200,true],"medium_large":["https:\/\/experienciadevida.com.ar\/portalurbano\/wp-content\/uploads\/2022\/07\/Desorrollo-economico-768x512.jpg",640,427,true],"large":["https:\/\/experienciadevida.com.ar\/portalurbano\/wp-content\/uploads\/2022\/07\/Desorrollo-economico.jpg",640,426,false],"ug_big":["https:\/\/experienciadevida.com.ar\/portalurbano\/wp-content\/uploads\/2022\/07\/Desorrollo-economico-768x512.jpg",768,512,true],"1536x1536":["https:\/\/experienciadevida.com.ar\/portalurbano\/wp-content\/uploads\/2022\/07\/Desorrollo-economico.jpg",1024,682,false],"2048x2048":["https:\/\/experienciadevida.com.ar\/portalurbano\/wp-content\/uploads\/2022\/07\/Desorrollo-economico.jpg",1024,682,false],"newsever-slider-full":["https:\/\/experienciadevida.com.ar\/portalurbano\/wp-content\/uploads\/2022\/07\/Desorrollo-economico.jpg",1024,682,false],"newsever-featured":["https:\/\/experienciadevida.com.ar\/portalurbano\/wp-content\/uploads\/2022\/07\/Desorrollo-economico.jpg",1024,682,false],"newsever-medium":["https:\/\/experienciadevida.com.ar\/portalurbano\/wp-content\/uploads\/2022\/07\/Desorrollo-economico.jpg",713,475,false],"web-stories-poster-portrait":["https:\/\/experienciadevida.com.ar\/portalurbano\/wp-content\/uploads\/2022\/07\/Desorrollo-economico-640x682.jpg",640,682,true],"web-stories-publisher-logo":["https:\/\/experienciadevida.com.ar\/portalurbano\/wp-content\/uploads\/2022\/07\/Desorrollo-economico-96x96.jpg",96,96,true],"web-stories-thumbnail":["https:\/\/experienciadevida.com.ar\/portalurbano\/wp-content\/uploads\/2022\/07\/Desorrollo-economico-150x100.jpg",150,100,true]},"author_info":{"display_name":"admpu17wp","author_link":"https:\/\/experienciadevida.com.ar\/portalurbano\/author\/admpu17wp\/"},"category_info":"<a href=\"https:\/\/experienciadevida.com.ar\/portalurbano\/category\/ciudad\/\" rel=\"category tag\">Ciudad<\/a> <a href=\"https:\/\/experienciadevida.com.ar\/portalurbano\/category\/destacadas-2\/\" rel=\"category tag\">Destacadas 2<\/a>","tag_info":"Destacadas 2","comment_count":"0","amp_enabled":true,"_links":{"self":[{"href":"https:\/\/experienciadevida.com.ar\/portalurbano\/wp-json\/wp\/v2\/posts\/172162"}],"collection":[{"href":"https:\/\/experienciadevida.com.ar\/portalurbano\/wp-json\/wp\/v2\/posts"}],"about":[{"href":"https:\/\/experienciadevida.com.ar\/portalurbano\/wp-json\/wp\/v2\/types\/post"}],"author":[{"embeddable":true,"href":"https:\/\/experienciadevida.com.ar\/portalurbano\/wp-json\/wp\/v2\/users\/1"}],"replies":[{"embeddable":true,"href":"https:\/\/experienciadevida.com.ar\/portalurbano\/wp-json\/wp\/v2\/comments?post=172162"}],"version-history":[{"count":1,"href":"https:\/\/experienciadevida.com.ar\/portalurbano\/wp-json\/wp\/v2\/posts\/172162\/revisions"}],"predecessor-version":[{"id":172164,"href":"https:\/\/experienciadevida.com.ar\/portalurbano\/wp-json\/wp\/v2\/posts\/172162\/revisions\/172164"}],"wp:featuredmedia":[{"embeddable":true,"href":"https:\/\/experienciadevida.com.ar\/portalurbano\/wp-json\/wp\/v2\/media\/172163"}],"wp:attachment":[{"href":"https:\/\/experienciadevida.com.ar\/portalurbano\/wp-json\/wp\/v2\/media?parent=172162"}],"wp:term":[{"taxonomy":"category","embeddable":true,"href":"https:\/\/experienciadevida.com.ar\/portalurbano\/wp-json\/wp\/v2\/categories?post=172162"},{"taxonomy":"post_tag","embeddable":true,"href":"https:\/\/experienciadevida.com.ar\/portalurbano\/wp-json\/wp\/v2\/tags?post=172162"}],"curies":[{"name":"wp","href":"https:\/\/api.w.org\/{rel}","templated":true}]}}