{"id":172149,"date":"2022-07-26T12:02:12","date_gmt":"2022-07-26T15:02:12","guid":{"rendered":"https:\/\/experienciadevida.com.ar\/portalurbano\/?p=172149"},"modified":"2022-07-26T12:02:43","modified_gmt":"2022-07-26T15:02:43","slug":"se-oficializo-la-lista-amarilla-conduccion","status":"publish","type":"post","link":"https:\/\/experienciadevida.com.ar\/portalurbano\/se-oficializo-la-lista-amarilla-conduccion\/","title":{"rendered":"Se oficializ\u00f3 la lista Amarilla Conducci\u00f3n"},"content":{"rendered":"<p>Se oficializ\u00f3 la lista Amarilla Conducci\u00f3n, en cumplimiento de lo establecido por el Estatuto Social y tras la<br \/>\npresentaci\u00f3n de una sola lista para participar de la Asamblea Electoral, el Consejo de Administraci\u00f3n de Coopelectric resolvi\u00f3 oficializar la \u201cLista Amarilla Conducci\u00f3n\u201d, quedando sin efecto el llamado a elecciones que hab\u00eda<br \/>\nsido convocado para el d\u00eda 6 de agosto de 2022.<\/p>\n<p>El nuevo cuerpo de Delegados tendr\u00e1 la responsabilidad de representar a los asociados por el per\u00edodo de un a\u00f1o y asumir\u00e1 su funci\u00f3n en la 91\u00ba Asamblea General Ordinaria de la Cooperativa Limitada de Consumo de Electricidad y<br \/>\nServicios Anexos de Olavarr\u00eda.<\/p>\n<p>El mismo qued\u00f3 conformado por los 85 Delegados Titulares y 28 Delegados Suplentes que se detallan a continuaci\u00f3n:<\/p>\n<p>Delegados Titulares:<\/p>\n<p>Aramburu Alfredo Ignacio, D\u00edaz Carlos Hugo, Andreis Vanesa Yanina, Moran Jos\u00e9 Mart\u00edn, Eseverri Jos\u00e9 Mar\u00eda, Vega Walter Cipriano, Pagano Couto Ignacio Gerardo, Balbiani Horacio Oscar, Cravero N\u00e9stor Heraldo, C\u00e1mara Empresaria de Olavarr\u00eda, Asociaci\u00f3n Bomberos Voluntarios, Club Atl\u00e9tico Estudiantes, Racing Atletic Club, F\u00fatbol Club Ferro Carril Sud, Club Social y Deportivo El Fort\u00edn, Club Atl\u00e9tico Pueblo Nuevo, Club Atl\u00e9tico Sierra Chica, Club Atl\u00e9tico Hinojo, Club Social y Deportivo El Provincial, Club Social y Deportivo La Amistad, Club Social y Deportivo \u00c1lvaro Barros, Club Embajadores de Olavarr\u00eda, Autom\u00f3vil Moto Club Olavarr\u00eda, Asociaci\u00f3n<br \/>\nJubilados y Pensionados Municipales de Olavarria, Asociaci\u00f3n de B\u00e1squet de Olavarr\u00eda, Asociaci\u00f3n de Bochas ciudad de Olavarr\u00eda, Sociedad de Fomento Mariano Moreno, Sociedad de Fomento Coronel Olavarria, C.O.R.P.I., Sociedad<br \/>\nde Fomento Colonia Hinojo, Asociaci\u00f3n Propietarios Barrio Jard\u00edn, Sociedad de Fomento General San Martin Barrio CECO, Larraburu Mar\u00eda Celia, Criante Amalia Elisa, Laborde Juana Mar\u00eda, Veyrand Jos\u00e9 Luis, Sabbatini Lucrecia,<br \/>\nPortarrieu Carlos Gabriel, Armocida Luc\u00eda Mar\u00eda, Soraiz Domingo Rafael, Couto Stella Maris, Bugliese Osvaldo Jos\u00e9, Roth Ricardo Enrique, Dirazar Am\u00edlcar Sa\u00fal, Pizzano Gabriela Maricel, Russo Enzo Nicol\u00e1s, Corso Sergio<br \/>\nMart\u00edn, Marinangeli Juan Domingo, Ruiloba Miguel \u00c1ngel, P\u00e9rez Noem\u00ed, Lurbet Mario C\u00e9sar, Belgrano Leonardo Ger\u00f3nimo, Bonavetti Omar Antonio, Ibarra Paula Alejandra, Antista Mario Eduardo, Bahl Walter Osvaldo, Fayanas Hugo Alberto, Aramburu Jos\u00e9 Marcelo, Lerda M\u00f3nica Esther, Maceo Jos\u00e9 Daniel, Blanco Fabi\u00e1n Osmar, Zulaica Alberto Oscar, Gim\u00e9nez Ernesto, Nonini Arnaldo Jos\u00e9, Emiliozzi Maximiliano, Rodr\u00edguez Iv\u00e1n Horacio, Melo Jos\u00e9 Luis, Russo Cristian Gast\u00f3n, Tito Marcelo Daniel, Bibiloni Jos\u00e9 Luis, Cura Eduardo Antonio, D\u2019Onofrio Lorena Mercedes, Sal\u00edas Jorge Esteban, Fraga Nildo Ismael, Maibach Silvia Noem\u00ed, Cejas Pablo Julio, Sequi Edgardo Daniel,<br \/>\nBellinzoni Alberto A., Hernando Augusto Guillermo, Reyes Pedro Sa\u00fal, Garc\u00eda Sim\u00f3n Segundo, Fal Guillermo Ra\u00fal, Vega Jos\u00e9 Luis, Vignau Ernesto Oscar, Befumo Jonatan.<\/p>\n<p>Delegados Suplentes:<\/p>\n<p>Negri Liliana Elisabet, Galotti Roberto Daniel, Dell\u2019Aquilla Alfredo Mario, Seguel Daniel Alberto, Green Roberto Javier, Bettiga Daniel Armando, Pellicioni Carolina, Flores Juan \u00c1ngel, Jouanny Omar Alberto, L\u00f3pez Jos\u00e9<br \/>\nMar\u00eda, Salle Acu\u00f1a Alexis Javier, Urquiza \u00c1ngel Eduardo, L\u00e1zaro Luis Enrique, Arauz H\u00e9ctor Daniel, Piccinelli Juan Carlos, L\u00f3pez Pablo Mariano, Natale Daniel Carlos, Ithurralde Marcelo Fabi\u00e1n, Ferraro Gabriela Luj\u00e1n, V\u00e1zquez Ricardo Marcelo, Castro Mat\u00edas Manuel, Pucci Salvador Aylen, Cura Federico, Rivero Juan Francisco, Rodr\u00edguez P\u00e1ez Pablo Ernesto, Ducuing Ernesto Enrique, Cortes Ana Mar\u00eda, \u00c1lvarez Alejandro.<\/p>\n","protected":false},"excerpt":{"rendered":"<p>Se oficializ\u00f3 la lista Amarilla Conducci\u00f3n, en cumplimiento de lo establecido por el Estatuto Social&#8230;<\/p>\n","protected":false},"author":1,"featured_media":41407,"comment_status":"closed","ping_status":"closed","sticky":false,"template":"","format":"standard","meta":{"content-type":""},"categories":[27],"tags":[],"nelio_content":{"isAutoShareEnabled":false,"autoShareEndMode":"default","automationSources":{"useContentSentences":true,"useSocialTemplates":true,"useCustomSentences":false,"customSentences":[]},"followers":[1],"suggestedReferences":[],"includedReferences":[],"efiUrl":"","efiAlt":"","highlights":[]},"yoast_head":"<!-- This site is optimized with the Yoast SEO plugin v20.7 - https:\/\/yoast.com\/wordpress\/plugins\/seo\/ -->\n<title>Se oficializ\u00f3 la lista Amarilla Conducci\u00f3n<\/title>\n<meta name=\"description\" content=\"Se oficializ\u00f3 la lista Amarilla Conducci\u00f3n, en cumplimiento de lo establecido por el Estatuto Social y tras la presentaci\u00f3n de una\" \/>\n<meta name=\"robots\" content=\"index, follow, max-snippet:-1, max-image-preview:large, max-video-preview:-1\" \/>\n<link rel=\"canonical\" href=\"https:\/\/experienciadevida.com.ar\/portalurbano\/se-oficializo-la-lista-amarilla-conduccion\/\" \/>\n<meta property=\"og:locale\" content=\"es_ES\" \/>\n<meta property=\"og:type\" content=\"article\" \/>\n<meta property=\"og:title\" content=\"Se oficializ\u00f3 la lista Amarilla Conducci\u00f3n\" \/>\n<meta property=\"og:description\" content=\"Se oficializ\u00f3 la lista Amarilla Conducci\u00f3n, en cumplimiento de lo establecido por el Estatuto Social y tras la presentaci\u00f3n de una\" \/>\n<meta property=\"og:url\" content=\"https:\/\/experienciadevida.com.ar\/portalurbano\/se-oficializo-la-lista-amarilla-conduccion\/\" \/>\n<meta property=\"article:publisher\" content=\"https:\/\/www.facebook.com\/Portal-Urbano-171542830093757\/\" \/>\n<meta property=\"article:published_time\" content=\"2022-07-26T15:02:12+00:00\" \/>\n<meta property=\"article:modified_time\" content=\"2022-07-26T15:02:43+00:00\" \/>\n<meta property=\"og:image\" content=\"https:\/\/experienciadevida.com.ar\/portalurbano\/wp-content\/uploads\/2018\/09\/PARO2-1-3.jpg\" \/>\n\t<meta property=\"og:image:width\" content=\"667\" \/>\n\t<meta property=\"og:image:height\" content=\"445\" \/>\n\t<meta property=\"og:image:type\" content=\"image\/jpeg\" \/>\n<meta name=\"author\" content=\"admpu17wp\" \/>\n<meta name=\"twitter:card\" content=\"summary_large_image\" \/>\n<meta name=\"twitter:creator\" content=\"@portalurbanook\" \/>\n<meta name=\"twitter:site\" content=\"@portalurbanook\" \/>\n<meta name=\"twitter:label1\" content=\"Escrito por\" \/>\n\t<meta name=\"twitter:data1\" content=\"admpu17wp\" \/>\n\t<meta name=\"twitter:label2\" content=\"Tiempo de lectura\" \/>\n\t<meta name=\"twitter:data2\" content=\"3 minutos\" \/>\n<script type=\"application\/ld+json\" class=\"yoast-schema-graph\">{\"@context\":\"https:\/\/schema.org\",\"@graph\":[{\"@type\":\"Article\",\"@id\":\"https:\/\/experienciadevida.com.ar\/portalurbano\/se-oficializo-la-lista-amarilla-conduccion\/#article\",\"isPartOf\":{\"@id\":\"https:\/\/experienciadevida.com.ar\/portalurbano\/se-oficializo-la-lista-amarilla-conduccion\/\"},\"author\":{\"name\":\"admpu17wp\",\"@id\":\"https:\/\/experienciadevida.com.ar\/portalurbano\/#\/schema\/person\/02dd326b1c4b056e9cc972486934a3a7\"},\"headline\":\"Se oficializ\u00f3 la lista Amarilla Conducci\u00f3n\",\"datePublished\":\"2022-07-26T15:02:12+00:00\",\"dateModified\":\"2022-07-26T15:02:43+00:00\",\"mainEntityOfPage\":{\"@id\":\"https:\/\/experienciadevida.com.ar\/portalurbano\/se-oficializo-la-lista-amarilla-conduccion\/\"},\"wordCount\":574,\"publisher\":{\"@id\":\"https:\/\/experienciadevida.com.ar\/portalurbano\/#organization\"},\"articleSection\":[\"Ciudad\"],\"inLanguage\":\"es\"},{\"@type\":\"WebPage\",\"@id\":\"https:\/\/experienciadevida.com.ar\/portalurbano\/se-oficializo-la-lista-amarilla-conduccion\/\",\"url\":\"https:\/\/experienciadevida.com.ar\/portalurbano\/se-oficializo-la-lista-amarilla-conduccion\/\",\"name\":\"Se oficializ\u00f3 la lista Amarilla Conducci\u00f3n\",\"isPartOf\":{\"@id\":\"https:\/\/experienciadevida.com.ar\/portalurbano\/#website\"},\"datePublished\":\"2022-07-26T15:02:12+00:00\",\"dateModified\":\"2022-07-26T15:02:43+00:00\",\"description\":\"Se oficializ\u00f3 la lista Amarilla Conducci\u00f3n, en cumplimiento de lo establecido por el Estatuto Social y tras la presentaci\u00f3n de una\",\"breadcrumb\":{\"@id\":\"https:\/\/experienciadevida.com.ar\/portalurbano\/se-oficializo-la-lista-amarilla-conduccion\/#breadcrumb\"},\"inLanguage\":\"es\",\"potentialAction\":[{\"@type\":\"ReadAction\",\"target\":[\"https:\/\/experienciadevida.com.ar\/portalurbano\/se-oficializo-la-lista-amarilla-conduccion\/\"]}]},{\"@type\":\"BreadcrumbList\",\"@id\":\"https:\/\/experienciadevida.com.ar\/portalurbano\/se-oficializo-la-lista-amarilla-conduccion\/#breadcrumb\",\"itemListElement\":[{\"@type\":\"ListItem\",\"position\":1,\"name\":\"Portada\",\"item\":\"https:\/\/experienciadevida.com.ar\/portalurbano\/\"},{\"@type\":\"ListItem\",\"position\":2,\"name\":\"Se oficializ\u00f3 la lista Amarilla Conducci\u00f3n\"}]},{\"@type\":\"WebSite\",\"@id\":\"https:\/\/experienciadevida.com.ar\/portalurbano\/#website\",\"url\":\"https:\/\/experienciadevida.com.ar\/portalurbano\/\",\"name\":\"\",\"description\":\"\",\"publisher\":{\"@id\":\"https:\/\/experienciadevida.com.ar\/portalurbano\/#organization\"},\"potentialAction\":[{\"@type\":\"SearchAction\",\"target\":{\"@type\":\"EntryPoint\",\"urlTemplate\":\"https:\/\/experienciadevida.com.ar\/portalurbano\/?s={search_term_string}\"},\"query-input\":\"required name=search_term_string\"}],\"inLanguage\":\"es\"},{\"@type\":\"Organization\",\"@id\":\"https:\/\/experienciadevida.com.ar\/portalurbano\/#organization\",\"name\":\"Portal Urbano\",\"url\":\"https:\/\/experienciadevida.com.ar\/portalurbano\/\",\"logo\":{\"@type\":\"ImageObject\",\"inLanguage\":\"es\",\"@id\":\"https:\/\/experienciadevida.com.ar\/portalurbano\/#\/schema\/logo\/image\/\",\"url\":\"https:\/\/experienciadevida.com.ar\/portalurbano\/wp-content\/uploads\/2019\/09\/Logo-Original.png\",\"contentUrl\":\"https:\/\/experienciadevida.com.ar\/portalurbano\/wp-content\/uploads\/2019\/09\/Logo-Original.png\",\"width\":2236,\"height\":1216,\"caption\":\"Portal Urbano\"},\"image\":{\"@id\":\"https:\/\/experienciadevida.com.ar\/portalurbano\/#\/schema\/logo\/image\/\"},\"sameAs\":[\"https:\/\/www.facebook.com\/Portal-Urbano-171542830093757\/\",\"https:\/\/twitter.com\/portalurbanook\",\"https:\/\/www.instagram.com\/_portalurbano\/\",\"https:\/\/www.youtube.com\/channel\/UCXhagIfszH8KxFiOok79zbA?view_as=subscriber\"]},{\"@type\":\"Person\",\"@id\":\"https:\/\/experienciadevida.com.ar\/portalurbano\/#\/schema\/person\/02dd326b1c4b056e9cc972486934a3a7\",\"name\":\"admpu17wp\",\"image\":{\"@type\":\"ImageObject\",\"inLanguage\":\"es\",\"@id\":\"https:\/\/experienciadevida.com.ar\/portalurbano\/#\/schema\/person\/image\/\",\"url\":\"https:\/\/secure.gravatar.com\/avatar\/830d4c57adaae6630765e449a6908047?s=96&d=mm&r=g\",\"contentUrl\":\"https:\/\/secure.gravatar.com\/avatar\/830d4c57adaae6630765e449a6908047?s=96&d=mm&r=g\",\"caption\":\"admpu17wp\"}}]}<\/script>\n<!-- \/ Yoast SEO plugin. -->","yoast_head_json":{"title":"Se oficializ\u00f3 la lista Amarilla Conducci\u00f3n","description":"Se oficializ\u00f3 la lista Amarilla Conducci\u00f3n, en cumplimiento de lo establecido por el Estatuto Social y tras la presentaci\u00f3n de una","robots":{"index":"index","follow":"follow","max-snippet":"max-snippet:-1","max-image-preview":"max-image-preview:large","max-video-preview":"max-video-preview:-1"},"canonical":"https:\/\/experienciadevida.com.ar\/portalurbano\/se-oficializo-la-lista-amarilla-conduccion\/","og_locale":"es_ES","og_type":"article","og_title":"Se oficializ\u00f3 la lista Amarilla Conducci\u00f3n","og_description":"Se oficializ\u00f3 la lista Amarilla Conducci\u00f3n, en cumplimiento de lo establecido por el Estatuto Social y tras la presentaci\u00f3n de una","og_url":"https:\/\/experienciadevida.com.ar\/portalurbano\/se-oficializo-la-lista-amarilla-conduccion\/","article_publisher":"https:\/\/www.facebook.com\/Portal-Urbano-171542830093757\/","article_published_time":"2022-07-26T15:02:12+00:00","article_modified_time":"2022-07-26T15:02:43+00:00","og_image":[{"width":667,"height":445,"url":"https:\/\/experienciadevida.com.ar\/portalurbano\/wp-content\/uploads\/2018\/09\/PARO2-1-3.jpg","type":"image\/jpeg"}],"author":"admpu17wp","twitter_card":"summary_large_image","twitter_creator":"@portalurbanook","twitter_site":"@portalurbanook","twitter_misc":{"Escrito por":"admpu17wp","Tiempo de lectura":"3 minutos"},"schema":{"@context":"https:\/\/schema.org","@graph":[{"@type":"Article","@id":"https:\/\/experienciadevida.com.ar\/portalurbano\/se-oficializo-la-lista-amarilla-conduccion\/#article","isPartOf":{"@id":"https:\/\/experienciadevida.com.ar\/portalurbano\/se-oficializo-la-lista-amarilla-conduccion\/"},"author":{"name":"admpu17wp","@id":"https:\/\/experienciadevida.com.ar\/portalurbano\/#\/schema\/person\/02dd326b1c4b056e9cc972486934a3a7"},"headline":"Se oficializ\u00f3 la lista Amarilla Conducci\u00f3n","datePublished":"2022-07-26T15:02:12+00:00","dateModified":"2022-07-26T15:02:43+00:00","mainEntityOfPage":{"@id":"https:\/\/experienciadevida.com.ar\/portalurbano\/se-oficializo-la-lista-amarilla-conduccion\/"},"wordCount":574,"publisher":{"@id":"https:\/\/experienciadevida.com.ar\/portalurbano\/#organization"},"articleSection":["Ciudad"],"inLanguage":"es"},{"@type":"WebPage","@id":"https:\/\/experienciadevida.com.ar\/portalurbano\/se-oficializo-la-lista-amarilla-conduccion\/","url":"https:\/\/experienciadevida.com.ar\/portalurbano\/se-oficializo-la-lista-amarilla-conduccion\/","name":"Se oficializ\u00f3 la lista Amarilla Conducci\u00f3n","isPartOf":{"@id":"https:\/\/experienciadevida.com.ar\/portalurbano\/#website"},"datePublished":"2022-07-26T15:02:12+00:00","dateModified":"2022-07-26T15:02:43+00:00","description":"Se oficializ\u00f3 la lista Amarilla Conducci\u00f3n, en cumplimiento de lo establecido por el Estatuto Social y tras la presentaci\u00f3n de una","breadcrumb":{"@id":"https:\/\/experienciadevida.com.ar\/portalurbano\/se-oficializo-la-lista-amarilla-conduccion\/#breadcrumb"},"inLanguage":"es","potentialAction":[{"@type":"ReadAction","target":["https:\/\/experienciadevida.com.ar\/portalurbano\/se-oficializo-la-lista-amarilla-conduccion\/"]}]},{"@type":"BreadcrumbList","@id":"https:\/\/experienciadevida.com.ar\/portalurbano\/se-oficializo-la-lista-amarilla-conduccion\/#breadcrumb","itemListElement":[{"@type":"ListItem","position":1,"name":"Portada","item":"https:\/\/experienciadevida.com.ar\/portalurbano\/"},{"@type":"ListItem","position":2,"name":"Se oficializ\u00f3 la lista Amarilla Conducci\u00f3n"}]},{"@type":"WebSite","@id":"https:\/\/experienciadevida.com.ar\/portalurbano\/#website","url":"https:\/\/experienciadevida.com.ar\/portalurbano\/","name":"","description":"","publisher":{"@id":"https:\/\/experienciadevida.com.ar\/portalurbano\/#organization"},"potentialAction":[{"@type":"SearchAction","target":{"@type":"EntryPoint","urlTemplate":"https:\/\/experienciadevida.com.ar\/portalurbano\/?s={search_term_string}"},"query-input":"required name=search_term_string"}],"inLanguage":"es"},{"@type":"Organization","@id":"https:\/\/experienciadevida.com.ar\/portalurbano\/#organization","name":"Portal Urbano","url":"https:\/\/experienciadevida.com.ar\/portalurbano\/","logo":{"@type":"ImageObject","inLanguage":"es","@id":"https:\/\/experienciadevida.com.ar\/portalurbano\/#\/schema\/logo\/image\/","url":"https:\/\/experienciadevida.com.ar\/portalurbano\/wp-content\/uploads\/2019\/09\/Logo-Original.png","contentUrl":"https:\/\/experienciadevida.com.ar\/portalurbano\/wp-content\/uploads\/2019\/09\/Logo-Original.png","width":2236,"height":1216,"caption":"Portal Urbano"},"image":{"@id":"https:\/\/experienciadevida.com.ar\/portalurbano\/#\/schema\/logo\/image\/"},"sameAs":["https:\/\/www.facebook.com\/Portal-Urbano-171542830093757\/","https:\/\/twitter.com\/portalurbanook","https:\/\/www.instagram.com\/_portalurbano\/","https:\/\/www.youtube.com\/channel\/UCXhagIfszH8KxFiOok79zbA?view_as=subscriber"]},{"@type":"Person","@id":"https:\/\/experienciadevida.com.ar\/portalurbano\/#\/schema\/person\/02dd326b1c4b056e9cc972486934a3a7","name":"admpu17wp","image":{"@type":"ImageObject","inLanguage":"es","@id":"https:\/\/experienciadevida.com.ar\/portalurbano\/#\/schema\/person\/image\/","url":"https:\/\/secure.gravatar.com\/avatar\/830d4c57adaae6630765e449a6908047?s=96&d=mm&r=g","contentUrl":"https:\/\/secure.gravatar.com\/avatar\/830d4c57adaae6630765e449a6908047?s=96&d=mm&r=g","caption":"admpu17wp"}}]}},"featured_image_urls":{"full":["https:\/\/experienciadevida.com.ar\/portalurbano\/wp-content\/uploads\/2018\/09\/PARO2-1-3.jpg",667,445,false],"thumbnail":["https:\/\/experienciadevida.com.ar\/portalurbano\/wp-content\/uploads\/2018\/09\/PARO2-1-3-150x150.jpg",150,150,true],"medium":["https:\/\/experienciadevida.com.ar\/portalurbano\/wp-content\/uploads\/2018\/09\/PARO2-1-3-300x200.jpg",300,200,true],"medium_large":["https:\/\/experienciadevida.com.ar\/portalurbano\/wp-content\/uploads\/2018\/09\/PARO2-1-3.jpg",640,427,false],"large":["https:\/\/experienciadevida.com.ar\/portalurbano\/wp-content\/uploads\/2018\/09\/PARO2-1-3.jpg",640,427,false],"ug_big":["https:\/\/experienciadevida.com.ar\/portalurbano\/wp-content\/uploads\/2018\/09\/PARO2-1-3.jpg",667,445,false],"1536x1536":["https:\/\/experienciadevida.com.ar\/portalurbano\/wp-content\/uploads\/2018\/09\/PARO2-1-3.jpg",667,445,false],"2048x2048":["https:\/\/experienciadevida.com.ar\/portalurbano\/wp-content\/uploads\/2018\/09\/PARO2-1-3.jpg",667,445,false],"newsever-slider-full":["https:\/\/experienciadevida.com.ar\/portalurbano\/wp-content\/uploads\/2018\/09\/PARO2-1-3.jpg",667,445,false],"newsever-featured":["https:\/\/experienciadevida.com.ar\/portalurbano\/wp-content\/uploads\/2018\/09\/PARO2-1-3.jpg",667,445,false],"newsever-medium":["https:\/\/experienciadevida.com.ar\/portalurbano\/wp-content\/uploads\/2018\/09\/PARO2-1-3.jpg",667,445,false],"web-stories-poster-portrait":["https:\/\/experienciadevida.com.ar\/portalurbano\/wp-content\/uploads\/2018\/09\/PARO2-1-3.jpg",640,427,false],"web-stories-publisher-logo":["https:\/\/experienciadevida.com.ar\/portalurbano\/wp-content\/uploads\/2018\/09\/PARO2-1-3.jpg",96,64,false],"web-stories-thumbnail":["https:\/\/experienciadevida.com.ar\/portalurbano\/wp-content\/uploads\/2018\/09\/PARO2-1-3.jpg",150,100,false]},"author_info":{"display_name":"admpu17wp","author_link":"https:\/\/experienciadevida.com.ar\/portalurbano\/author\/admpu17wp\/"},"category_info":"<a href=\"https:\/\/experienciadevida.com.ar\/portalurbano\/category\/ciudad\/\" rel=\"category tag\">Ciudad<\/a>","tag_info":"Ciudad","comment_count":"0","amp_enabled":true,"_links":{"self":[{"href":"https:\/\/experienciadevida.com.ar\/portalurbano\/wp-json\/wp\/v2\/posts\/172149"}],"collection":[{"href":"https:\/\/experienciadevida.com.ar\/portalurbano\/wp-json\/wp\/v2\/posts"}],"about":[{"href":"https:\/\/experienciadevida.com.ar\/portalurbano\/wp-json\/wp\/v2\/types\/post"}],"author":[{"embeddable":true,"href":"https:\/\/experienciadevida.com.ar\/portalurbano\/wp-json\/wp\/v2\/users\/1"}],"replies":[{"embeddable":true,"href":"https:\/\/experienciadevida.com.ar\/portalurbano\/wp-json\/wp\/v2\/comments?post=172149"}],"version-history":[{"count":1,"href":"https:\/\/experienciadevida.com.ar\/portalurbano\/wp-json\/wp\/v2\/posts\/172149\/revisions"}],"predecessor-version":[{"id":172150,"href":"https:\/\/experienciadevida.com.ar\/portalurbano\/wp-json\/wp\/v2\/posts\/172149\/revisions\/172150"}],"wp:featuredmedia":[{"embeddable":true,"href":"https:\/\/experienciadevida.com.ar\/portalurbano\/wp-json\/wp\/v2\/media\/41407"}],"wp:attachment":[{"href":"https:\/\/experienciadevida.com.ar\/portalurbano\/wp-json\/wp\/v2\/media?parent=172149"}],"wp:term":[{"taxonomy":"category","embeddable":true,"href":"https:\/\/experienciadevida.com.ar\/portalurbano\/wp-json\/wp\/v2\/categories?post=172149"},{"taxonomy":"post_tag","embeddable":true,"href":"https:\/\/experienciadevida.com.ar\/portalurbano\/wp-json\/wp\/v2\/tags?post=172149"}],"curies":[{"name":"wp","href":"https:\/\/api.w.org\/{rel}","templated":true}]}}