{"id":172068,"date":"2022-07-24T20:14:19","date_gmt":"2022-07-24T23:14:19","guid":{"rendered":"https:\/\/experienciadevida.com.ar\/portalurbano\/?p=172068"},"modified":"2022-07-24T20:14:59","modified_gmt":"2022-07-24T23:14:59","slug":"abierta-la-inscripcion-para-el-curso-de-ingreso-anticipado-de-agosto-para-la-carrera-de-abogacia-2","status":"publish","type":"post","link":"https:\/\/experienciadevida.com.ar\/portalurbano\/abierta-la-inscripcion-para-el-curso-de-ingreso-anticipado-de-agosto-para-la-carrera-de-abogacia-2\/","title":{"rendered":"Abierta la inscripci\u00f3n para el curso de ingreso anticipado de Agosto para la carrera de Abogac\u00eda"},"content":{"rendered":"<p>Abierta la inscripci\u00f3n para el curso de ingreso anticipado de Agosto para la carrera de Abogac\u00eda, la facultad de Derecho UNICEN, con sede en Azul, tiene abierta la inscripci\u00f3n para el curso de ingreso extendido\/anticipado para la carrera de Abogac\u00eda.<\/p>\n<p>La inscripci\u00f3n se realiza del 11 de julio al 20 de agosto. El Curso introductorio anticipado se realizar\u00e1 con modalidad semi-presencial (con actividades presenciales sincr\u00f3nicas y actividades virtuales asincr\u00f3nicas). Los encuentros presenciales ser\u00e1n los d\u00edas s\u00e1bados: 3 y 17 de septiembre; 1, 15 y 29 de octubre; 12 y 26 de noviembre en el horario estimado de 9 a 16 hs.<\/p>\n<p>Para ingresar a nuestras carreras debes pre-inscribirte completando un formulario a trav\u00e9s del siguiente link<br \/>\n&lt;https:\/\/guarani.unicen.edu.ar\/preinscripcion\/derecho\/&gt; o bien ingresando<br \/>\nen la web https:\/\/www.der.unicen.edu.ar\/ingresantes\/inscripcion\/<\/p>\n<p>Para la inscripci\u00f3n:<\/p>\n<p>Deber\u00e1s registrarte. Conserva el usuario y contrase\u00f1a que generes, lo vas a necesitar para formalizar tu inscripci\u00f3n.<br \/>\nEn tu proceso de pre-inscripci\u00f3n se te va a solicitar la siguiente documentaci\u00f3n en formato digital en (PDF o JPG).<\/p>\n<p>DNI<\/p>\n<p>Certificado de nacimiento<\/p>\n<p>T\u00edtulo secundario o certificado de t\u00edtulo en tr\u00e1mite. Si se encuentra en \u00faltimo a\u00f1o del secundario podr\u00e1 entregar certificado de alumno\/a regular, debiendo entregar con posterioridad el certificado de t\u00edtulo en tr\u00e1mite.<\/p>\n<p>Foto tipo carnet<\/p>\n<p>La documentaci\u00f3n se remite en este primer paso \u00fanicamente de manera virtual. Acreditado el ingreso, se requerir\u00e1 la entrega de la misma en soporte papel (la copia del t\u00edtulo anal\u00edtico secundario deber\u00e1 encontrarse autenticada).<\/p>\n<p>Para mayor informaci\u00f3n sobre nuestras carreras podr\u00e1s comunicarte con el correo de promocion@azul.der.unicen.edu.ar .<\/p>\n<p>Por consultas y confirmaci\u00f3n de inscripci\u00f3n contactarte al mail de futuros.estudiantes@der.unicen.edu.ar<\/p>\n<p>La Universidad es p\u00fablica y el acceso a la carrera que elijas es gratuito.<\/p>\n","protected":false},"excerpt":{"rendered":"<p>Abierta la inscripci\u00f3n para el curso de ingreso anticipado de Agosto para la carrera de&#8230;<\/p>\n","protected":false},"author":1,"featured_media":172069,"comment_status":"closed","ping_status":"closed","sticky":false,"template":"","format":"standard","meta":{"content-type":""},"categories":[31],"tags":[],"nelio_content":{"isAutoShareEnabled":false,"autoShareEndMode":"default","automationSources":{"useContentSentences":true,"useSocialTemplates":true,"useCustomSentences":false,"customSentences":[]},"followers":[1],"suggestedReferences":[],"includedReferences":[],"efiUrl":"","efiAlt":"","highlights":[]},"yoast_head":"<!-- This site is optimized with the Yoast SEO plugin v20.7 - https:\/\/yoast.com\/wordpress\/plugins\/seo\/ -->\n<title>Abierta la inscripci\u00f3n para el curso de ingreso anticipado de agosto<\/title>\n<meta name=\"description\" content=\"Abierta la inscripci\u00f3n para el curso de ingreso anticipado de Agosto para la carrera de Abogac\u00eda, la facultad de Derecho UNICEN,\" \/>\n<meta name=\"robots\" content=\"index, follow, max-snippet:-1, max-image-preview:large, max-video-preview:-1\" \/>\n<link rel=\"canonical\" href=\"https:\/\/experienciadevida.com.ar\/portalurbano\/abierta-la-inscripcion-para-el-curso-de-ingreso-anticipado-de-agosto-para-la-carrera-de-abogacia-2\/\" \/>\n<meta property=\"og:locale\" content=\"es_ES\" \/>\n<meta property=\"og:type\" content=\"article\" \/>\n<meta property=\"og:title\" content=\"Abierta la inscripci\u00f3n para el curso de ingreso anticipado de agosto\" \/>\n<meta property=\"og:description\" content=\"Abierta la inscripci\u00f3n para el curso de ingreso anticipado de Agosto para la carrera de Abogac\u00eda, la facultad de Derecho UNICEN,\" \/>\n<meta property=\"og:url\" content=\"https:\/\/experienciadevida.com.ar\/portalurbano\/abierta-la-inscripcion-para-el-curso-de-ingreso-anticipado-de-agosto-para-la-carrera-de-abogacia-2\/\" \/>\n<meta property=\"article:publisher\" content=\"https:\/\/www.facebook.com\/Portal-Urbano-171542830093757\/\" \/>\n<meta property=\"article:published_time\" content=\"2022-07-24T23:14:19+00:00\" \/>\n<meta property=\"article:modified_time\" content=\"2022-07-24T23:14:59+00:00\" \/>\n<meta property=\"og:image\" content=\"https:\/\/experienciadevida.com.ar\/portalurbano\/wp-content\/uploads\/2022\/07\/Abierta-la-inscripcion-para-1.jpeg\" \/>\n\t<meta property=\"og:image:width\" content=\"1280\" \/>\n\t<meta property=\"og:image:height\" content=\"1280\" \/>\n\t<meta property=\"og:image:type\" content=\"image\/jpeg\" \/>\n<meta name=\"author\" content=\"admpu17wp\" \/>\n<meta name=\"twitter:card\" content=\"summary_large_image\" \/>\n<meta name=\"twitter:creator\" content=\"@portalurbanook\" \/>\n<meta name=\"twitter:site\" content=\"@portalurbanook\" \/>\n<meta name=\"twitter:label1\" content=\"Escrito por\" \/>\n\t<meta name=\"twitter:data1\" content=\"admpu17wp\" \/>\n\t<meta name=\"twitter:label2\" content=\"Tiempo de lectura\" \/>\n\t<meta name=\"twitter:data2\" content=\"2 minutos\" \/>\n<script type=\"application\/ld+json\" class=\"yoast-schema-graph\">{\"@context\":\"https:\/\/schema.org\",\"@graph\":[{\"@type\":\"Article\",\"@id\":\"https:\/\/experienciadevida.com.ar\/portalurbano\/abierta-la-inscripcion-para-el-curso-de-ingreso-anticipado-de-agosto-para-la-carrera-de-abogacia-2\/#article\",\"isPartOf\":{\"@id\":\"https:\/\/experienciadevida.com.ar\/portalurbano\/abierta-la-inscripcion-para-el-curso-de-ingreso-anticipado-de-agosto-para-la-carrera-de-abogacia-2\/\"},\"author\":{\"name\":\"admpu17wp\",\"@id\":\"https:\/\/experienciadevida.com.ar\/portalurbano\/#\/schema\/person\/02dd326b1c4b056e9cc972486934a3a7\"},\"headline\":\"Abierta la inscripci\u00f3n para el curso de ingreso anticipado de Agosto para la carrera de Abogac\u00eda\",\"datePublished\":\"2022-07-24T23:14:19+00:00\",\"dateModified\":\"2022-07-24T23:14:59+00:00\",\"mainEntityOfPage\":{\"@id\":\"https:\/\/experienciadevida.com.ar\/portalurbano\/abierta-la-inscripcion-para-el-curso-de-ingreso-anticipado-de-agosto-para-la-carrera-de-abogacia-2\/\"},\"wordCount\":340,\"publisher\":{\"@id\":\"https:\/\/experienciadevida.com.ar\/portalurbano\/#organization\"},\"articleSection\":[\"Educaci\u00f3n\"],\"inLanguage\":\"es\"},{\"@type\":\"WebPage\",\"@id\":\"https:\/\/experienciadevida.com.ar\/portalurbano\/abierta-la-inscripcion-para-el-curso-de-ingreso-anticipado-de-agosto-para-la-carrera-de-abogacia-2\/\",\"url\":\"https:\/\/experienciadevida.com.ar\/portalurbano\/abierta-la-inscripcion-para-el-curso-de-ingreso-anticipado-de-agosto-para-la-carrera-de-abogacia-2\/\",\"name\":\"Abierta la inscripci\u00f3n para el curso de ingreso anticipado de agosto\",\"isPartOf\":{\"@id\":\"https:\/\/experienciadevida.com.ar\/portalurbano\/#website\"},\"datePublished\":\"2022-07-24T23:14:19+00:00\",\"dateModified\":\"2022-07-24T23:14:59+00:00\",\"description\":\"Abierta la inscripci\u00f3n para el curso de ingreso anticipado de Agosto para la carrera de Abogac\u00eda, la facultad de Derecho UNICEN,\",\"breadcrumb\":{\"@id\":\"https:\/\/experienciadevida.com.ar\/portalurbano\/abierta-la-inscripcion-para-el-curso-de-ingreso-anticipado-de-agosto-para-la-carrera-de-abogacia-2\/#breadcrumb\"},\"inLanguage\":\"es\",\"potentialAction\":[{\"@type\":\"ReadAction\",\"target\":[\"https:\/\/experienciadevida.com.ar\/portalurbano\/abierta-la-inscripcion-para-el-curso-de-ingreso-anticipado-de-agosto-para-la-carrera-de-abogacia-2\/\"]}]},{\"@type\":\"BreadcrumbList\",\"@id\":\"https:\/\/experienciadevida.com.ar\/portalurbano\/abierta-la-inscripcion-para-el-curso-de-ingreso-anticipado-de-agosto-para-la-carrera-de-abogacia-2\/#breadcrumb\",\"itemListElement\":[{\"@type\":\"ListItem\",\"position\":1,\"name\":\"Portada\",\"item\":\"https:\/\/experienciadevida.com.ar\/portalurbano\/\"},{\"@type\":\"ListItem\",\"position\":2,\"name\":\"Abierta la inscripci\u00f3n para el curso de ingreso anticipado de Agosto para la carrera de Abogac\u00eda\"}]},{\"@type\":\"WebSite\",\"@id\":\"https:\/\/experienciadevida.com.ar\/portalurbano\/#website\",\"url\":\"https:\/\/experienciadevida.com.ar\/portalurbano\/\",\"name\":\"\",\"description\":\"\",\"publisher\":{\"@id\":\"https:\/\/experienciadevida.com.ar\/portalurbano\/#organization\"},\"potentialAction\":[{\"@type\":\"SearchAction\",\"target\":{\"@type\":\"EntryPoint\",\"urlTemplate\":\"https:\/\/experienciadevida.com.ar\/portalurbano\/?s={search_term_string}\"},\"query-input\":\"required name=search_term_string\"}],\"inLanguage\":\"es\"},{\"@type\":\"Organization\",\"@id\":\"https:\/\/experienciadevida.com.ar\/portalurbano\/#organization\",\"name\":\"Portal Urbano\",\"url\":\"https:\/\/experienciadevida.com.ar\/portalurbano\/\",\"logo\":{\"@type\":\"ImageObject\",\"inLanguage\":\"es\",\"@id\":\"https:\/\/experienciadevida.com.ar\/portalurbano\/#\/schema\/logo\/image\/\",\"url\":\"https:\/\/experienciadevida.com.ar\/portalurbano\/wp-content\/uploads\/2019\/09\/Logo-Original.png\",\"contentUrl\":\"https:\/\/experienciadevida.com.ar\/portalurbano\/wp-content\/uploads\/2019\/09\/Logo-Original.png\",\"width\":2236,\"height\":1216,\"caption\":\"Portal Urbano\"},\"image\":{\"@id\":\"https:\/\/experienciadevida.com.ar\/portalurbano\/#\/schema\/logo\/image\/\"},\"sameAs\":[\"https:\/\/www.facebook.com\/Portal-Urbano-171542830093757\/\",\"https:\/\/twitter.com\/portalurbanook\",\"https:\/\/www.instagram.com\/_portalurbano\/\",\"https:\/\/www.youtube.com\/channel\/UCXhagIfszH8KxFiOok79zbA?view_as=subscriber\"]},{\"@type\":\"Person\",\"@id\":\"https:\/\/experienciadevida.com.ar\/portalurbano\/#\/schema\/person\/02dd326b1c4b056e9cc972486934a3a7\",\"name\":\"admpu17wp\",\"image\":{\"@type\":\"ImageObject\",\"inLanguage\":\"es\",\"@id\":\"https:\/\/experienciadevida.com.ar\/portalurbano\/#\/schema\/person\/image\/\",\"url\":\"https:\/\/secure.gravatar.com\/avatar\/830d4c57adaae6630765e449a6908047?s=96&d=mm&r=g\",\"contentUrl\":\"https:\/\/secure.gravatar.com\/avatar\/830d4c57adaae6630765e449a6908047?s=96&d=mm&r=g\",\"caption\":\"admpu17wp\"}}]}<\/script>\n<!-- \/ Yoast SEO plugin. -->","yoast_head_json":{"title":"Abierta la inscripci\u00f3n para el curso de ingreso anticipado de agosto","description":"Abierta la inscripci\u00f3n para el curso de ingreso anticipado de Agosto para la carrera de Abogac\u00eda, la facultad de Derecho UNICEN,","robots":{"index":"index","follow":"follow","max-snippet":"max-snippet:-1","max-image-preview":"max-image-preview:large","max-video-preview":"max-video-preview:-1"},"canonical":"https:\/\/experienciadevida.com.ar\/portalurbano\/abierta-la-inscripcion-para-el-curso-de-ingreso-anticipado-de-agosto-para-la-carrera-de-abogacia-2\/","og_locale":"es_ES","og_type":"article","og_title":"Abierta la inscripci\u00f3n para el curso de ingreso anticipado de agosto","og_description":"Abierta la inscripci\u00f3n para el curso de ingreso anticipado de Agosto para la carrera de Abogac\u00eda, la facultad de Derecho UNICEN,","og_url":"https:\/\/experienciadevida.com.ar\/portalurbano\/abierta-la-inscripcion-para-el-curso-de-ingreso-anticipado-de-agosto-para-la-carrera-de-abogacia-2\/","article_publisher":"https:\/\/www.facebook.com\/Portal-Urbano-171542830093757\/","article_published_time":"2022-07-24T23:14:19+00:00","article_modified_time":"2022-07-24T23:14:59+00:00","og_image":[{"width":1280,"height":1280,"url":"https:\/\/experienciadevida.com.ar\/portalurbano\/wp-content\/uploads\/2022\/07\/Abierta-la-inscripcion-para-1.jpeg","type":"image\/jpeg"}],"author":"admpu17wp","twitter_card":"summary_large_image","twitter_creator":"@portalurbanook","twitter_site":"@portalurbanook","twitter_misc":{"Escrito por":"admpu17wp","Tiempo de lectura":"2 minutos"},"schema":{"@context":"https:\/\/schema.org","@graph":[{"@type":"Article","@id":"https:\/\/experienciadevida.com.ar\/portalurbano\/abierta-la-inscripcion-para-el-curso-de-ingreso-anticipado-de-agosto-para-la-carrera-de-abogacia-2\/#article","isPartOf":{"@id":"https:\/\/experienciadevida.com.ar\/portalurbano\/abierta-la-inscripcion-para-el-curso-de-ingreso-anticipado-de-agosto-para-la-carrera-de-abogacia-2\/"},"author":{"name":"admpu17wp","@id":"https:\/\/experienciadevida.com.ar\/portalurbano\/#\/schema\/person\/02dd326b1c4b056e9cc972486934a3a7"},"headline":"Abierta la inscripci\u00f3n para el curso de ingreso anticipado de Agosto para la carrera de Abogac\u00eda","datePublished":"2022-07-24T23:14:19+00:00","dateModified":"2022-07-24T23:14:59+00:00","mainEntityOfPage":{"@id":"https:\/\/experienciadevida.com.ar\/portalurbano\/abierta-la-inscripcion-para-el-curso-de-ingreso-anticipado-de-agosto-para-la-carrera-de-abogacia-2\/"},"wordCount":340,"publisher":{"@id":"https:\/\/experienciadevida.com.ar\/portalurbano\/#organization"},"articleSection":["Educaci\u00f3n"],"inLanguage":"es"},{"@type":"WebPage","@id":"https:\/\/experienciadevida.com.ar\/portalurbano\/abierta-la-inscripcion-para-el-curso-de-ingreso-anticipado-de-agosto-para-la-carrera-de-abogacia-2\/","url":"https:\/\/experienciadevida.com.ar\/portalurbano\/abierta-la-inscripcion-para-el-curso-de-ingreso-anticipado-de-agosto-para-la-carrera-de-abogacia-2\/","name":"Abierta la inscripci\u00f3n para el curso de ingreso anticipado de agosto","isPartOf":{"@id":"https:\/\/experienciadevida.com.ar\/portalurbano\/#website"},"datePublished":"2022-07-24T23:14:19+00:00","dateModified":"2022-07-24T23:14:59+00:00","description":"Abierta la inscripci\u00f3n para el curso de ingreso anticipado de Agosto para la carrera de Abogac\u00eda, la facultad de Derecho UNICEN,","breadcrumb":{"@id":"https:\/\/experienciadevida.com.ar\/portalurbano\/abierta-la-inscripcion-para-el-curso-de-ingreso-anticipado-de-agosto-para-la-carrera-de-abogacia-2\/#breadcrumb"},"inLanguage":"es","potentialAction":[{"@type":"ReadAction","target":["https:\/\/experienciadevida.com.ar\/portalurbano\/abierta-la-inscripcion-para-el-curso-de-ingreso-anticipado-de-agosto-para-la-carrera-de-abogacia-2\/"]}]},{"@type":"BreadcrumbList","@id":"https:\/\/experienciadevida.com.ar\/portalurbano\/abierta-la-inscripcion-para-el-curso-de-ingreso-anticipado-de-agosto-para-la-carrera-de-abogacia-2\/#breadcrumb","itemListElement":[{"@type":"ListItem","position":1,"name":"Portada","item":"https:\/\/experienciadevida.com.ar\/portalurbano\/"},{"@type":"ListItem","position":2,"name":"Abierta la inscripci\u00f3n para el curso de ingreso anticipado de Agosto para la carrera de Abogac\u00eda"}]},{"@type":"WebSite","@id":"https:\/\/experienciadevida.com.ar\/portalurbano\/#website","url":"https:\/\/experienciadevida.com.ar\/portalurbano\/","name":"","description":"","publisher":{"@id":"https:\/\/experienciadevida.com.ar\/portalurbano\/#organization"},"potentialAction":[{"@type":"SearchAction","target":{"@type":"EntryPoint","urlTemplate":"https:\/\/experienciadevida.com.ar\/portalurbano\/?s={search_term_string}"},"query-input":"required name=search_term_string"}],"inLanguage":"es"},{"@type":"Organization","@id":"https:\/\/experienciadevida.com.ar\/portalurbano\/#organization","name":"Portal Urbano","url":"https:\/\/experienciadevida.com.ar\/portalurbano\/","logo":{"@type":"ImageObject","inLanguage":"es","@id":"https:\/\/experienciadevida.com.ar\/portalurbano\/#\/schema\/logo\/image\/","url":"https:\/\/experienciadevida.com.ar\/portalurbano\/wp-content\/uploads\/2019\/09\/Logo-Original.png","contentUrl":"https:\/\/experienciadevida.com.ar\/portalurbano\/wp-content\/uploads\/2019\/09\/Logo-Original.png","width":2236,"height":1216,"caption":"Portal Urbano"},"image":{"@id":"https:\/\/experienciadevida.com.ar\/portalurbano\/#\/schema\/logo\/image\/"},"sameAs":["https:\/\/www.facebook.com\/Portal-Urbano-171542830093757\/","https:\/\/twitter.com\/portalurbanook","https:\/\/www.instagram.com\/_portalurbano\/","https:\/\/www.youtube.com\/channel\/UCXhagIfszH8KxFiOok79zbA?view_as=subscriber"]},{"@type":"Person","@id":"https:\/\/experienciadevida.com.ar\/portalurbano\/#\/schema\/person\/02dd326b1c4b056e9cc972486934a3a7","name":"admpu17wp","image":{"@type":"ImageObject","inLanguage":"es","@id":"https:\/\/experienciadevida.com.ar\/portalurbano\/#\/schema\/person\/image\/","url":"https:\/\/secure.gravatar.com\/avatar\/830d4c57adaae6630765e449a6908047?s=96&d=mm&r=g","contentUrl":"https:\/\/secure.gravatar.com\/avatar\/830d4c57adaae6630765e449a6908047?s=96&d=mm&r=g","caption":"admpu17wp"}}]}},"featured_image_urls":{"full":["https:\/\/experienciadevida.com.ar\/portalurbano\/wp-content\/uploads\/2022\/07\/Abierta-la-inscripcion-para-1.jpeg",1280,1280,false],"thumbnail":["https:\/\/experienciadevida.com.ar\/portalurbano\/wp-content\/uploads\/2022\/07\/Abierta-la-inscripcion-para-1-150x150.jpeg",150,150,true],"medium":["https:\/\/experienciadevida.com.ar\/portalurbano\/wp-content\/uploads\/2022\/07\/Abierta-la-inscripcion-para-1-300x300.jpeg",300,300,true],"medium_large":["https:\/\/experienciadevida.com.ar\/portalurbano\/wp-content\/uploads\/2022\/07\/Abierta-la-inscripcion-para-1-768x768.jpeg",640,640,true],"large":["https:\/\/experienciadevida.com.ar\/portalurbano\/wp-content\/uploads\/2022\/07\/Abierta-la-inscripcion-para-1-1024x1024.jpeg",640,640,true],"ug_big":["https:\/\/experienciadevida.com.ar\/portalurbano\/wp-content\/uploads\/2022\/07\/Abierta-la-inscripcion-para-1-768x768.jpeg",768,768,true],"1536x1536":["https:\/\/experienciadevida.com.ar\/portalurbano\/wp-content\/uploads\/2022\/07\/Abierta-la-inscripcion-para-1.jpeg",1280,1280,false],"2048x2048":["https:\/\/experienciadevida.com.ar\/portalurbano\/wp-content\/uploads\/2022\/07\/Abierta-la-inscripcion-para-1.jpeg",1280,1280,false],"newsever-slider-full":["https:\/\/experienciadevida.com.ar\/portalurbano\/wp-content\/uploads\/2022\/07\/Abierta-la-inscripcion-para-1.jpeg",845,845,false],"newsever-featured":["https:\/\/experienciadevida.com.ar\/portalurbano\/wp-content\/uploads\/2022\/07\/Abierta-la-inscripcion-para-1.jpeg",1024,1024,false],"newsever-medium":["https:\/\/experienciadevida.com.ar\/portalurbano\/wp-content\/uploads\/2022\/07\/Abierta-la-inscripcion-para-1.jpeg",475,475,false],"web-stories-poster-portrait":["https:\/\/experienciadevida.com.ar\/portalurbano\/wp-content\/uploads\/2022\/07\/Abierta-la-inscripcion-para-1-640x853.jpeg",640,853,true],"web-stories-publisher-logo":["https:\/\/experienciadevida.com.ar\/portalurbano\/wp-content\/uploads\/2022\/07\/Abierta-la-inscripcion-para-1-96x96.jpeg",96,96,true],"web-stories-thumbnail":["https:\/\/experienciadevida.com.ar\/portalurbano\/wp-content\/uploads\/2022\/07\/Abierta-la-inscripcion-para-1-150x150.jpeg",150,150,true]},"author_info":{"display_name":"admpu17wp","author_link":"https:\/\/experienciadevida.com.ar\/portalurbano\/author\/admpu17wp\/"},"category_info":"<a href=\"https:\/\/experienciadevida.com.ar\/portalurbano\/category\/ciudad\/educacion\/\" rel=\"category tag\">Educaci\u00f3n<\/a>","tag_info":"Educaci\u00f3n","comment_count":"0","amp_enabled":true,"_links":{"self":[{"href":"https:\/\/experienciadevida.com.ar\/portalurbano\/wp-json\/wp\/v2\/posts\/172068"}],"collection":[{"href":"https:\/\/experienciadevida.com.ar\/portalurbano\/wp-json\/wp\/v2\/posts"}],"about":[{"href":"https:\/\/experienciadevida.com.ar\/portalurbano\/wp-json\/wp\/v2\/types\/post"}],"author":[{"embeddable":true,"href":"https:\/\/experienciadevida.com.ar\/portalurbano\/wp-json\/wp\/v2\/users\/1"}],"replies":[{"embeddable":true,"href":"https:\/\/experienciadevida.com.ar\/portalurbano\/wp-json\/wp\/v2\/comments?post=172068"}],"version-history":[{"count":1,"href":"https:\/\/experienciadevida.com.ar\/portalurbano\/wp-json\/wp\/v2\/posts\/172068\/revisions"}],"predecessor-version":[{"id":172070,"href":"https:\/\/experienciadevida.com.ar\/portalurbano\/wp-json\/wp\/v2\/posts\/172068\/revisions\/172070"}],"wp:featuredmedia":[{"embeddable":true,"href":"https:\/\/experienciadevida.com.ar\/portalurbano\/wp-json\/wp\/v2\/media\/172069"}],"wp:attachment":[{"href":"https:\/\/experienciadevida.com.ar\/portalurbano\/wp-json\/wp\/v2\/media?parent=172068"}],"wp:term":[{"taxonomy":"category","embeddable":true,"href":"https:\/\/experienciadevida.com.ar\/portalurbano\/wp-json\/wp\/v2\/categories?post=172068"},{"taxonomy":"post_tag","embeddable":true,"href":"https:\/\/experienciadevida.com.ar\/portalurbano\/wp-json\/wp\/v2\/tags?post=172068"}],"curies":[{"name":"wp","href":"https:\/\/api.w.org\/{rel}","templated":true}]}}