{"id":172041,"date":"2022-07-24T12:20:10","date_gmt":"2022-07-24T15:20:10","guid":{"rendered":"https:\/\/experienciadevida.com.ar\/portalurbano\/?p=172041"},"modified":"2022-07-24T12:38:48","modified_gmt":"2022-07-24T15:38:48","slug":"libres-del-sur-realizo-una-encuesta-sobre-el-humor-social","status":"publish","type":"post","link":"https:\/\/experienciadevida.com.ar\/portalurbano\/libres-del-sur-realizo-una-encuesta-sobre-el-humor-social\/","title":{"rendered":"Libres del Sur realizo una encuesta sobre  \u201cEl Humor Social\u201d"},"content":{"rendered":"<p>Desde la regional de <a href=\"https:\/\/libresdelsur.org.ar\/\">Libres del Sur<\/a>, planteamos realizar esta encuesta, previo a los hechos econ\u00f3micos, pol\u00edticos y sociales que se vivieron la \u00faltima semana debido a la trepada del d\u00f3lar blue, que hab\u00eda cerrado a<br \/>\n$293,00 para la venta el viernes 15, y una semana despu\u00e9s, (22-7), este d\u00f3lar especulativo cerr\u00f3 su cotizaci\u00f3n a $338,00 para la venta, lo que llev\u00f3 la brecha entre el oficial y el ilegal a 151.13%.<\/p>\n<p><a href=\"https:\/\/experienciadevida.com.ar\/portalurbano\/libres-del-sur-realizo-una-encuesta-sobre-el-humor-social\/quien-es-responsable-de-la-inflacion-1\/\" rel=\"attachment wp-att-172046\"><img decoding=\"async\" class=\"alignnone size-large wp-image-172046\" src=\"https:\/\/experienciadevida.com.ar\/portalurbano\/wp-content\/uploads\/2022\/07\/quien-es-responsable-de-la-inflacion-1-1024x513.jpg\" alt=\"\" width=\"900\" height=\"451\" srcset=\"https:\/\/experienciadevida.com.ar\/portalurbano\/wp-content\/uploads\/2022\/07\/quien-es-responsable-de-la-inflacion-1-1024x513.jpg 1024w, https:\/\/experienciadevida.com.ar\/portalurbano\/wp-content\/uploads\/2022\/07\/quien-es-responsable-de-la-inflacion-1-300x150.jpg 300w, https:\/\/experienciadevida.com.ar\/portalurbano\/wp-content\/uploads\/2022\/07\/quien-es-responsable-de-la-inflacion-1-768x385.jpg 768w, https:\/\/experienciadevida.com.ar\/portalurbano\/wp-content\/uploads\/2022\/07\/quien-es-responsable-de-la-inflacion-1-150x75.jpg 150w, https:\/\/experienciadevida.com.ar\/portalurbano\/wp-content\/uploads\/2022\/07\/quien-es-responsable-de-la-inflacion-1.jpg 1402w\" sizes=\"(max-width: 900px) 100vw, 900px\" \/><\/a><\/p>\n<p>En ese contexto el gobierno expres\u00f3 medidas para paliar la tendencia alcista del d\u00f3lar blue, otorgar\u00e1 beneficios sobre el pago de importaciones de insumos y, beneficiar\u00e1 a los turistas extranjeros, que podr\u00e1n vender hasta 5.000 d\u00f3lares.<\/p>\n<p>Ah\u00ed terminaron, porque parece que, para la ministra de econom\u00eda Silvina Batakis y su equipo econ\u00f3mico, el valor del d\u00f3lar blue no se trasladar\u00eda a precios, \u00bfRecuerdan ustedes quien m\u00e1s aseguraba esto y no fue as\u00ed? Pese a los deseos, la realidad de las g\u00f3ndolas mostr\u00f3, por un lado, desabastecimiento de ciertos productos y por otro, el sobreprecio,<br \/>\ndonde incluso lleg\u00f3 a conocerse el precio de un producto, una vez estando en la caja.<\/p>\n<p><a href=\"https:\/\/experienciadevida.com.ar\/portalurbano\/libres-del-sur-realizo-una-encuesta-sobre-el-humor-social\/attachment\/4\/\" rel=\"attachment wp-att-172045\"><img decoding=\"async\" class=\"alignnone size-large wp-image-172045\" src=\"https:\/\/experienciadevida.com.ar\/portalurbano\/wp-content\/uploads\/2022\/07\/4--1024x641.jpg\" alt=\"\" width=\"900\" height=\"563\" srcset=\"https:\/\/experienciadevida.com.ar\/portalurbano\/wp-content\/uploads\/2022\/07\/4--1024x641.jpg 1024w, https:\/\/experienciadevida.com.ar\/portalurbano\/wp-content\/uploads\/2022\/07\/4--300x188.jpg 300w, https:\/\/experienciadevida.com.ar\/portalurbano\/wp-content\/uploads\/2022\/07\/4--768x481.jpg 768w, https:\/\/experienciadevida.com.ar\/portalurbano\/wp-content\/uploads\/2022\/07\/4--150x94.jpg 150w, https:\/\/experienciadevida.com.ar\/portalurbano\/wp-content\/uploads\/2022\/07\/4-.jpg 1338w\" sizes=\"(max-width: 900px) 100vw, 900px\" \/><\/a><\/p>\n<p>El coste de la suba del d\u00f3lar ilegal (blue), es el Impuesto inflacionario que nos cobra el banco central en forma an\u00f3nima, para financiar el gasto p\u00fablico, principalmente el sueldo de la clase pol\u00edtica, por ello, no frenan<br \/>\na los productores y formadores de precios para que dejen de remarcar lo que producen, que en definitiva es lo consumimos, esas diferencias de valores hacen que, los pesos sigan ingresando al sistema y se autogarantizan los<br \/>\nusureros salarios que por hacer pr\u00e1cticamente nada, s\u00f3lo ocupar un cargo, perciben.<\/p>\n<p><a href=\"https:\/\/experienciadevida.com.ar\/portalurbano\/libres-del-sur-realizo-una-encuesta-sobre-el-humor-social\/attachment\/1\/\" rel=\"attachment wp-att-172044\"><img decoding=\"async\" class=\"alignnone size-large wp-image-172044\" src=\"https:\/\/experienciadevida.com.ar\/portalurbano\/wp-content\/uploads\/2022\/07\/1--1024x1014.jpg\" alt=\"\" width=\"900\" height=\"891\" srcset=\"https:\/\/experienciadevida.com.ar\/portalurbano\/wp-content\/uploads\/2022\/07\/1--1024x1014.jpg 1024w, https:\/\/experienciadevida.com.ar\/portalurbano\/wp-content\/uploads\/2022\/07\/1--300x297.jpg 300w, https:\/\/experienciadevida.com.ar\/portalurbano\/wp-content\/uploads\/2022\/07\/1--150x149.jpg 150w, https:\/\/experienciadevida.com.ar\/portalurbano\/wp-content\/uploads\/2022\/07\/1--768x760.jpg 768w, https:\/\/experienciadevida.com.ar\/portalurbano\/wp-content\/uploads\/2022\/07\/1--96x96.jpg 96w, https:\/\/experienciadevida.com.ar\/portalurbano\/wp-content\/uploads\/2022\/07\/1-.jpg 1422w\" sizes=\"(max-width: 900px) 100vw, 900px\" \/><\/a><\/p>\n<p>Golpeando pura y exclusivamente el bolsillo de aquel que no llega a cubrir con sus ingresos el acceso a una canasta b\u00e1sica. Nuestra econom\u00eda percibe clima de estanflaci\u00f3n, los insumos aumentan y la gente compra menos, no porque no se quiera, sino porque no se puede.<\/p>\n<p><a href=\"https:\/\/experienciadevida.com.ar\/portalurbano\/libres-del-sur-realizo-una-encuesta-sobre-el-humor-social\/attachment\/3\/\" rel=\"attachment wp-att-172043\"><img decoding=\"async\" class=\"alignnone size-large wp-image-172043\" src=\"https:\/\/experienciadevida.com.ar\/portalurbano\/wp-content\/uploads\/2022\/07\/3--1024x716.jpg\" alt=\"\" width=\"900\" height=\"629\" srcset=\"https:\/\/experienciadevida.com.ar\/portalurbano\/wp-content\/uploads\/2022\/07\/3--1024x716.jpg 1024w, https:\/\/experienciadevida.com.ar\/portalurbano\/wp-content\/uploads\/2022\/07\/3--300x210.jpg 300w, https:\/\/experienciadevida.com.ar\/portalurbano\/wp-content\/uploads\/2022\/07\/3--768x537.jpg 768w, https:\/\/experienciadevida.com.ar\/portalurbano\/wp-content\/uploads\/2022\/07\/3--150x105.jpg 150w, https:\/\/experienciadevida.com.ar\/portalurbano\/wp-content\/uploads\/2022\/07\/3-.jpg 1398w\" sizes=\"(max-width: 900px) 100vw, 900px\" \/><\/a><\/p>\n<p>Este gobierno arremete con constantes reminiscencias al pasado, se basa en algunos hechos para que militantes y organizaciones propias repitan en la calle y los medios de comunicaci\u00f3n o directamente se llamen a silencio en<br \/>\nse\u00f1al de que no estamos tan mal, porque si lo fuera lo notar\u00edan, esa es su estrategia. Que poco resulta en la realidad de abrir la billetera e intentar comprar lo que uno necesita, que es muy distinto a abrir la billetera para comprar lo que se quiere.<\/p>\n<p><a href=\"https:\/\/experienciadevida.com.ar\/portalurbano\/libres-del-sur-realizo-una-encuesta-sobre-el-humor-social\/que-opinas-de-los-anuncios-de-la-nueva-ministra-de-economia\/\" rel=\"attachment wp-att-172042\"><img decoding=\"async\" class=\"alignnone size-large wp-image-172042\" src=\"https:\/\/experienciadevida.com.ar\/portalurbano\/wp-content\/uploads\/2022\/07\/Que-opinas-de-los-anuncios-de-la-nueva-ministra-de-economia-1024x483.jpg\" alt=\"\" width=\"900\" height=\"425\" srcset=\"https:\/\/experienciadevida.com.ar\/portalurbano\/wp-content\/uploads\/2022\/07\/Que-opinas-de-los-anuncios-de-la-nueva-ministra-de-economia-1024x483.jpg 1024w, https:\/\/experienciadevida.com.ar\/portalurbano\/wp-content\/uploads\/2022\/07\/Que-opinas-de-los-anuncios-de-la-nueva-ministra-de-economia-300x141.jpg 300w, https:\/\/experienciadevida.com.ar\/portalurbano\/wp-content\/uploads\/2022\/07\/Que-opinas-de-los-anuncios-de-la-nueva-ministra-de-economia-768x362.jpg 768w, https:\/\/experienciadevida.com.ar\/portalurbano\/wp-content\/uploads\/2022\/07\/Que-opinas-de-los-anuncios-de-la-nueva-ministra-de-economia-150x71.jpg 150w, https:\/\/experienciadevida.com.ar\/portalurbano\/wp-content\/uploads\/2022\/07\/Que-opinas-de-los-anuncios-de-la-nueva-ministra-de-economia.jpg 1512w\" sizes=\"(max-width: 900px) 100vw, 900px\" \/><\/a><\/p>\n<p>Con estos sucesos nacionales, salimos a preguntar y estos fueron los resultados de la encuesta a nivel local.<\/p>\n","protected":false},"excerpt":{"rendered":"<p>Desde la regional de Libres del Sur, planteamos realizar esta encuesta, previo a los hechos&#8230;<\/p>\n","protected":false},"author":1,"featured_media":172047,"comment_status":"closed","ping_status":"closed","sticky":false,"template":"","format":"standard","meta":{"content-type":""},"categories":[27,51],"tags":[681],"nelio_content":{"isAutoShareEnabled":false,"autoShareEndMode":"default","automationSources":{"useContentSentences":true,"useSocialTemplates":true,"useCustomSentences":false,"customSentences":[]},"followers":[1],"suggestedReferences":[],"includedReferences":[],"efiUrl":"","efiAlt":"","highlights":[]},"yoast_head":"<!-- This site is optimized with the Yoast SEO plugin v20.7 - https:\/\/yoast.com\/wordpress\/plugins\/seo\/ -->\n<title>Libres del Sur realizo una encuesta sobre \u201cEl Humor Social\u201d<\/title>\n<meta name=\"description\" content=\"Desde la regional de Libres del Sur, planteamos realizar esta encuesta, previo a los hechos econ\u00f3micos, pol\u00edticos y sociales que se vivieron la \u00faltima semana debido a la trepada del d\u00f3lar\" \/>\n<meta name=\"robots\" content=\"index, follow, max-snippet:-1, max-image-preview:large, max-video-preview:-1\" \/>\n<link rel=\"canonical\" href=\"https:\/\/experienciadevida.com.ar\/portalurbano\/libres-del-sur-realizo-una-encuesta-sobre-el-humor-social\/\" \/>\n<meta property=\"og:locale\" content=\"es_ES\" \/>\n<meta property=\"og:type\" content=\"article\" \/>\n<meta property=\"og:title\" content=\"Libres del Sur realizo una encuesta sobre \u201cEl Humor Social\u201d\" \/>\n<meta property=\"og:description\" content=\"Desde la regional de Libres del Sur, planteamos realizar esta encuesta, previo a los hechos econ\u00f3micos, pol\u00edticos y sociales que se vivieron la \u00faltima semana debido a la trepada del d\u00f3lar\" \/>\n<meta property=\"og:url\" content=\"https:\/\/experienciadevida.com.ar\/portalurbano\/libres-del-sur-realizo-una-encuesta-sobre-el-humor-social\/\" \/>\n<meta property=\"article:publisher\" content=\"https:\/\/www.facebook.com\/Portal-Urbano-171542830093757\/\" \/>\n<meta property=\"article:published_time\" content=\"2022-07-24T15:20:10+00:00\" \/>\n<meta property=\"article:modified_time\" content=\"2022-07-24T15:38:48+00:00\" \/>\n<meta property=\"og:image\" content=\"https:\/\/experienciadevida.com.ar\/portalurbano\/wp-content\/uploads\/2022\/07\/tapa_humor-social.jpg\" \/>\n\t<meta property=\"og:image:width\" content=\"759\" \/>\n\t<meta property=\"og:image:height\" content=\"426\" \/>\n\t<meta property=\"og:image:type\" content=\"image\/jpeg\" \/>\n<meta name=\"author\" content=\"admpu17wp\" \/>\n<meta name=\"twitter:card\" content=\"summary_large_image\" \/>\n<meta name=\"twitter:creator\" content=\"@portalurbanook\" \/>\n<meta name=\"twitter:site\" content=\"@portalurbanook\" \/>\n<meta name=\"twitter:label1\" content=\"Escrito por\" \/>\n\t<meta name=\"twitter:data1\" content=\"admpu17wp\" \/>\n\t<meta name=\"twitter:label2\" content=\"Tiempo de lectura\" \/>\n\t<meta name=\"twitter:data2\" content=\"3 minutos\" \/>\n<script type=\"application\/ld+json\" class=\"yoast-schema-graph\">{\"@context\":\"https:\/\/schema.org\",\"@graph\":[{\"@type\":\"Article\",\"@id\":\"https:\/\/experienciadevida.com.ar\/portalurbano\/libres-del-sur-realizo-una-encuesta-sobre-el-humor-social\/#article\",\"isPartOf\":{\"@id\":\"https:\/\/experienciadevida.com.ar\/portalurbano\/libres-del-sur-realizo-una-encuesta-sobre-el-humor-social\/\"},\"author\":{\"name\":\"admpu17wp\",\"@id\":\"https:\/\/experienciadevida.com.ar\/portalurbano\/#\/schema\/person\/02dd326b1c4b056e9cc972486934a3a7\"},\"headline\":\"Libres del Sur realizo una encuesta sobre \u201cEl Humor Social\u201d\",\"datePublished\":\"2022-07-24T15:20:10+00:00\",\"dateModified\":\"2022-07-24T15:38:48+00:00\",\"mainEntityOfPage\":{\"@id\":\"https:\/\/experienciadevida.com.ar\/portalurbano\/libres-del-sur-realizo-una-encuesta-sobre-el-humor-social\/\"},\"wordCount\":449,\"publisher\":{\"@id\":\"https:\/\/experienciadevida.com.ar\/portalurbano\/#organization\"},\"keywords\":[\"Libres del Sur\"],\"articleSection\":[\"Ciudad\",\"Destacadas\"],\"inLanguage\":\"es\"},{\"@type\":\"WebPage\",\"@id\":\"https:\/\/experienciadevida.com.ar\/portalurbano\/libres-del-sur-realizo-una-encuesta-sobre-el-humor-social\/\",\"url\":\"https:\/\/experienciadevida.com.ar\/portalurbano\/libres-del-sur-realizo-una-encuesta-sobre-el-humor-social\/\",\"name\":\"Libres del Sur realizo una encuesta sobre \u201cEl Humor Social\u201d\",\"isPartOf\":{\"@id\":\"https:\/\/experienciadevida.com.ar\/portalurbano\/#website\"},\"datePublished\":\"2022-07-24T15:20:10+00:00\",\"dateModified\":\"2022-07-24T15:38:48+00:00\",\"description\":\"Desde la regional de Libres del Sur, planteamos realizar esta encuesta, previo a los hechos econ\u00f3micos, pol\u00edticos y sociales que se vivieron la \u00faltima semana debido a la trepada del d\u00f3lar\",\"breadcrumb\":{\"@id\":\"https:\/\/experienciadevida.com.ar\/portalurbano\/libres-del-sur-realizo-una-encuesta-sobre-el-humor-social\/#breadcrumb\"},\"inLanguage\":\"es\",\"potentialAction\":[{\"@type\":\"ReadAction\",\"target\":[\"https:\/\/experienciadevida.com.ar\/portalurbano\/libres-del-sur-realizo-una-encuesta-sobre-el-humor-social\/\"]}]},{\"@type\":\"BreadcrumbList\",\"@id\":\"https:\/\/experienciadevida.com.ar\/portalurbano\/libres-del-sur-realizo-una-encuesta-sobre-el-humor-social\/#breadcrumb\",\"itemListElement\":[{\"@type\":\"ListItem\",\"position\":1,\"name\":\"Portada\",\"item\":\"https:\/\/experienciadevida.com.ar\/portalurbano\/\"},{\"@type\":\"ListItem\",\"position\":2,\"name\":\"Libres del Sur realizo una encuesta sobre \u201cEl Humor Social\u201d\"}]},{\"@type\":\"WebSite\",\"@id\":\"https:\/\/experienciadevida.com.ar\/portalurbano\/#website\",\"url\":\"https:\/\/experienciadevida.com.ar\/portalurbano\/\",\"name\":\"\",\"description\":\"\",\"publisher\":{\"@id\":\"https:\/\/experienciadevida.com.ar\/portalurbano\/#organization\"},\"potentialAction\":[{\"@type\":\"SearchAction\",\"target\":{\"@type\":\"EntryPoint\",\"urlTemplate\":\"https:\/\/experienciadevida.com.ar\/portalurbano\/?s={search_term_string}\"},\"query-input\":\"required name=search_term_string\"}],\"inLanguage\":\"es\"},{\"@type\":\"Organization\",\"@id\":\"https:\/\/experienciadevida.com.ar\/portalurbano\/#organization\",\"name\":\"Portal Urbano\",\"url\":\"https:\/\/experienciadevida.com.ar\/portalurbano\/\",\"logo\":{\"@type\":\"ImageObject\",\"inLanguage\":\"es\",\"@id\":\"https:\/\/experienciadevida.com.ar\/portalurbano\/#\/schema\/logo\/image\/\",\"url\":\"https:\/\/experienciadevida.com.ar\/portalurbano\/wp-content\/uploads\/2019\/09\/Logo-Original.png\",\"contentUrl\":\"https:\/\/experienciadevida.com.ar\/portalurbano\/wp-content\/uploads\/2019\/09\/Logo-Original.png\",\"width\":2236,\"height\":1216,\"caption\":\"Portal Urbano\"},\"image\":{\"@id\":\"https:\/\/experienciadevida.com.ar\/portalurbano\/#\/schema\/logo\/image\/\"},\"sameAs\":[\"https:\/\/www.facebook.com\/Portal-Urbano-171542830093757\/\",\"https:\/\/twitter.com\/portalurbanook\",\"https:\/\/www.instagram.com\/_portalurbano\/\",\"https:\/\/www.youtube.com\/channel\/UCXhagIfszH8KxFiOok79zbA?view_as=subscriber\"]},{\"@type\":\"Person\",\"@id\":\"https:\/\/experienciadevida.com.ar\/portalurbano\/#\/schema\/person\/02dd326b1c4b056e9cc972486934a3a7\",\"name\":\"admpu17wp\",\"image\":{\"@type\":\"ImageObject\",\"inLanguage\":\"es\",\"@id\":\"https:\/\/experienciadevida.com.ar\/portalurbano\/#\/schema\/person\/image\/\",\"url\":\"https:\/\/secure.gravatar.com\/avatar\/830d4c57adaae6630765e449a6908047?s=96&d=mm&r=g\",\"contentUrl\":\"https:\/\/secure.gravatar.com\/avatar\/830d4c57adaae6630765e449a6908047?s=96&d=mm&r=g\",\"caption\":\"admpu17wp\"}}]}<\/script>\n<!-- \/ Yoast SEO plugin. -->","yoast_head_json":{"title":"Libres del Sur realizo una encuesta sobre \u201cEl Humor Social\u201d","description":"Desde la regional de Libres del Sur, planteamos realizar esta encuesta, previo a los hechos econ\u00f3micos, pol\u00edticos y sociales que se vivieron la \u00faltima semana debido a la trepada del d\u00f3lar","robots":{"index":"index","follow":"follow","max-snippet":"max-snippet:-1","max-image-preview":"max-image-preview:large","max-video-preview":"max-video-preview:-1"},"canonical":"https:\/\/experienciadevida.com.ar\/portalurbano\/libres-del-sur-realizo-una-encuesta-sobre-el-humor-social\/","og_locale":"es_ES","og_type":"article","og_title":"Libres del Sur realizo una encuesta sobre \u201cEl Humor Social\u201d","og_description":"Desde la regional de Libres del Sur, planteamos realizar esta encuesta, previo a los hechos econ\u00f3micos, pol\u00edticos y sociales que se vivieron la \u00faltima semana debido a la trepada del d\u00f3lar","og_url":"https:\/\/experienciadevida.com.ar\/portalurbano\/libres-del-sur-realizo-una-encuesta-sobre-el-humor-social\/","article_publisher":"https:\/\/www.facebook.com\/Portal-Urbano-171542830093757\/","article_published_time":"2022-07-24T15:20:10+00:00","article_modified_time":"2022-07-24T15:38:48+00:00","og_image":[{"width":759,"height":426,"url":"https:\/\/experienciadevida.com.ar\/portalurbano\/wp-content\/uploads\/2022\/07\/tapa_humor-social.jpg","type":"image\/jpeg"}],"author":"admpu17wp","twitter_card":"summary_large_image","twitter_creator":"@portalurbanook","twitter_site":"@portalurbanook","twitter_misc":{"Escrito por":"admpu17wp","Tiempo de lectura":"3 minutos"},"schema":{"@context":"https:\/\/schema.org","@graph":[{"@type":"Article","@id":"https:\/\/experienciadevida.com.ar\/portalurbano\/libres-del-sur-realizo-una-encuesta-sobre-el-humor-social\/#article","isPartOf":{"@id":"https:\/\/experienciadevida.com.ar\/portalurbano\/libres-del-sur-realizo-una-encuesta-sobre-el-humor-social\/"},"author":{"name":"admpu17wp","@id":"https:\/\/experienciadevida.com.ar\/portalurbano\/#\/schema\/person\/02dd326b1c4b056e9cc972486934a3a7"},"headline":"Libres del Sur realizo una encuesta sobre \u201cEl Humor Social\u201d","datePublished":"2022-07-24T15:20:10+00:00","dateModified":"2022-07-24T15:38:48+00:00","mainEntityOfPage":{"@id":"https:\/\/experienciadevida.com.ar\/portalurbano\/libres-del-sur-realizo-una-encuesta-sobre-el-humor-social\/"},"wordCount":449,"publisher":{"@id":"https:\/\/experienciadevida.com.ar\/portalurbano\/#organization"},"keywords":["Libres del Sur"],"articleSection":["Ciudad","Destacadas"],"inLanguage":"es"},{"@type":"WebPage","@id":"https:\/\/experienciadevida.com.ar\/portalurbano\/libres-del-sur-realizo-una-encuesta-sobre-el-humor-social\/","url":"https:\/\/experienciadevida.com.ar\/portalurbano\/libres-del-sur-realizo-una-encuesta-sobre-el-humor-social\/","name":"Libres del Sur realizo una encuesta sobre \u201cEl Humor Social\u201d","isPartOf":{"@id":"https:\/\/experienciadevida.com.ar\/portalurbano\/#website"},"datePublished":"2022-07-24T15:20:10+00:00","dateModified":"2022-07-24T15:38:48+00:00","description":"Desde la regional de Libres del Sur, planteamos realizar esta encuesta, previo a los hechos econ\u00f3micos, pol\u00edticos y sociales que se vivieron la \u00faltima semana debido a la trepada del d\u00f3lar","breadcrumb":{"@id":"https:\/\/experienciadevida.com.ar\/portalurbano\/libres-del-sur-realizo-una-encuesta-sobre-el-humor-social\/#breadcrumb"},"inLanguage":"es","potentialAction":[{"@type":"ReadAction","target":["https:\/\/experienciadevida.com.ar\/portalurbano\/libres-del-sur-realizo-una-encuesta-sobre-el-humor-social\/"]}]},{"@type":"BreadcrumbList","@id":"https:\/\/experienciadevida.com.ar\/portalurbano\/libres-del-sur-realizo-una-encuesta-sobre-el-humor-social\/#breadcrumb","itemListElement":[{"@type":"ListItem","position":1,"name":"Portada","item":"https:\/\/experienciadevida.com.ar\/portalurbano\/"},{"@type":"ListItem","position":2,"name":"Libres del Sur realizo una encuesta sobre \u201cEl Humor Social\u201d"}]},{"@type":"WebSite","@id":"https:\/\/experienciadevida.com.ar\/portalurbano\/#website","url":"https:\/\/experienciadevida.com.ar\/portalurbano\/","name":"","description":"","publisher":{"@id":"https:\/\/experienciadevida.com.ar\/portalurbano\/#organization"},"potentialAction":[{"@type":"SearchAction","target":{"@type":"EntryPoint","urlTemplate":"https:\/\/experienciadevida.com.ar\/portalurbano\/?s={search_term_string}"},"query-input":"required name=search_term_string"}],"inLanguage":"es"},{"@type":"Organization","@id":"https:\/\/experienciadevida.com.ar\/portalurbano\/#organization","name":"Portal Urbano","url":"https:\/\/experienciadevida.com.ar\/portalurbano\/","logo":{"@type":"ImageObject","inLanguage":"es","@id":"https:\/\/experienciadevida.com.ar\/portalurbano\/#\/schema\/logo\/image\/","url":"https:\/\/experienciadevida.com.ar\/portalurbano\/wp-content\/uploads\/2019\/09\/Logo-Original.png","contentUrl":"https:\/\/experienciadevida.com.ar\/portalurbano\/wp-content\/uploads\/2019\/09\/Logo-Original.png","width":2236,"height":1216,"caption":"Portal Urbano"},"image":{"@id":"https:\/\/experienciadevida.com.ar\/portalurbano\/#\/schema\/logo\/image\/"},"sameAs":["https:\/\/www.facebook.com\/Portal-Urbano-171542830093757\/","https:\/\/twitter.com\/portalurbanook","https:\/\/www.instagram.com\/_portalurbano\/","https:\/\/www.youtube.com\/channel\/UCXhagIfszH8KxFiOok79zbA?view_as=subscriber"]},{"@type":"Person","@id":"https:\/\/experienciadevida.com.ar\/portalurbano\/#\/schema\/person\/02dd326b1c4b056e9cc972486934a3a7","name":"admpu17wp","image":{"@type":"ImageObject","inLanguage":"es","@id":"https:\/\/experienciadevida.com.ar\/portalurbano\/#\/schema\/person\/image\/","url":"https:\/\/secure.gravatar.com\/avatar\/830d4c57adaae6630765e449a6908047?s=96&d=mm&r=g","contentUrl":"https:\/\/secure.gravatar.com\/avatar\/830d4c57adaae6630765e449a6908047?s=96&d=mm&r=g","caption":"admpu17wp"}}]}},"featured_image_urls":{"full":["https:\/\/experienciadevida.com.ar\/portalurbano\/wp-content\/uploads\/2022\/07\/tapa_humor-social.jpg",759,426,false],"thumbnail":["https:\/\/experienciadevida.com.ar\/portalurbano\/wp-content\/uploads\/2022\/07\/tapa_humor-social-150x150.jpg",150,150,true],"medium":["https:\/\/experienciadevida.com.ar\/portalurbano\/wp-content\/uploads\/2022\/07\/tapa_humor-social-300x168.jpg",300,168,true],"medium_large":["https:\/\/experienciadevida.com.ar\/portalurbano\/wp-content\/uploads\/2022\/07\/tapa_humor-social.jpg",640,359,false],"large":["https:\/\/experienciadevida.com.ar\/portalurbano\/wp-content\/uploads\/2022\/07\/tapa_humor-social.jpg",640,359,false],"ug_big":["https:\/\/experienciadevida.com.ar\/portalurbano\/wp-content\/uploads\/2022\/07\/tapa_humor-social.jpg",759,426,false],"1536x1536":["https:\/\/experienciadevida.com.ar\/portalurbano\/wp-content\/uploads\/2022\/07\/tapa_humor-social.jpg",759,426,false],"2048x2048":["https:\/\/experienciadevida.com.ar\/portalurbano\/wp-content\/uploads\/2022\/07\/tapa_humor-social.jpg",759,426,false],"newsever-slider-full":["https:\/\/experienciadevida.com.ar\/portalurbano\/wp-content\/uploads\/2022\/07\/tapa_humor-social.jpg",759,426,false],"newsever-featured":["https:\/\/experienciadevida.com.ar\/portalurbano\/wp-content\/uploads\/2022\/07\/tapa_humor-social.jpg",759,426,false],"newsever-medium":["https:\/\/experienciadevida.com.ar\/portalurbano\/wp-content\/uploads\/2022\/07\/tapa_humor-social.jpg",720,404,false],"web-stories-poster-portrait":["https:\/\/experienciadevida.com.ar\/portalurbano\/wp-content\/uploads\/2022\/07\/tapa_humor-social-640x426.jpg",640,426,true],"web-stories-publisher-logo":["https:\/\/experienciadevida.com.ar\/portalurbano\/wp-content\/uploads\/2022\/07\/tapa_humor-social-96x96.jpg",96,96,true],"web-stories-thumbnail":["https:\/\/experienciadevida.com.ar\/portalurbano\/wp-content\/uploads\/2022\/07\/tapa_humor-social-150x84.jpg",150,84,true]},"author_info":{"display_name":"admpu17wp","author_link":"https:\/\/experienciadevida.com.ar\/portalurbano\/author\/admpu17wp\/"},"category_info":"<a href=\"https:\/\/experienciadevida.com.ar\/portalurbano\/category\/ciudad\/\" rel=\"category tag\">Ciudad<\/a> <a href=\"https:\/\/experienciadevida.com.ar\/portalurbano\/category\/destacadas\/\" rel=\"category tag\">Destacadas<\/a>","tag_info":"Destacadas","comment_count":"0","amp_enabled":true,"_links":{"self":[{"href":"https:\/\/experienciadevida.com.ar\/portalurbano\/wp-json\/wp\/v2\/posts\/172041"}],"collection":[{"href":"https:\/\/experienciadevida.com.ar\/portalurbano\/wp-json\/wp\/v2\/posts"}],"about":[{"href":"https:\/\/experienciadevida.com.ar\/portalurbano\/wp-json\/wp\/v2\/types\/post"}],"author":[{"embeddable":true,"href":"https:\/\/experienciadevida.com.ar\/portalurbano\/wp-json\/wp\/v2\/users\/1"}],"replies":[{"embeddable":true,"href":"https:\/\/experienciadevida.com.ar\/portalurbano\/wp-json\/wp\/v2\/comments?post=172041"}],"version-history":[{"count":4,"href":"https:\/\/experienciadevida.com.ar\/portalurbano\/wp-json\/wp\/v2\/posts\/172041\/revisions"}],"predecessor-version":[{"id":172053,"href":"https:\/\/experienciadevida.com.ar\/portalurbano\/wp-json\/wp\/v2\/posts\/172041\/revisions\/172053"}],"wp:featuredmedia":[{"embeddable":true,"href":"https:\/\/experienciadevida.com.ar\/portalurbano\/wp-json\/wp\/v2\/media\/172047"}],"wp:attachment":[{"href":"https:\/\/experienciadevida.com.ar\/portalurbano\/wp-json\/wp\/v2\/media?parent=172041"}],"wp:term":[{"taxonomy":"category","embeddable":true,"href":"https:\/\/experienciadevida.com.ar\/portalurbano\/wp-json\/wp\/v2\/categories?post=172041"},{"taxonomy":"post_tag","embeddable":true,"href":"https:\/\/experienciadevida.com.ar\/portalurbano\/wp-json\/wp\/v2\/tags?post=172041"}],"curies":[{"name":"wp","href":"https:\/\/api.w.org\/{rel}","templated":true}]}}