{"id":171992,"date":"2022-07-23T13:39:05","date_gmt":"2022-07-23T16:39:05","guid":{"rendered":"https:\/\/experienciadevida.com.ar\/portalurbano\/?p=171992"},"modified":"2022-07-23T13:39:45","modified_gmt":"2022-07-23T16:39:45","slug":"coopelectric-invita-a-la-comunidad-a-participar-de-la-charla-del-arbolado-urbano-a-la-infraestructura-verde","status":"publish","type":"post","link":"https:\/\/experienciadevida.com.ar\/portalurbano\/coopelectric-invita-a-la-comunidad-a-participar-de-la-charla-del-arbolado-urbano-a-la-infraestructura-verde\/","title":{"rendered":"Coopelectric invita a la comunidad a participar de la charla \u201cDel arbolado urbano a la infraestructura verde\u201d"},"content":{"rendered":"<p>Coopelectric invita a la comunidad a participar de la charla \u201cDel arbolado urbano a la infraestructura verde\u201d. La misma ser\u00e1 dictada por la Mg. Rosana Ferraro y tendr\u00e1 lugar el jueves 28 de julio a las 19:00 hs. en el Sal\u00f3n<br \/>\nAudit\u00f3rium de Coopelectric (Belgrano N\u00ba 2850) con entrada libre y gratuita.<\/p>\n<p>La vegetaci\u00f3n en las ciudades posee valor por sus funciones est\u00e9ticas, ornamentales y tambi\u00e9n porque es proveedor de servicios ecosist\u00e9micos. Los espacios verdes, en cualquiera de sus formas (plazas, parques, arbolado lineal de calles, etc.) contribuyen en la producci\u00f3n de ox\u00edgeno, el filtrado de agua, entre otros servicios y a mitigar los impactos propios de las urbanizaciones.<\/p>\n<p>La infraestructura verde es definida como una red interconectada de espacios verdes urbanos, periurbanos, rurales y silvestres, que conserva y aporta funciones ecosist\u00e9micas y servicios ambientales para la poblaci\u00f3n humana.<\/p>\n<p>El desaf\u00edo de las ciudades actuales consiste en generar una infraestructura verde que considere las necesidades de sus habitantes tomando en cuenta el confort microclim\u00e1tico, la calidad del aire, la reducci\u00f3n del ruido, la<br \/>\namenidad paisaj\u00edstica, entre otros temas; para contribuir a la adaptaci\u00f3n y mitigaci\u00f3n del cambio clim\u00e1tico.<\/p>\n<p>La Mg. Rosana Ferraro realizar\u00e1 un recorrido por estas tem\u00e1ticas aportando su conocimiento y trayectoria profesional. Adem\u00e1s, la charla contar\u00e1 con la participaci\u00f3n especial de Ana Geoghegan, responsable de Espacios Verdes del Municipio.<\/p>\n","protected":false},"excerpt":{"rendered":"<p>Coopelectric invita a la comunidad a participar de la charla \u201cDel arbolado urbano a la&#8230;<\/p>\n","protected":false},"author":1,"featured_media":171993,"comment_status":"closed","ping_status":"closed","sticky":false,"template":"","format":"standard","meta":{"content-type":""},"categories":[27],"tags":[],"nelio_content":{"isAutoShareEnabled":false,"autoShareEndMode":"default","automationSources":{"useContentSentences":true,"useSocialTemplates":true,"useCustomSentences":false,"customSentences":[]},"followers":[1],"suggestedReferences":[],"includedReferences":[],"efiUrl":"","efiAlt":"","highlights":[]},"yoast_head":"<!-- This site is optimized with the Yoast SEO plugin v20.7 - https:\/\/yoast.com\/wordpress\/plugins\/seo\/ -->\n<title>Coopelectric invita a la comunidad a participar de una charla<\/title>\n<meta name=\"description\" content=\"Coopelectric invita a la comunidad a participar de la charla \u201cDel arbolado urbano a la infraestructura verde\u201d dictada por Rosana Ferraro\" \/>\n<meta name=\"robots\" content=\"index, follow, max-snippet:-1, max-image-preview:large, max-video-preview:-1\" \/>\n<link rel=\"canonical\" href=\"https:\/\/experienciadevida.com.ar\/portalurbano\/coopelectric-invita-a-la-comunidad-a-participar-de-la-charla-del-arbolado-urbano-a-la-infraestructura-verde\/\" \/>\n<meta property=\"og:locale\" content=\"es_ES\" \/>\n<meta property=\"og:type\" content=\"article\" \/>\n<meta property=\"og:title\" content=\"Coopelectric invita a la comunidad a participar de una charla\" \/>\n<meta property=\"og:description\" content=\"Coopelectric invita a la comunidad a participar de la charla \u201cDel arbolado urbano a la infraestructura verde\u201d dictada por Rosana Ferraro\" \/>\n<meta property=\"og:url\" content=\"https:\/\/experienciadevida.com.ar\/portalurbano\/coopelectric-invita-a-la-comunidad-a-participar-de-la-charla-del-arbolado-urbano-a-la-infraestructura-verde\/\" \/>\n<meta property=\"article:publisher\" content=\"https:\/\/www.facebook.com\/Portal-Urbano-171542830093757\/\" \/>\n<meta property=\"article:published_time\" content=\"2022-07-23T16:39:05+00:00\" \/>\n<meta property=\"article:modified_time\" content=\"2022-07-23T16:39:45+00:00\" \/>\n<meta property=\"og:image\" content=\"https:\/\/experienciadevida.com.ar\/portalurbano\/wp-content\/uploads\/2022\/07\/Coopelectric-invita-a-la.jpg\" \/>\n\t<meta property=\"og:image:width\" content=\"831\" \/>\n\t<meta property=\"og:image:height\" content=\"1188\" \/>\n\t<meta property=\"og:image:type\" content=\"image\/jpeg\" \/>\n<meta name=\"author\" content=\"admpu17wp\" \/>\n<meta name=\"twitter:card\" content=\"summary_large_image\" \/>\n<meta name=\"twitter:creator\" content=\"@portalurbanook\" \/>\n<meta name=\"twitter:site\" content=\"@portalurbanook\" \/>\n<meta name=\"twitter:label1\" content=\"Escrito por\" \/>\n\t<meta name=\"twitter:data1\" content=\"admpu17wp\" \/>\n\t<meta name=\"twitter:label2\" content=\"Tiempo de lectura\" \/>\n\t<meta name=\"twitter:data2\" content=\"2 minutos\" \/>\n<script type=\"application\/ld+json\" class=\"yoast-schema-graph\">{\"@context\":\"https:\/\/schema.org\",\"@graph\":[{\"@type\":\"Article\",\"@id\":\"https:\/\/experienciadevida.com.ar\/portalurbano\/coopelectric-invita-a-la-comunidad-a-participar-de-la-charla-del-arbolado-urbano-a-la-infraestructura-verde\/#article\",\"isPartOf\":{\"@id\":\"https:\/\/experienciadevida.com.ar\/portalurbano\/coopelectric-invita-a-la-comunidad-a-participar-de-la-charla-del-arbolado-urbano-a-la-infraestructura-verde\/\"},\"author\":{\"name\":\"admpu17wp\",\"@id\":\"https:\/\/experienciadevida.com.ar\/portalurbano\/#\/schema\/person\/02dd326b1c4b056e9cc972486934a3a7\"},\"headline\":\"Coopelectric invita a la comunidad a participar de la charla \u201cDel arbolado urbano a la infraestructura verde\u201d\",\"datePublished\":\"2022-07-23T16:39:05+00:00\",\"dateModified\":\"2022-07-23T16:39:45+00:00\",\"mainEntityOfPage\":{\"@id\":\"https:\/\/experienciadevida.com.ar\/portalurbano\/coopelectric-invita-a-la-comunidad-a-participar-de-la-charla-del-arbolado-urbano-a-la-infraestructura-verde\/\"},\"wordCount\":255,\"publisher\":{\"@id\":\"https:\/\/experienciadevida.com.ar\/portalurbano\/#organization\"},\"articleSection\":[\"Ciudad\"],\"inLanguage\":\"es\"},{\"@type\":\"WebPage\",\"@id\":\"https:\/\/experienciadevida.com.ar\/portalurbano\/coopelectric-invita-a-la-comunidad-a-participar-de-la-charla-del-arbolado-urbano-a-la-infraestructura-verde\/\",\"url\":\"https:\/\/experienciadevida.com.ar\/portalurbano\/coopelectric-invita-a-la-comunidad-a-participar-de-la-charla-del-arbolado-urbano-a-la-infraestructura-verde\/\",\"name\":\"Coopelectric invita a la comunidad a participar de una charla\",\"isPartOf\":{\"@id\":\"https:\/\/experienciadevida.com.ar\/portalurbano\/#website\"},\"datePublished\":\"2022-07-23T16:39:05+00:00\",\"dateModified\":\"2022-07-23T16:39:45+00:00\",\"description\":\"Coopelectric invita a la comunidad a participar de la charla \u201cDel arbolado urbano a la infraestructura verde\u201d dictada por Rosana Ferraro\",\"breadcrumb\":{\"@id\":\"https:\/\/experienciadevida.com.ar\/portalurbano\/coopelectric-invita-a-la-comunidad-a-participar-de-la-charla-del-arbolado-urbano-a-la-infraestructura-verde\/#breadcrumb\"},\"inLanguage\":\"es\",\"potentialAction\":[{\"@type\":\"ReadAction\",\"target\":[\"https:\/\/experienciadevida.com.ar\/portalurbano\/coopelectric-invita-a-la-comunidad-a-participar-de-la-charla-del-arbolado-urbano-a-la-infraestructura-verde\/\"]}]},{\"@type\":\"BreadcrumbList\",\"@id\":\"https:\/\/experienciadevida.com.ar\/portalurbano\/coopelectric-invita-a-la-comunidad-a-participar-de-la-charla-del-arbolado-urbano-a-la-infraestructura-verde\/#breadcrumb\",\"itemListElement\":[{\"@type\":\"ListItem\",\"position\":1,\"name\":\"Portada\",\"item\":\"https:\/\/experienciadevida.com.ar\/portalurbano\/\"},{\"@type\":\"ListItem\",\"position\":2,\"name\":\"Coopelectric invita a la comunidad a participar de la charla \u201cDel arbolado urbano a la infraestructura verde\u201d\"}]},{\"@type\":\"WebSite\",\"@id\":\"https:\/\/experienciadevida.com.ar\/portalurbano\/#website\",\"url\":\"https:\/\/experienciadevida.com.ar\/portalurbano\/\",\"name\":\"\",\"description\":\"\",\"publisher\":{\"@id\":\"https:\/\/experienciadevida.com.ar\/portalurbano\/#organization\"},\"potentialAction\":[{\"@type\":\"SearchAction\",\"target\":{\"@type\":\"EntryPoint\",\"urlTemplate\":\"https:\/\/experienciadevida.com.ar\/portalurbano\/?s={search_term_string}\"},\"query-input\":\"required name=search_term_string\"}],\"inLanguage\":\"es\"},{\"@type\":\"Organization\",\"@id\":\"https:\/\/experienciadevida.com.ar\/portalurbano\/#organization\",\"name\":\"Portal Urbano\",\"url\":\"https:\/\/experienciadevida.com.ar\/portalurbano\/\",\"logo\":{\"@type\":\"ImageObject\",\"inLanguage\":\"es\",\"@id\":\"https:\/\/experienciadevida.com.ar\/portalurbano\/#\/schema\/logo\/image\/\",\"url\":\"https:\/\/experienciadevida.com.ar\/portalurbano\/wp-content\/uploads\/2019\/09\/Logo-Original.png\",\"contentUrl\":\"https:\/\/experienciadevida.com.ar\/portalurbano\/wp-content\/uploads\/2019\/09\/Logo-Original.png\",\"width\":2236,\"height\":1216,\"caption\":\"Portal Urbano\"},\"image\":{\"@id\":\"https:\/\/experienciadevida.com.ar\/portalurbano\/#\/schema\/logo\/image\/\"},\"sameAs\":[\"https:\/\/www.facebook.com\/Portal-Urbano-171542830093757\/\",\"https:\/\/twitter.com\/portalurbanook\",\"https:\/\/www.instagram.com\/_portalurbano\/\",\"https:\/\/www.youtube.com\/channel\/UCXhagIfszH8KxFiOok79zbA?view_as=subscriber\"]},{\"@type\":\"Person\",\"@id\":\"https:\/\/experienciadevida.com.ar\/portalurbano\/#\/schema\/person\/02dd326b1c4b056e9cc972486934a3a7\",\"name\":\"admpu17wp\",\"image\":{\"@type\":\"ImageObject\",\"inLanguage\":\"es\",\"@id\":\"https:\/\/experienciadevida.com.ar\/portalurbano\/#\/schema\/person\/image\/\",\"url\":\"https:\/\/secure.gravatar.com\/avatar\/830d4c57adaae6630765e449a6908047?s=96&d=mm&r=g\",\"contentUrl\":\"https:\/\/secure.gravatar.com\/avatar\/830d4c57adaae6630765e449a6908047?s=96&d=mm&r=g\",\"caption\":\"admpu17wp\"}}]}<\/script>\n<!-- \/ Yoast SEO plugin. -->","yoast_head_json":{"title":"Coopelectric invita a la comunidad a participar de una charla","description":"Coopelectric invita a la comunidad a participar de la charla \u201cDel arbolado urbano a la infraestructura verde\u201d dictada por Rosana Ferraro","robots":{"index":"index","follow":"follow","max-snippet":"max-snippet:-1","max-image-preview":"max-image-preview:large","max-video-preview":"max-video-preview:-1"},"canonical":"https:\/\/experienciadevida.com.ar\/portalurbano\/coopelectric-invita-a-la-comunidad-a-participar-de-la-charla-del-arbolado-urbano-a-la-infraestructura-verde\/","og_locale":"es_ES","og_type":"article","og_title":"Coopelectric invita a la comunidad a participar de una charla","og_description":"Coopelectric invita a la comunidad a participar de la charla \u201cDel arbolado urbano a la infraestructura verde\u201d dictada por Rosana Ferraro","og_url":"https:\/\/experienciadevida.com.ar\/portalurbano\/coopelectric-invita-a-la-comunidad-a-participar-de-la-charla-del-arbolado-urbano-a-la-infraestructura-verde\/","article_publisher":"https:\/\/www.facebook.com\/Portal-Urbano-171542830093757\/","article_published_time":"2022-07-23T16:39:05+00:00","article_modified_time":"2022-07-23T16:39:45+00:00","og_image":[{"width":831,"height":1188,"url":"https:\/\/experienciadevida.com.ar\/portalurbano\/wp-content\/uploads\/2022\/07\/Coopelectric-invita-a-la.jpg","type":"image\/jpeg"}],"author":"admpu17wp","twitter_card":"summary_large_image","twitter_creator":"@portalurbanook","twitter_site":"@portalurbanook","twitter_misc":{"Escrito por":"admpu17wp","Tiempo de lectura":"2 minutos"},"schema":{"@context":"https:\/\/schema.org","@graph":[{"@type":"Article","@id":"https:\/\/experienciadevida.com.ar\/portalurbano\/coopelectric-invita-a-la-comunidad-a-participar-de-la-charla-del-arbolado-urbano-a-la-infraestructura-verde\/#article","isPartOf":{"@id":"https:\/\/experienciadevida.com.ar\/portalurbano\/coopelectric-invita-a-la-comunidad-a-participar-de-la-charla-del-arbolado-urbano-a-la-infraestructura-verde\/"},"author":{"name":"admpu17wp","@id":"https:\/\/experienciadevida.com.ar\/portalurbano\/#\/schema\/person\/02dd326b1c4b056e9cc972486934a3a7"},"headline":"Coopelectric invita a la comunidad a participar de la charla \u201cDel arbolado urbano a la infraestructura verde\u201d","datePublished":"2022-07-23T16:39:05+00:00","dateModified":"2022-07-23T16:39:45+00:00","mainEntityOfPage":{"@id":"https:\/\/experienciadevida.com.ar\/portalurbano\/coopelectric-invita-a-la-comunidad-a-participar-de-la-charla-del-arbolado-urbano-a-la-infraestructura-verde\/"},"wordCount":255,"publisher":{"@id":"https:\/\/experienciadevida.com.ar\/portalurbano\/#organization"},"articleSection":["Ciudad"],"inLanguage":"es"},{"@type":"WebPage","@id":"https:\/\/experienciadevida.com.ar\/portalurbano\/coopelectric-invita-a-la-comunidad-a-participar-de-la-charla-del-arbolado-urbano-a-la-infraestructura-verde\/","url":"https:\/\/experienciadevida.com.ar\/portalurbano\/coopelectric-invita-a-la-comunidad-a-participar-de-la-charla-del-arbolado-urbano-a-la-infraestructura-verde\/","name":"Coopelectric invita a la comunidad a participar de una charla","isPartOf":{"@id":"https:\/\/experienciadevida.com.ar\/portalurbano\/#website"},"datePublished":"2022-07-23T16:39:05+00:00","dateModified":"2022-07-23T16:39:45+00:00","description":"Coopelectric invita a la comunidad a participar de la charla \u201cDel arbolado urbano a la infraestructura verde\u201d dictada por Rosana Ferraro","breadcrumb":{"@id":"https:\/\/experienciadevida.com.ar\/portalurbano\/coopelectric-invita-a-la-comunidad-a-participar-de-la-charla-del-arbolado-urbano-a-la-infraestructura-verde\/#breadcrumb"},"inLanguage":"es","potentialAction":[{"@type":"ReadAction","target":["https:\/\/experienciadevida.com.ar\/portalurbano\/coopelectric-invita-a-la-comunidad-a-participar-de-la-charla-del-arbolado-urbano-a-la-infraestructura-verde\/"]}]},{"@type":"BreadcrumbList","@id":"https:\/\/experienciadevida.com.ar\/portalurbano\/coopelectric-invita-a-la-comunidad-a-participar-de-la-charla-del-arbolado-urbano-a-la-infraestructura-verde\/#breadcrumb","itemListElement":[{"@type":"ListItem","position":1,"name":"Portada","item":"https:\/\/experienciadevida.com.ar\/portalurbano\/"},{"@type":"ListItem","position":2,"name":"Coopelectric invita a la comunidad a participar de la charla \u201cDel arbolado urbano a la infraestructura verde\u201d"}]},{"@type":"WebSite","@id":"https:\/\/experienciadevida.com.ar\/portalurbano\/#website","url":"https:\/\/experienciadevida.com.ar\/portalurbano\/","name":"","description":"","publisher":{"@id":"https:\/\/experienciadevida.com.ar\/portalurbano\/#organization"},"potentialAction":[{"@type":"SearchAction","target":{"@type":"EntryPoint","urlTemplate":"https:\/\/experienciadevida.com.ar\/portalurbano\/?s={search_term_string}"},"query-input":"required name=search_term_string"}],"inLanguage":"es"},{"@type":"Organization","@id":"https:\/\/experienciadevida.com.ar\/portalurbano\/#organization","name":"Portal Urbano","url":"https:\/\/experienciadevida.com.ar\/portalurbano\/","logo":{"@type":"ImageObject","inLanguage":"es","@id":"https:\/\/experienciadevida.com.ar\/portalurbano\/#\/schema\/logo\/image\/","url":"https:\/\/experienciadevida.com.ar\/portalurbano\/wp-content\/uploads\/2019\/09\/Logo-Original.png","contentUrl":"https:\/\/experienciadevida.com.ar\/portalurbano\/wp-content\/uploads\/2019\/09\/Logo-Original.png","width":2236,"height":1216,"caption":"Portal Urbano"},"image":{"@id":"https:\/\/experienciadevida.com.ar\/portalurbano\/#\/schema\/logo\/image\/"},"sameAs":["https:\/\/www.facebook.com\/Portal-Urbano-171542830093757\/","https:\/\/twitter.com\/portalurbanook","https:\/\/www.instagram.com\/_portalurbano\/","https:\/\/www.youtube.com\/channel\/UCXhagIfszH8KxFiOok79zbA?view_as=subscriber"]},{"@type":"Person","@id":"https:\/\/experienciadevida.com.ar\/portalurbano\/#\/schema\/person\/02dd326b1c4b056e9cc972486934a3a7","name":"admpu17wp","image":{"@type":"ImageObject","inLanguage":"es","@id":"https:\/\/experienciadevida.com.ar\/portalurbano\/#\/schema\/person\/image\/","url":"https:\/\/secure.gravatar.com\/avatar\/830d4c57adaae6630765e449a6908047?s=96&d=mm&r=g","contentUrl":"https:\/\/secure.gravatar.com\/avatar\/830d4c57adaae6630765e449a6908047?s=96&d=mm&r=g","caption":"admpu17wp"}}]}},"featured_image_urls":{"full":["https:\/\/experienciadevida.com.ar\/portalurbano\/wp-content\/uploads\/2022\/07\/Coopelectric-invita-a-la.jpg",831,1188,false],"thumbnail":["https:\/\/experienciadevida.com.ar\/portalurbano\/wp-content\/uploads\/2022\/07\/Coopelectric-invita-a-la-150x150.jpg",150,150,true],"medium":["https:\/\/experienciadevida.com.ar\/portalurbano\/wp-content\/uploads\/2022\/07\/Coopelectric-invita-a-la-210x300.jpg",210,300,true],"medium_large":["https:\/\/experienciadevida.com.ar\/portalurbano\/wp-content\/uploads\/2022\/07\/Coopelectric-invita-a-la-768x1098.jpg",640,915,true],"large":["https:\/\/experienciadevida.com.ar\/portalurbano\/wp-content\/uploads\/2022\/07\/Coopelectric-invita-a-la-716x1024.jpg",640,915,true],"ug_big":["https:\/\/experienciadevida.com.ar\/portalurbano\/wp-content\/uploads\/2022\/07\/Coopelectric-invita-a-la-537x768.jpg",537,768,true],"1536x1536":["https:\/\/experienciadevida.com.ar\/portalurbano\/wp-content\/uploads\/2022\/07\/Coopelectric-invita-a-la.jpg",831,1188,false],"2048x2048":["https:\/\/experienciadevida.com.ar\/portalurbano\/wp-content\/uploads\/2022\/07\/Coopelectric-invita-a-la.jpg",831,1188,false],"newsever-slider-full":["https:\/\/experienciadevida.com.ar\/portalurbano\/wp-content\/uploads\/2022\/07\/Coopelectric-invita-a-la.jpg",591,845,false],"newsever-featured":["https:\/\/experienciadevida.com.ar\/portalurbano\/wp-content\/uploads\/2022\/07\/Coopelectric-invita-a-la.jpg",831,1188,false],"newsever-medium":["https:\/\/experienciadevida.com.ar\/portalurbano\/wp-content\/uploads\/2022\/07\/Coopelectric-invita-a-la.jpg",332,475,false],"web-stories-poster-portrait":["https:\/\/experienciadevida.com.ar\/portalurbano\/wp-content\/uploads\/2022\/07\/Coopelectric-invita-a-la-640x853.jpg",640,853,true],"web-stories-publisher-logo":["https:\/\/experienciadevida.com.ar\/portalurbano\/wp-content\/uploads\/2022\/07\/Coopelectric-invita-a-la-96x96.jpg",96,96,true],"web-stories-thumbnail":["https:\/\/experienciadevida.com.ar\/portalurbano\/wp-content\/uploads\/2022\/07\/Coopelectric-invita-a-la-150x214.jpg",150,214,true]},"author_info":{"display_name":"admpu17wp","author_link":"https:\/\/experienciadevida.com.ar\/portalurbano\/author\/admpu17wp\/"},"category_info":"<a href=\"https:\/\/experienciadevida.com.ar\/portalurbano\/category\/ciudad\/\" rel=\"category tag\">Ciudad<\/a>","tag_info":"Ciudad","comment_count":"0","amp_enabled":true,"_links":{"self":[{"href":"https:\/\/experienciadevida.com.ar\/portalurbano\/wp-json\/wp\/v2\/posts\/171992"}],"collection":[{"href":"https:\/\/experienciadevida.com.ar\/portalurbano\/wp-json\/wp\/v2\/posts"}],"about":[{"href":"https:\/\/experienciadevida.com.ar\/portalurbano\/wp-json\/wp\/v2\/types\/post"}],"author":[{"embeddable":true,"href":"https:\/\/experienciadevida.com.ar\/portalurbano\/wp-json\/wp\/v2\/users\/1"}],"replies":[{"embeddable":true,"href":"https:\/\/experienciadevida.com.ar\/portalurbano\/wp-json\/wp\/v2\/comments?post=171992"}],"version-history":[{"count":2,"href":"https:\/\/experienciadevida.com.ar\/portalurbano\/wp-json\/wp\/v2\/posts\/171992\/revisions"}],"predecessor-version":[{"id":171995,"href":"https:\/\/experienciadevida.com.ar\/portalurbano\/wp-json\/wp\/v2\/posts\/171992\/revisions\/171995"}],"wp:featuredmedia":[{"embeddable":true,"href":"https:\/\/experienciadevida.com.ar\/portalurbano\/wp-json\/wp\/v2\/media\/171993"}],"wp:attachment":[{"href":"https:\/\/experienciadevida.com.ar\/portalurbano\/wp-json\/wp\/v2\/media?parent=171992"}],"wp:term":[{"taxonomy":"category","embeddable":true,"href":"https:\/\/experienciadevida.com.ar\/portalurbano\/wp-json\/wp\/v2\/categories?post=171992"},{"taxonomy":"post_tag","embeddable":true,"href":"https:\/\/experienciadevida.com.ar\/portalurbano\/wp-json\/wp\/v2\/tags?post=171992"}],"curies":[{"name":"wp","href":"https:\/\/api.w.org\/{rel}","templated":true}]}}