{"id":171989,"date":"2022-07-23T13:35:27","date_gmt":"2022-07-23T16:35:27","guid":{"rendered":"https:\/\/experienciadevida.com.ar\/portalurbano\/?p=171989"},"modified":"2022-07-23T13:35:55","modified_gmt":"2022-07-23T16:35:55","slug":"sergio-feoli-recibio-a-coordinadores-cnrt-resaltaron-el-trabajo-en-olavarria","status":"publish","type":"post","link":"https:\/\/experienciadevida.com.ar\/portalurbano\/sergio-feoli-recibio-a-coordinadores-cnrt-resaltaron-el-trabajo-en-olavarria\/","title":{"rendered":"Sergio Feoli recibi\u00f3 a coordinadores CNRT: \u201cResaltaron el trabajo en Olavarr\u00eda\u201d"},"content":{"rendered":"<p>Sergio Feoli recibi\u00f3 a coordinadores CNRT: \u201cResaltaron el trabajo en Olavarr\u00eda\u201d, el subdelegado\u00a0 de la Comisi\u00f3n Nacional de Regulaci\u00f3n del Transporte (CNRT) en Olavarr\u00eda mantuvo un encuentro con Carlos Gabriel Jurina y Lara<br \/>\nVillalba, coordinadores del organismo en la provincia de Buenos Aires.<\/p>\n<p>Este jueves, el Subdelegado de CNRT Olavarr\u00eda, Sergio Feoli, recibi\u00f3 a coordinadores provinciales del organismo que depende del Ministerio de Transporte de la Naci\u00f3n. Se trata de Carlos Gabriel Jurina y Lara Villalba.<\/p>\n<p>El encuentro se desarroll\u00f3 en las oficinas locales de CNRT, ubicadas en la terminal de \u00f3mnibus. Adem\u00e1s, los coordinadores pudieron presenciar los operativos matutinos y vespertinos de la CNRT Olavarr\u00eda, desarrollados en<br \/>\nel peaje de Hinojo. All\u00ed, &#8220;destacaron el trabajo interno del equipo&#8221;, indic\u00f3 el subdelegado Sergio Feoli.<\/p>\n<p>&#8220;Fue un encuentro muy enriquecedor que permiti\u00f3 poner en valor el trabajo que se viene realizando en la regi\u00f3n&#8221;, se\u00f1al\u00f3 Sergio Feoli. Cabe aclarar que la Subdelegaci\u00f3n de CNRT en Olavarr\u00eda tiene control sobre las Rutas<br \/>\nNacionales N\u00ba 226, N\u00ba 3, N\u00ba 205 y la Ruta Provincial N\u00ba 65 abarcando las ciudades de Olavarr\u00eda, Azul, Tandil, Bol\u00edvar, Daireaux y Saladillo.<\/p>\n<p>A su vez, &#8220;el coordinador Carlos Gabriel Jurina y la coordinadora Lara Villalba resaltaron el trabajo en Olavarr\u00eda y se pusieron a disposici\u00f3n para que las delegaciones de CNRT sigan creciendo&#8221;, dijo Feoli.<\/p>\n<p>CNRT abri\u00f3 la Subdelegaci\u00f3n Regional en Olavarr\u00eda en enero de 2021 y hasta diciembre de ese a\u00f1o estuvo a cargo de Gast\u00f3n Sarachu, actual Concejal Municipal.<\/p>\n<p>Actualmente, la CNRT viene trabajando en el Operativo Invierno, fiscalizando el transporte de pasajeros y de cargas en puntos estrat\u00e9gicos. \u201cUno de los puntos principales es la concientizaci\u00f3n sobre la obligatoriedad del uso del cintur\u00f3n de seguridad en micros y transportes personales\u201d, indic\u00f3 Feoli. En cuanto al control en micros de larga<br \/>\ndistancia, se hace hincapi\u00e9 en \u201cel control del tac\u00f3grafo, que registra la velocidad de cada unidad, y test de alcoholemia y de sustancias al personal de conducci\u00f3n\u201d, agreg\u00f3.<\/p>\n","protected":false},"excerpt":{"rendered":"<p>Sergio Feoli recibi\u00f3 a coordinadores CNRT: \u201cResaltaron el trabajo en Olavarr\u00eda\u201d, el subdelegado\u00a0 de la&#8230;<\/p>\n","protected":false},"author":1,"featured_media":171990,"comment_status":"closed","ping_status":"closed","sticky":false,"template":"","format":"standard","meta":{"content-type":""},"categories":[27],"tags":[],"nelio_content":{"isAutoShareEnabled":false,"autoShareEndMode":"default","automationSources":{"useContentSentences":true,"useSocialTemplates":true,"useCustomSentences":false,"customSentences":[]},"followers":[1],"suggestedReferences":[],"includedReferences":[],"efiUrl":"","efiAlt":"","highlights":[]},"yoast_head":"<!-- This site is optimized with the Yoast SEO plugin v20.7 - https:\/\/yoast.com\/wordpress\/plugins\/seo\/ -->\n<title>Sergio Feoli recibi\u00f3 a coordinadores CNRT: &quot;Resaltaron el trabajo&quot;<\/title>\n<meta name=\"description\" content=\"Sergio Feoli recibi\u00f3 a coordinadores CNRT: \u201cResaltaron el trabajo en Olavarr\u00eda\u201d, el subdelegado\u00a0 de la Comisi\u00f3n Nacional\" \/>\n<meta name=\"robots\" content=\"index, follow, max-snippet:-1, max-image-preview:large, max-video-preview:-1\" \/>\n<link rel=\"canonical\" href=\"https:\/\/experienciadevida.com.ar\/portalurbano\/sergio-feoli-recibio-a-coordinadores-cnrt-resaltaron-el-trabajo-en-olavarria\/\" \/>\n<meta property=\"og:locale\" content=\"es_ES\" \/>\n<meta property=\"og:type\" content=\"article\" \/>\n<meta property=\"og:title\" content=\"Sergio Feoli recibi\u00f3 a coordinadores CNRT: &quot;Resaltaron el trabajo&quot;\" \/>\n<meta property=\"og:description\" content=\"Sergio Feoli recibi\u00f3 a coordinadores CNRT: \u201cResaltaron el trabajo en Olavarr\u00eda\u201d, el subdelegado\u00a0 de la Comisi\u00f3n Nacional\" \/>\n<meta property=\"og:url\" content=\"https:\/\/experienciadevida.com.ar\/portalurbano\/sergio-feoli-recibio-a-coordinadores-cnrt-resaltaron-el-trabajo-en-olavarria\/\" \/>\n<meta property=\"article:publisher\" content=\"https:\/\/www.facebook.com\/Portal-Urbano-171542830093757\/\" \/>\n<meta property=\"article:published_time\" content=\"2022-07-23T16:35:27+00:00\" \/>\n<meta property=\"article:modified_time\" content=\"2022-07-23T16:35:55+00:00\" \/>\n<meta property=\"og:image\" content=\"https:\/\/experienciadevida.com.ar\/portalurbano\/wp-content\/uploads\/2022\/07\/Sergio-Feoli-recibio-a.jpeg\" \/>\n\t<meta property=\"og:image:width\" content=\"800\" \/>\n\t<meta property=\"og:image:height\" content=\"500\" \/>\n\t<meta property=\"og:image:type\" content=\"image\/jpeg\" \/>\n<meta name=\"author\" content=\"admpu17wp\" \/>\n<meta name=\"twitter:card\" content=\"summary_large_image\" \/>\n<meta name=\"twitter:creator\" content=\"@portalurbanook\" \/>\n<meta name=\"twitter:site\" content=\"@portalurbanook\" \/>\n<meta name=\"twitter:label1\" content=\"Escrito por\" \/>\n\t<meta name=\"twitter:data1\" content=\"admpu17wp\" \/>\n\t<meta name=\"twitter:label2\" content=\"Tiempo de lectura\" \/>\n\t<meta name=\"twitter:data2\" content=\"2 minutos\" \/>\n<script type=\"application\/ld+json\" class=\"yoast-schema-graph\">{\"@context\":\"https:\/\/schema.org\",\"@graph\":[{\"@type\":\"Article\",\"@id\":\"https:\/\/experienciadevida.com.ar\/portalurbano\/sergio-feoli-recibio-a-coordinadores-cnrt-resaltaron-el-trabajo-en-olavarria\/#article\",\"isPartOf\":{\"@id\":\"https:\/\/experienciadevida.com.ar\/portalurbano\/sergio-feoli-recibio-a-coordinadores-cnrt-resaltaron-el-trabajo-en-olavarria\/\"},\"author\":{\"name\":\"admpu17wp\",\"@id\":\"https:\/\/experienciadevida.com.ar\/portalurbano\/#\/schema\/person\/02dd326b1c4b056e9cc972486934a3a7\"},\"headline\":\"Sergio Feoli recibi\u00f3 a coordinadores CNRT: \u201cResaltaron el trabajo en Olavarr\u00eda\u201d\",\"datePublished\":\"2022-07-23T16:35:27+00:00\",\"dateModified\":\"2022-07-23T16:35:55+00:00\",\"mainEntityOfPage\":{\"@id\":\"https:\/\/experienciadevida.com.ar\/portalurbano\/sergio-feoli-recibio-a-coordinadores-cnrt-resaltaron-el-trabajo-en-olavarria\/\"},\"wordCount\":355,\"publisher\":{\"@id\":\"https:\/\/experienciadevida.com.ar\/portalurbano\/#organization\"},\"articleSection\":[\"Ciudad\"],\"inLanguage\":\"es\"},{\"@type\":\"WebPage\",\"@id\":\"https:\/\/experienciadevida.com.ar\/portalurbano\/sergio-feoli-recibio-a-coordinadores-cnrt-resaltaron-el-trabajo-en-olavarria\/\",\"url\":\"https:\/\/experienciadevida.com.ar\/portalurbano\/sergio-feoli-recibio-a-coordinadores-cnrt-resaltaron-el-trabajo-en-olavarria\/\",\"name\":\"Sergio Feoli recibi\u00f3 a coordinadores CNRT: \\\"Resaltaron el trabajo\\\"\",\"isPartOf\":{\"@id\":\"https:\/\/experienciadevida.com.ar\/portalurbano\/#website\"},\"datePublished\":\"2022-07-23T16:35:27+00:00\",\"dateModified\":\"2022-07-23T16:35:55+00:00\",\"description\":\"Sergio Feoli recibi\u00f3 a coordinadores CNRT: \u201cResaltaron el trabajo en Olavarr\u00eda\u201d, el subdelegado\u00a0 de la Comisi\u00f3n Nacional\",\"breadcrumb\":{\"@id\":\"https:\/\/experienciadevida.com.ar\/portalurbano\/sergio-feoli-recibio-a-coordinadores-cnrt-resaltaron-el-trabajo-en-olavarria\/#breadcrumb\"},\"inLanguage\":\"es\",\"potentialAction\":[{\"@type\":\"ReadAction\",\"target\":[\"https:\/\/experienciadevida.com.ar\/portalurbano\/sergio-feoli-recibio-a-coordinadores-cnrt-resaltaron-el-trabajo-en-olavarria\/\"]}]},{\"@type\":\"BreadcrumbList\",\"@id\":\"https:\/\/experienciadevida.com.ar\/portalurbano\/sergio-feoli-recibio-a-coordinadores-cnrt-resaltaron-el-trabajo-en-olavarria\/#breadcrumb\",\"itemListElement\":[{\"@type\":\"ListItem\",\"position\":1,\"name\":\"Portada\",\"item\":\"https:\/\/experienciadevida.com.ar\/portalurbano\/\"},{\"@type\":\"ListItem\",\"position\":2,\"name\":\"Sergio Feoli recibi\u00f3 a coordinadores CNRT: \u201cResaltaron el trabajo en Olavarr\u00eda\u201d\"}]},{\"@type\":\"WebSite\",\"@id\":\"https:\/\/experienciadevida.com.ar\/portalurbano\/#website\",\"url\":\"https:\/\/experienciadevida.com.ar\/portalurbano\/\",\"name\":\"\",\"description\":\"\",\"publisher\":{\"@id\":\"https:\/\/experienciadevida.com.ar\/portalurbano\/#organization\"},\"potentialAction\":[{\"@type\":\"SearchAction\",\"target\":{\"@type\":\"EntryPoint\",\"urlTemplate\":\"https:\/\/experienciadevida.com.ar\/portalurbano\/?s={search_term_string}\"},\"query-input\":\"required name=search_term_string\"}],\"inLanguage\":\"es\"},{\"@type\":\"Organization\",\"@id\":\"https:\/\/experienciadevida.com.ar\/portalurbano\/#organization\",\"name\":\"Portal Urbano\",\"url\":\"https:\/\/experienciadevida.com.ar\/portalurbano\/\",\"logo\":{\"@type\":\"ImageObject\",\"inLanguage\":\"es\",\"@id\":\"https:\/\/experienciadevida.com.ar\/portalurbano\/#\/schema\/logo\/image\/\",\"url\":\"https:\/\/experienciadevida.com.ar\/portalurbano\/wp-content\/uploads\/2019\/09\/Logo-Original.png\",\"contentUrl\":\"https:\/\/experienciadevida.com.ar\/portalurbano\/wp-content\/uploads\/2019\/09\/Logo-Original.png\",\"width\":2236,\"height\":1216,\"caption\":\"Portal Urbano\"},\"image\":{\"@id\":\"https:\/\/experienciadevida.com.ar\/portalurbano\/#\/schema\/logo\/image\/\"},\"sameAs\":[\"https:\/\/www.facebook.com\/Portal-Urbano-171542830093757\/\",\"https:\/\/twitter.com\/portalurbanook\",\"https:\/\/www.instagram.com\/_portalurbano\/\",\"https:\/\/www.youtube.com\/channel\/UCXhagIfszH8KxFiOok79zbA?view_as=subscriber\"]},{\"@type\":\"Person\",\"@id\":\"https:\/\/experienciadevida.com.ar\/portalurbano\/#\/schema\/person\/02dd326b1c4b056e9cc972486934a3a7\",\"name\":\"admpu17wp\",\"image\":{\"@type\":\"ImageObject\",\"inLanguage\":\"es\",\"@id\":\"https:\/\/experienciadevida.com.ar\/portalurbano\/#\/schema\/person\/image\/\",\"url\":\"https:\/\/secure.gravatar.com\/avatar\/830d4c57adaae6630765e449a6908047?s=96&d=mm&r=g\",\"contentUrl\":\"https:\/\/secure.gravatar.com\/avatar\/830d4c57adaae6630765e449a6908047?s=96&d=mm&r=g\",\"caption\":\"admpu17wp\"}}]}<\/script>\n<!-- \/ Yoast SEO plugin. -->","yoast_head_json":{"title":"Sergio Feoli recibi\u00f3 a coordinadores CNRT: \"Resaltaron el trabajo\"","description":"Sergio Feoli recibi\u00f3 a coordinadores CNRT: \u201cResaltaron el trabajo en Olavarr\u00eda\u201d, el subdelegado\u00a0 de la Comisi\u00f3n Nacional","robots":{"index":"index","follow":"follow","max-snippet":"max-snippet:-1","max-image-preview":"max-image-preview:large","max-video-preview":"max-video-preview:-1"},"canonical":"https:\/\/experienciadevida.com.ar\/portalurbano\/sergio-feoli-recibio-a-coordinadores-cnrt-resaltaron-el-trabajo-en-olavarria\/","og_locale":"es_ES","og_type":"article","og_title":"Sergio Feoli recibi\u00f3 a coordinadores CNRT: \"Resaltaron el trabajo\"","og_description":"Sergio Feoli recibi\u00f3 a coordinadores CNRT: \u201cResaltaron el trabajo en Olavarr\u00eda\u201d, el subdelegado\u00a0 de la Comisi\u00f3n Nacional","og_url":"https:\/\/experienciadevida.com.ar\/portalurbano\/sergio-feoli-recibio-a-coordinadores-cnrt-resaltaron-el-trabajo-en-olavarria\/","article_publisher":"https:\/\/www.facebook.com\/Portal-Urbano-171542830093757\/","article_published_time":"2022-07-23T16:35:27+00:00","article_modified_time":"2022-07-23T16:35:55+00:00","og_image":[{"width":800,"height":500,"url":"https:\/\/experienciadevida.com.ar\/portalurbano\/wp-content\/uploads\/2022\/07\/Sergio-Feoli-recibio-a.jpeg","type":"image\/jpeg"}],"author":"admpu17wp","twitter_card":"summary_large_image","twitter_creator":"@portalurbanook","twitter_site":"@portalurbanook","twitter_misc":{"Escrito por":"admpu17wp","Tiempo de lectura":"2 minutos"},"schema":{"@context":"https:\/\/schema.org","@graph":[{"@type":"Article","@id":"https:\/\/experienciadevida.com.ar\/portalurbano\/sergio-feoli-recibio-a-coordinadores-cnrt-resaltaron-el-trabajo-en-olavarria\/#article","isPartOf":{"@id":"https:\/\/experienciadevida.com.ar\/portalurbano\/sergio-feoli-recibio-a-coordinadores-cnrt-resaltaron-el-trabajo-en-olavarria\/"},"author":{"name":"admpu17wp","@id":"https:\/\/experienciadevida.com.ar\/portalurbano\/#\/schema\/person\/02dd326b1c4b056e9cc972486934a3a7"},"headline":"Sergio Feoli recibi\u00f3 a coordinadores CNRT: \u201cResaltaron el trabajo en Olavarr\u00eda\u201d","datePublished":"2022-07-23T16:35:27+00:00","dateModified":"2022-07-23T16:35:55+00:00","mainEntityOfPage":{"@id":"https:\/\/experienciadevida.com.ar\/portalurbano\/sergio-feoli-recibio-a-coordinadores-cnrt-resaltaron-el-trabajo-en-olavarria\/"},"wordCount":355,"publisher":{"@id":"https:\/\/experienciadevida.com.ar\/portalurbano\/#organization"},"articleSection":["Ciudad"],"inLanguage":"es"},{"@type":"WebPage","@id":"https:\/\/experienciadevida.com.ar\/portalurbano\/sergio-feoli-recibio-a-coordinadores-cnrt-resaltaron-el-trabajo-en-olavarria\/","url":"https:\/\/experienciadevida.com.ar\/portalurbano\/sergio-feoli-recibio-a-coordinadores-cnrt-resaltaron-el-trabajo-en-olavarria\/","name":"Sergio Feoli recibi\u00f3 a coordinadores CNRT: \"Resaltaron el trabajo\"","isPartOf":{"@id":"https:\/\/experienciadevida.com.ar\/portalurbano\/#website"},"datePublished":"2022-07-23T16:35:27+00:00","dateModified":"2022-07-23T16:35:55+00:00","description":"Sergio Feoli recibi\u00f3 a coordinadores CNRT: \u201cResaltaron el trabajo en Olavarr\u00eda\u201d, el subdelegado\u00a0 de la Comisi\u00f3n Nacional","breadcrumb":{"@id":"https:\/\/experienciadevida.com.ar\/portalurbano\/sergio-feoli-recibio-a-coordinadores-cnrt-resaltaron-el-trabajo-en-olavarria\/#breadcrumb"},"inLanguage":"es","potentialAction":[{"@type":"ReadAction","target":["https:\/\/experienciadevida.com.ar\/portalurbano\/sergio-feoli-recibio-a-coordinadores-cnrt-resaltaron-el-trabajo-en-olavarria\/"]}]},{"@type":"BreadcrumbList","@id":"https:\/\/experienciadevida.com.ar\/portalurbano\/sergio-feoli-recibio-a-coordinadores-cnrt-resaltaron-el-trabajo-en-olavarria\/#breadcrumb","itemListElement":[{"@type":"ListItem","position":1,"name":"Portada","item":"https:\/\/experienciadevida.com.ar\/portalurbano\/"},{"@type":"ListItem","position":2,"name":"Sergio Feoli recibi\u00f3 a coordinadores CNRT: \u201cResaltaron el trabajo en Olavarr\u00eda\u201d"}]},{"@type":"WebSite","@id":"https:\/\/experienciadevida.com.ar\/portalurbano\/#website","url":"https:\/\/experienciadevida.com.ar\/portalurbano\/","name":"","description":"","publisher":{"@id":"https:\/\/experienciadevida.com.ar\/portalurbano\/#organization"},"potentialAction":[{"@type":"SearchAction","target":{"@type":"EntryPoint","urlTemplate":"https:\/\/experienciadevida.com.ar\/portalurbano\/?s={search_term_string}"},"query-input":"required name=search_term_string"}],"inLanguage":"es"},{"@type":"Organization","@id":"https:\/\/experienciadevida.com.ar\/portalurbano\/#organization","name":"Portal Urbano","url":"https:\/\/experienciadevida.com.ar\/portalurbano\/","logo":{"@type":"ImageObject","inLanguage":"es","@id":"https:\/\/experienciadevida.com.ar\/portalurbano\/#\/schema\/logo\/image\/","url":"https:\/\/experienciadevida.com.ar\/portalurbano\/wp-content\/uploads\/2019\/09\/Logo-Original.png","contentUrl":"https:\/\/experienciadevida.com.ar\/portalurbano\/wp-content\/uploads\/2019\/09\/Logo-Original.png","width":2236,"height":1216,"caption":"Portal Urbano"},"image":{"@id":"https:\/\/experienciadevida.com.ar\/portalurbano\/#\/schema\/logo\/image\/"},"sameAs":["https:\/\/www.facebook.com\/Portal-Urbano-171542830093757\/","https:\/\/twitter.com\/portalurbanook","https:\/\/www.instagram.com\/_portalurbano\/","https:\/\/www.youtube.com\/channel\/UCXhagIfszH8KxFiOok79zbA?view_as=subscriber"]},{"@type":"Person","@id":"https:\/\/experienciadevida.com.ar\/portalurbano\/#\/schema\/person\/02dd326b1c4b056e9cc972486934a3a7","name":"admpu17wp","image":{"@type":"ImageObject","inLanguage":"es","@id":"https:\/\/experienciadevida.com.ar\/portalurbano\/#\/schema\/person\/image\/","url":"https:\/\/secure.gravatar.com\/avatar\/830d4c57adaae6630765e449a6908047?s=96&d=mm&r=g","contentUrl":"https:\/\/secure.gravatar.com\/avatar\/830d4c57adaae6630765e449a6908047?s=96&d=mm&r=g","caption":"admpu17wp"}}]}},"featured_image_urls":{"full":["https:\/\/experienciadevida.com.ar\/portalurbano\/wp-content\/uploads\/2022\/07\/Sergio-Feoli-recibio-a.jpeg",800,500,false],"thumbnail":["https:\/\/experienciadevida.com.ar\/portalurbano\/wp-content\/uploads\/2022\/07\/Sergio-Feoli-recibio-a-150x150.jpeg",150,150,true],"medium":["https:\/\/experienciadevida.com.ar\/portalurbano\/wp-content\/uploads\/2022\/07\/Sergio-Feoli-recibio-a-300x188.jpeg",300,188,true],"medium_large":["https:\/\/experienciadevida.com.ar\/portalurbano\/wp-content\/uploads\/2022\/07\/Sergio-Feoli-recibio-a-768x480.jpeg",640,400,true],"large":["https:\/\/experienciadevida.com.ar\/portalurbano\/wp-content\/uploads\/2022\/07\/Sergio-Feoli-recibio-a.jpeg",640,400,false],"ug_big":["https:\/\/experienciadevida.com.ar\/portalurbano\/wp-content\/uploads\/2022\/07\/Sergio-Feoli-recibio-a-768x480.jpeg",768,480,true],"1536x1536":["https:\/\/experienciadevida.com.ar\/portalurbano\/wp-content\/uploads\/2022\/07\/Sergio-Feoli-recibio-a.jpeg",800,500,false],"2048x2048":["https:\/\/experienciadevida.com.ar\/portalurbano\/wp-content\/uploads\/2022\/07\/Sergio-Feoli-recibio-a.jpeg",800,500,false],"newsever-slider-full":["https:\/\/experienciadevida.com.ar\/portalurbano\/wp-content\/uploads\/2022\/07\/Sergio-Feoli-recibio-a.jpeg",800,500,false],"newsever-featured":["https:\/\/experienciadevida.com.ar\/portalurbano\/wp-content\/uploads\/2022\/07\/Sergio-Feoli-recibio-a.jpeg",800,500,false],"newsever-medium":["https:\/\/experienciadevida.com.ar\/portalurbano\/wp-content\/uploads\/2022\/07\/Sergio-Feoli-recibio-a.jpeg",720,450,false],"web-stories-poster-portrait":["https:\/\/experienciadevida.com.ar\/portalurbano\/wp-content\/uploads\/2022\/07\/Sergio-Feoli-recibio-a-640x500.jpeg",640,500,true],"web-stories-publisher-logo":["https:\/\/experienciadevida.com.ar\/portalurbano\/wp-content\/uploads\/2022\/07\/Sergio-Feoli-recibio-a-96x96.jpeg",96,96,true],"web-stories-thumbnail":["https:\/\/experienciadevida.com.ar\/portalurbano\/wp-content\/uploads\/2022\/07\/Sergio-Feoli-recibio-a-150x94.jpeg",150,94,true]},"author_info":{"display_name":"admpu17wp","author_link":"https:\/\/experienciadevida.com.ar\/portalurbano\/author\/admpu17wp\/"},"category_info":"<a href=\"https:\/\/experienciadevida.com.ar\/portalurbano\/category\/ciudad\/\" rel=\"category tag\">Ciudad<\/a>","tag_info":"Ciudad","comment_count":"0","amp_enabled":true,"_links":{"self":[{"href":"https:\/\/experienciadevida.com.ar\/portalurbano\/wp-json\/wp\/v2\/posts\/171989"}],"collection":[{"href":"https:\/\/experienciadevida.com.ar\/portalurbano\/wp-json\/wp\/v2\/posts"}],"about":[{"href":"https:\/\/experienciadevida.com.ar\/portalurbano\/wp-json\/wp\/v2\/types\/post"}],"author":[{"embeddable":true,"href":"https:\/\/experienciadevida.com.ar\/portalurbano\/wp-json\/wp\/v2\/users\/1"}],"replies":[{"embeddable":true,"href":"https:\/\/experienciadevida.com.ar\/portalurbano\/wp-json\/wp\/v2\/comments?post=171989"}],"version-history":[{"count":1,"href":"https:\/\/experienciadevida.com.ar\/portalurbano\/wp-json\/wp\/v2\/posts\/171989\/revisions"}],"predecessor-version":[{"id":171991,"href":"https:\/\/experienciadevida.com.ar\/portalurbano\/wp-json\/wp\/v2\/posts\/171989\/revisions\/171991"}],"wp:featuredmedia":[{"embeddable":true,"href":"https:\/\/experienciadevida.com.ar\/portalurbano\/wp-json\/wp\/v2\/media\/171990"}],"wp:attachment":[{"href":"https:\/\/experienciadevida.com.ar\/portalurbano\/wp-json\/wp\/v2\/media?parent=171989"}],"wp:term":[{"taxonomy":"category","embeddable":true,"href":"https:\/\/experienciadevida.com.ar\/portalurbano\/wp-json\/wp\/v2\/categories?post=171989"},{"taxonomy":"post_tag","embeddable":true,"href":"https:\/\/experienciadevida.com.ar\/portalurbano\/wp-json\/wp\/v2\/tags?post=171989"}],"curies":[{"name":"wp","href":"https:\/\/api.w.org\/{rel}","templated":true}]}}