{"id":171970,"date":"2022-07-23T13:10:43","date_gmt":"2022-07-23T16:10:43","guid":{"rendered":"https:\/\/experienciadevida.com.ar\/portalurbano\/?p=171970"},"modified":"2022-07-23T13:11:26","modified_gmt":"2022-07-23T16:11:26","slug":"la-demanda-inmediata-del-vecino-se-resuelve-en-el-territorial","status":"publish","type":"post","link":"https:\/\/experienciadevida.com.ar\/portalurbano\/la-demanda-inmediata-del-vecino-se-resuelve-en-el-territorial\/","title":{"rendered":"\u201cLa demanda inmediata del vecino se resuelve en el Territorial\u201d"},"content":{"rendered":"<p>\u201cLa demanda inmediata del vecino se resuelve en el Territorial\u201d, los Servicios Municipales Territoriales -que se encuentran bajo la coordinaci\u00f3n de la Secretar\u00eda de Desarrollo Humano y Calidad de Vida, a trav\u00e9s de la Subsecretar\u00eda de Desarrollo Social- funcionan con una modalidad de Estado descentralizado, con sede en diferentes barrios de la ciudad.<\/p>\n<p><a href=\"https:\/\/experienciadevida.com.ar\/portalurbano\/la-demanda-inmediata-del-vecino-se-resuelve-en-el-territorial\/la-demanda\/\" rel=\"attachment wp-att-171975\"><img decoding=\"async\" class=\"alignnone size-large wp-image-171975\" src=\"https:\/\/experienciadevida.com.ar\/portalurbano\/wp-content\/uploads\/2022\/07\/La-demanda-1024x682.jpg\" alt=\"La demanda \" width=\"900\" height=\"599\" srcset=\"https:\/\/experienciadevida.com.ar\/portalurbano\/wp-content\/uploads\/2022\/07\/La-demanda-1024x682.jpg 1024w, https:\/\/experienciadevida.com.ar\/portalurbano\/wp-content\/uploads\/2022\/07\/La-demanda-300x200.jpg 300w, https:\/\/experienciadevida.com.ar\/portalurbano\/wp-content\/uploads\/2022\/07\/La-demanda-768x512.jpg 768w, https:\/\/experienciadevida.com.ar\/portalurbano\/wp-content\/uploads\/2022\/07\/La-demanda-1536x1024.jpg 1536w, https:\/\/experienciadevida.com.ar\/portalurbano\/wp-content\/uploads\/2022\/07\/La-demanda-150x100.jpg 150w, https:\/\/experienciadevida.com.ar\/portalurbano\/wp-content\/uploads\/2022\/07\/La-demanda.jpg 1772w\" sizes=\"(max-width: 900px) 100vw, 900px\" \/><\/a><\/p>\n<p>Las actividades que se desarrollan en cada espacio son de \u00edndole cultural, educativa, recreativa y de prevenci\u00f3n y promoci\u00f3n de la salud, como as\u00ed tambi\u00e9n de orientaci\u00f3n y asesoramiento en distintos aspectos concernientes a las diferentes \u00e1reas municipales.<\/p>\n<p>\u201cEn los Servicios Territoriales descentralizamos lo que pasa en el centro de la ciudad hacia afuera y el prop\u00f3sito de la gesti\u00f3n es llegar con la mayor cantidad de actividades y acompa\u00f1amiento\u201d, sostuvo el intendente Ezequiel <a href=\"https:\/\/www.instagram.com\/galliezequiel\/\">Galli<\/a>.<\/p>\n<p>Asimismo manifest\u00f3 que \u201cla pol\u00edtica social del Municipio es de puertas abiertas. Buscamos generar muchas actividades, en consulta con los referentes barriales para ver qu\u00e9 se necesita. Es fundamental estar en contacto con la gente del barrio y saber qu\u00e9 necesita en ese espacio y a partir de all\u00ed nosotros organizamos, coordinamos y llevamos actividades a cada territorio\u201d.<\/p>\n<p>\u201cEs uno de los territorios con mayor densidad de poblaci\u00f3n. Todo lo que tiene que ver con la demanda inmediata del vecino se resuelve en el Territorial como primera instancia\u201d, agreg\u00f3.<\/p>\n<p>En la planificaci\u00f3n anual se trabaja de manera transversal en coordinaci\u00f3n con Salud, Deportes, Cultura, Educaci\u00f3n, Pol\u00edticas de G\u00e9nero y Regularizaci\u00f3n Dominial.<\/p>\n<p>El Servicio Territorial N\u00ba 4 \u2013cuya sede se encuentra ubicada en Berutti y Fal- comprende los barrios: H. Yrigoyen, Procasa I,II,III, y IV, PEVEP (La Loma) , 25 de Noviembre, Barrio Jard\u00edn, Barrio UOCRA, B.CECO II, P y M., Carlos Pellegrini, Provincias Argentinas.<\/p>\n<p>\u201cEl eje central de la Secretar\u00eda de Desarrollo Humano y Calidad de Vida es la educaci\u00f3n y el deporte para llegar a cada territorio; entran en juego los valores: qu\u00e9 se puede aprender m\u00e1s all\u00e1 de la escuela a trav\u00e9s de distintas actividades\u201d, destac\u00f3 el secretario de Desarrollo Humano y Calidad de Vida Diego Robbiani.<\/p>\n<p>Al mismo tiempo, hizo hincapi\u00e9 en que \u201cen el Territorial N\u00ba 4 es clave el trabajo que se realiza desde las Mesas Territoriales, donde se coordina y articula con instituciones del barrio las actividades diarias (CEC, Arrebatando L\u00e1grimas, Sociedad de Fomento). Las mesas sirven para escuchar lo que pasa en el territorio y ver qu\u00e9 necesidades tienen\u201d.<\/p>\n<p>\u201cSe trabaja con las subsecretar\u00edas de Desarrollo Social, Deportes, Cultura, y se suma el importante trabajo que realiza la comisi\u00f3n nueva de la Sociedad de Fomento y de la Secretar\u00eda de Salud. El trabajo en el Territorial N\u00ba 4, al igual que en el resto de los servicios, requiere de mucha coordinaci\u00f3n y est\u00e1 basado principalmente en la educaci\u00f3n\u201d, puntualiz\u00f3.<\/p>\n<p>Actualmente, en dicho edificio municipal se desarrollan las propuestas de: Gimnasia Aer\u00f3bica para adultas, Escuela Secundaria para Adultos, Orquesta Sinf\u00f3nica Municipal, Auxiliar de Familia especializado en cuidado de ni\u00f1os, Programa Municipal de Salud Sexual y Reproductiva (Consultorio Inclusivo) y Programa de Atenci\u00f3n y Asesoramiento de Regularizaci\u00f3n Dominial.<\/p>\n<p>Dichas actividades est\u00e1n orientadas a toda la comunidad y se llevan a cabo en articulaci\u00f3n con las distintas \u00e1reas municipales y con las diferentes instituciones de la comunidad como Centro de Formaci\u00f3n Profesional N\u00b0 401 y CENS N\u00b0 451.<\/p>\n<p>Particularmente, en toda la zona de incumbencia que comprende el Territorial N\u00ba 4, en lo que se refiere a actividades deportivas, el equipo de la Subsecretar\u00eda de Deportes y Recreaci\u00f3n brinda \u2013adem\u00e1s- las siguientes propuestas: f\u00fatbol en los barrios Hip\u00f3lito Yrigoyen, Carlos Pellegrini y Provincias Argentinas, handball en el play\u00f3n del barrio CECO II y deportes para personas con discapacidad en el Bioparque Municipal \u201cLa M\u00e1xima\u201d (en el marco del Programa Juntos).<\/p>\n<p>El Servicio Territorial N\u00ba 4 cuenta con Centro de Atenci\u00f3n Primaria de la Salud, Jard\u00edn Maternal y trabajadora social -dependiente de la Subsecretar\u00eda de Desarrollo Social- para la atenci\u00f3n de las demandas surgidas de la comunidad, espec\u00edficamente de todas aquellas familias que se encuentran atravesando una situaci\u00f3n de vulnerabilidad socio-econ\u00f3mica y de salud, que as\u00ed lo requieran.<\/p>\n<p>En relaci\u00f3n al abordaje de las demandas sociales, el intendente Galli explic\u00f3 que \u201ccuando un vecino se acerca al Territorial significa que va a hablar con una trabajadora social, que es una profesional que va a evaluar su situaci\u00f3n social, que va a ser un an\u00e1lisis socioecon\u00f3mico de la familia, que va a ver en qu\u00e9 se puede ayudar, en consenso por una parte con la familia y por otra parte con el Municipio. El equipo de trabajadoras sociales siempre est\u00e1 tratando de resolver las cuestiones que surgen, de menor a mayor profundidad\u201d.<\/p>\n<p>El trabajo realizado con las instituciones barriales se lleva a cabo de manera coordinada, espec\u00edficamente con la Sociedad de Fomento Hip\u00f3lito Yrigoyen, desde donde se reciben mayormente las demandas que son abordadas de manera conjunta y en red con todas las dem\u00e1s entidades y organizaciones del sector.<\/p>\n<p>Las demandas de asistencia se canalizan a trav\u00e9s de la trabajadora social, ya sea por las familias o por derivaci\u00f3n de los distintos organismos municipales o instituciones como salud, educaci\u00f3n, barriales.<\/p>\n<p>\u201cLa demanda inmediata del vecino se resuelve en el Territorial\u201d, el trabajo profesional basa su accionar mediante un abordaje integral de cada familia atendiendo todos los aspectos como salud, habitacional, alimentario, educacional. Se trabaja con las \u00e1reas correspondientes y se elabora una resoluci\u00f3n integral a las dificultades que atraviesan las personas o familias, desarrollando intervenciones puntuales y especializadas, facilitando el acceso a bienes y recursos, en un \u00e1mbito de respeto y confidencialidad, evitando que las personas se sientan expuestas.<\/p>\n<p>Cabe destacar que en el Servicio Territorial N\u00ba 4 funciona el Jard\u00edn Maternal Municipal \u201cArco Iris\u201d, que brinda atenci\u00f3n y contenci\u00f3n a ni\u00f1os y ni\u00f1as desde los 45 d\u00edas hasta 2 a\u00f1os. All\u00ed\u00a0se ofrecen propuestas que enriquecen su aprendizaje, bajo el sustento del derecho a la educaci\u00f3n desde temprana edad y\u00a0con la finalidad de continuar el est\u00edmulo, acompa\u00f1ar la etapa evolutiva de ni\u00f1os y ni\u00f1as y generar situaciones que inviten a disfrutar de otros espacios del jard\u00edn. En este sentido se desarrollan actividades recreativas, motoras, art\u00edsticas, exploratorias y juegos al aire libre, en las que los ni\u00f1os pueden disfrutar de las diversas actividades l\u00fadicas acordes a sus edades, gustos e intereses.<\/p>\n<p>\u201cLa demanda inmediata del vecino se resuelve en el Territorial\u201d, finalmente en relaci\u00f3n a la demanda habitacional, <a href=\"https:\/\/www.instagram.com\/diegorobbiani\/\">Diego Robbiani<\/a> se\u00f1al\u00f3 que \u201cla ayuda en lo habitacional est\u00e1 relacionada con acompa\u00f1ar a trav\u00e9s de la entrega de materiales y hacer un seguimiento para que esos materiales sean colocados en viviendas que tienen problemas de infraestructura (como techos ba\u00f1os, habitaciones)\u201d.<\/p>\n<p>Al mismo tiempo opin\u00f3 que \u201clo habitacional es uno de los grandes desaf\u00edos que tenemos de ac\u00e1 en adelante. El otro problema grande que tenemos es el empleo joven. Tenemos que apuntar como pol\u00edtica p\u00fablica a futuro al empleo joven. Es clave. Los chicos entre 18 y 30 a\u00f1os no est\u00e1n teniendo posibilidades de entrar a trabajar, salen de secundario y en muchos casos no est\u00e1n preparados para poder trabajar\u201d.<\/p>\n<p>\u201cLos valores, la importancia de estar en un esquema social de la sociedad, ser parte del engranaje, trabajar mucho con deportes y con cultura: programas que intentan sacar a los chicos de la calle. Yo s\u00e9 que la sociedad cambi\u00f3 y para cambiar un mont\u00f3n de cuestiones -no quiero ser rom\u00e1ntico en esto- para m\u00ed es clave el tema educacional: la educaci\u00f3n p\u00fablica es lo \u00fanico que no ha cambiado durante todos estos a\u00f1os y creo que hay una deuda pendiente del Estado en dar una educaci\u00f3n de mejor calidad de la que est\u00e1 brindando hoy en d\u00eda\u201d, concluy\u00f3.<\/p>\n<p><a href=\"https:\/\/experienciadevida.com.ar\/portalurbano\/la-demanda-inmediata-del-vecino-se-resuelve-en-el-territorial\/inmediata\/\" rel=\"attachment wp-att-171976\"><img decoding=\"async\" class=\"alignnone size-large wp-image-171976\" src=\"https:\/\/experienciadevida.com.ar\/portalurbano\/wp-content\/uploads\/2022\/07\/inmediata-1024x682.jpg\" alt=\"inmediata \" width=\"900\" height=\"599\" srcset=\"https:\/\/experienciadevida.com.ar\/portalurbano\/wp-content\/uploads\/2022\/07\/inmediata-1024x682.jpg 1024w, https:\/\/experienciadevida.com.ar\/portalurbano\/wp-content\/uploads\/2022\/07\/inmediata-300x200.jpg 300w, https:\/\/experienciadevida.com.ar\/portalurbano\/wp-content\/uploads\/2022\/07\/inmediata-768x512.jpg 768w, https:\/\/experienciadevida.com.ar\/portalurbano\/wp-content\/uploads\/2022\/07\/inmediata-1536x1024.jpg 1536w, https:\/\/experienciadevida.com.ar\/portalurbano\/wp-content\/uploads\/2022\/07\/inmediata-150x100.jpg 150w, https:\/\/experienciadevida.com.ar\/portalurbano\/wp-content\/uploads\/2022\/07\/inmediata.jpg 1772w\" sizes=\"(max-width: 900px) 100vw, 900px\" \/><\/a><\/p>\n","protected":false},"excerpt":{"rendered":"<p>\u201cLa demanda inmediata del vecino se resuelve en el Territorial\u201d, los Servicios Municipales Territoriales -que&#8230;<\/p>\n","protected":false},"author":1,"featured_media":171973,"comment_status":"closed","ping_status":"closed","sticky":false,"template":"","format":"standard","meta":{"content-type":""},"categories":[27,51],"tags":[],"nelio_content":{"isAutoShareEnabled":false,"autoShareEndMode":"default","automationSources":{"useContentSentences":true,"useSocialTemplates":true,"useCustomSentences":false,"customSentences":[]},"followers":[1],"suggestedReferences":[],"includedReferences":["https:\/\/www.instagram.com\/galliezequiel\/","https:\/\/www.instagram.com\/diegorobbiani\/"],"efiUrl":"","efiAlt":"","highlights":[]},"yoast_head":"<!-- This site is optimized with the Yoast SEO plugin v20.7 - https:\/\/yoast.com\/wordpress\/plugins\/seo\/ -->\n<title>&quot;La demanda inmediata del vecino se resuelve en el territorial&quot;<\/title>\n<meta name=\"description\" content=\"\u201cLa demanda inmediata del vecino se resuelve en el Territorial\u201d, los Servicios Municipales Territoriales -bajo la Subsecretar\u00eda de desarrollo\" \/>\n<meta name=\"robots\" content=\"index, follow, max-snippet:-1, max-image-preview:large, max-video-preview:-1\" \/>\n<link rel=\"canonical\" href=\"https:\/\/experienciadevida.com.ar\/portalurbano\/la-demanda-inmediata-del-vecino-se-resuelve-en-el-territorial\/\" \/>\n<meta property=\"og:locale\" content=\"es_ES\" \/>\n<meta property=\"og:type\" content=\"article\" \/>\n<meta property=\"og:title\" content=\"&quot;La demanda inmediata del vecino se resuelve en el territorial&quot;\" \/>\n<meta property=\"og:description\" content=\"\u201cLa demanda inmediata del vecino se resuelve en el Territorial\u201d, los Servicios Municipales Territoriales -bajo la Subsecretar\u00eda de desarrollo\" \/>\n<meta property=\"og:url\" content=\"https:\/\/experienciadevida.com.ar\/portalurbano\/la-demanda-inmediata-del-vecino-se-resuelve-en-el-territorial\/\" \/>\n<meta property=\"article:publisher\" content=\"https:\/\/www.facebook.com\/Portal-Urbano-171542830093757\/\" \/>\n<meta property=\"article:published_time\" content=\"2022-07-23T16:10:43+00:00\" \/>\n<meta property=\"article:modified_time\" content=\"2022-07-23T16:11:26+00:00\" \/>\n<meta property=\"og:image\" content=\"https:\/\/experienciadevida.com.ar\/portalurbano\/wp-content\/uploads\/2022\/07\/La-demanda-inmediata-del.jpg\" \/>\n\t<meta property=\"og:image:width\" content=\"2560\" \/>\n\t<meta property=\"og:image:height\" content=\"1711\" \/>\n\t<meta property=\"og:image:type\" content=\"image\/jpeg\" \/>\n<meta name=\"author\" content=\"admpu17wp\" \/>\n<meta name=\"twitter:card\" content=\"summary_large_image\" \/>\n<meta name=\"twitter:creator\" content=\"@portalurbanook\" \/>\n<meta name=\"twitter:site\" content=\"@portalurbanook\" \/>\n<meta name=\"twitter:label1\" content=\"Escrito por\" \/>\n\t<meta name=\"twitter:data1\" content=\"admpu17wp\" \/>\n\t<meta name=\"twitter:label2\" content=\"Tiempo de lectura\" \/>\n\t<meta name=\"twitter:data2\" content=\"7 minutos\" \/>\n<script type=\"application\/ld+json\" class=\"yoast-schema-graph\">{\"@context\":\"https:\/\/schema.org\",\"@graph\":[{\"@type\":\"Article\",\"@id\":\"https:\/\/experienciadevida.com.ar\/portalurbano\/la-demanda-inmediata-del-vecino-se-resuelve-en-el-territorial\/#article\",\"isPartOf\":{\"@id\":\"https:\/\/experienciadevida.com.ar\/portalurbano\/la-demanda-inmediata-del-vecino-se-resuelve-en-el-territorial\/\"},\"author\":{\"name\":\"admpu17wp\",\"@id\":\"https:\/\/experienciadevida.com.ar\/portalurbano\/#\/schema\/person\/02dd326b1c4b056e9cc972486934a3a7\"},\"headline\":\"\u201cLa demanda inmediata del vecino se resuelve en el Territorial\u201d\",\"datePublished\":\"2022-07-23T16:10:43+00:00\",\"dateModified\":\"2022-07-23T16:11:26+00:00\",\"mainEntityOfPage\":{\"@id\":\"https:\/\/experienciadevida.com.ar\/portalurbano\/la-demanda-inmediata-del-vecino-se-resuelve-en-el-territorial\/\"},\"wordCount\":1355,\"publisher\":{\"@id\":\"https:\/\/experienciadevida.com.ar\/portalurbano\/#organization\"},\"articleSection\":[\"Ciudad\",\"Destacadas\"],\"inLanguage\":\"es\"},{\"@type\":\"WebPage\",\"@id\":\"https:\/\/experienciadevida.com.ar\/portalurbano\/la-demanda-inmediata-del-vecino-se-resuelve-en-el-territorial\/\",\"url\":\"https:\/\/experienciadevida.com.ar\/portalurbano\/la-demanda-inmediata-del-vecino-se-resuelve-en-el-territorial\/\",\"name\":\"\\\"La demanda inmediata del vecino se resuelve en el territorial\\\"\",\"isPartOf\":{\"@id\":\"https:\/\/experienciadevida.com.ar\/portalurbano\/#website\"},\"datePublished\":\"2022-07-23T16:10:43+00:00\",\"dateModified\":\"2022-07-23T16:11:26+00:00\",\"description\":\"\u201cLa demanda inmediata del vecino se resuelve en el Territorial\u201d, los Servicios Municipales Territoriales -bajo la Subsecretar\u00eda de desarrollo\",\"breadcrumb\":{\"@id\":\"https:\/\/experienciadevida.com.ar\/portalurbano\/la-demanda-inmediata-del-vecino-se-resuelve-en-el-territorial\/#breadcrumb\"},\"inLanguage\":\"es\",\"potentialAction\":[{\"@type\":\"ReadAction\",\"target\":[\"https:\/\/experienciadevida.com.ar\/portalurbano\/la-demanda-inmediata-del-vecino-se-resuelve-en-el-territorial\/\"]}]},{\"@type\":\"BreadcrumbList\",\"@id\":\"https:\/\/experienciadevida.com.ar\/portalurbano\/la-demanda-inmediata-del-vecino-se-resuelve-en-el-territorial\/#breadcrumb\",\"itemListElement\":[{\"@type\":\"ListItem\",\"position\":1,\"name\":\"Portada\",\"item\":\"https:\/\/experienciadevida.com.ar\/portalurbano\/\"},{\"@type\":\"ListItem\",\"position\":2,\"name\":\"\u201cLa demanda inmediata del vecino se resuelve en el Territorial\u201d\"}]},{\"@type\":\"WebSite\",\"@id\":\"https:\/\/experienciadevida.com.ar\/portalurbano\/#website\",\"url\":\"https:\/\/experienciadevida.com.ar\/portalurbano\/\",\"name\":\"\",\"description\":\"\",\"publisher\":{\"@id\":\"https:\/\/experienciadevida.com.ar\/portalurbano\/#organization\"},\"potentialAction\":[{\"@type\":\"SearchAction\",\"target\":{\"@type\":\"EntryPoint\",\"urlTemplate\":\"https:\/\/experienciadevida.com.ar\/portalurbano\/?s={search_term_string}\"},\"query-input\":\"required name=search_term_string\"}],\"inLanguage\":\"es\"},{\"@type\":\"Organization\",\"@id\":\"https:\/\/experienciadevida.com.ar\/portalurbano\/#organization\",\"name\":\"Portal Urbano\",\"url\":\"https:\/\/experienciadevida.com.ar\/portalurbano\/\",\"logo\":{\"@type\":\"ImageObject\",\"inLanguage\":\"es\",\"@id\":\"https:\/\/experienciadevida.com.ar\/portalurbano\/#\/schema\/logo\/image\/\",\"url\":\"https:\/\/experienciadevida.com.ar\/portalurbano\/wp-content\/uploads\/2019\/09\/Logo-Original.png\",\"contentUrl\":\"https:\/\/experienciadevida.com.ar\/portalurbano\/wp-content\/uploads\/2019\/09\/Logo-Original.png\",\"width\":2236,\"height\":1216,\"caption\":\"Portal Urbano\"},\"image\":{\"@id\":\"https:\/\/experienciadevida.com.ar\/portalurbano\/#\/schema\/logo\/image\/\"},\"sameAs\":[\"https:\/\/www.facebook.com\/Portal-Urbano-171542830093757\/\",\"https:\/\/twitter.com\/portalurbanook\",\"https:\/\/www.instagram.com\/_portalurbano\/\",\"https:\/\/www.youtube.com\/channel\/UCXhagIfszH8KxFiOok79zbA?view_as=subscriber\"]},{\"@type\":\"Person\",\"@id\":\"https:\/\/experienciadevida.com.ar\/portalurbano\/#\/schema\/person\/02dd326b1c4b056e9cc972486934a3a7\",\"name\":\"admpu17wp\",\"image\":{\"@type\":\"ImageObject\",\"inLanguage\":\"es\",\"@id\":\"https:\/\/experienciadevida.com.ar\/portalurbano\/#\/schema\/person\/image\/\",\"url\":\"https:\/\/secure.gravatar.com\/avatar\/830d4c57adaae6630765e449a6908047?s=96&d=mm&r=g\",\"contentUrl\":\"https:\/\/secure.gravatar.com\/avatar\/830d4c57adaae6630765e449a6908047?s=96&d=mm&r=g\",\"caption\":\"admpu17wp\"}}]}<\/script>\n<!-- \/ Yoast SEO plugin. -->","yoast_head_json":{"title":"\"La demanda inmediata del vecino se resuelve en el territorial\"","description":"\u201cLa demanda inmediata del vecino se resuelve en el Territorial\u201d, los Servicios Municipales Territoriales -bajo la Subsecretar\u00eda de desarrollo","robots":{"index":"index","follow":"follow","max-snippet":"max-snippet:-1","max-image-preview":"max-image-preview:large","max-video-preview":"max-video-preview:-1"},"canonical":"https:\/\/experienciadevida.com.ar\/portalurbano\/la-demanda-inmediata-del-vecino-se-resuelve-en-el-territorial\/","og_locale":"es_ES","og_type":"article","og_title":"\"La demanda inmediata del vecino se resuelve en el territorial\"","og_description":"\u201cLa demanda inmediata del vecino se resuelve en el Territorial\u201d, los Servicios Municipales Territoriales -bajo la Subsecretar\u00eda de desarrollo","og_url":"https:\/\/experienciadevida.com.ar\/portalurbano\/la-demanda-inmediata-del-vecino-se-resuelve-en-el-territorial\/","article_publisher":"https:\/\/www.facebook.com\/Portal-Urbano-171542830093757\/","article_published_time":"2022-07-23T16:10:43+00:00","article_modified_time":"2022-07-23T16:11:26+00:00","og_image":[{"width":2560,"height":1711,"url":"https:\/\/experienciadevida.com.ar\/portalurbano\/wp-content\/uploads\/2022\/07\/La-demanda-inmediata-del.jpg","type":"image\/jpeg"}],"author":"admpu17wp","twitter_card":"summary_large_image","twitter_creator":"@portalurbanook","twitter_site":"@portalurbanook","twitter_misc":{"Escrito por":"admpu17wp","Tiempo de lectura":"7 minutos"},"schema":{"@context":"https:\/\/schema.org","@graph":[{"@type":"Article","@id":"https:\/\/experienciadevida.com.ar\/portalurbano\/la-demanda-inmediata-del-vecino-se-resuelve-en-el-territorial\/#article","isPartOf":{"@id":"https:\/\/experienciadevida.com.ar\/portalurbano\/la-demanda-inmediata-del-vecino-se-resuelve-en-el-territorial\/"},"author":{"name":"admpu17wp","@id":"https:\/\/experienciadevida.com.ar\/portalurbano\/#\/schema\/person\/02dd326b1c4b056e9cc972486934a3a7"},"headline":"\u201cLa demanda inmediata del vecino se resuelve en el Territorial\u201d","datePublished":"2022-07-23T16:10:43+00:00","dateModified":"2022-07-23T16:11:26+00:00","mainEntityOfPage":{"@id":"https:\/\/experienciadevida.com.ar\/portalurbano\/la-demanda-inmediata-del-vecino-se-resuelve-en-el-territorial\/"},"wordCount":1355,"publisher":{"@id":"https:\/\/experienciadevida.com.ar\/portalurbano\/#organization"},"articleSection":["Ciudad","Destacadas"],"inLanguage":"es"},{"@type":"WebPage","@id":"https:\/\/experienciadevida.com.ar\/portalurbano\/la-demanda-inmediata-del-vecino-se-resuelve-en-el-territorial\/","url":"https:\/\/experienciadevida.com.ar\/portalurbano\/la-demanda-inmediata-del-vecino-se-resuelve-en-el-territorial\/","name":"\"La demanda inmediata del vecino se resuelve en el territorial\"","isPartOf":{"@id":"https:\/\/experienciadevida.com.ar\/portalurbano\/#website"},"datePublished":"2022-07-23T16:10:43+00:00","dateModified":"2022-07-23T16:11:26+00:00","description":"\u201cLa demanda inmediata del vecino se resuelve en el Territorial\u201d, los Servicios Municipales Territoriales -bajo la Subsecretar\u00eda de desarrollo","breadcrumb":{"@id":"https:\/\/experienciadevida.com.ar\/portalurbano\/la-demanda-inmediata-del-vecino-se-resuelve-en-el-territorial\/#breadcrumb"},"inLanguage":"es","potentialAction":[{"@type":"ReadAction","target":["https:\/\/experienciadevida.com.ar\/portalurbano\/la-demanda-inmediata-del-vecino-se-resuelve-en-el-territorial\/"]}]},{"@type":"BreadcrumbList","@id":"https:\/\/experienciadevida.com.ar\/portalurbano\/la-demanda-inmediata-del-vecino-se-resuelve-en-el-territorial\/#breadcrumb","itemListElement":[{"@type":"ListItem","position":1,"name":"Portada","item":"https:\/\/experienciadevida.com.ar\/portalurbano\/"},{"@type":"ListItem","position":2,"name":"\u201cLa demanda inmediata del vecino se resuelve en el Territorial\u201d"}]},{"@type":"WebSite","@id":"https:\/\/experienciadevida.com.ar\/portalurbano\/#website","url":"https:\/\/experienciadevida.com.ar\/portalurbano\/","name":"","description":"","publisher":{"@id":"https:\/\/experienciadevida.com.ar\/portalurbano\/#organization"},"potentialAction":[{"@type":"SearchAction","target":{"@type":"EntryPoint","urlTemplate":"https:\/\/experienciadevida.com.ar\/portalurbano\/?s={search_term_string}"},"query-input":"required name=search_term_string"}],"inLanguage":"es"},{"@type":"Organization","@id":"https:\/\/experienciadevida.com.ar\/portalurbano\/#organization","name":"Portal Urbano","url":"https:\/\/experienciadevida.com.ar\/portalurbano\/","logo":{"@type":"ImageObject","inLanguage":"es","@id":"https:\/\/experienciadevida.com.ar\/portalurbano\/#\/schema\/logo\/image\/","url":"https:\/\/experienciadevida.com.ar\/portalurbano\/wp-content\/uploads\/2019\/09\/Logo-Original.png","contentUrl":"https:\/\/experienciadevida.com.ar\/portalurbano\/wp-content\/uploads\/2019\/09\/Logo-Original.png","width":2236,"height":1216,"caption":"Portal Urbano"},"image":{"@id":"https:\/\/experienciadevida.com.ar\/portalurbano\/#\/schema\/logo\/image\/"},"sameAs":["https:\/\/www.facebook.com\/Portal-Urbano-171542830093757\/","https:\/\/twitter.com\/portalurbanook","https:\/\/www.instagram.com\/_portalurbano\/","https:\/\/www.youtube.com\/channel\/UCXhagIfszH8KxFiOok79zbA?view_as=subscriber"]},{"@type":"Person","@id":"https:\/\/experienciadevida.com.ar\/portalurbano\/#\/schema\/person\/02dd326b1c4b056e9cc972486934a3a7","name":"admpu17wp","image":{"@type":"ImageObject","inLanguage":"es","@id":"https:\/\/experienciadevida.com.ar\/portalurbano\/#\/schema\/person\/image\/","url":"https:\/\/secure.gravatar.com\/avatar\/830d4c57adaae6630765e449a6908047?s=96&d=mm&r=g","contentUrl":"https:\/\/secure.gravatar.com\/avatar\/830d4c57adaae6630765e449a6908047?s=96&d=mm&r=g","caption":"admpu17wp"}}]}},"featured_image_urls":{"full":["https:\/\/experienciadevida.com.ar\/portalurbano\/wp-content\/uploads\/2022\/07\/La-demanda-inmediata-del.jpg",2560,1711,false],"thumbnail":["https:\/\/experienciadevida.com.ar\/portalurbano\/wp-content\/uploads\/2022\/07\/La-demanda-inmediata-del-150x150.jpg",150,150,true],"medium":["https:\/\/experienciadevida.com.ar\/portalurbano\/wp-content\/uploads\/2022\/07\/La-demanda-inmediata-del-300x201.jpg",300,201,true],"medium_large":["https:\/\/experienciadevida.com.ar\/portalurbano\/wp-content\/uploads\/2022\/07\/La-demanda-inmediata-del-768x513.jpg",640,428,true],"large":["https:\/\/experienciadevida.com.ar\/portalurbano\/wp-content\/uploads\/2022\/07\/La-demanda-inmediata-del-1024x684.jpg",640,428,true],"ug_big":["https:\/\/experienciadevida.com.ar\/portalurbano\/wp-content\/uploads\/2022\/07\/La-demanda-inmediata-del-768x513.jpg",768,513,true],"1536x1536":["https:\/\/experienciadevida.com.ar\/portalurbano\/wp-content\/uploads\/2022\/07\/La-demanda-inmediata-del-1536x1027.jpg",1536,1027,true],"2048x2048":["https:\/\/experienciadevida.com.ar\/portalurbano\/wp-content\/uploads\/2022\/07\/La-demanda-inmediata-del-2048x1369.jpg",2048,1369,true],"newsever-slider-full":["https:\/\/experienciadevida.com.ar\/portalurbano\/wp-content\/uploads\/2022\/07\/La-demanda-inmediata-del.jpg",1264,845,false],"newsever-featured":["https:\/\/experienciadevida.com.ar\/portalurbano\/wp-content\/uploads\/2022\/07\/La-demanda-inmediata-del.jpg",1024,684,false],"newsever-medium":["https:\/\/experienciadevida.com.ar\/portalurbano\/wp-content\/uploads\/2022\/07\/La-demanda-inmediata-del.jpg",711,475,false],"web-stories-poster-portrait":["https:\/\/experienciadevida.com.ar\/portalurbano\/wp-content\/uploads\/2022\/07\/La-demanda-inmediata-del-640x853.jpg",640,853,true],"web-stories-publisher-logo":["https:\/\/experienciadevida.com.ar\/portalurbano\/wp-content\/uploads\/2022\/07\/La-demanda-inmediata-del-96x96.jpg",96,96,true],"web-stories-thumbnail":["https:\/\/experienciadevida.com.ar\/portalurbano\/wp-content\/uploads\/2022\/07\/La-demanda-inmediata-del-150x100.jpg",150,100,true]},"author_info":{"display_name":"admpu17wp","author_link":"https:\/\/experienciadevida.com.ar\/portalurbano\/author\/admpu17wp\/"},"category_info":"<a href=\"https:\/\/experienciadevida.com.ar\/portalurbano\/category\/ciudad\/\" rel=\"category tag\">Ciudad<\/a> <a href=\"https:\/\/experienciadevida.com.ar\/portalurbano\/category\/destacadas\/\" rel=\"category tag\">Destacadas<\/a>","tag_info":"Destacadas","comment_count":"0","amp_enabled":true,"_links":{"self":[{"href":"https:\/\/experienciadevida.com.ar\/portalurbano\/wp-json\/wp\/v2\/posts\/171970"}],"collection":[{"href":"https:\/\/experienciadevida.com.ar\/portalurbano\/wp-json\/wp\/v2\/posts"}],"about":[{"href":"https:\/\/experienciadevida.com.ar\/portalurbano\/wp-json\/wp\/v2\/types\/post"}],"author":[{"embeddable":true,"href":"https:\/\/experienciadevida.com.ar\/portalurbano\/wp-json\/wp\/v2\/users\/1"}],"replies":[{"embeddable":true,"href":"https:\/\/experienciadevida.com.ar\/portalurbano\/wp-json\/wp\/v2\/comments?post=171970"}],"version-history":[{"count":2,"href":"https:\/\/experienciadevida.com.ar\/portalurbano\/wp-json\/wp\/v2\/posts\/171970\/revisions"}],"predecessor-version":[{"id":171978,"href":"https:\/\/experienciadevida.com.ar\/portalurbano\/wp-json\/wp\/v2\/posts\/171970\/revisions\/171978"}],"wp:featuredmedia":[{"embeddable":true,"href":"https:\/\/experienciadevida.com.ar\/portalurbano\/wp-json\/wp\/v2\/media\/171973"}],"wp:attachment":[{"href":"https:\/\/experienciadevida.com.ar\/portalurbano\/wp-json\/wp\/v2\/media?parent=171970"}],"wp:term":[{"taxonomy":"category","embeddable":true,"href":"https:\/\/experienciadevida.com.ar\/portalurbano\/wp-json\/wp\/v2\/categories?post=171970"},{"taxonomy":"post_tag","embeddable":true,"href":"https:\/\/experienciadevida.com.ar\/portalurbano\/wp-json\/wp\/v2\/tags?post=171970"}],"curies":[{"name":"wp","href":"https:\/\/api.w.org\/{rel}","templated":true}]}}