{"id":171957,"date":"2022-07-23T12:58:45","date_gmt":"2022-07-23T15:58:45","guid":{"rendered":"https:\/\/experienciadevida.com.ar\/portalurbano\/?p=171957"},"modified":"2022-07-23T13:04:18","modified_gmt":"2022-07-23T16:04:18","slug":"separa-tus-residuos-con-la-experienciagiro","status":"publish","type":"post","link":"https:\/\/experienciadevida.com.ar\/portalurbano\/separa-tus-residuos-con-la-experienciagiro\/","title":{"rendered":"Separ\u00e1 tus residuos con la #ExperienciaGiro"},"content":{"rendered":"<p>Separ\u00e1 tus residuos con la #ExperienciaGiro, en el marco de las vacaciones de invierno la Direcci\u00f3n de Desarrollo Sustentable, a trav\u00e9s de su Programa <a href=\"https:\/\/www.facebook.com\/giro.olavarria\">GIRO<\/a>, invita a la comunidad a organizar los espacios de sus hogares y continuar -o comenzar- con la pr\u00e1ctica de separaci\u00f3n de residuos en tres corrientes. La propuesta, que surge a partir del tiempo libre que otorga el periodo vacacional y que permite, entre otras actividades, pasar mayor tiempo en casa, llama tambi\u00e9n a reflexionar, repensar y modificar nuestros h\u00e1bitos de consumo.<\/p>\n<p>La premisa sobre la que el Programa trabaja consiste en que los vecinos puedan separar sus residuos con la #ExperienciaGIRO en reciclables (se transforman en materia prima), compostables (se transforman en abono) y basura (se reducen los residuos que van al Relleno Sanitario) siguiendo los 3 pasos para una ciudad m\u00e1s sustentable: Separaci\u00f3n en el hogar, Recolecci\u00f3n diferenciada y Clasificaci\u00f3n y Compostaje.<\/p>\n<p>En este sentido, para el primer paso, desde el Programa se destaca como importante aprender a identificar qu\u00e9 tipo de residuos se pueden reciclar o compostar. Para ello, puede ser de utilidad la gu\u00eda de separaci\u00f3n disponible en la p\u00e1gina web de GIRO (www.giro.olavarria.gov.ar) que respeta la cadena de valor del reciclaje.<\/p>\n<p>Una vez identificados, sugieren organizar los espacios de manera f\u00e1cil y sencilla a trav\u00e9s de la utilizaci\u00f3n de materiales que se tienen a mano y que pueden servir como recipientes de residuos. Para los reciclables, que son limpios y secos, se pueden utilizar, por ejemplo, bolsas, cajas de cart\u00f3n, cajones de verduler\u00edas, tachos, etc. Con los org\u00e1nicos se puede realizar compostaje domiciliario para luego utilizarlo como abono de calidad en plantas, o bien, si viven en una zona que participa de la prueba piloto pueden separarlos, al igual que los reciclables, y sacarlos el d\u00eda de recolecci\u00f3n correspondiente.<\/p>\n<p>El itinerario de Recolecci\u00f3n que tienen los barrios que participan de la prueba piloto de GIRO se encuentra detallado en la p\u00e1gina web del Programa o en cada uno de los imanes que fueron repartidos puerta a puerta en los diferentes hogares. Luego de la recolecci\u00f3n diferenciada, cada corriente de residuo tiene un destino diferente, es decir, los residuos reciclables son llevados a la Planta de Clasificaci\u00f3n, los residuos compostables a la Planta de Compostaje y los residuos denominados com\u00fanmente como basura, son dispuestos en el Relleno Sanitario, para cumplir, de esta manera, con el tercer paso del sistema.<\/p>\n<p>Cabe destacar que aquellos vecinos que a\u00fan no participan de los pilotos tambi\u00e9n pueden separar sus residuos y depositarlos en los Ecopuntos o Puntos Verdes que se encuentran ubicados en distintos sectores de la ciudad (pueden buscar la ubicaci\u00f3n de los mismos en: https:\/\/mapas.olavarria.gov.ar, en la secci\u00f3n medio ambiente) Para obtener m\u00e1s informaci\u00f3n sobre el programa, pueden comunicarse con la Direcci\u00f3n de Desarrollo Sustentable de la Secretar\u00eda de Desarrollo Econ\u00f3mico al tel\u00e9fono 412600, escribir al correo electr\u00f3nico: gestionambiental@olavarria.gov.ar, o bien seguir las redes sociales: desarrollosustentableolavarria y giro.olavarria<\/p>\n","protected":false},"excerpt":{"rendered":"<p>Separ\u00e1 tus residuos con la #ExperienciaGiro, en el marco de las vacaciones de invierno la&#8230;<\/p>\n","protected":false},"author":1,"featured_media":171963,"comment_status":"closed","ping_status":"closed","sticky":false,"template":"","format":"standard","meta":{"content-type":""},"categories":[27,64],"tags":[],"nelio_content":{"isAutoShareEnabled":false,"autoShareEndMode":"default","automationSources":{"useContentSentences":true,"useSocialTemplates":true,"useCustomSentences":false,"customSentences":[]},"followers":[1],"suggestedReferences":[],"includedReferences":[],"efiUrl":"","efiAlt":"","highlights":[]},"yoast_head":"<!-- This site is optimized with the Yoast SEO plugin v20.7 - https:\/\/yoast.com\/wordpress\/plugins\/seo\/ -->\n<title>Separ\u00e1 tus residuos con la #ExperienciaGiro<\/title>\n<meta name=\"description\" content=\"Separ\u00e1 tus residuos con la #ExperienciaGiro, en el marco de las vacaciones de invierno la Direcci\u00f3n de Desarrollo Sustentable,\" \/>\n<meta name=\"robots\" content=\"index, follow, max-snippet:-1, max-image-preview:large, max-video-preview:-1\" \/>\n<link rel=\"canonical\" href=\"https:\/\/experienciadevida.com.ar\/portalurbano\/separa-tus-residuos-con-la-experienciagiro\/\" \/>\n<meta property=\"og:locale\" content=\"es_ES\" \/>\n<meta property=\"og:type\" content=\"article\" \/>\n<meta property=\"og:title\" content=\"Separ\u00e1 tus residuos con la #ExperienciaGiro\" \/>\n<meta property=\"og:description\" content=\"Separ\u00e1 tus residuos con la #ExperienciaGiro, en el marco de las vacaciones de invierno la Direcci\u00f3n de Desarrollo Sustentable,\" \/>\n<meta property=\"og:url\" content=\"https:\/\/experienciadevida.com.ar\/portalurbano\/separa-tus-residuos-con-la-experienciagiro\/\" \/>\n<meta property=\"article:publisher\" content=\"https:\/\/www.facebook.com\/Portal-Urbano-171542830093757\/\" \/>\n<meta property=\"article:published_time\" content=\"2022-07-23T15:58:45+00:00\" \/>\n<meta property=\"article:modified_time\" content=\"2022-07-23T16:04:18+00:00\" \/>\n<meta property=\"og:image\" content=\"https:\/\/experienciadevida.com.ar\/portalurbano\/wp-content\/uploads\/2022\/07\/Separa-tus-residuos-con.jpg\" \/>\n\t<meta property=\"og:image:width\" content=\"1024\" \/>\n\t<meta property=\"og:image:height\" content=\"682\" \/>\n\t<meta property=\"og:image:type\" content=\"image\/jpeg\" \/>\n<meta name=\"author\" content=\"admpu17wp\" \/>\n<meta name=\"twitter:card\" content=\"summary_large_image\" \/>\n<meta name=\"twitter:creator\" content=\"@portalurbanook\" \/>\n<meta name=\"twitter:site\" content=\"@portalurbanook\" \/>\n<meta name=\"twitter:label1\" content=\"Escrito por\" \/>\n\t<meta name=\"twitter:data1\" content=\"admpu17wp\" \/>\n\t<meta name=\"twitter:label2\" content=\"Tiempo de lectura\" \/>\n\t<meta name=\"twitter:data2\" content=\"3 minutos\" \/>\n<script type=\"application\/ld+json\" class=\"yoast-schema-graph\">{\"@context\":\"https:\/\/schema.org\",\"@graph\":[{\"@type\":\"Article\",\"@id\":\"https:\/\/experienciadevida.com.ar\/portalurbano\/separa-tus-residuos-con-la-experienciagiro\/#article\",\"isPartOf\":{\"@id\":\"https:\/\/experienciadevida.com.ar\/portalurbano\/separa-tus-residuos-con-la-experienciagiro\/\"},\"author\":{\"name\":\"admpu17wp\",\"@id\":\"https:\/\/experienciadevida.com.ar\/portalurbano\/#\/schema\/person\/02dd326b1c4b056e9cc972486934a3a7\"},\"headline\":\"Separ\u00e1 tus residuos con la #ExperienciaGiro\",\"datePublished\":\"2022-07-23T15:58:45+00:00\",\"dateModified\":\"2022-07-23T16:04:18+00:00\",\"mainEntityOfPage\":{\"@id\":\"https:\/\/experienciadevida.com.ar\/portalurbano\/separa-tus-residuos-con-la-experienciagiro\/\"},\"wordCount\":537,\"publisher\":{\"@id\":\"https:\/\/experienciadevida.com.ar\/portalurbano\/#organization\"},\"articleSection\":[\"Ciudad\",\"Destacadas 2\"],\"inLanguage\":\"es\"},{\"@type\":\"WebPage\",\"@id\":\"https:\/\/experienciadevida.com.ar\/portalurbano\/separa-tus-residuos-con-la-experienciagiro\/\",\"url\":\"https:\/\/experienciadevida.com.ar\/portalurbano\/separa-tus-residuos-con-la-experienciagiro\/\",\"name\":\"Separ\u00e1 tus residuos con la #ExperienciaGiro\",\"isPartOf\":{\"@id\":\"https:\/\/experienciadevida.com.ar\/portalurbano\/#website\"},\"datePublished\":\"2022-07-23T15:58:45+00:00\",\"dateModified\":\"2022-07-23T16:04:18+00:00\",\"description\":\"Separ\u00e1 tus residuos con la #ExperienciaGiro, en el marco de las vacaciones de invierno la Direcci\u00f3n de Desarrollo Sustentable,\",\"breadcrumb\":{\"@id\":\"https:\/\/experienciadevida.com.ar\/portalurbano\/separa-tus-residuos-con-la-experienciagiro\/#breadcrumb\"},\"inLanguage\":\"es\",\"potentialAction\":[{\"@type\":\"ReadAction\",\"target\":[\"https:\/\/experienciadevida.com.ar\/portalurbano\/separa-tus-residuos-con-la-experienciagiro\/\"]}]},{\"@type\":\"BreadcrumbList\",\"@id\":\"https:\/\/experienciadevida.com.ar\/portalurbano\/separa-tus-residuos-con-la-experienciagiro\/#breadcrumb\",\"itemListElement\":[{\"@type\":\"ListItem\",\"position\":1,\"name\":\"Portada\",\"item\":\"https:\/\/experienciadevida.com.ar\/portalurbano\/\"},{\"@type\":\"ListItem\",\"position\":2,\"name\":\"Separ\u00e1 tus residuos con la #ExperienciaGiro\"}]},{\"@type\":\"WebSite\",\"@id\":\"https:\/\/experienciadevida.com.ar\/portalurbano\/#website\",\"url\":\"https:\/\/experienciadevida.com.ar\/portalurbano\/\",\"name\":\"\",\"description\":\"\",\"publisher\":{\"@id\":\"https:\/\/experienciadevida.com.ar\/portalurbano\/#organization\"},\"potentialAction\":[{\"@type\":\"SearchAction\",\"target\":{\"@type\":\"EntryPoint\",\"urlTemplate\":\"https:\/\/experienciadevida.com.ar\/portalurbano\/?s={search_term_string}\"},\"query-input\":\"required name=search_term_string\"}],\"inLanguage\":\"es\"},{\"@type\":\"Organization\",\"@id\":\"https:\/\/experienciadevida.com.ar\/portalurbano\/#organization\",\"name\":\"Portal Urbano\",\"url\":\"https:\/\/experienciadevida.com.ar\/portalurbano\/\",\"logo\":{\"@type\":\"ImageObject\",\"inLanguage\":\"es\",\"@id\":\"https:\/\/experienciadevida.com.ar\/portalurbano\/#\/schema\/logo\/image\/\",\"url\":\"https:\/\/experienciadevida.com.ar\/portalurbano\/wp-content\/uploads\/2019\/09\/Logo-Original.png\",\"contentUrl\":\"https:\/\/experienciadevida.com.ar\/portalurbano\/wp-content\/uploads\/2019\/09\/Logo-Original.png\",\"width\":2236,\"height\":1216,\"caption\":\"Portal Urbano\"},\"image\":{\"@id\":\"https:\/\/experienciadevida.com.ar\/portalurbano\/#\/schema\/logo\/image\/\"},\"sameAs\":[\"https:\/\/www.facebook.com\/Portal-Urbano-171542830093757\/\",\"https:\/\/twitter.com\/portalurbanook\",\"https:\/\/www.instagram.com\/_portalurbano\/\",\"https:\/\/www.youtube.com\/channel\/UCXhagIfszH8KxFiOok79zbA?view_as=subscriber\"]},{\"@type\":\"Person\",\"@id\":\"https:\/\/experienciadevida.com.ar\/portalurbano\/#\/schema\/person\/02dd326b1c4b056e9cc972486934a3a7\",\"name\":\"admpu17wp\",\"image\":{\"@type\":\"ImageObject\",\"inLanguage\":\"es\",\"@id\":\"https:\/\/experienciadevida.com.ar\/portalurbano\/#\/schema\/person\/image\/\",\"url\":\"https:\/\/secure.gravatar.com\/avatar\/830d4c57adaae6630765e449a6908047?s=96&d=mm&r=g\",\"contentUrl\":\"https:\/\/secure.gravatar.com\/avatar\/830d4c57adaae6630765e449a6908047?s=96&d=mm&r=g\",\"caption\":\"admpu17wp\"}}]}<\/script>\n<!-- \/ Yoast SEO plugin. -->","yoast_head_json":{"title":"Separ\u00e1 tus residuos con la #ExperienciaGiro","description":"Separ\u00e1 tus residuos con la #ExperienciaGiro, en el marco de las vacaciones de invierno la Direcci\u00f3n de Desarrollo Sustentable,","robots":{"index":"index","follow":"follow","max-snippet":"max-snippet:-1","max-image-preview":"max-image-preview:large","max-video-preview":"max-video-preview:-1"},"canonical":"https:\/\/experienciadevida.com.ar\/portalurbano\/separa-tus-residuos-con-la-experienciagiro\/","og_locale":"es_ES","og_type":"article","og_title":"Separ\u00e1 tus residuos con la #ExperienciaGiro","og_description":"Separ\u00e1 tus residuos con la #ExperienciaGiro, en el marco de las vacaciones de invierno la Direcci\u00f3n de Desarrollo Sustentable,","og_url":"https:\/\/experienciadevida.com.ar\/portalurbano\/separa-tus-residuos-con-la-experienciagiro\/","article_publisher":"https:\/\/www.facebook.com\/Portal-Urbano-171542830093757\/","article_published_time":"2022-07-23T15:58:45+00:00","article_modified_time":"2022-07-23T16:04:18+00:00","og_image":[{"width":1024,"height":682,"url":"https:\/\/experienciadevida.com.ar\/portalurbano\/wp-content\/uploads\/2022\/07\/Separa-tus-residuos-con.jpg","type":"image\/jpeg"}],"author":"admpu17wp","twitter_card":"summary_large_image","twitter_creator":"@portalurbanook","twitter_site":"@portalurbanook","twitter_misc":{"Escrito por":"admpu17wp","Tiempo de lectura":"3 minutos"},"schema":{"@context":"https:\/\/schema.org","@graph":[{"@type":"Article","@id":"https:\/\/experienciadevida.com.ar\/portalurbano\/separa-tus-residuos-con-la-experienciagiro\/#article","isPartOf":{"@id":"https:\/\/experienciadevida.com.ar\/portalurbano\/separa-tus-residuos-con-la-experienciagiro\/"},"author":{"name":"admpu17wp","@id":"https:\/\/experienciadevida.com.ar\/portalurbano\/#\/schema\/person\/02dd326b1c4b056e9cc972486934a3a7"},"headline":"Separ\u00e1 tus residuos con la #ExperienciaGiro","datePublished":"2022-07-23T15:58:45+00:00","dateModified":"2022-07-23T16:04:18+00:00","mainEntityOfPage":{"@id":"https:\/\/experienciadevida.com.ar\/portalurbano\/separa-tus-residuos-con-la-experienciagiro\/"},"wordCount":537,"publisher":{"@id":"https:\/\/experienciadevida.com.ar\/portalurbano\/#organization"},"articleSection":["Ciudad","Destacadas 2"],"inLanguage":"es"},{"@type":"WebPage","@id":"https:\/\/experienciadevida.com.ar\/portalurbano\/separa-tus-residuos-con-la-experienciagiro\/","url":"https:\/\/experienciadevida.com.ar\/portalurbano\/separa-tus-residuos-con-la-experienciagiro\/","name":"Separ\u00e1 tus residuos con la #ExperienciaGiro","isPartOf":{"@id":"https:\/\/experienciadevida.com.ar\/portalurbano\/#website"},"datePublished":"2022-07-23T15:58:45+00:00","dateModified":"2022-07-23T16:04:18+00:00","description":"Separ\u00e1 tus residuos con la #ExperienciaGiro, en el marco de las vacaciones de invierno la Direcci\u00f3n de Desarrollo Sustentable,","breadcrumb":{"@id":"https:\/\/experienciadevida.com.ar\/portalurbano\/separa-tus-residuos-con-la-experienciagiro\/#breadcrumb"},"inLanguage":"es","potentialAction":[{"@type":"ReadAction","target":["https:\/\/experienciadevida.com.ar\/portalurbano\/separa-tus-residuos-con-la-experienciagiro\/"]}]},{"@type":"BreadcrumbList","@id":"https:\/\/experienciadevida.com.ar\/portalurbano\/separa-tus-residuos-con-la-experienciagiro\/#breadcrumb","itemListElement":[{"@type":"ListItem","position":1,"name":"Portada","item":"https:\/\/experienciadevida.com.ar\/portalurbano\/"},{"@type":"ListItem","position":2,"name":"Separ\u00e1 tus residuos con la #ExperienciaGiro"}]},{"@type":"WebSite","@id":"https:\/\/experienciadevida.com.ar\/portalurbano\/#website","url":"https:\/\/experienciadevida.com.ar\/portalurbano\/","name":"","description":"","publisher":{"@id":"https:\/\/experienciadevida.com.ar\/portalurbano\/#organization"},"potentialAction":[{"@type":"SearchAction","target":{"@type":"EntryPoint","urlTemplate":"https:\/\/experienciadevida.com.ar\/portalurbano\/?s={search_term_string}"},"query-input":"required name=search_term_string"}],"inLanguage":"es"},{"@type":"Organization","@id":"https:\/\/experienciadevida.com.ar\/portalurbano\/#organization","name":"Portal Urbano","url":"https:\/\/experienciadevida.com.ar\/portalurbano\/","logo":{"@type":"ImageObject","inLanguage":"es","@id":"https:\/\/experienciadevida.com.ar\/portalurbano\/#\/schema\/logo\/image\/","url":"https:\/\/experienciadevida.com.ar\/portalurbano\/wp-content\/uploads\/2019\/09\/Logo-Original.png","contentUrl":"https:\/\/experienciadevida.com.ar\/portalurbano\/wp-content\/uploads\/2019\/09\/Logo-Original.png","width":2236,"height":1216,"caption":"Portal Urbano"},"image":{"@id":"https:\/\/experienciadevida.com.ar\/portalurbano\/#\/schema\/logo\/image\/"},"sameAs":["https:\/\/www.facebook.com\/Portal-Urbano-171542830093757\/","https:\/\/twitter.com\/portalurbanook","https:\/\/www.instagram.com\/_portalurbano\/","https:\/\/www.youtube.com\/channel\/UCXhagIfszH8KxFiOok79zbA?view_as=subscriber"]},{"@type":"Person","@id":"https:\/\/experienciadevida.com.ar\/portalurbano\/#\/schema\/person\/02dd326b1c4b056e9cc972486934a3a7","name":"admpu17wp","image":{"@type":"ImageObject","inLanguage":"es","@id":"https:\/\/experienciadevida.com.ar\/portalurbano\/#\/schema\/person\/image\/","url":"https:\/\/secure.gravatar.com\/avatar\/830d4c57adaae6630765e449a6908047?s=96&d=mm&r=g","contentUrl":"https:\/\/secure.gravatar.com\/avatar\/830d4c57adaae6630765e449a6908047?s=96&d=mm&r=g","caption":"admpu17wp"}}]}},"featured_image_urls":{"full":["https:\/\/experienciadevida.com.ar\/portalurbano\/wp-content\/uploads\/2022\/07\/Separa-tus-residuos-con.jpg",1024,682,false],"thumbnail":["https:\/\/experienciadevida.com.ar\/portalurbano\/wp-content\/uploads\/2022\/07\/Separa-tus-residuos-con-150x150.jpg",150,150,true],"medium":["https:\/\/experienciadevida.com.ar\/portalurbano\/wp-content\/uploads\/2022\/07\/Separa-tus-residuos-con-300x200.jpg",300,200,true],"medium_large":["https:\/\/experienciadevida.com.ar\/portalurbano\/wp-content\/uploads\/2022\/07\/Separa-tus-residuos-con-768x512.jpg",640,427,true],"large":["https:\/\/experienciadevida.com.ar\/portalurbano\/wp-content\/uploads\/2022\/07\/Separa-tus-residuos-con.jpg",640,426,false],"ug_big":["https:\/\/experienciadevida.com.ar\/portalurbano\/wp-content\/uploads\/2022\/07\/Separa-tus-residuos-con-768x512.jpg",768,512,true],"1536x1536":["https:\/\/experienciadevida.com.ar\/portalurbano\/wp-content\/uploads\/2022\/07\/Separa-tus-residuos-con.jpg",1024,682,false],"2048x2048":["https:\/\/experienciadevida.com.ar\/portalurbano\/wp-content\/uploads\/2022\/07\/Separa-tus-residuos-con.jpg",1024,682,false],"newsever-slider-full":["https:\/\/experienciadevida.com.ar\/portalurbano\/wp-content\/uploads\/2022\/07\/Separa-tus-residuos-con.jpg",1024,682,false],"newsever-featured":["https:\/\/experienciadevida.com.ar\/portalurbano\/wp-content\/uploads\/2022\/07\/Separa-tus-residuos-con.jpg",1024,682,false],"newsever-medium":["https:\/\/experienciadevida.com.ar\/portalurbano\/wp-content\/uploads\/2022\/07\/Separa-tus-residuos-con.jpg",713,475,false],"web-stories-poster-portrait":["https:\/\/experienciadevida.com.ar\/portalurbano\/wp-content\/uploads\/2022\/07\/Separa-tus-residuos-con-640x682.jpg",640,682,true],"web-stories-publisher-logo":["https:\/\/experienciadevida.com.ar\/portalurbano\/wp-content\/uploads\/2022\/07\/Separa-tus-residuos-con-96x96.jpg",96,96,true],"web-stories-thumbnail":["https:\/\/experienciadevida.com.ar\/portalurbano\/wp-content\/uploads\/2022\/07\/Separa-tus-residuos-con-150x100.jpg",150,100,true]},"author_info":{"display_name":"admpu17wp","author_link":"https:\/\/experienciadevida.com.ar\/portalurbano\/author\/admpu17wp\/"},"category_info":"<a href=\"https:\/\/experienciadevida.com.ar\/portalurbano\/category\/ciudad\/\" rel=\"category tag\">Ciudad<\/a> <a href=\"https:\/\/experienciadevida.com.ar\/portalurbano\/category\/destacadas-2\/\" rel=\"category tag\">Destacadas 2<\/a>","tag_info":"Destacadas 2","comment_count":"0","amp_enabled":true,"_links":{"self":[{"href":"https:\/\/experienciadevida.com.ar\/portalurbano\/wp-json\/wp\/v2\/posts\/171957"}],"collection":[{"href":"https:\/\/experienciadevida.com.ar\/portalurbano\/wp-json\/wp\/v2\/posts"}],"about":[{"href":"https:\/\/experienciadevida.com.ar\/portalurbano\/wp-json\/wp\/v2\/types\/post"}],"author":[{"embeddable":true,"href":"https:\/\/experienciadevida.com.ar\/portalurbano\/wp-json\/wp\/v2\/users\/1"}],"replies":[{"embeddable":true,"href":"https:\/\/experienciadevida.com.ar\/portalurbano\/wp-json\/wp\/v2\/comments?post=171957"}],"version-history":[{"count":3,"href":"https:\/\/experienciadevida.com.ar\/portalurbano\/wp-json\/wp\/v2\/posts\/171957\/revisions"}],"predecessor-version":[{"id":171965,"href":"https:\/\/experienciadevida.com.ar\/portalurbano\/wp-json\/wp\/v2\/posts\/171957\/revisions\/171965"}],"wp:featuredmedia":[{"embeddable":true,"href":"https:\/\/experienciadevida.com.ar\/portalurbano\/wp-json\/wp\/v2\/media\/171963"}],"wp:attachment":[{"href":"https:\/\/experienciadevida.com.ar\/portalurbano\/wp-json\/wp\/v2\/media?parent=171957"}],"wp:term":[{"taxonomy":"category","embeddable":true,"href":"https:\/\/experienciadevida.com.ar\/portalurbano\/wp-json\/wp\/v2\/categories?post=171957"},{"taxonomy":"post_tag","embeddable":true,"href":"https:\/\/experienciadevida.com.ar\/portalurbano\/wp-json\/wp\/v2\/tags?post=171957"}],"curies":[{"name":"wp","href":"https:\/\/api.w.org\/{rel}","templated":true}]}}