{"id":171922,"date":"2022-07-22T13:52:28","date_gmt":"2022-07-22T16:52:28","guid":{"rendered":"https:\/\/experienciadevida.com.ar\/portalurbano\/?p=171922"},"modified":"2022-07-22T16:05:47","modified_gmt":"2022-07-22T19:05:47","slug":"fue-inaugurado-el-centro-de-atencion-veterinario-municipal","status":"publish","type":"post","link":"https:\/\/experienciadevida.com.ar\/portalurbano\/fue-inaugurado-el-centro-de-atencion-veterinario-municipal\/","title":{"rendered":"Fue inaugurado el Centro de Atenci\u00f3n Veterinario Municipal"},"content":{"rendered":"<p>Fue inaugurado el Centro de Atenci\u00f3n Veterinario Municipal, &#8220;esto es para los vecinos de 4 patas, que merecen ser atendidos\u201d. As\u00ed el intendente municipal Ezequiel Galli inaugur\u00f3 en la ma\u00f1ana de este viernes el Centro de Atenci\u00f3n Veterinario Municipal, una importante obra que hab\u00eda sido solicitada desde diversos \u00e1mbitos y que a partir de esta jornada ya se encuentra a disposici\u00f3n de toda la comunidad, en el mismo predio donde funciona la Direcci\u00f3n de Bromatolog\u00eda Municipal.<\/p>\n<p>El acto fue encabezado por el jefe comunal, quien estuvo acompa\u00f1ado por el secretario de Obras P\u00fablicas y Mantenimiento Julio Ferraro, el secretario de Salud Germ\u00e1n Caputo, el secretario de Gobierno Hilario Galli, la presidente del Concejo Deliberante Cecilia Krivochen, el subsecretario de recursos de salud Alexis Armanini, la directora del \u00e1rea de Veterinaria de la Direcci\u00f3n de Bromatolog\u00eda Municipal, Jesica L\u00f3pez y el director administrativo Dami\u00e1n Alcobedo. Tambi\u00e9n se pudo ver a trabajadores y trabajadoras de esa \u00e1rea.<\/p>\n<p>A la par, para la ocasi\u00f3n se invit\u00f3 al doctor Andr\u00e9s Castro, quien se encontraba al frente de la Direcci\u00f3n de Bromatolog\u00eda cuando se licit\u00f3 e inici\u00f3 la obra, siendo adem\u00e1s uno de los impulsores del proyecto.<\/p>\n<p>\u201cEsto tiene que ver con la salud p\u00fablica y no compite con veterinaria. Est\u00e1 pensado para los perros de las calles y para los que tienen mascotas y no pueden pagar\u201d, expres\u00f3 Galli, aclarando cu\u00e1l ser\u00e1 el funcionamiento de la nueva dependencia. El flamante Centro permitir\u00e1 mejorar las condiciones de trabajo del personal y brindar un servicio de mayor calidad, adem\u00e1s de incrementar de manera considerable la capacidad de realizaci\u00f3n de castraciones quir\u00fargicas tanto caninas como felinas, como labor complementaria a las recorridas del Quir\u00f3fano Veterinario M\u00f3vil que seguir\u00e1n realiz\u00e1ndose.<\/p>\n<p>\u201cHace un tiempo mantuvimos una reuni\u00f3n con proteccionistas y a partir de ah\u00ed nos pusimos a trabajar y planificar\u201d, a\u00f1adi\u00f3 el jefe comunal, quien agradeci\u00f3 la presencia en el acto de referentes de agrupaciones proteccionistas que de manera incansable trabajan en todo el Partido.<\/p>\n<p>Por \u00faltimo, el intendente municipal no quiso dejar pasar la ocasi\u00f3n para mencionar y resaltar la tarea que se realiza desde el Programa Municipal Dejando Huellas, desde el cual se promueve en los m\u00e1s chicos la tenencia responsable de mascotas. \u201cTodo se inicia en la educaci\u00f3n, son los chicos los que nos ense\u00f1an todos los d\u00edas\u201d, finaliz\u00f3.<\/p>\n<p>&nbsp;<\/p>\n","protected":false},"excerpt":{"rendered":"<p>Fue inaugurado el Centro de Atenci\u00f3n Veterinario Municipal, &#8220;esto es para los vecinos de 4&#8230;<\/p>\n","protected":false},"author":1,"featured_media":171923,"comment_status":"closed","ping_status":"closed","sticky":false,"template":"","format":"standard","meta":{"content-type":""},"categories":[27,64],"tags":[],"nelio_content":{"isAutoShareEnabled":false,"autoShareEndMode":"default","automationSources":{"useContentSentences":true,"useSocialTemplates":true,"useCustomSentences":false,"customSentences":[]},"followers":[1],"suggestedReferences":[],"includedReferences":[],"efiUrl":"","efiAlt":"","highlights":[]},"yoast_head":"<!-- This site is optimized with the Yoast SEO plugin v20.7 - https:\/\/yoast.com\/wordpress\/plugins\/seo\/ -->\n<title>Fue inaugurado el Centro de Atenci\u00f3n Veterinario Municipal -<\/title>\n<meta name=\"robots\" content=\"index, follow, max-snippet:-1, max-image-preview:large, max-video-preview:-1\" \/>\n<link rel=\"canonical\" href=\"https:\/\/experienciadevida.com.ar\/portalurbano\/fue-inaugurado-el-centro-de-atencion-veterinario-municipal\/\" \/>\n<meta property=\"og:locale\" content=\"es_ES\" \/>\n<meta property=\"og:type\" content=\"article\" \/>\n<meta property=\"og:title\" content=\"Fue inaugurado el Centro de Atenci\u00f3n Veterinario Municipal -\" \/>\n<meta property=\"og:description\" content=\"Fue inaugurado el Centro de Atenci\u00f3n Veterinario Municipal, &#8220;esto es para los vecinos de 4...\" \/>\n<meta property=\"og:url\" content=\"https:\/\/experienciadevida.com.ar\/portalurbano\/fue-inaugurado-el-centro-de-atencion-veterinario-municipal\/\" \/>\n<meta property=\"article:publisher\" content=\"https:\/\/www.facebook.com\/Portal-Urbano-171542830093757\/\" \/>\n<meta property=\"article:published_time\" content=\"2022-07-22T16:52:28+00:00\" \/>\n<meta property=\"article:modified_time\" content=\"2022-07-22T19:05:47+00:00\" \/>\n<meta property=\"og:image\" content=\"https:\/\/experienciadevida.com.ar\/portalurbano\/wp-content\/uploads\/2022\/07\/Fue-inaugurado-el-Centro.jpg\" \/>\n\t<meta property=\"og:image:width\" content=\"2560\" \/>\n\t<meta property=\"og:image:height\" content=\"1711\" \/>\n\t<meta property=\"og:image:type\" content=\"image\/jpeg\" \/>\n<meta name=\"author\" content=\"admpu17wp\" \/>\n<meta name=\"twitter:card\" content=\"summary_large_image\" \/>\n<meta name=\"twitter:creator\" content=\"@portalurbanook\" \/>\n<meta name=\"twitter:site\" content=\"@portalurbanook\" \/>\n<meta name=\"twitter:label1\" content=\"Escrito por\" \/>\n\t<meta name=\"twitter:data1\" content=\"admpu17wp\" \/>\n\t<meta name=\"twitter:label2\" content=\"Tiempo de lectura\" \/>\n\t<meta name=\"twitter:data2\" content=\"2 minutos\" \/>\n<script type=\"application\/ld+json\" class=\"yoast-schema-graph\">{\"@context\":\"https:\/\/schema.org\",\"@graph\":[{\"@type\":\"Article\",\"@id\":\"https:\/\/experienciadevida.com.ar\/portalurbano\/fue-inaugurado-el-centro-de-atencion-veterinario-municipal\/#article\",\"isPartOf\":{\"@id\":\"https:\/\/experienciadevida.com.ar\/portalurbano\/fue-inaugurado-el-centro-de-atencion-veterinario-municipal\/\"},\"author\":{\"name\":\"admpu17wp\",\"@id\":\"https:\/\/experienciadevida.com.ar\/portalurbano\/#\/schema\/person\/02dd326b1c4b056e9cc972486934a3a7\"},\"headline\":\"Fue inaugurado el Centro de Atenci\u00f3n Veterinario Municipal\",\"datePublished\":\"2022-07-22T16:52:28+00:00\",\"dateModified\":\"2022-07-22T19:05:47+00:00\",\"mainEntityOfPage\":{\"@id\":\"https:\/\/experienciadevida.com.ar\/portalurbano\/fue-inaugurado-el-centro-de-atencion-veterinario-municipal\/\"},\"wordCount\":428,\"publisher\":{\"@id\":\"https:\/\/experienciadevida.com.ar\/portalurbano\/#organization\"},\"articleSection\":[\"Ciudad\",\"Destacadas 2\"],\"inLanguage\":\"es\"},{\"@type\":\"WebPage\",\"@id\":\"https:\/\/experienciadevida.com.ar\/portalurbano\/fue-inaugurado-el-centro-de-atencion-veterinario-municipal\/\",\"url\":\"https:\/\/experienciadevida.com.ar\/portalurbano\/fue-inaugurado-el-centro-de-atencion-veterinario-municipal\/\",\"name\":\"Fue inaugurado el Centro de Atenci\u00f3n Veterinario Municipal -\",\"isPartOf\":{\"@id\":\"https:\/\/experienciadevida.com.ar\/portalurbano\/#website\"},\"datePublished\":\"2022-07-22T16:52:28+00:00\",\"dateModified\":\"2022-07-22T19:05:47+00:00\",\"breadcrumb\":{\"@id\":\"https:\/\/experienciadevida.com.ar\/portalurbano\/fue-inaugurado-el-centro-de-atencion-veterinario-municipal\/#breadcrumb\"},\"inLanguage\":\"es\",\"potentialAction\":[{\"@type\":\"ReadAction\",\"target\":[\"https:\/\/experienciadevida.com.ar\/portalurbano\/fue-inaugurado-el-centro-de-atencion-veterinario-municipal\/\"]}]},{\"@type\":\"BreadcrumbList\",\"@id\":\"https:\/\/experienciadevida.com.ar\/portalurbano\/fue-inaugurado-el-centro-de-atencion-veterinario-municipal\/#breadcrumb\",\"itemListElement\":[{\"@type\":\"ListItem\",\"position\":1,\"name\":\"Portada\",\"item\":\"https:\/\/experienciadevida.com.ar\/portalurbano\/\"},{\"@type\":\"ListItem\",\"position\":2,\"name\":\"Fue inaugurado el Centro de Atenci\u00f3n Veterinario Municipal\"}]},{\"@type\":\"WebSite\",\"@id\":\"https:\/\/experienciadevida.com.ar\/portalurbano\/#website\",\"url\":\"https:\/\/experienciadevida.com.ar\/portalurbano\/\",\"name\":\"\",\"description\":\"\",\"publisher\":{\"@id\":\"https:\/\/experienciadevida.com.ar\/portalurbano\/#organization\"},\"potentialAction\":[{\"@type\":\"SearchAction\",\"target\":{\"@type\":\"EntryPoint\",\"urlTemplate\":\"https:\/\/experienciadevida.com.ar\/portalurbano\/?s={search_term_string}\"},\"query-input\":\"required name=search_term_string\"}],\"inLanguage\":\"es\"},{\"@type\":\"Organization\",\"@id\":\"https:\/\/experienciadevida.com.ar\/portalurbano\/#organization\",\"name\":\"Portal Urbano\",\"url\":\"https:\/\/experienciadevida.com.ar\/portalurbano\/\",\"logo\":{\"@type\":\"ImageObject\",\"inLanguage\":\"es\",\"@id\":\"https:\/\/experienciadevida.com.ar\/portalurbano\/#\/schema\/logo\/image\/\",\"url\":\"https:\/\/experienciadevida.com.ar\/portalurbano\/wp-content\/uploads\/2019\/09\/Logo-Original.png\",\"contentUrl\":\"https:\/\/experienciadevida.com.ar\/portalurbano\/wp-content\/uploads\/2019\/09\/Logo-Original.png\",\"width\":2236,\"height\":1216,\"caption\":\"Portal Urbano\"},\"image\":{\"@id\":\"https:\/\/experienciadevida.com.ar\/portalurbano\/#\/schema\/logo\/image\/\"},\"sameAs\":[\"https:\/\/www.facebook.com\/Portal-Urbano-171542830093757\/\",\"https:\/\/twitter.com\/portalurbanook\",\"https:\/\/www.instagram.com\/_portalurbano\/\",\"https:\/\/www.youtube.com\/channel\/UCXhagIfszH8KxFiOok79zbA?view_as=subscriber\"]},{\"@type\":\"Person\",\"@id\":\"https:\/\/experienciadevida.com.ar\/portalurbano\/#\/schema\/person\/02dd326b1c4b056e9cc972486934a3a7\",\"name\":\"admpu17wp\",\"image\":{\"@type\":\"ImageObject\",\"inLanguage\":\"es\",\"@id\":\"https:\/\/experienciadevida.com.ar\/portalurbano\/#\/schema\/person\/image\/\",\"url\":\"https:\/\/secure.gravatar.com\/avatar\/830d4c57adaae6630765e449a6908047?s=96&d=mm&r=g\",\"contentUrl\":\"https:\/\/secure.gravatar.com\/avatar\/830d4c57adaae6630765e449a6908047?s=96&d=mm&r=g\",\"caption\":\"admpu17wp\"}}]}<\/script>\n<!-- \/ Yoast SEO plugin. -->","yoast_head_json":{"title":"Fue inaugurado el Centro de Atenci\u00f3n Veterinario Municipal -","robots":{"index":"index","follow":"follow","max-snippet":"max-snippet:-1","max-image-preview":"max-image-preview:large","max-video-preview":"max-video-preview:-1"},"canonical":"https:\/\/experienciadevida.com.ar\/portalurbano\/fue-inaugurado-el-centro-de-atencion-veterinario-municipal\/","og_locale":"es_ES","og_type":"article","og_title":"Fue inaugurado el Centro de Atenci\u00f3n Veterinario Municipal -","og_description":"Fue inaugurado el Centro de Atenci\u00f3n Veterinario Municipal, &#8220;esto es para los vecinos de 4...","og_url":"https:\/\/experienciadevida.com.ar\/portalurbano\/fue-inaugurado-el-centro-de-atencion-veterinario-municipal\/","article_publisher":"https:\/\/www.facebook.com\/Portal-Urbano-171542830093757\/","article_published_time":"2022-07-22T16:52:28+00:00","article_modified_time":"2022-07-22T19:05:47+00:00","og_image":[{"width":2560,"height":1711,"url":"https:\/\/experienciadevida.com.ar\/portalurbano\/wp-content\/uploads\/2022\/07\/Fue-inaugurado-el-Centro.jpg","type":"image\/jpeg"}],"author":"admpu17wp","twitter_card":"summary_large_image","twitter_creator":"@portalurbanook","twitter_site":"@portalurbanook","twitter_misc":{"Escrito por":"admpu17wp","Tiempo de lectura":"2 minutos"},"schema":{"@context":"https:\/\/schema.org","@graph":[{"@type":"Article","@id":"https:\/\/experienciadevida.com.ar\/portalurbano\/fue-inaugurado-el-centro-de-atencion-veterinario-municipal\/#article","isPartOf":{"@id":"https:\/\/experienciadevida.com.ar\/portalurbano\/fue-inaugurado-el-centro-de-atencion-veterinario-municipal\/"},"author":{"name":"admpu17wp","@id":"https:\/\/experienciadevida.com.ar\/portalurbano\/#\/schema\/person\/02dd326b1c4b056e9cc972486934a3a7"},"headline":"Fue inaugurado el Centro de Atenci\u00f3n Veterinario Municipal","datePublished":"2022-07-22T16:52:28+00:00","dateModified":"2022-07-22T19:05:47+00:00","mainEntityOfPage":{"@id":"https:\/\/experienciadevida.com.ar\/portalurbano\/fue-inaugurado-el-centro-de-atencion-veterinario-municipal\/"},"wordCount":428,"publisher":{"@id":"https:\/\/experienciadevida.com.ar\/portalurbano\/#organization"},"articleSection":["Ciudad","Destacadas 2"],"inLanguage":"es"},{"@type":"WebPage","@id":"https:\/\/experienciadevida.com.ar\/portalurbano\/fue-inaugurado-el-centro-de-atencion-veterinario-municipal\/","url":"https:\/\/experienciadevida.com.ar\/portalurbano\/fue-inaugurado-el-centro-de-atencion-veterinario-municipal\/","name":"Fue inaugurado el Centro de Atenci\u00f3n Veterinario Municipal -","isPartOf":{"@id":"https:\/\/experienciadevida.com.ar\/portalurbano\/#website"},"datePublished":"2022-07-22T16:52:28+00:00","dateModified":"2022-07-22T19:05:47+00:00","breadcrumb":{"@id":"https:\/\/experienciadevida.com.ar\/portalurbano\/fue-inaugurado-el-centro-de-atencion-veterinario-municipal\/#breadcrumb"},"inLanguage":"es","potentialAction":[{"@type":"ReadAction","target":["https:\/\/experienciadevida.com.ar\/portalurbano\/fue-inaugurado-el-centro-de-atencion-veterinario-municipal\/"]}]},{"@type":"BreadcrumbList","@id":"https:\/\/experienciadevida.com.ar\/portalurbano\/fue-inaugurado-el-centro-de-atencion-veterinario-municipal\/#breadcrumb","itemListElement":[{"@type":"ListItem","position":1,"name":"Portada","item":"https:\/\/experienciadevida.com.ar\/portalurbano\/"},{"@type":"ListItem","position":2,"name":"Fue inaugurado el Centro de Atenci\u00f3n Veterinario Municipal"}]},{"@type":"WebSite","@id":"https:\/\/experienciadevida.com.ar\/portalurbano\/#website","url":"https:\/\/experienciadevida.com.ar\/portalurbano\/","name":"","description":"","publisher":{"@id":"https:\/\/experienciadevida.com.ar\/portalurbano\/#organization"},"potentialAction":[{"@type":"SearchAction","target":{"@type":"EntryPoint","urlTemplate":"https:\/\/experienciadevida.com.ar\/portalurbano\/?s={search_term_string}"},"query-input":"required name=search_term_string"}],"inLanguage":"es"},{"@type":"Organization","@id":"https:\/\/experienciadevida.com.ar\/portalurbano\/#organization","name":"Portal Urbano","url":"https:\/\/experienciadevida.com.ar\/portalurbano\/","logo":{"@type":"ImageObject","inLanguage":"es","@id":"https:\/\/experienciadevida.com.ar\/portalurbano\/#\/schema\/logo\/image\/","url":"https:\/\/experienciadevida.com.ar\/portalurbano\/wp-content\/uploads\/2019\/09\/Logo-Original.png","contentUrl":"https:\/\/experienciadevida.com.ar\/portalurbano\/wp-content\/uploads\/2019\/09\/Logo-Original.png","width":2236,"height":1216,"caption":"Portal Urbano"},"image":{"@id":"https:\/\/experienciadevida.com.ar\/portalurbano\/#\/schema\/logo\/image\/"},"sameAs":["https:\/\/www.facebook.com\/Portal-Urbano-171542830093757\/","https:\/\/twitter.com\/portalurbanook","https:\/\/www.instagram.com\/_portalurbano\/","https:\/\/www.youtube.com\/channel\/UCXhagIfszH8KxFiOok79zbA?view_as=subscriber"]},{"@type":"Person","@id":"https:\/\/experienciadevida.com.ar\/portalurbano\/#\/schema\/person\/02dd326b1c4b056e9cc972486934a3a7","name":"admpu17wp","image":{"@type":"ImageObject","inLanguage":"es","@id":"https:\/\/experienciadevida.com.ar\/portalurbano\/#\/schema\/person\/image\/","url":"https:\/\/secure.gravatar.com\/avatar\/830d4c57adaae6630765e449a6908047?s=96&d=mm&r=g","contentUrl":"https:\/\/secure.gravatar.com\/avatar\/830d4c57adaae6630765e449a6908047?s=96&d=mm&r=g","caption":"admpu17wp"}}]}},"featured_image_urls":{"full":["https:\/\/experienciadevida.com.ar\/portalurbano\/wp-content\/uploads\/2022\/07\/Fue-inaugurado-el-Centro.jpg",2560,1711,false],"thumbnail":["https:\/\/experienciadevida.com.ar\/portalurbano\/wp-content\/uploads\/2022\/07\/Fue-inaugurado-el-Centro-150x150.jpg",150,150,true],"medium":["https:\/\/experienciadevida.com.ar\/portalurbano\/wp-content\/uploads\/2022\/07\/Fue-inaugurado-el-Centro-300x201.jpg",300,201,true],"medium_large":["https:\/\/experienciadevida.com.ar\/portalurbano\/wp-content\/uploads\/2022\/07\/Fue-inaugurado-el-Centro-768x513.jpg",640,428,true],"large":["https:\/\/experienciadevida.com.ar\/portalurbano\/wp-content\/uploads\/2022\/07\/Fue-inaugurado-el-Centro-1024x684.jpg",640,428,true],"ug_big":["https:\/\/experienciadevida.com.ar\/portalurbano\/wp-content\/uploads\/2022\/07\/Fue-inaugurado-el-Centro-768x513.jpg",768,513,true],"1536x1536":["https:\/\/experienciadevida.com.ar\/portalurbano\/wp-content\/uploads\/2022\/07\/Fue-inaugurado-el-Centro-1536x1027.jpg",1536,1027,true],"2048x2048":["https:\/\/experienciadevida.com.ar\/portalurbano\/wp-content\/uploads\/2022\/07\/Fue-inaugurado-el-Centro-2048x1369.jpg",2048,1369,true],"newsever-slider-full":["https:\/\/experienciadevida.com.ar\/portalurbano\/wp-content\/uploads\/2022\/07\/Fue-inaugurado-el-Centro.jpg",1264,845,false],"newsever-featured":["https:\/\/experienciadevida.com.ar\/portalurbano\/wp-content\/uploads\/2022\/07\/Fue-inaugurado-el-Centro.jpg",1024,684,false],"newsever-medium":["https:\/\/experienciadevida.com.ar\/portalurbano\/wp-content\/uploads\/2022\/07\/Fue-inaugurado-el-Centro.jpg",711,475,false],"web-stories-poster-portrait":["https:\/\/experienciadevida.com.ar\/portalurbano\/wp-content\/uploads\/2022\/07\/Fue-inaugurado-el-Centro-640x853.jpg",640,853,true],"web-stories-publisher-logo":["https:\/\/experienciadevida.com.ar\/portalurbano\/wp-content\/uploads\/2022\/07\/Fue-inaugurado-el-Centro-96x96.jpg",96,96,true],"web-stories-thumbnail":["https:\/\/experienciadevida.com.ar\/portalurbano\/wp-content\/uploads\/2022\/07\/Fue-inaugurado-el-Centro-150x100.jpg",150,100,true]},"author_info":{"display_name":"admpu17wp","author_link":"https:\/\/experienciadevida.com.ar\/portalurbano\/author\/admpu17wp\/"},"category_info":"<a href=\"https:\/\/experienciadevida.com.ar\/portalurbano\/category\/ciudad\/\" rel=\"category tag\">Ciudad<\/a> <a href=\"https:\/\/experienciadevida.com.ar\/portalurbano\/category\/destacadas-2\/\" rel=\"category tag\">Destacadas 2<\/a>","tag_info":"Destacadas 2","comment_count":"0","amp_enabled":true,"_links":{"self":[{"href":"https:\/\/experienciadevida.com.ar\/portalurbano\/wp-json\/wp\/v2\/posts\/171922"}],"collection":[{"href":"https:\/\/experienciadevida.com.ar\/portalurbano\/wp-json\/wp\/v2\/posts"}],"about":[{"href":"https:\/\/experienciadevida.com.ar\/portalurbano\/wp-json\/wp\/v2\/types\/post"}],"author":[{"embeddable":true,"href":"https:\/\/experienciadevida.com.ar\/portalurbano\/wp-json\/wp\/v2\/users\/1"}],"replies":[{"embeddable":true,"href":"https:\/\/experienciadevida.com.ar\/portalurbano\/wp-json\/wp\/v2\/comments?post=171922"}],"version-history":[{"count":1,"href":"https:\/\/experienciadevida.com.ar\/portalurbano\/wp-json\/wp\/v2\/posts\/171922\/revisions"}],"predecessor-version":[{"id":171924,"href":"https:\/\/experienciadevida.com.ar\/portalurbano\/wp-json\/wp\/v2\/posts\/171922\/revisions\/171924"}],"wp:featuredmedia":[{"embeddable":true,"href":"https:\/\/experienciadevida.com.ar\/portalurbano\/wp-json\/wp\/v2\/media\/171923"}],"wp:attachment":[{"href":"https:\/\/experienciadevida.com.ar\/portalurbano\/wp-json\/wp\/v2\/media?parent=171922"}],"wp:term":[{"taxonomy":"category","embeddable":true,"href":"https:\/\/experienciadevida.com.ar\/portalurbano\/wp-json\/wp\/v2\/categories?post=171922"},{"taxonomy":"post_tag","embeddable":true,"href":"https:\/\/experienciadevida.com.ar\/portalurbano\/wp-json\/wp\/v2\/tags?post=171922"}],"curies":[{"name":"wp","href":"https:\/\/api.w.org\/{rel}","templated":true}]}}