{"id":171913,"date":"2022-07-22T10:34:12","date_gmt":"2022-07-22T13:34:12","guid":{"rendered":"https:\/\/experienciadevida.com.ar\/portalurbano\/?p=171913"},"modified":"2022-07-22T10:37:09","modified_gmt":"2022-07-22T13:37:09","slug":"seguridad-vial-retuvieron-el-auto-de-un-remisero-sin-licencia-habilitante","status":"publish","type":"post","link":"https:\/\/experienciadevida.com.ar\/portalurbano\/seguridad-vial-retuvieron-el-auto-de-un-remisero-sin-licencia-habilitante\/","title":{"rendered":"Seguridad Vial: Retuvieron el auto de un remisero sin licencia habilitante"},"content":{"rendered":"<p>Seguridad Vial: Retuvieron el auto de un remisero sin licencia habilitante, en el marco de la continuidad de los esfuerzos preventivos en materia de seguridad vial por parte de la Subsecretar\u00eda de Seguridad <a href=\"https:\/\/www.facebook.com\/municipiodeolavarria\">Municipal<\/a>, a trav\u00e9s de la Direcci\u00f3n de Control Urbano, se llev\u00f3 a cabo en las \u00faltimas horas la interceptaci\u00f3n y retenci\u00f3n de un remis que era guiado por una persona que carec\u00eda de licencia de conducir habilitante.<\/p>\n<p>El operativo se despleg\u00f3 en el barrio Pueblo Nuevo y permiti\u00f3 a la par dar respuesta a una situaci\u00f3n que hab\u00eda sido advertida a las autoridades por partes de vecinos y vecinas. El rodado fue trasladado al Corral\u00f3n Municipal, mientras que las actuaciones ya fueron giradas al Juzgado de Faltas Municipal.<\/p>\n<p>Por otra parte, en labores conjuntas con moto polic\u00edas de la Polic\u00eda Local, se interceptaron otros 78 rodados entre autom\u00f3viles y ciclomotores, marco en el que se labraron 78 actas en las que se asentaron 71 \u00edtems de infracci\u00f3n a la Ley Nacional de Tr\u00e1nsito.<\/p>\n<p>&nbsp;<\/p>\n","protected":false},"excerpt":{"rendered":"<p>Seguridad Vial: Retuvieron el auto de un remisero sin licencia habilitante, en el marco de&#8230;<\/p>\n","protected":false},"author":1,"featured_media":171914,"comment_status":"closed","ping_status":"closed","sticky":false,"template":"","format":"standard","meta":{"content-type":""},"categories":[27,51],"tags":[],"nelio_content":{"isAutoShareEnabled":false,"autoShareEndMode":"default","automationSources":{"useContentSentences":true,"useSocialTemplates":true,"useCustomSentences":false,"customSentences":[]},"followers":[1],"suggestedReferences":[],"includedReferences":[],"efiUrl":"","efiAlt":"","highlights":[]},"yoast_head":"<!-- This site is optimized with the Yoast SEO plugin v20.7 - https:\/\/yoast.com\/wordpress\/plugins\/seo\/ -->\n<title>Seguridad vial: Retuvieron el auto de un remisero sin licencia<\/title>\n<meta name=\"description\" content=\"Seguridad Vial: Retuvieron el auto de un remisero sin licencia habilitante, en el marco de la continuidad de los esfuerzos preventivos\" \/>\n<meta name=\"robots\" content=\"index, follow, max-snippet:-1, max-image-preview:large, max-video-preview:-1\" \/>\n<link rel=\"canonical\" href=\"https:\/\/experienciadevida.com.ar\/portalurbano\/seguridad-vial-retuvieron-el-auto-de-un-remisero-sin-licencia-habilitante\/\" \/>\n<meta property=\"og:locale\" content=\"es_ES\" \/>\n<meta property=\"og:type\" content=\"article\" \/>\n<meta property=\"og:title\" content=\"Seguridad vial: Retuvieron el auto de un remisero sin licencia\" \/>\n<meta property=\"og:description\" content=\"Seguridad Vial: Retuvieron el auto de un remisero sin licencia habilitante, en el marco de la continuidad de los esfuerzos preventivos\" \/>\n<meta property=\"og:url\" content=\"https:\/\/experienciadevida.com.ar\/portalurbano\/seguridad-vial-retuvieron-el-auto-de-un-remisero-sin-licencia-habilitante\/\" \/>\n<meta property=\"article:publisher\" content=\"https:\/\/www.facebook.com\/Portal-Urbano-171542830093757\/\" \/>\n<meta property=\"article:published_time\" content=\"2022-07-22T13:34:12+00:00\" \/>\n<meta property=\"article:modified_time\" content=\"2022-07-22T13:37:09+00:00\" \/>\n<meta property=\"og:image\" content=\"https:\/\/experienciadevida.com.ar\/portalurbano\/wp-content\/uploads\/2022\/07\/Seguridad-vial.jpg\" \/>\n\t<meta property=\"og:image:width\" content=\"1024\" \/>\n\t<meta property=\"og:image:height\" content=\"682\" \/>\n\t<meta property=\"og:image:type\" content=\"image\/jpeg\" \/>\n<meta name=\"author\" content=\"admpu17wp\" \/>\n<meta name=\"twitter:card\" content=\"summary_large_image\" \/>\n<meta name=\"twitter:creator\" content=\"@portalurbanook\" \/>\n<meta name=\"twitter:site\" content=\"@portalurbanook\" \/>\n<meta name=\"twitter:label1\" content=\"Escrito por\" \/>\n\t<meta name=\"twitter:data1\" content=\"admpu17wp\" \/>\n\t<meta name=\"twitter:label2\" content=\"Tiempo de lectura\" \/>\n\t<meta name=\"twitter:data2\" content=\"1 minuto\" \/>\n<script type=\"application\/ld+json\" class=\"yoast-schema-graph\">{\"@context\":\"https:\/\/schema.org\",\"@graph\":[{\"@type\":\"Article\",\"@id\":\"https:\/\/experienciadevida.com.ar\/portalurbano\/seguridad-vial-retuvieron-el-auto-de-un-remisero-sin-licencia-habilitante\/#article\",\"isPartOf\":{\"@id\":\"https:\/\/experienciadevida.com.ar\/portalurbano\/seguridad-vial-retuvieron-el-auto-de-un-remisero-sin-licencia-habilitante\/\"},\"author\":{\"name\":\"admpu17wp\",\"@id\":\"https:\/\/experienciadevida.com.ar\/portalurbano\/#\/schema\/person\/02dd326b1c4b056e9cc972486934a3a7\"},\"headline\":\"Seguridad Vial: Retuvieron el auto de un remisero sin licencia habilitante\",\"datePublished\":\"2022-07-22T13:34:12+00:00\",\"dateModified\":\"2022-07-22T13:37:09+00:00\",\"mainEntityOfPage\":{\"@id\":\"https:\/\/experienciadevida.com.ar\/portalurbano\/seguridad-vial-retuvieron-el-auto-de-un-remisero-sin-licencia-habilitante\/\"},\"wordCount\":189,\"publisher\":{\"@id\":\"https:\/\/experienciadevida.com.ar\/portalurbano\/#organization\"},\"articleSection\":[\"Ciudad\",\"Destacadas\"],\"inLanguage\":\"es\"},{\"@type\":\"WebPage\",\"@id\":\"https:\/\/experienciadevida.com.ar\/portalurbano\/seguridad-vial-retuvieron-el-auto-de-un-remisero-sin-licencia-habilitante\/\",\"url\":\"https:\/\/experienciadevida.com.ar\/portalurbano\/seguridad-vial-retuvieron-el-auto-de-un-remisero-sin-licencia-habilitante\/\",\"name\":\"Seguridad vial: Retuvieron el auto de un remisero sin licencia\",\"isPartOf\":{\"@id\":\"https:\/\/experienciadevida.com.ar\/portalurbano\/#website\"},\"datePublished\":\"2022-07-22T13:34:12+00:00\",\"dateModified\":\"2022-07-22T13:37:09+00:00\",\"description\":\"Seguridad Vial: Retuvieron el auto de un remisero sin licencia habilitante, en el marco de la continuidad de los esfuerzos preventivos\",\"breadcrumb\":{\"@id\":\"https:\/\/experienciadevida.com.ar\/portalurbano\/seguridad-vial-retuvieron-el-auto-de-un-remisero-sin-licencia-habilitante\/#breadcrumb\"},\"inLanguage\":\"es\",\"potentialAction\":[{\"@type\":\"ReadAction\",\"target\":[\"https:\/\/experienciadevida.com.ar\/portalurbano\/seguridad-vial-retuvieron-el-auto-de-un-remisero-sin-licencia-habilitante\/\"]}]},{\"@type\":\"BreadcrumbList\",\"@id\":\"https:\/\/experienciadevida.com.ar\/portalurbano\/seguridad-vial-retuvieron-el-auto-de-un-remisero-sin-licencia-habilitante\/#breadcrumb\",\"itemListElement\":[{\"@type\":\"ListItem\",\"position\":1,\"name\":\"Portada\",\"item\":\"https:\/\/experienciadevida.com.ar\/portalurbano\/\"},{\"@type\":\"ListItem\",\"position\":2,\"name\":\"Seguridad Vial: Retuvieron el auto de un remisero sin licencia habilitante\"}]},{\"@type\":\"WebSite\",\"@id\":\"https:\/\/experienciadevida.com.ar\/portalurbano\/#website\",\"url\":\"https:\/\/experienciadevida.com.ar\/portalurbano\/\",\"name\":\"\",\"description\":\"\",\"publisher\":{\"@id\":\"https:\/\/experienciadevida.com.ar\/portalurbano\/#organization\"},\"potentialAction\":[{\"@type\":\"SearchAction\",\"target\":{\"@type\":\"EntryPoint\",\"urlTemplate\":\"https:\/\/experienciadevida.com.ar\/portalurbano\/?s={search_term_string}\"},\"query-input\":\"required name=search_term_string\"}],\"inLanguage\":\"es\"},{\"@type\":\"Organization\",\"@id\":\"https:\/\/experienciadevida.com.ar\/portalurbano\/#organization\",\"name\":\"Portal Urbano\",\"url\":\"https:\/\/experienciadevida.com.ar\/portalurbano\/\",\"logo\":{\"@type\":\"ImageObject\",\"inLanguage\":\"es\",\"@id\":\"https:\/\/experienciadevida.com.ar\/portalurbano\/#\/schema\/logo\/image\/\",\"url\":\"https:\/\/experienciadevida.com.ar\/portalurbano\/wp-content\/uploads\/2019\/09\/Logo-Original.png\",\"contentUrl\":\"https:\/\/experienciadevida.com.ar\/portalurbano\/wp-content\/uploads\/2019\/09\/Logo-Original.png\",\"width\":2236,\"height\":1216,\"caption\":\"Portal Urbano\"},\"image\":{\"@id\":\"https:\/\/experienciadevida.com.ar\/portalurbano\/#\/schema\/logo\/image\/\"},\"sameAs\":[\"https:\/\/www.facebook.com\/Portal-Urbano-171542830093757\/\",\"https:\/\/twitter.com\/portalurbanook\",\"https:\/\/www.instagram.com\/_portalurbano\/\",\"https:\/\/www.youtube.com\/channel\/UCXhagIfszH8KxFiOok79zbA?view_as=subscriber\"]},{\"@type\":\"Person\",\"@id\":\"https:\/\/experienciadevida.com.ar\/portalurbano\/#\/schema\/person\/02dd326b1c4b056e9cc972486934a3a7\",\"name\":\"admpu17wp\",\"image\":{\"@type\":\"ImageObject\",\"inLanguage\":\"es\",\"@id\":\"https:\/\/experienciadevida.com.ar\/portalurbano\/#\/schema\/person\/image\/\",\"url\":\"https:\/\/secure.gravatar.com\/avatar\/830d4c57adaae6630765e449a6908047?s=96&d=mm&r=g\",\"contentUrl\":\"https:\/\/secure.gravatar.com\/avatar\/830d4c57adaae6630765e449a6908047?s=96&d=mm&r=g\",\"caption\":\"admpu17wp\"}}]}<\/script>\n<!-- \/ Yoast SEO plugin. -->","yoast_head_json":{"title":"Seguridad vial: Retuvieron el auto de un remisero sin licencia","description":"Seguridad Vial: Retuvieron el auto de un remisero sin licencia habilitante, en el marco de la continuidad de los esfuerzos preventivos","robots":{"index":"index","follow":"follow","max-snippet":"max-snippet:-1","max-image-preview":"max-image-preview:large","max-video-preview":"max-video-preview:-1"},"canonical":"https:\/\/experienciadevida.com.ar\/portalurbano\/seguridad-vial-retuvieron-el-auto-de-un-remisero-sin-licencia-habilitante\/","og_locale":"es_ES","og_type":"article","og_title":"Seguridad vial: Retuvieron el auto de un remisero sin licencia","og_description":"Seguridad Vial: Retuvieron el auto de un remisero sin licencia habilitante, en el marco de la continuidad de los esfuerzos preventivos","og_url":"https:\/\/experienciadevida.com.ar\/portalurbano\/seguridad-vial-retuvieron-el-auto-de-un-remisero-sin-licencia-habilitante\/","article_publisher":"https:\/\/www.facebook.com\/Portal-Urbano-171542830093757\/","article_published_time":"2022-07-22T13:34:12+00:00","article_modified_time":"2022-07-22T13:37:09+00:00","og_image":[{"width":1024,"height":682,"url":"https:\/\/experienciadevida.com.ar\/portalurbano\/wp-content\/uploads\/2022\/07\/Seguridad-vial.jpg","type":"image\/jpeg"}],"author":"admpu17wp","twitter_card":"summary_large_image","twitter_creator":"@portalurbanook","twitter_site":"@portalurbanook","twitter_misc":{"Escrito por":"admpu17wp","Tiempo de lectura":"1 minuto"},"schema":{"@context":"https:\/\/schema.org","@graph":[{"@type":"Article","@id":"https:\/\/experienciadevida.com.ar\/portalurbano\/seguridad-vial-retuvieron-el-auto-de-un-remisero-sin-licencia-habilitante\/#article","isPartOf":{"@id":"https:\/\/experienciadevida.com.ar\/portalurbano\/seguridad-vial-retuvieron-el-auto-de-un-remisero-sin-licencia-habilitante\/"},"author":{"name":"admpu17wp","@id":"https:\/\/experienciadevida.com.ar\/portalurbano\/#\/schema\/person\/02dd326b1c4b056e9cc972486934a3a7"},"headline":"Seguridad Vial: Retuvieron el auto de un remisero sin licencia habilitante","datePublished":"2022-07-22T13:34:12+00:00","dateModified":"2022-07-22T13:37:09+00:00","mainEntityOfPage":{"@id":"https:\/\/experienciadevida.com.ar\/portalurbano\/seguridad-vial-retuvieron-el-auto-de-un-remisero-sin-licencia-habilitante\/"},"wordCount":189,"publisher":{"@id":"https:\/\/experienciadevida.com.ar\/portalurbano\/#organization"},"articleSection":["Ciudad","Destacadas"],"inLanguage":"es"},{"@type":"WebPage","@id":"https:\/\/experienciadevida.com.ar\/portalurbano\/seguridad-vial-retuvieron-el-auto-de-un-remisero-sin-licencia-habilitante\/","url":"https:\/\/experienciadevida.com.ar\/portalurbano\/seguridad-vial-retuvieron-el-auto-de-un-remisero-sin-licencia-habilitante\/","name":"Seguridad vial: Retuvieron el auto de un remisero sin licencia","isPartOf":{"@id":"https:\/\/experienciadevida.com.ar\/portalurbano\/#website"},"datePublished":"2022-07-22T13:34:12+00:00","dateModified":"2022-07-22T13:37:09+00:00","description":"Seguridad Vial: Retuvieron el auto de un remisero sin licencia habilitante, en el marco de la continuidad de los esfuerzos preventivos","breadcrumb":{"@id":"https:\/\/experienciadevida.com.ar\/portalurbano\/seguridad-vial-retuvieron-el-auto-de-un-remisero-sin-licencia-habilitante\/#breadcrumb"},"inLanguage":"es","potentialAction":[{"@type":"ReadAction","target":["https:\/\/experienciadevida.com.ar\/portalurbano\/seguridad-vial-retuvieron-el-auto-de-un-remisero-sin-licencia-habilitante\/"]}]},{"@type":"BreadcrumbList","@id":"https:\/\/experienciadevida.com.ar\/portalurbano\/seguridad-vial-retuvieron-el-auto-de-un-remisero-sin-licencia-habilitante\/#breadcrumb","itemListElement":[{"@type":"ListItem","position":1,"name":"Portada","item":"https:\/\/experienciadevida.com.ar\/portalurbano\/"},{"@type":"ListItem","position":2,"name":"Seguridad Vial: Retuvieron el auto de un remisero sin licencia habilitante"}]},{"@type":"WebSite","@id":"https:\/\/experienciadevida.com.ar\/portalurbano\/#website","url":"https:\/\/experienciadevida.com.ar\/portalurbano\/","name":"","description":"","publisher":{"@id":"https:\/\/experienciadevida.com.ar\/portalurbano\/#organization"},"potentialAction":[{"@type":"SearchAction","target":{"@type":"EntryPoint","urlTemplate":"https:\/\/experienciadevida.com.ar\/portalurbano\/?s={search_term_string}"},"query-input":"required name=search_term_string"}],"inLanguage":"es"},{"@type":"Organization","@id":"https:\/\/experienciadevida.com.ar\/portalurbano\/#organization","name":"Portal Urbano","url":"https:\/\/experienciadevida.com.ar\/portalurbano\/","logo":{"@type":"ImageObject","inLanguage":"es","@id":"https:\/\/experienciadevida.com.ar\/portalurbano\/#\/schema\/logo\/image\/","url":"https:\/\/experienciadevida.com.ar\/portalurbano\/wp-content\/uploads\/2019\/09\/Logo-Original.png","contentUrl":"https:\/\/experienciadevida.com.ar\/portalurbano\/wp-content\/uploads\/2019\/09\/Logo-Original.png","width":2236,"height":1216,"caption":"Portal Urbano"},"image":{"@id":"https:\/\/experienciadevida.com.ar\/portalurbano\/#\/schema\/logo\/image\/"},"sameAs":["https:\/\/www.facebook.com\/Portal-Urbano-171542830093757\/","https:\/\/twitter.com\/portalurbanook","https:\/\/www.instagram.com\/_portalurbano\/","https:\/\/www.youtube.com\/channel\/UCXhagIfszH8KxFiOok79zbA?view_as=subscriber"]},{"@type":"Person","@id":"https:\/\/experienciadevida.com.ar\/portalurbano\/#\/schema\/person\/02dd326b1c4b056e9cc972486934a3a7","name":"admpu17wp","image":{"@type":"ImageObject","inLanguage":"es","@id":"https:\/\/experienciadevida.com.ar\/portalurbano\/#\/schema\/person\/image\/","url":"https:\/\/secure.gravatar.com\/avatar\/830d4c57adaae6630765e449a6908047?s=96&d=mm&r=g","contentUrl":"https:\/\/secure.gravatar.com\/avatar\/830d4c57adaae6630765e449a6908047?s=96&d=mm&r=g","caption":"admpu17wp"}}]}},"featured_image_urls":{"full":["https:\/\/experienciadevida.com.ar\/portalurbano\/wp-content\/uploads\/2022\/07\/Seguridad-vial.jpg",1024,682,false],"thumbnail":["https:\/\/experienciadevida.com.ar\/portalurbano\/wp-content\/uploads\/2022\/07\/Seguridad-vial-150x150.jpg",150,150,true],"medium":["https:\/\/experienciadevida.com.ar\/portalurbano\/wp-content\/uploads\/2022\/07\/Seguridad-vial-300x200.jpg",300,200,true],"medium_large":["https:\/\/experienciadevida.com.ar\/portalurbano\/wp-content\/uploads\/2022\/07\/Seguridad-vial-768x512.jpg",640,427,true],"large":["https:\/\/experienciadevida.com.ar\/portalurbano\/wp-content\/uploads\/2022\/07\/Seguridad-vial.jpg",640,426,false],"ug_big":["https:\/\/experienciadevida.com.ar\/portalurbano\/wp-content\/uploads\/2022\/07\/Seguridad-vial-768x512.jpg",768,512,true],"1536x1536":["https:\/\/experienciadevida.com.ar\/portalurbano\/wp-content\/uploads\/2022\/07\/Seguridad-vial.jpg",1024,682,false],"2048x2048":["https:\/\/experienciadevida.com.ar\/portalurbano\/wp-content\/uploads\/2022\/07\/Seguridad-vial.jpg",1024,682,false],"newsever-slider-full":["https:\/\/experienciadevida.com.ar\/portalurbano\/wp-content\/uploads\/2022\/07\/Seguridad-vial.jpg",1024,682,false],"newsever-featured":["https:\/\/experienciadevida.com.ar\/portalurbano\/wp-content\/uploads\/2022\/07\/Seguridad-vial.jpg",1024,682,false],"newsever-medium":["https:\/\/experienciadevida.com.ar\/portalurbano\/wp-content\/uploads\/2022\/07\/Seguridad-vial.jpg",713,475,false],"web-stories-poster-portrait":["https:\/\/experienciadevida.com.ar\/portalurbano\/wp-content\/uploads\/2022\/07\/Seguridad-vial-640x682.jpg",640,682,true],"web-stories-publisher-logo":["https:\/\/experienciadevida.com.ar\/portalurbano\/wp-content\/uploads\/2022\/07\/Seguridad-vial-96x96.jpg",96,96,true],"web-stories-thumbnail":["https:\/\/experienciadevida.com.ar\/portalurbano\/wp-content\/uploads\/2022\/07\/Seguridad-vial-150x100.jpg",150,100,true]},"author_info":{"display_name":"admpu17wp","author_link":"https:\/\/experienciadevida.com.ar\/portalurbano\/author\/admpu17wp\/"},"category_info":"<a href=\"https:\/\/experienciadevida.com.ar\/portalurbano\/category\/ciudad\/\" rel=\"category tag\">Ciudad<\/a> <a href=\"https:\/\/experienciadevida.com.ar\/portalurbano\/category\/destacadas\/\" rel=\"category tag\">Destacadas<\/a>","tag_info":"Destacadas","comment_count":"0","amp_enabled":true,"_links":{"self":[{"href":"https:\/\/experienciadevida.com.ar\/portalurbano\/wp-json\/wp\/v2\/posts\/171913"}],"collection":[{"href":"https:\/\/experienciadevida.com.ar\/portalurbano\/wp-json\/wp\/v2\/posts"}],"about":[{"href":"https:\/\/experienciadevida.com.ar\/portalurbano\/wp-json\/wp\/v2\/types\/post"}],"author":[{"embeddable":true,"href":"https:\/\/experienciadevida.com.ar\/portalurbano\/wp-json\/wp\/v2\/users\/1"}],"replies":[{"embeddable":true,"href":"https:\/\/experienciadevida.com.ar\/portalurbano\/wp-json\/wp\/v2\/comments?post=171913"}],"version-history":[{"count":2,"href":"https:\/\/experienciadevida.com.ar\/portalurbano\/wp-json\/wp\/v2\/posts\/171913\/revisions"}],"predecessor-version":[{"id":171916,"href":"https:\/\/experienciadevida.com.ar\/portalurbano\/wp-json\/wp\/v2\/posts\/171913\/revisions\/171916"}],"wp:featuredmedia":[{"embeddable":true,"href":"https:\/\/experienciadevida.com.ar\/portalurbano\/wp-json\/wp\/v2\/media\/171914"}],"wp:attachment":[{"href":"https:\/\/experienciadevida.com.ar\/portalurbano\/wp-json\/wp\/v2\/media?parent=171913"}],"wp:term":[{"taxonomy":"category","embeddable":true,"href":"https:\/\/experienciadevida.com.ar\/portalurbano\/wp-json\/wp\/v2\/categories?post=171913"},{"taxonomy":"post_tag","embeddable":true,"href":"https:\/\/experienciadevida.com.ar\/portalurbano\/wp-json\/wp\/v2\/tags?post=171913"}],"curies":[{"name":"wp","href":"https:\/\/api.w.org\/{rel}","templated":true}]}}